{"id":159138,"date":"2020-12-07T11:03:36","date_gmt":"2020-12-07T10:03:36","guid":{"rendered":"https:\/\/www.prijedordanas.com\/?p=159138"},"modified":"2020-12-07T11:03:36","modified_gmt":"2020-12-07T10:03:36","slug":"korona-istopila-izvoz-zeljeza-i-celika-proizvodnja-u-arcelormittalu-prijedor-manja-za-10-odsto","status":"publish","type":"post","link":"https:\/\/www.prijedordanas.com\/?p=159138","title":{"rendered":"Korona istopila izvoz \u017eeljeza i \u010delika: Proizvodnja u &#8220;ArcelorMittalu&#8221; Prijedor manja za 10 odsto"},"content":{"rendered":"<p><a href=\"https:\/\/www.prijedordanas.com\/wp-content\/uploads\/2020\/12\/nezavisne-celik-zeljezo.jpg\"><img loading=\"lazy\" decoding=\"async\" class=\"alignleft size-medium wp-image-159139\" src=\"https:\/\/www.prijedordanas.com\/wp-content\/uploads\/2020\/12\/nezavisne-celik-zeljezo-300x225.jpg\" alt=\"\" width=\"300\" height=\"225\" srcset=\"https:\/\/www.prijedordanas.com\/wp-content\/uploads\/2020\/12\/nezavisne-celik-zeljezo-300x225.jpg 300w, https:\/\/www.prijedordanas.com\/wp-content\/uploads\/2020\/12\/nezavisne-celik-zeljezo-640x480.jpg 640w, https:\/\/www.prijedordanas.com\/wp-content\/uploads\/2020\/12\/nezavisne-celik-zeljezo.jpg 667w\" sizes=\"(max-width: 300px) 100vw, 300px\" \/><\/a>Industrija \u017eeljeza i \u010delika i proizvodnja ovih materijala u toku ove godine je zbog pandemije virusa korona i smanjene potra\u017enje na svjetskom tr\u017ei\u0161tu pretpjela udarac u BiH.<\/p>\n<p>Adela Vukoti\u0107 Terek, sekretarka Asocijacije metalske i elektro industrije Spoljnotrgovinske komore BiH, istakla je za &#8220;Nezavisne&#8221; da je u prvih devet mjeseci ove godine izvoz \u017eeljeza i \u010delika i proizvoda od \u017eeljeza i \u010delika pao za 19 odsto, dok je uvoz pao za 12 odsto u odnosu na prethodnu godinu.<\/p>\n<p>&#8220;U kategoriji \u017eeljeza i \u010delika i proizvoda od \u017eeljeza i \u010delika u prvih devet mjeseci uvezeno je ukupno ovih proizvoda u iznosu od 755.711.139 KM, dok je izvoz u istom periodu iznosio 844.011.063 KM. Kategorija \u017eeljeza i \u010delika bilje\u017ei ve\u0107i pad kako u izvozu, tako i uvozu u odnosu na proizvode od \u017eeljeza i \u010delika, odnosno razmjena sirovina i repromaterijala ve\u0107eg stepena dorade je sporije padala u odnosu na primarne sirovine&#8221;, navela je Vukoti\u0107 Terekova.<\/p>\n<p><a href=\"https:\/\/www.prijedordanas.com\/wp-content\/uploads\/2016\/12\/rudnik-omarska-1.jpg\"><img loading=\"lazy\" decoding=\"async\" src=\"https:\/\/www.prijedordanas.com\/wp-content\/uploads\/2016\/12\/rudnik-omarska-1-300x231.jpg\" alt=\"\" width=\"300\" height=\"231\" class=\"alignleft size-medium wp-image-70318\" srcset=\"https:\/\/www.prijedordanas.com\/wp-content\/uploads\/2016\/12\/rudnik-omarska-1-300x231.jpg 300w, https:\/\/www.prijedordanas.com\/wp-content\/uploads\/2016\/12\/rudnik-omarska-1-100x77.jpg 100w, https:\/\/www.prijedordanas.com\/wp-content\/uploads\/2016\/12\/rudnik-omarska-1.jpg 650w\" sizes=\"(max-width: 300px) 100vw, 300px\" \/><\/a>Isti\u010de da je u prvih devet mjeseci ove godine obim spoljnotrgovinske razmjene u kategoriji \u017eeljeza i \u010delika smanjen i to na skoro svim vode\u0107im izvoznim tr\u017ei\u0161tima, u Srbiji 27 odsto, Crnoj Gori 37, Turskoj 29 i Hrvatskoj 22 odsto, dok je rast izvoza na tr\u017ei\u0161te Rumunije devet odsto.<\/p>\n<p>&#8220;U pro\u0161loj godini izvoz \u017eeljeza i \u010delika i proizvoda od \u017eeljeza i \u010delika je iznosio 1,36 milijarde, a uvoz 1,12 milijarde KM. Pandemija je negativno uticala na obim razmjene, posebno u periodu lockdowna u martu i aprilu. Ova grana industrije se suo\u010dava i s drugim problemima, \u0161to se prije svega odnosi na kvote i carine koje su nametnuli EU i SAD na odre\u0111ene proizvode. Iako je izvoz ostao stabilan, pritisak od strane odre\u0111enih zemalja na bh. tr\u017ei\u0161te je veliki u vidu ni\u017eih cijena i kvaliteta koji zbog neusvojenih direktiva i tehni\u010dkih propisa, te nedostatka prate\u0107e infrastrukture kvaliteta pravi velike distorzije na na\u0161em tr\u017ei\u0161tu&#8221;, objasnila je Vukoti\u0107 Terekova.<\/p>\n<p>Mladen Jela\u010da, direktor &#8220;ArcelorMittala&#8221; u Prijedoru, rekao je za &#8220;Nezavisne&#8221; da je zbog smanjene potra\u017enje \u010delika i \u017eeljezne rude na svjetskom tr\u017ei\u0161tu, proizvodnja u ovoj kompaniji u toku ove godine manja za 10 odsto.<\/p>\n<p>&#8220;Mislimo da \u0107emo zavr\u0161iti ovu godinu sa proizvedenih 1.400.000 tona \u017eeljezne rude, \u0161to je za 10 odsto manje od planiranih 1.550.000 tona, kakava je bio plan preduze\u0107a. Smanjenje proizvodnje je u toku ove godine bilo u drugom kvartalu, kada je uticaj virusa korona bio najizra\u017eeniji za tr\u017ei\u0161te \u010delika&#8221;, naveo je Jela\u010da.<\/p>\n<p>Dodao je da je stanje trenutno stabilnije i povoljnije, tako da sada nema odstupanja od planirane proizvodnje od mjese\u010dnih planova.<\/p>\n<p>&#8220;Uzrok smanjene proizvodnje je smanjeni zahtjev \u017deljezare u Zenici, a zbog toga \u0161to ona na tr\u017ei\u0161tu nije mogla da proda sve to \u0161to je proizvodeno. Zbog toga smo i mi smanjivali proizvodnju \u017eeljezne rude u rudniku i snabdijevanje \u017deljezare u Zenici&#8221;, pojasnio je Jela\u010da.<\/p>\n<p>Istakao je da ova firma u Prijedoru broji 750 radnika, te da ove godine uprkos smanjenoj proizvodnji nije bilo otpu\u0161tanja.<\/p>\n<p>Iz &#8220;ArcelorMittala&#8221; u Zenici, koji je najve\u0107i bh. izvoznik, rekli su kratko za &#8220;Nezavisne&#8221; da je menad\u017ement kompanije trenutno u procesu internih analiza svih segmenata poslovanja, te shodno tome, kao i korporativnim pravilima koja su obavezni slijediti, nisu u mogu\u0107nosti jo\u0161 dijeliti poslovne rezultate ili planove.<\/p>\n<p>nezavisne.com<\/p>\n","protected":false},"excerpt":{"rendered":"<p>Industrija \u017eeljeza i \u010delika i proizvodnja ovih materijala u toku ove godine je zbog pandemije virusa korona i smanjene potra\u017enje na svjetskom tr\u017ei\u0161tu pretpjela udarac u BiH. Adela Vukoti\u0107 Terek, [&hellip;]<\/p>\n","protected":false},"author":1,"featured_media":0,"comment_status":"closed","ping_status":"open","sticky":false,"template":"","format":"standard","meta":{"_monsterinsights_skip_tracking":false,"_monsterinsights_sitenote_active":false,"_monsterinsights_sitenote_note":"","_monsterinsights_sitenote_category":0,"footnotes":""},"categories":[8],"tags":[34],"yoast_head":"<!-- This site is optimized with the Yoast SEO plugin v21.6 - https:\/\/yoast.com\/wordpress\/plugins\/seo\/ -->\n<title>Korona istopila izvoz \u017eeljeza i \u010delika: Proizvodnja u &quot;ArcelorMittalu&quot; Prijedor manja za 10 odsto - PrijedorDanas.com - Prijedorski gradski portal<\/title>\n<meta name=\"robots\" content=\"index, follow, max-snippet:-1, max-image-preview:large, max-video-preview:-1\" \/>\n<link rel=\"canonical\" href=\"https:\/\/www.prijedordanas.com\/?p=159138\" \/>\n<meta property=\"og:locale\" content=\"en_US\" \/>\n<meta property=\"og:type\" content=\"article\" \/>\n<meta property=\"og:title\" content=\"Korona istopila izvoz \u017eeljeza i \u010delika: Proizvodnja u &quot;ArcelorMittalu&quot; Prijedor manja za 10 odsto - PrijedorDanas.com - Prijedorski gradski portal\" \/>\n<meta property=\"og:description\" content=\"Industrija \u017eeljeza i \u010delika i proizvodnja ovih materijala u toku ove godine je zbog pandemije virusa korona i smanjene potra\u017enje na svjetskom tr\u017ei\u0161tu pretpjela udarac u BiH. Adela Vukoti\u0107 Terek, [&hellip;]\" \/>\n<meta property=\"og:url\" content=\"https:\/\/www.prijedordanas.com\/?p=159138\" \/>\n<meta property=\"og:site_name\" content=\"PrijedorDanas.com - Prijedorski gradski portal\" \/>\n<meta property=\"article:publisher\" content=\"https:\/\/www.facebook.com\/PrijedorDanasCom\/\" \/>\n<meta property=\"article:published_time\" content=\"2020-12-07T10:03:36+00:00\" \/>\n<meta property=\"og:image\" content=\"https:\/\/www.prijedordanas.com\/wp-content\/uploads\/2020\/12\/nezavisne-celik-zeljezo-300x225.jpg\" \/>\n<meta name=\"author\" content=\"admin\" \/>\n<meta name=\"twitter:card\" content=\"summary_large_image\" \/>\n<meta name=\"twitter:label1\" content=\"Written by\" \/>\n\t<meta name=\"twitter:data1\" content=\"admin\" \/>\n\t<meta name=\"twitter:label2\" content=\"Est. reading time\" \/>\n\t<meta name=\"twitter:data2\" content=\"3 minutes\" \/>\n<script type=\"application\/ld+json\" class=\"yoast-schema-graph\">{\"@context\":\"https:\/\/schema.org\",\"@graph\":[{\"@type\":\"Article\",\"@id\":\"https:\/\/www.prijedordanas.com\/?p=159138#article\",\"isPartOf\":{\"@id\":\"https:\/\/www.prijedordanas.com\/?p=159138\"},\"author\":{\"name\":\"admin\",\"@id\":\"https:\/\/www.prijedordanas.com\/#\/schema\/person\/4e08ccf29b506ca916ff86d46bb700e6\"},\"headline\":\"Korona istopila izvoz \u017eeljeza i \u010delika: Proizvodnja u &#8220;ArcelorMittalu&#8221; Prijedor manja za 10 odsto\",\"datePublished\":\"2020-12-07T10:03:36+00:00\",\"dateModified\":\"2020-12-07T10:03:36+00:00\",\"mainEntityOfPage\":{\"@id\":\"https:\/\/www.prijedordanas.com\/?p=159138\"},\"wordCount\":564,\"publisher\":{\"@id\":\"https:\/\/www.prijedordanas.com\/#organization\"},\"keywords\":[\"\u010celik\"],\"articleSection\":[\"Svakodnevno\"],\"inLanguage\":\"en-US\"},{\"@type\":\"WebPage\",\"@id\":\"https:\/\/www.prijedordanas.com\/?p=159138\",\"url\":\"https:\/\/www.prijedordanas.com\/?p=159138\",\"name\":\"Korona istopila izvoz \u017eeljeza i \u010delika: Proizvodnja u \\\"ArcelorMittalu\\\" Prijedor manja za 10 odsto - PrijedorDanas.com - Prijedorski gradski portal\",\"isPartOf\":{\"@id\":\"https:\/\/www.prijedordanas.com\/#website\"},\"datePublished\":\"2020-12-07T10:03:36+00:00\",\"dateModified\":\"2020-12-07T10:03:36+00:00\",\"breadcrumb\":{\"@id\":\"https:\/\/www.prijedordanas.com\/?p=159138#breadcrumb\"},\"inLanguage\":\"en-US\",\"potentialAction\":[{\"@type\":\"ReadAction\",\"target\":[\"https:\/\/www.prijedordanas.com\/?p=159138\"]}]},{\"@type\":\"BreadcrumbList\",\"@id\":\"https:\/\/www.prijedordanas.com\/?p=159138#breadcrumb\",\"itemListElement\":[{\"@type\":\"ListItem\",\"position\":1,\"name\":\"Home\",\"item\":\"https:\/\/www.prijedordanas.com\/\"},{\"@type\":\"ListItem\",\"position\":2,\"name\":\"Korona istopila izvoz \u017eeljeza i \u010delika: Proizvodnja u &#8220;ArcelorMittalu&#8221; Prijedor manja za 10 odsto\"}]},{\"@type\":\"WebSite\",\"@id\":\"https:\/\/www.prijedordanas.com\/#website\",\"url\":\"https:\/\/www.prijedordanas.com\/\",\"name\":\"PrijedorDanas.com - Prijedorski gradski portal\",\"description\":\"Portal o doga\u0111anjima u gradu Prijedoru\",\"publisher\":{\"@id\":\"https:\/\/www.prijedordanas.com\/#organization\"},\"potentialAction\":[{\"@type\":\"SearchAction\",\"target\":{\"@type\":\"EntryPoint\",\"urlTemplate\":\"https:\/\/www.prijedordanas.com\/?s={search_term_string}\"},\"query-input\":\"required name=search_term_string\"}],\"inLanguage\":\"en-US\"},{\"@type\":\"Organization\",\"@id\":\"https:\/\/www.prijedordanas.com\/#organization\",\"name\":\"PrijedorDanas.com\",\"url\":\"https:\/\/www.prijedordanas.com\/\",\"logo\":{\"@type\":\"ImageObject\",\"inLanguage\":\"en-US\",\"@id\":\"https:\/\/www.prijedordanas.com\/#\/schema\/logo\/image\/\",\"url\":\"http:\/\/www.prijedordanas.com\/wp-content\/uploads\/2021\/12\/logopng.png\",\"contentUrl\":\"http:\/\/www.prijedordanas.com\/wp-content\/uploads\/2021\/12\/logopng.png\",\"width\":1019,\"height\":776,\"caption\":\"PrijedorDanas.com\"},\"image\":{\"@id\":\"https:\/\/www.prijedordanas.com\/#\/schema\/logo\/image\/\"},\"sameAs\":[\"https:\/\/www.facebook.com\/PrijedorDanasCom\/\"]},{\"@type\":\"Person\",\"@id\":\"https:\/\/www.prijedordanas.com\/#\/schema\/person\/4e08ccf29b506ca916ff86d46bb700e6\",\"name\":\"admin\",\"image\":{\"@type\":\"ImageObject\",\"inLanguage\":\"en-US\",\"@id\":\"https:\/\/www.prijedordanas.com\/#\/schema\/person\/image\/\",\"url\":\"https:\/\/secure.gravatar.com\/avatar\/1d3fc949d550f0b53a5f0d51e06dfd79?s=96&d=mm&r=g\",\"contentUrl\":\"https:\/\/secure.gravatar.com\/avatar\/1d3fc949d550f0b53a5f0d51e06dfd79?s=96&d=mm&r=g\",\"caption\":\"admin\"},\"url\":\"https:\/\/www.prijedordanas.com\/?author=1\"}]}<\/script>\n<!-- \/ Yoast SEO plugin. -->","yoast_head_json":{"title":"Korona istopila izvoz \u017eeljeza i \u010delika: Proizvodnja u \"ArcelorMittalu\" Prijedor manja za 10 odsto - PrijedorDanas.com - Prijedorski gradski portal","robots":{"index":"index","follow":"follow","max-snippet":"max-snippet:-1","max-image-preview":"max-image-preview:large","max-video-preview":"max-video-preview:-1"},"canonical":"https:\/\/www.prijedordanas.com\/?p=159138","og_locale":"en_US","og_type":"article","og_title":"Korona istopila izvoz \u017eeljeza i \u010delika: Proizvodnja u \"ArcelorMittalu\" Prijedor manja za 10 odsto - PrijedorDanas.com - Prijedorski gradski portal","og_description":"Industrija \u017eeljeza i \u010delika i proizvodnja ovih materijala u toku ove godine je zbog pandemije virusa korona i smanjene potra\u017enje na svjetskom tr\u017ei\u0161tu pretpjela udarac u BiH. Adela Vukoti\u0107 Terek, [&hellip;]","og_url":"https:\/\/www.prijedordanas.com\/?p=159138","og_site_name":"PrijedorDanas.com - Prijedorski gradski portal","article_publisher":"https:\/\/www.facebook.com\/PrijedorDanasCom\/","article_published_time":"2020-12-07T10:03:36+00:00","og_image":[{"url":"https:\/\/www.prijedordanas.com\/wp-content\/uploads\/2020\/12\/nezavisne-celik-zeljezo-300x225.jpg"}],"author":"admin","twitter_card":"summary_large_image","twitter_misc":{"Written by":"admin","Est. reading time":"3 minutes"},"schema":{"@context":"https:\/\/schema.org","@graph":[{"@type":"Article","@id":"https:\/\/www.prijedordanas.com\/?p=159138#article","isPartOf":{"@id":"https:\/\/www.prijedordanas.com\/?p=159138"},"author":{"name":"admin","@id":"https:\/\/www.prijedordanas.com\/#\/schema\/person\/4e08ccf29b506ca916ff86d46bb700e6"},"headline":"Korona istopila izvoz \u017eeljeza i \u010delika: Proizvodnja u &#8220;ArcelorMittalu&#8221; Prijedor manja za 10 odsto","datePublished":"2020-12-07T10:03:36+00:00","dateModified":"2020-12-07T10:03:36+00:00","mainEntityOfPage":{"@id":"https:\/\/www.prijedordanas.com\/?p=159138"},"wordCount":564,"publisher":{"@id":"https:\/\/www.prijedordanas.com\/#organization"},"keywords":["\u010celik"],"articleSection":["Svakodnevno"],"inLanguage":"en-US"},{"@type":"WebPage","@id":"https:\/\/www.prijedordanas.com\/?p=159138","url":"https:\/\/www.prijedordanas.com\/?p=159138","name":"Korona istopila izvoz \u017eeljeza i \u010delika: Proizvodnja u \"ArcelorMittalu\" Prijedor manja za 10 odsto - PrijedorDanas.com - Prijedorski gradski portal","isPartOf":{"@id":"https:\/\/www.prijedordanas.com\/#website"},"datePublished":"2020-12-07T10:03:36+00:00","dateModified":"2020-12-07T10:03:36+00:00","breadcrumb":{"@id":"https:\/\/www.prijedordanas.com\/?p=159138#breadcrumb"},"inLanguage":"en-US","potentialAction":[{"@type":"ReadAction","target":["https:\/\/www.prijedordanas.com\/?p=159138"]}]},{"@type":"BreadcrumbList","@id":"https:\/\/www.prijedordanas.com\/?p=159138#breadcrumb","itemListElement":[{"@type":"ListItem","position":1,"name":"Home","item":"https:\/\/www.prijedordanas.com\/"},{"@type":"ListItem","position":2,"name":"Korona istopila izvoz \u017eeljeza i \u010delika: Proizvodnja u &#8220;ArcelorMittalu&#8221; Prijedor manja za 10 odsto"}]},{"@type":"WebSite","@id":"https:\/\/www.prijedordanas.com\/#website","url":"https:\/\/www.prijedordanas.com\/","name":"PrijedorDanas.com - Prijedorski gradski portal","description":"Portal o doga\u0111anjima u gradu Prijedoru","publisher":{"@id":"https:\/\/www.prijedordanas.com\/#organization"},"potentialAction":[{"@type":"SearchAction","target":{"@type":"EntryPoint","urlTemplate":"https:\/\/www.prijedordanas.com\/?s={search_term_string}"},"query-input":"required name=search_term_string"}],"inLanguage":"en-US"},{"@type":"Organization","@id":"https:\/\/www.prijedordanas.com\/#organization","name":"PrijedorDanas.com","url":"https:\/\/www.prijedordanas.com\/","logo":{"@type":"ImageObject","inLanguage":"en-US","@id":"https:\/\/www.prijedordanas.com\/#\/schema\/logo\/image\/","url":"http:\/\/www.prijedordanas.com\/wp-content\/uploads\/2021\/12\/logopng.png","contentUrl":"http:\/\/www.prijedordanas.com\/wp-content\/uploads\/2021\/12\/logopng.png","width":1019,"height":776,"caption":"PrijedorDanas.com"},"image":{"@id":"https:\/\/www.prijedordanas.com\/#\/schema\/logo\/image\/"},"sameAs":["https:\/\/www.facebook.com\/PrijedorDanasCom\/"]},{"@type":"Person","@id":"https:\/\/www.prijedordanas.com\/#\/schema\/person\/4e08ccf29b506ca916ff86d46bb700e6","name":"admin","image":{"@type":"ImageObject","inLanguage":"en-US","@id":"https:\/\/www.prijedordanas.com\/#\/schema\/person\/image\/","url":"https:\/\/secure.gravatar.com\/avatar\/1d3fc949d550f0b53a5f0d51e06dfd79?s=96&d=mm&r=g","contentUrl":"https:\/\/secure.gravatar.com\/avatar\/1d3fc949d550f0b53a5f0d51e06dfd79?s=96&d=mm&r=g","caption":"admin"},"url":"https:\/\/www.prijedordanas.com\/?author=1"}]}},"_links":{"self":[{"href":"https:\/\/www.prijedordanas.com\/index.php?rest_route=\/wp\/v2\/posts\/159138"}],"collection":[{"href":"https:\/\/www.prijedordanas.com\/index.php?rest_route=\/wp\/v2\/posts"}],"about":[{"href":"https:\/\/www.prijedordanas.com\/index.php?rest_route=\/wp\/v2\/types\/post"}],"author":[{"embeddable":true,"href":"https:\/\/www.prijedordanas.com\/index.php?rest_route=\/wp\/v2\/users\/1"}],"replies":[{"embeddable":true,"href":"https:\/\/www.prijedordanas.com\/index.php?rest_route=%2Fwp%2Fv2%2Fcomments&post=159138"}],"version-history":[{"count":1,"href":"https:\/\/www.prijedordanas.com\/index.php?rest_route=\/wp\/v2\/posts\/159138\/revisions"}],"predecessor-version":[{"id":159140,"href":"https:\/\/www.prijedordanas.com\/index.php?rest_route=\/wp\/v2\/posts\/159138\/revisions\/159140"}],"wp:attachment":[{"href":"https:\/\/www.prijedordanas.com\/index.php?rest_route=%2Fwp%2Fv2%2Fmedia&parent=159138"}],"wp:term":[{"taxonomy":"category","embeddable":true,"href":"https:\/\/www.prijedordanas.com\/index.php?rest_route=%2Fwp%2Fv2%2Fcategories&post=159138"},{"taxonomy":"post_tag","embeddable":true,"href":"https:\/\/www.prijedordanas.com\/index.php?rest_route=%2Fwp%2Fv2%2Ftags&post=159138"}],"curies":[{"name":"wp","href":"https:\/\/api.w.org\/{rel}","templated":true}]}}