{"id":159133,"date":"2020-12-06T21:44:57","date_gmt":"2020-12-06T20:44:57","guid":{"rendered":"https:\/\/www.prijedordanas.com\/?p=159133"},"modified":"2020-12-06T21:44:57","modified_gmt":"2020-12-06T20:44:57","slug":"nijedna-nije-obnovila-mandat-sedam-odbornica-izlazi-a-sest-ulazi-u-skupstinu-grada-prijedora","status":"publish","type":"post","link":"https:\/\/www.prijedordanas.com\/?p=159133","title":{"rendered":"Nijedna nije obnovila mandat: Sedam odbornica izlazi, a \u0161est ulazi u Skup\u0161tinu grada Prijedora"},"content":{"rendered":"<p><a href=\"https:\/\/www.prijedordanas.com\/wp-content\/uploads\/2020\/12\/skupstina-grada-nove-odbornice.jpg\"><img loading=\"lazy\" decoding=\"async\" class=\"alignleft size-medium wp-image-159134\" src=\"https:\/\/www.prijedordanas.com\/wp-content\/uploads\/2020\/12\/skupstina-grada-nove-odbornice-300x225.jpg\" alt=\"\" width=\"300\" height=\"225\" srcset=\"https:\/\/www.prijedordanas.com\/wp-content\/uploads\/2020\/12\/skupstina-grada-nove-odbornice-300x225.jpg 300w, https:\/\/www.prijedordanas.com\/wp-content\/uploads\/2020\/12\/skupstina-grada-nove-odbornice-640x480.jpg 640w, https:\/\/www.prijedordanas.com\/wp-content\/uploads\/2020\/12\/skupstina-grada-nove-odbornice.jpg 667w\" sizes=\"(max-width: 300px) 100vw, 300px\" \/><\/a>U novi saziv Skup\u0161tine grada Prijedora izabrano je \u0161est \u017eena, \u0161to je za jednu manje u odnosu na broj \u017eena koje napu\u0161taju lokalni parlament.<\/p>\n<p>Interesantno je da se u novom sazivu ne\u0107e pojaviti nijedna \u017eena iz pro\u0161log saziva, iako su njih pet bile kandidatkinje svojih partija.<\/p>\n<p>Me\u0111u izabranima na izborima 2020. su aktuelna direktorica Doma zdravlja iz DNS Slavica Popovi\u0107, kandidatkinja SPS Miljana Kos te ispred SDS Biljana Kne\u017eevi\u0107.<\/p>\n<p>Pokret za Prijedor predstavlja\u0107e Azra Pa\u0161li\u0107, a SDA Almasa Mu\u0161i\u0107. Jedini samostalni odbornik u Skup\u0161tini grada Prijedora bi\u0107e i Sla\u0111ana Radakovi\u0107 koja je uo\u010di izbora napustila DNS i samostalno se kandidovala.<\/p>\n<p><a href=\"https:\/\/www.prijedordanas.com\/wp-content\/uploads\/2019\/05\/skupstina-grada-28maj-3.jpg\"><img loading=\"lazy\" decoding=\"async\" class=\"alignleft size-medium wp-image-128313\" src=\"https:\/\/www.prijedordanas.com\/wp-content\/uploads\/2019\/05\/skupstina-grada-28maj-3-300x217.jpg\" alt=\"\" width=\"300\" height=\"217\" srcset=\"https:\/\/www.prijedordanas.com\/wp-content\/uploads\/2019\/05\/skupstina-grada-28maj-3-300x217.jpg 300w, https:\/\/www.prijedordanas.com\/wp-content\/uploads\/2019\/05\/skupstina-grada-28maj-3-100x72.jpg 100w, https:\/\/www.prijedordanas.com\/wp-content\/uploads\/2019\/05\/skupstina-grada-28maj-3.jpg 690w\" sizes=\"(max-width: 300px) 100vw, 300px\" \/><\/a>Mandat u posljednjem sazivu imale su tri \u017eene iz DNS. Olivera Brdar-Mirkovi\u0107 u\u0161la je u Skup\u0161tinu nakon \u0161to se sada\u0161nji narodni poslanik Du\u0161ko Ivi\u0107 tada odrekao odborni\u010dkog mandata.<\/p>\n<p>Odbornice ove partije bile su i Valentina Sovilj i Drenka Ba\u0161i\u0107. Nijedna od njih tri nije izabrana ovaj put iako su bile na listi.<\/p>\n<p>SNSD je imao odbornicu Goranu Bosan\u010di\u0107 koja je u\u0161la u Skup\u0161tinu nakon \u0161to je Aleksandar Milju\u0161 iz odborni\u010dke klupe pre\u0161ao u fotelju zamjenika gradona\u010delnika. Bosan\u010di\u0107evoj se nakon op\u0161tih izbora 2018. pridru\u017eila Maja Markovi\u0107. Tada su dva odbornika ove partije izabrana za narodne poslanike, a Markovi\u0107eva je zamijenila jednog od njih. Ni one ovaj put nisu izabrane i SNSD me\u0111u osam odbornika nema nijednu odbornicu.<\/p>\n<p>SDS je na po\u010detku imao dvije odbornice Dijanu Grahovac i Jovanu Pani\u0107. Nakon \u0161to je Grahovac imenovana za direktora Glavne banke RS, zamijenila ju je Sanja Ra\u0111enovi\u0107.<\/p>\n<p>SDS \u0107e prvi put u skup\u0161tinskim klupama predstavljati Biljana Kne\u017eevi\u0107 koja je sa 2.047 glasa prva na listi, dok je nosilac liste Milan Tubin koji je ina\u010de i narodni poslanik sa osvojena 1.604 glasa na tre\u0107em mjestu.<\/p>\n<p>Ostaje da se vidi da li \u0107e se i u ovom sazivu broj odbornica pove\u0107ati u slu\u010daju da izabrani odbornici preuzmu neku od nespojivih funkcija sa ovom.<\/p>\n<p>srpskainfo.com<\/p>\n","protected":false},"excerpt":{"rendered":"<p>U novi saziv Skup\u0161tine grada Prijedora izabrano je \u0161est \u017eena, \u0161to je za jednu manje u odnosu na broj \u017eena koje napu\u0161taju lokalni parlament. Interesantno je da se u novom [&hellip;]<\/p>\n","protected":false},"author":1,"featured_media":0,"comment_status":"closed","ping_status":"open","sticky":false,"template":"","format":"standard","meta":{"_monsterinsights_skip_tracking":false,"_monsterinsights_sitenote_active":false,"_monsterinsights_sitenote_note":"","_monsterinsights_sitenote_category":0,"footnotes":""},"categories":[8],"tags":[11423,238],"yoast_head":"<!-- This site is optimized with the Yoast SEO plugin v21.6 - https:\/\/yoast.com\/wordpress\/plugins\/seo\/ -->\n<title>Nijedna nije obnovila mandat: Sedam odbornica izlazi, a \u0161est ulazi u Skup\u0161tinu grada Prijedora - PrijedorDanas.com - Prijedorski gradski portal<\/title>\n<meta name=\"robots\" content=\"index, follow, max-snippet:-1, max-image-preview:large, max-video-preview:-1\" \/>\n<link rel=\"canonical\" href=\"https:\/\/www.prijedordanas.com\/?p=159133\" \/>\n<meta property=\"og:locale\" content=\"en_US\" \/>\n<meta property=\"og:type\" content=\"article\" \/>\n<meta property=\"og:title\" content=\"Nijedna nije obnovila mandat: Sedam odbornica izlazi, a \u0161est ulazi u Skup\u0161tinu grada Prijedora - PrijedorDanas.com - Prijedorski gradski portal\" \/>\n<meta property=\"og:description\" content=\"U novi saziv Skup\u0161tine grada Prijedora izabrano je \u0161est \u017eena, \u0161to je za jednu manje u odnosu na broj \u017eena koje napu\u0161taju lokalni parlament. Interesantno je da se u novom [&hellip;]\" \/>\n<meta property=\"og:url\" content=\"https:\/\/www.prijedordanas.com\/?p=159133\" \/>\n<meta property=\"og:site_name\" content=\"PrijedorDanas.com - Prijedorski gradski portal\" \/>\n<meta property=\"article:publisher\" content=\"https:\/\/www.facebook.com\/PrijedorDanasCom\/\" \/>\n<meta property=\"article:published_time\" content=\"2020-12-06T20:44:57+00:00\" \/>\n<meta property=\"og:image\" content=\"https:\/\/www.prijedordanas.com\/wp-content\/uploads\/2020\/12\/skupstina-grada-nove-odbornice-300x225.jpg\" \/>\n<meta name=\"author\" content=\"admin\" \/>\n<meta name=\"twitter:card\" content=\"summary_large_image\" \/>\n<meta name=\"twitter:label1\" content=\"Written by\" \/>\n\t<meta name=\"twitter:data1\" content=\"admin\" \/>\n\t<meta name=\"twitter:label2\" content=\"Est. reading time\" \/>\n\t<meta name=\"twitter:data2\" content=\"2 minutes\" \/>\n<script type=\"application\/ld+json\" class=\"yoast-schema-graph\">{\"@context\":\"https:\/\/schema.org\",\"@graph\":[{\"@type\":\"Article\",\"@id\":\"https:\/\/www.prijedordanas.com\/?p=159133#article\",\"isPartOf\":{\"@id\":\"https:\/\/www.prijedordanas.com\/?p=159133\"},\"author\":{\"name\":\"admin\",\"@id\":\"https:\/\/www.prijedordanas.com\/#\/schema\/person\/4e08ccf29b506ca916ff86d46bb700e6\"},\"headline\":\"Nijedna nije obnovila mandat: Sedam odbornica izlazi, a \u0161est ulazi u Skup\u0161tinu grada Prijedora\",\"datePublished\":\"2020-12-06T20:44:57+00:00\",\"dateModified\":\"2020-12-06T20:44:57+00:00\",\"mainEntityOfPage\":{\"@id\":\"https:\/\/www.prijedordanas.com\/?p=159133\"},\"wordCount\":359,\"publisher\":{\"@id\":\"https:\/\/www.prijedordanas.com\/#organization\"},\"keywords\":[\"odbornice\",\"Skup\u0161tina grada Prijedora\"],\"articleSection\":[\"Svakodnevno\"],\"inLanguage\":\"en-US\"},{\"@type\":\"WebPage\",\"@id\":\"https:\/\/www.prijedordanas.com\/?p=159133\",\"url\":\"https:\/\/www.prijedordanas.com\/?p=159133\",\"name\":\"Nijedna nije obnovila mandat: Sedam odbornica izlazi, a \u0161est ulazi u Skup\u0161tinu grada Prijedora - PrijedorDanas.com - Prijedorski gradski portal\",\"isPartOf\":{\"@id\":\"https:\/\/www.prijedordanas.com\/#website\"},\"datePublished\":\"2020-12-06T20:44:57+00:00\",\"dateModified\":\"2020-12-06T20:44:57+00:00\",\"breadcrumb\":{\"@id\":\"https:\/\/www.prijedordanas.com\/?p=159133#breadcrumb\"},\"inLanguage\":\"en-US\",\"potentialAction\":[{\"@type\":\"ReadAction\",\"target\":[\"https:\/\/www.prijedordanas.com\/?p=159133\"]}]},{\"@type\":\"BreadcrumbList\",\"@id\":\"https:\/\/www.prijedordanas.com\/?p=159133#breadcrumb\",\"itemListElement\":[{\"@type\":\"ListItem\",\"position\":1,\"name\":\"Home\",\"item\":\"https:\/\/www.prijedordanas.com\/\"},{\"@type\":\"ListItem\",\"position\":2,\"name\":\"Nijedna nije obnovila mandat: Sedam odbornica izlazi, a \u0161est ulazi u Skup\u0161tinu grada Prijedora\"}]},{\"@type\":\"WebSite\",\"@id\":\"https:\/\/www.prijedordanas.com\/#website\",\"url\":\"https:\/\/www.prijedordanas.com\/\",\"name\":\"PrijedorDanas.com - Prijedorski gradski portal\",\"description\":\"Portal o doga\u0111anjima u gradu Prijedoru\",\"publisher\":{\"@id\":\"https:\/\/www.prijedordanas.com\/#organization\"},\"potentialAction\":[{\"@type\":\"SearchAction\",\"target\":{\"@type\":\"EntryPoint\",\"urlTemplate\":\"https:\/\/www.prijedordanas.com\/?s={search_term_string}\"},\"query-input\":\"required name=search_term_string\"}],\"inLanguage\":\"en-US\"},{\"@type\":\"Organization\",\"@id\":\"https:\/\/www.prijedordanas.com\/#organization\",\"name\":\"PrijedorDanas.com\",\"url\":\"https:\/\/www.prijedordanas.com\/\",\"logo\":{\"@type\":\"ImageObject\",\"inLanguage\":\"en-US\",\"@id\":\"https:\/\/www.prijedordanas.com\/#\/schema\/logo\/image\/\",\"url\":\"http:\/\/www.prijedordanas.com\/wp-content\/uploads\/2021\/12\/logopng.png\",\"contentUrl\":\"http:\/\/www.prijedordanas.com\/wp-content\/uploads\/2021\/12\/logopng.png\",\"width\":1019,\"height\":776,\"caption\":\"PrijedorDanas.com\"},\"image\":{\"@id\":\"https:\/\/www.prijedordanas.com\/#\/schema\/logo\/image\/\"},\"sameAs\":[\"https:\/\/www.facebook.com\/PrijedorDanasCom\/\"]},{\"@type\":\"Person\",\"@id\":\"https:\/\/www.prijedordanas.com\/#\/schema\/person\/4e08ccf29b506ca916ff86d46bb700e6\",\"name\":\"admin\",\"image\":{\"@type\":\"ImageObject\",\"inLanguage\":\"en-US\",\"@id\":\"https:\/\/www.prijedordanas.com\/#\/schema\/person\/image\/\",\"url\":\"https:\/\/secure.gravatar.com\/avatar\/1d3fc949d550f0b53a5f0d51e06dfd79?s=96&d=mm&r=g\",\"contentUrl\":\"https:\/\/secure.gravatar.com\/avatar\/1d3fc949d550f0b53a5f0d51e06dfd79?s=96&d=mm&r=g\",\"caption\":\"admin\"},\"url\":\"https:\/\/www.prijedordanas.com\/?author=1\"}]}<\/script>\n<!-- \/ Yoast SEO plugin. -->","yoast_head_json":{"title":"Nijedna nije obnovila mandat: Sedam odbornica izlazi, a \u0161est ulazi u Skup\u0161tinu grada Prijedora - PrijedorDanas.com - Prijedorski gradski portal","robots":{"index":"index","follow":"follow","max-snippet":"max-snippet:-1","max-image-preview":"max-image-preview:large","max-video-preview":"max-video-preview:-1"},"canonical":"https:\/\/www.prijedordanas.com\/?p=159133","og_locale":"en_US","og_type":"article","og_title":"Nijedna nije obnovila mandat: Sedam odbornica izlazi, a \u0161est ulazi u Skup\u0161tinu grada Prijedora - PrijedorDanas.com - Prijedorski gradski portal","og_description":"U novi saziv Skup\u0161tine grada Prijedora izabrano je \u0161est \u017eena, \u0161to je za jednu manje u odnosu na broj \u017eena koje napu\u0161taju lokalni parlament. Interesantno je da se u novom [&hellip;]","og_url":"https:\/\/www.prijedordanas.com\/?p=159133","og_site_name":"PrijedorDanas.com - Prijedorski gradski portal","article_publisher":"https:\/\/www.facebook.com\/PrijedorDanasCom\/","article_published_time":"2020-12-06T20:44:57+00:00","og_image":[{"url":"https:\/\/www.prijedordanas.com\/wp-content\/uploads\/2020\/12\/skupstina-grada-nove-odbornice-300x225.jpg"}],"author":"admin","twitter_card":"summary_large_image","twitter_misc":{"Written by":"admin","Est. reading time":"2 minutes"},"schema":{"@context":"https:\/\/schema.org","@graph":[{"@type":"Article","@id":"https:\/\/www.prijedordanas.com\/?p=159133#article","isPartOf":{"@id":"https:\/\/www.prijedordanas.com\/?p=159133"},"author":{"name":"admin","@id":"https:\/\/www.prijedordanas.com\/#\/schema\/person\/4e08ccf29b506ca916ff86d46bb700e6"},"headline":"Nijedna nije obnovila mandat: Sedam odbornica izlazi, a \u0161est ulazi u Skup\u0161tinu grada Prijedora","datePublished":"2020-12-06T20:44:57+00:00","dateModified":"2020-12-06T20:44:57+00:00","mainEntityOfPage":{"@id":"https:\/\/www.prijedordanas.com\/?p=159133"},"wordCount":359,"publisher":{"@id":"https:\/\/www.prijedordanas.com\/#organization"},"keywords":["odbornice","Skup\u0161tina grada Prijedora"],"articleSection":["Svakodnevno"],"inLanguage":"en-US"},{"@type":"WebPage","@id":"https:\/\/www.prijedordanas.com\/?p=159133","url":"https:\/\/www.prijedordanas.com\/?p=159133","name":"Nijedna nije obnovila mandat: Sedam odbornica izlazi, a \u0161est ulazi u Skup\u0161tinu grada Prijedora - PrijedorDanas.com - Prijedorski gradski portal","isPartOf":{"@id":"https:\/\/www.prijedordanas.com\/#website"},"datePublished":"2020-12-06T20:44:57+00:00","dateModified":"2020-12-06T20:44:57+00:00","breadcrumb":{"@id":"https:\/\/www.prijedordanas.com\/?p=159133#breadcrumb"},"inLanguage":"en-US","potentialAction":[{"@type":"ReadAction","target":["https:\/\/www.prijedordanas.com\/?p=159133"]}]},{"@type":"BreadcrumbList","@id":"https:\/\/www.prijedordanas.com\/?p=159133#breadcrumb","itemListElement":[{"@type":"ListItem","position":1,"name":"Home","item":"https:\/\/www.prijedordanas.com\/"},{"@type":"ListItem","position":2,"name":"Nijedna nije obnovila mandat: Sedam odbornica izlazi, a \u0161est ulazi u Skup\u0161tinu grada Prijedora"}]},{"@type":"WebSite","@id":"https:\/\/www.prijedordanas.com\/#website","url":"https:\/\/www.prijedordanas.com\/","name":"PrijedorDanas.com - Prijedorski gradski portal","description":"Portal o doga\u0111anjima u gradu Prijedoru","publisher":{"@id":"https:\/\/www.prijedordanas.com\/#organization"},"potentialAction":[{"@type":"SearchAction","target":{"@type":"EntryPoint","urlTemplate":"https:\/\/www.prijedordanas.com\/?s={search_term_string}"},"query-input":"required name=search_term_string"}],"inLanguage":"en-US"},{"@type":"Organization","@id":"https:\/\/www.prijedordanas.com\/#organization","name":"PrijedorDanas.com","url":"https:\/\/www.prijedordanas.com\/","logo":{"@type":"ImageObject","inLanguage":"en-US","@id":"https:\/\/www.prijedordanas.com\/#\/schema\/logo\/image\/","url":"http:\/\/www.prijedordanas.com\/wp-content\/uploads\/2021\/12\/logopng.png","contentUrl":"http:\/\/www.prijedordanas.com\/wp-content\/uploads\/2021\/12\/logopng.png","width":1019,"height":776,"caption":"PrijedorDanas.com"},"image":{"@id":"https:\/\/www.prijedordanas.com\/#\/schema\/logo\/image\/"},"sameAs":["https:\/\/www.facebook.com\/PrijedorDanasCom\/"]},{"@type":"Person","@id":"https:\/\/www.prijedordanas.com\/#\/schema\/person\/4e08ccf29b506ca916ff86d46bb700e6","name":"admin","image":{"@type":"ImageObject","inLanguage":"en-US","@id":"https:\/\/www.prijedordanas.com\/#\/schema\/person\/image\/","url":"https:\/\/secure.gravatar.com\/avatar\/1d3fc949d550f0b53a5f0d51e06dfd79?s=96&d=mm&r=g","contentUrl":"https:\/\/secure.gravatar.com\/avatar\/1d3fc949d550f0b53a5f0d51e06dfd79?s=96&d=mm&r=g","caption":"admin"},"url":"https:\/\/www.prijedordanas.com\/?author=1"}]}},"_links":{"self":[{"href":"https:\/\/www.prijedordanas.com\/index.php?rest_route=\/wp\/v2\/posts\/159133"}],"collection":[{"href":"https:\/\/www.prijedordanas.com\/index.php?rest_route=\/wp\/v2\/posts"}],"about":[{"href":"https:\/\/www.prijedordanas.com\/index.php?rest_route=\/wp\/v2\/types\/post"}],"author":[{"embeddable":true,"href":"https:\/\/www.prijedordanas.com\/index.php?rest_route=\/wp\/v2\/users\/1"}],"replies":[{"embeddable":true,"href":"https:\/\/www.prijedordanas.com\/index.php?rest_route=%2Fwp%2Fv2%2Fcomments&post=159133"}],"version-history":[{"count":1,"href":"https:\/\/www.prijedordanas.com\/index.php?rest_route=\/wp\/v2\/posts\/159133\/revisions"}],"predecessor-version":[{"id":159135,"href":"https:\/\/www.prijedordanas.com\/index.php?rest_route=\/wp\/v2\/posts\/159133\/revisions\/159135"}],"wp:attachment":[{"href":"https:\/\/www.prijedordanas.com\/index.php?rest_route=%2Fwp%2Fv2%2Fmedia&parent=159133"}],"wp:term":[{"taxonomy":"category","embeddable":true,"href":"https:\/\/www.prijedordanas.com\/index.php?rest_route=%2Fwp%2Fv2%2Fcategories&post=159133"},{"taxonomy":"post_tag","embeddable":true,"href":"https:\/\/www.prijedordanas.com\/index.php?rest_route=%2Fwp%2Fv2%2Ftags&post=159133"}],"curies":[{"name":"wp","href":"https:\/\/api.w.org\/{rel}","templated":true}]}}