{"id":158782,"date":"2020-11-28T10:03:23","date_gmt":"2020-11-28T09:03:23","guid":{"rendered":"https:\/\/www.prijedordanas.com\/?p=158782"},"modified":"2020-11-28T10:03:23","modified_gmt":"2020-11-28T09:03:23","slug":"podigli-cijenu-najgora-godina-za-pcelare-med-postao-luksuz","status":"publish","type":"post","link":"https:\/\/www.prijedordanas.com\/?p=158782","title":{"rendered":"Podigli cijenu: Najgora godina za p\u010delare, med postao luksuz"},"content":{"rendered":"<p><a href=\"https:\/\/www.prijedordanas.com\/wp-content\/uploads\/2020\/11\/blic-dani-meda-prijedor.jpg\"><img loading=\"lazy\" decoding=\"async\" class=\"alignleft size-medium wp-image-158783\" src=\"https:\/\/www.prijedordanas.com\/wp-content\/uploads\/2020\/11\/blic-dani-meda-prijedor-300x225.jpg\" alt=\"\" width=\"300\" height=\"225\" srcset=\"https:\/\/www.prijedordanas.com\/wp-content\/uploads\/2020\/11\/blic-dani-meda-prijedor-300x225.jpg 300w, https:\/\/www.prijedordanas.com\/wp-content\/uploads\/2020\/11\/blic-dani-meda-prijedor-640x480.jpg 640w, https:\/\/www.prijedordanas.com\/wp-content\/uploads\/2020\/11\/blic-dani-meda-prijedor.jpg 667w\" sizes=\"(max-width: 300px) 100vw, 300px\" \/><\/a>Zbog lo\u0161eg prinosa meda u ovoj godini pojedini prijedorski p\u010delari poskupili su med sa 15 na 20 KM.<\/p>\n<p>P\u010delari ka\u017eu da im je ovo najgora godina u poslednjoj deceniji, te da mnogi nisu ni\u0161ta ni vrcali.<\/p>\n<p>Du\u0161ka Radakovi\u0107, \u010dija porodica ima 200 p\u010delinjih dru\u0161tava u Gornjoj Dragotinji, ka\u017ee da su ove godine izvrcali 50 kilograma meda.<\/p>\n<p>\u2013 Od jesenas livadski, bagremov i ostale vrste meda ko\u0161taju 20 KM, dok je od kestena 25 KM. Ova je tre\u0107a zaredom lo\u0161a godina, jer nema nektara zbog ki\u0161a i manjka sunca. Sada je p\u010delarstvo jako skup hobi. Spasli smo se \u0161to uz med proizvodimo likere, a otvorili smo i api komoru \u2013 ka\u017ee ona.<\/p>\n<p><a href=\"https:\/\/www.prijedordanas.com\/wp-content\/uploads\/2020\/11\/blic-duska-radakovic-dijeli-medenjake.jpg\"><img loading=\"lazy\" decoding=\"async\" src=\"https:\/\/www.prijedordanas.com\/wp-content\/uploads\/2020\/11\/blic-duska-radakovic-dijeli-medenjake-300x210.jpg\" alt=\"\" width=\"300\" height=\"210\" class=\"alignleft size-medium wp-image-158786\" srcset=\"https:\/\/www.prijedordanas.com\/wp-content\/uploads\/2020\/11\/blic-duska-radakovic-dijeli-medenjake-300x210.jpg 300w, https:\/\/www.prijedordanas.com\/wp-content\/uploads\/2020\/11\/blic-duska-radakovic-dijeli-medenjake.jpg 600w\" sizes=\"(max-width: 300px) 100vw, 300px\" \/><\/a>Sekretar Udru\u017eenja p\u010delara \u201ePrva p\u010dela\u201c iz Prijedora Nenad Babi\u0107 ka\u017ee da ima nekoliko p\u010delara koji su poskupili med.<\/p>\n<p>\u2013 Ima elemenata i razloga da se pove\u0107a cijena kada se upore\u0111uje sa cijenom drugih artikala, ali na\u0161e mi\u0161ljenje je da ne treba pretjerivati zbog potro\u0161a\u010da. Moji kupci \u0107e od mene kupiti i kada imam tonu i kada imam 50 kilograma \u2013 obja\u0161njava Babi\u0107.<\/p>\n<p>Preporuka<\/p>\n<p>Dodaje da je prije 20-ak godina med ko\u0161tao \u0161est KM. Vremenom je njegova cijena pove\u0107avana za nekoliko maraka, da bi prije \u010detiri godine dostigla 15 KM.<\/p>\n<p>\u2013 U Udru\u017eenju svake godine donosimo neku preporu\u010denu cijenu. To je ove godine bilo 15 KM, bez obzira na na\u0161u lo\u0161u situaciju, jer i to je dobra cijena, budu\u0107i da je kupovna mo\u0107 slaba \u2013 ka\u017ee Babi\u0107.<\/p>\n<p>P\u010delar iz Babi\u0107a, Dragomir Vujkovi\u0107, ka\u017ee da niko od 20-ak p\u010delara iz Udru\u017eenja \u201eOmarska\u201c vi\u0161e nema meda.<\/p>\n<p>\u2013 Ono \u0161to smo imali prodali smo po 15 KM. \u010cuo sam da su neki poskupili, ali to je nerealna cijena, bez obzira na nesta\u0161icu meda i \u0161to nije bilo prinosa \u2013 smatra on.<\/p>\n<p><a href=\"https:\/\/www.prijedordanas.com\/wp-content\/uploads\/2020\/11\/blic-dragomir-vujkovic-pcelar.jpg\"><img loading=\"lazy\" decoding=\"async\" class=\"alignleft size-medium wp-image-158784\" src=\"https:\/\/www.prijedordanas.com\/wp-content\/uploads\/2020\/11\/blic-dragomir-vujkovic-pcelar-300x225.jpg\" alt=\"\" width=\"300\" height=\"225\" srcset=\"https:\/\/www.prijedordanas.com\/wp-content\/uploads\/2020\/11\/blic-dragomir-vujkovic-pcelar-300x225.jpg 300w, https:\/\/www.prijedordanas.com\/wp-content\/uploads\/2020\/11\/blic-dragomir-vujkovic-pcelar-640x480.jpg 640w, https:\/\/www.prijedordanas.com\/wp-content\/uploads\/2020\/11\/blic-dragomir-vujkovic-pcelar.jpg 666w\" sizes=\"(max-width: 300px) 100vw, 300px\" \/><\/a>Falsifikat<\/p>\n<p>Vujkovi\u0107a vi\u0161e brine \u0161to se zbog nesta\u0161ice meda pove\u0107ala prodaja patvorenog meda.<\/p>\n<p>\u2013 Poplava je falsifikata meda. Nadam se da \u0107e inspekcijske slu\u017ebe ne\u0161to u\u010diniti, jer na svakom koraku ljudi idu od ku\u0107e do ku\u0107e, iz auta vade neke tegle i prodaju po 10, 12, 15 KM. To nema veze sa p\u010delinjim medom \u2013 tvrdi Vujkovi\u0107.<\/p>\n<p>Navodi da prodavci na ku\u0107ni prag ljudima donose visokofruktozni sirup proizveden od kukuruza i prodaju kao med.<\/p>\n<p>\u2013 To je klasi\u010dni sirup za prihranu p\u010dela kada su lo\u0161e godine i mo\u017ee se naru\u010diti brzom po\u0161tom. Kupe ga za dvije, tri KM po kilogramu, a prodaju kao med. Predstave se da su iz Cazina, Maglaja, Te\u0161nja. Neki dan sam pred tr\u017enim centrom vidio da \u010dovjek iz vozila prodaje med po 10 KM, a ljudi kupuju i po pet tegli. Jo\u0161 ka\u017eu: \u201eOdli\u010dno, ne\u0107e\u0161 jeftiniji uzeti\u201c, a da znaju \u0161ta uzimaju ne bi tako govorili \u2013 isti\u010de Vujkovi\u0107.<\/p>\n<p><a href=\"https:\/\/www.prijedordanas.com\/wp-content\/uploads\/2020\/11\/blic-med.jpg\"><img loading=\"lazy\" decoding=\"async\" class=\"alignleft size-medium wp-image-158785\" src=\"https:\/\/www.prijedordanas.com\/wp-content\/uploads\/2020\/11\/blic-med-300x210.jpg\" alt=\"\" width=\"300\" height=\"210\" srcset=\"https:\/\/www.prijedordanas.com\/wp-content\/uploads\/2020\/11\/blic-med-300x210.jpg 300w, https:\/\/www.prijedordanas.com\/wp-content\/uploads\/2020\/11\/blic-med.jpg 600w\" sizes=\"(max-width: 300px) 100vw, 300px\" \/><\/a>Kupuj od poznatog<\/p>\n<p>Predsjednik Saveza udru\u017eenja p\u010delara RS, Damir Bara\u0161in, preporu\u010duje kupovinu meda od poznatih lokalnih p\u010delara kako bi se izbjegla kupovina patvorenog meda.<\/p>\n<p>\u2013 Samo regularno se u BiH godi\u0161nje uveze vi\u0161e od 300 tona meda, neregularno u\u0111e daleko vi\u0161e. Inspekcijski organi rade mali broj analiza meda na tr\u017ei\u0161tu, a ljudi su skloni svemu i sva\u010demu. Nije realno da vam ove ili pro\u0161le godine, koje su bile lo\u0161e, med koji kupujemo kao lijek i za imunitet neko donese na ku\u0107ni prag i prodaje za 12 ili 15 KM. Isto kao da vam neko ponudi da kupite luksuzni automobil ispod svih mogu\u0107ih tr\u017ei\u0161nih cijena. Znate da iza toga stoji prevara \u2013 isti\u010de Bara\u0161in.<\/p>\n<p>Navodi da Savez nikada nije odre\u0111ivao cijenu meda niti je davao preporuku.<\/p>\n<p>\u2013 Tr\u017ei\u0161te je slobodno i cijenu formira kako ko ho\u0107e. Poznato je da je uvijek med najjeftiniji u Posavini, a najskuplji u Hercegovini \u2013 ka\u017ee Bara\u0161in.<\/p>\n<p>KUPOVNA (NE)MO\u0106<br \/>\nDamir Bara\u0161in ka\u017ee da nije realno cijenu meda formirati na osnovu prinosa iz jedne ili dvije godine.<\/p>\n<p>\u2013 Za cijenu meda moramo gledati vi\u0161egodi\u0161nji prosjek, barem pet godina. \u0160ta \u0107e biti ako naredne godine bude dobar prinos meda? Ho\u0107e li p\u010delari ponovo vratiti njegovu cijenu na 15 KM? Stalno ponavljam da moramo gledati i kupovnu mo\u0107 ljudi. Vidim da ljudima nije lako izdvojiti 15, 16 KM za teglu meda, pogotovo penzionerima, koji kupuju manja pakovanja od pola kg ili 260 grama. Sada ne mo\u017eemo pove\u0107avati cijenu, jer se radi o skromnim koli\u010dinama meda koje su ljudi izvrcali. Ne\u0107e njima bitno promijeniti situaciji ako pove\u0107aju cijenu za par KM, ali je udar za na\u0161e stalne konzumente \u2013 upozorava Bara\u0161in.<\/p>\n<p>Ocjenjuje da ova godina nije bila lo\u0161a za p\u010delare ve\u0107 katasrofalna, jer p\u010dele nisu ni za sebe obezbijedile hranu.<\/p>\n<p>srpskainfo.com<\/p>\n","protected":false},"excerpt":{"rendered":"<p>Zbog lo\u0161eg prinosa meda u ovoj godini pojedini prijedorski p\u010delari poskupili su med sa 15 na 20 KM. P\u010delari ka\u017eu da im je ovo najgora godina u poslednjoj deceniji, te [&hellip;]<\/p>\n","protected":false},"author":1,"featured_media":0,"comment_status":"closed","ping_status":"open","sticky":false,"template":"","format":"standard","meta":{"_monsterinsights_skip_tracking":false,"_monsterinsights_sitenote_active":false,"_monsterinsights_sitenote_note":"","_monsterinsights_sitenote_category":0,"footnotes":""},"categories":[8],"tags":[4986,2459,2225],"yoast_head":"<!-- This site is optimized with the Yoast SEO plugin v21.6 - https:\/\/yoast.com\/wordpress\/plugins\/seo\/ -->\n<title>Podigli cijenu: Najgora godina za p\u010delare, med postao luksuz - PrijedorDanas.com - Prijedorski gradski portal<\/title>\n<meta name=\"robots\" content=\"index, follow, max-snippet:-1, max-image-preview:large, max-video-preview:-1\" \/>\n<link rel=\"canonical\" href=\"https:\/\/www.prijedordanas.com\/?p=158782\" \/>\n<meta property=\"og:locale\" content=\"en_US\" \/>\n<meta property=\"og:type\" content=\"article\" \/>\n<meta property=\"og:title\" content=\"Podigli cijenu: Najgora godina za p\u010delare, med postao luksuz - PrijedorDanas.com - Prijedorski gradski portal\" \/>\n<meta property=\"og:description\" content=\"Zbog lo\u0161eg prinosa meda u ovoj godini pojedini prijedorski p\u010delari poskupili su med sa 15 na 20 KM. P\u010delari ka\u017eu da im je ovo najgora godina u poslednjoj deceniji, te [&hellip;]\" \/>\n<meta property=\"og:url\" content=\"https:\/\/www.prijedordanas.com\/?p=158782\" \/>\n<meta property=\"og:site_name\" content=\"PrijedorDanas.com - Prijedorski gradski portal\" \/>\n<meta property=\"article:publisher\" content=\"https:\/\/www.facebook.com\/PrijedorDanasCom\/\" \/>\n<meta property=\"article:published_time\" content=\"2020-11-28T09:03:23+00:00\" \/>\n<meta property=\"og:image\" content=\"https:\/\/www.prijedordanas.com\/wp-content\/uploads\/2020\/11\/blic-dani-meda-prijedor-300x225.jpg\" \/>\n<meta name=\"author\" content=\"admin\" \/>\n<meta name=\"twitter:card\" content=\"summary_large_image\" \/>\n<meta name=\"twitter:label1\" content=\"Written by\" \/>\n\t<meta name=\"twitter:data1\" content=\"admin\" \/>\n\t<meta name=\"twitter:label2\" content=\"Est. reading time\" \/>\n\t<meta name=\"twitter:data2\" content=\"4 minutes\" \/>\n<script type=\"application\/ld+json\" class=\"yoast-schema-graph\">{\"@context\":\"https:\/\/schema.org\",\"@graph\":[{\"@type\":\"Article\",\"@id\":\"https:\/\/www.prijedordanas.com\/?p=158782#article\",\"isPartOf\":{\"@id\":\"https:\/\/www.prijedordanas.com\/?p=158782\"},\"author\":{\"name\":\"admin\",\"@id\":\"https:\/\/www.prijedordanas.com\/#\/schema\/person\/4e08ccf29b506ca916ff86d46bb700e6\"},\"headline\":\"Podigli cijenu: Najgora godina za p\u010delare, med postao luksuz\",\"datePublished\":\"2020-11-28T09:03:23+00:00\",\"dateModified\":\"2020-11-28T09:03:23+00:00\",\"mainEntityOfPage\":{\"@id\":\"https:\/\/www.prijedordanas.com\/?p=158782\"},\"wordCount\":812,\"publisher\":{\"@id\":\"https:\/\/www.prijedordanas.com\/#organization\"},\"keywords\":[\"cijena\",\"med\",\"p\u010delari\"],\"articleSection\":[\"Svakodnevno\"],\"inLanguage\":\"en-US\"},{\"@type\":\"WebPage\",\"@id\":\"https:\/\/www.prijedordanas.com\/?p=158782\",\"url\":\"https:\/\/www.prijedordanas.com\/?p=158782\",\"name\":\"Podigli cijenu: Najgora godina za p\u010delare, med postao luksuz - PrijedorDanas.com - Prijedorski gradski portal\",\"isPartOf\":{\"@id\":\"https:\/\/www.prijedordanas.com\/#website\"},\"datePublished\":\"2020-11-28T09:03:23+00:00\",\"dateModified\":\"2020-11-28T09:03:23+00:00\",\"breadcrumb\":{\"@id\":\"https:\/\/www.prijedordanas.com\/?p=158782#breadcrumb\"},\"inLanguage\":\"en-US\",\"potentialAction\":[{\"@type\":\"ReadAction\",\"target\":[\"https:\/\/www.prijedordanas.com\/?p=158782\"]}]},{\"@type\":\"BreadcrumbList\",\"@id\":\"https:\/\/www.prijedordanas.com\/?p=158782#breadcrumb\",\"itemListElement\":[{\"@type\":\"ListItem\",\"position\":1,\"name\":\"Home\",\"item\":\"https:\/\/www.prijedordanas.com\/\"},{\"@type\":\"ListItem\",\"position\":2,\"name\":\"Podigli cijenu: Najgora godina za p\u010delare, med postao luksuz\"}]},{\"@type\":\"WebSite\",\"@id\":\"https:\/\/www.prijedordanas.com\/#website\",\"url\":\"https:\/\/www.prijedordanas.com\/\",\"name\":\"PrijedorDanas.com - Prijedorski gradski portal\",\"description\":\"Portal o doga\u0111anjima u gradu Prijedoru\",\"publisher\":{\"@id\":\"https:\/\/www.prijedordanas.com\/#organization\"},\"potentialAction\":[{\"@type\":\"SearchAction\",\"target\":{\"@type\":\"EntryPoint\",\"urlTemplate\":\"https:\/\/www.prijedordanas.com\/?s={search_term_string}\"},\"query-input\":\"required name=search_term_string\"}],\"inLanguage\":\"en-US\"},{\"@type\":\"Organization\",\"@id\":\"https:\/\/www.prijedordanas.com\/#organization\",\"name\":\"PrijedorDanas.com\",\"url\":\"https:\/\/www.prijedordanas.com\/\",\"logo\":{\"@type\":\"ImageObject\",\"inLanguage\":\"en-US\",\"@id\":\"https:\/\/www.prijedordanas.com\/#\/schema\/logo\/image\/\",\"url\":\"http:\/\/www.prijedordanas.com\/wp-content\/uploads\/2021\/12\/logopng.png\",\"contentUrl\":\"http:\/\/www.prijedordanas.com\/wp-content\/uploads\/2021\/12\/logopng.png\",\"width\":1019,\"height\":776,\"caption\":\"PrijedorDanas.com\"},\"image\":{\"@id\":\"https:\/\/www.prijedordanas.com\/#\/schema\/logo\/image\/\"},\"sameAs\":[\"https:\/\/www.facebook.com\/PrijedorDanasCom\/\"]},{\"@type\":\"Person\",\"@id\":\"https:\/\/www.prijedordanas.com\/#\/schema\/person\/4e08ccf29b506ca916ff86d46bb700e6\",\"name\":\"admin\",\"image\":{\"@type\":\"ImageObject\",\"inLanguage\":\"en-US\",\"@id\":\"https:\/\/www.prijedordanas.com\/#\/schema\/person\/image\/\",\"url\":\"https:\/\/secure.gravatar.com\/avatar\/1d3fc949d550f0b53a5f0d51e06dfd79?s=96&d=mm&r=g\",\"contentUrl\":\"https:\/\/secure.gravatar.com\/avatar\/1d3fc949d550f0b53a5f0d51e06dfd79?s=96&d=mm&r=g\",\"caption\":\"admin\"},\"url\":\"https:\/\/www.prijedordanas.com\/?author=1\"}]}<\/script>\n<!-- \/ Yoast SEO plugin. -->","yoast_head_json":{"title":"Podigli cijenu: Najgora godina za p\u010delare, med postao luksuz - PrijedorDanas.com - Prijedorski gradski portal","robots":{"index":"index","follow":"follow","max-snippet":"max-snippet:-1","max-image-preview":"max-image-preview:large","max-video-preview":"max-video-preview:-1"},"canonical":"https:\/\/www.prijedordanas.com\/?p=158782","og_locale":"en_US","og_type":"article","og_title":"Podigli cijenu: Najgora godina za p\u010delare, med postao luksuz - PrijedorDanas.com - Prijedorski gradski portal","og_description":"Zbog lo\u0161eg prinosa meda u ovoj godini pojedini prijedorski p\u010delari poskupili su med sa 15 na 20 KM. P\u010delari ka\u017eu da im je ovo najgora godina u poslednjoj deceniji, te [&hellip;]","og_url":"https:\/\/www.prijedordanas.com\/?p=158782","og_site_name":"PrijedorDanas.com - Prijedorski gradski portal","article_publisher":"https:\/\/www.facebook.com\/PrijedorDanasCom\/","article_published_time":"2020-11-28T09:03:23+00:00","og_image":[{"url":"https:\/\/www.prijedordanas.com\/wp-content\/uploads\/2020\/11\/blic-dani-meda-prijedor-300x225.jpg"}],"author":"admin","twitter_card":"summary_large_image","twitter_misc":{"Written by":"admin","Est. reading time":"4 minutes"},"schema":{"@context":"https:\/\/schema.org","@graph":[{"@type":"Article","@id":"https:\/\/www.prijedordanas.com\/?p=158782#article","isPartOf":{"@id":"https:\/\/www.prijedordanas.com\/?p=158782"},"author":{"name":"admin","@id":"https:\/\/www.prijedordanas.com\/#\/schema\/person\/4e08ccf29b506ca916ff86d46bb700e6"},"headline":"Podigli cijenu: Najgora godina za p\u010delare, med postao luksuz","datePublished":"2020-11-28T09:03:23+00:00","dateModified":"2020-11-28T09:03:23+00:00","mainEntityOfPage":{"@id":"https:\/\/www.prijedordanas.com\/?p=158782"},"wordCount":812,"publisher":{"@id":"https:\/\/www.prijedordanas.com\/#organization"},"keywords":["cijena","med","p\u010delari"],"articleSection":["Svakodnevno"],"inLanguage":"en-US"},{"@type":"WebPage","@id":"https:\/\/www.prijedordanas.com\/?p=158782","url":"https:\/\/www.prijedordanas.com\/?p=158782","name":"Podigli cijenu: Najgora godina za p\u010delare, med postao luksuz - PrijedorDanas.com - Prijedorski gradski portal","isPartOf":{"@id":"https:\/\/www.prijedordanas.com\/#website"},"datePublished":"2020-11-28T09:03:23+00:00","dateModified":"2020-11-28T09:03:23+00:00","breadcrumb":{"@id":"https:\/\/www.prijedordanas.com\/?p=158782#breadcrumb"},"inLanguage":"en-US","potentialAction":[{"@type":"ReadAction","target":["https:\/\/www.prijedordanas.com\/?p=158782"]}]},{"@type":"BreadcrumbList","@id":"https:\/\/www.prijedordanas.com\/?p=158782#breadcrumb","itemListElement":[{"@type":"ListItem","position":1,"name":"Home","item":"https:\/\/www.prijedordanas.com\/"},{"@type":"ListItem","position":2,"name":"Podigli cijenu: Najgora godina za p\u010delare, med postao luksuz"}]},{"@type":"WebSite","@id":"https:\/\/www.prijedordanas.com\/#website","url":"https:\/\/www.prijedordanas.com\/","name":"PrijedorDanas.com - Prijedorski gradski portal","description":"Portal o doga\u0111anjima u gradu Prijedoru","publisher":{"@id":"https:\/\/www.prijedordanas.com\/#organization"},"potentialAction":[{"@type":"SearchAction","target":{"@type":"EntryPoint","urlTemplate":"https:\/\/www.prijedordanas.com\/?s={search_term_string}"},"query-input":"required name=search_term_string"}],"inLanguage":"en-US"},{"@type":"Organization","@id":"https:\/\/www.prijedordanas.com\/#organization","name":"PrijedorDanas.com","url":"https:\/\/www.prijedordanas.com\/","logo":{"@type":"ImageObject","inLanguage":"en-US","@id":"https:\/\/www.prijedordanas.com\/#\/schema\/logo\/image\/","url":"http:\/\/www.prijedordanas.com\/wp-content\/uploads\/2021\/12\/logopng.png","contentUrl":"http:\/\/www.prijedordanas.com\/wp-content\/uploads\/2021\/12\/logopng.png","width":1019,"height":776,"caption":"PrijedorDanas.com"},"image":{"@id":"https:\/\/www.prijedordanas.com\/#\/schema\/logo\/image\/"},"sameAs":["https:\/\/www.facebook.com\/PrijedorDanasCom\/"]},{"@type":"Person","@id":"https:\/\/www.prijedordanas.com\/#\/schema\/person\/4e08ccf29b506ca916ff86d46bb700e6","name":"admin","image":{"@type":"ImageObject","inLanguage":"en-US","@id":"https:\/\/www.prijedordanas.com\/#\/schema\/person\/image\/","url":"https:\/\/secure.gravatar.com\/avatar\/1d3fc949d550f0b53a5f0d51e06dfd79?s=96&d=mm&r=g","contentUrl":"https:\/\/secure.gravatar.com\/avatar\/1d3fc949d550f0b53a5f0d51e06dfd79?s=96&d=mm&r=g","caption":"admin"},"url":"https:\/\/www.prijedordanas.com\/?author=1"}]}},"_links":{"self":[{"href":"https:\/\/www.prijedordanas.com\/index.php?rest_route=\/wp\/v2\/posts\/158782"}],"collection":[{"href":"https:\/\/www.prijedordanas.com\/index.php?rest_route=\/wp\/v2\/posts"}],"about":[{"href":"https:\/\/www.prijedordanas.com\/index.php?rest_route=\/wp\/v2\/types\/post"}],"author":[{"embeddable":true,"href":"https:\/\/www.prijedordanas.com\/index.php?rest_route=\/wp\/v2\/users\/1"}],"replies":[{"embeddable":true,"href":"https:\/\/www.prijedordanas.com\/index.php?rest_route=%2Fwp%2Fv2%2Fcomments&post=158782"}],"version-history":[{"count":1,"href":"https:\/\/www.prijedordanas.com\/index.php?rest_route=\/wp\/v2\/posts\/158782\/revisions"}],"predecessor-version":[{"id":158787,"href":"https:\/\/www.prijedordanas.com\/index.php?rest_route=\/wp\/v2\/posts\/158782\/revisions\/158787"}],"wp:attachment":[{"href":"https:\/\/www.prijedordanas.com\/index.php?rest_route=%2Fwp%2Fv2%2Fmedia&parent=158782"}],"wp:term":[{"taxonomy":"category","embeddable":true,"href":"https:\/\/www.prijedordanas.com\/index.php?rest_route=%2Fwp%2Fv2%2Fcategories&post=158782"},{"taxonomy":"post_tag","embeddable":true,"href":"https:\/\/www.prijedordanas.com\/index.php?rest_route=%2Fwp%2Fv2%2Ftags&post=158782"}],"curies":[{"name":"wp","href":"https:\/\/api.w.org\/{rel}","templated":true}]}}