{"id":158370,"date":"2020-11-17T22:39:12","date_gmt":"2020-11-17T21:39:12","guid":{"rendered":"https:\/\/www.prijedordanas.com\/?p=158370"},"modified":"2020-11-17T22:39:12","modified_gmt":"2020-11-17T21:39:12","slug":"kandidatkinja-sds-a-za-gradonacelnicu-prijedora-doktorica-maja-dragojevic-stojic-prozivljava-dramu-moj-obraz-i-ime-nemaju-cijenu","status":"publish","type":"post","link":"https:\/\/www.prijedordanas.com\/?p=158370","title":{"rendered":"Kandidatkinja SDS-a za gradona\u010delnicu Prijedora doktorica Maja Dragojevi\u0107-Stoji\u0107 pro\u017eivljava dramu: &#8220;Moj obraz i ime nemaju cijenu&#8221;"},"content":{"rendered":"<p><a href=\"https:\/\/www.prijedordanas.com\/wp-content\/uploads\/2020\/11\/dr-maja-dragojevic-stojic.jpg\"><img loading=\"lazy\" decoding=\"async\" src=\"https:\/\/www.prijedordanas.com\/wp-content\/uploads\/2020\/11\/dr-maja-dragojevic-stojic-300x225.jpg\" alt=\"\" width=\"300\" height=\"225\" class=\"alignleft size-medium wp-image-158366\" srcset=\"https:\/\/www.prijedordanas.com\/wp-content\/uploads\/2020\/11\/dr-maja-dragojevic-stojic-300x225.jpg 300w, https:\/\/www.prijedordanas.com\/wp-content\/uploads\/2020\/11\/dr-maja-dragojevic-stojic-640x480.jpg 640w, https:\/\/www.prijedordanas.com\/wp-content\/uploads\/2020\/11\/dr-maja-dragojevic-stojic.jpg 667w\" sizes=\"(max-width: 300px) 100vw, 300px\" \/><\/a>Kandidatkinja SDS-a za gradona\u010delnicu Prijedora doktorica Maja Dragojevi\u0107-Stoji\u0107 ovih dana pro\u017eivljava pravu dramu.<\/p>\n<p>Ona je prakti\u010dno pred po\u010detak predizborne \u0107utnje dovedena pred svr\u0161en \u010din kada je od nje zatra\u017eeno da odustane od kandidature, a pojedine kolege iz stranke su tvrdile da radi za SNSD.<\/p>\n<p>&#8220;Nije SDS izdao Maju Dragojevi\u0107-Stoji\u0107, nego je ona izdala SDS, DNS i grad Prijedor&#8221;, rekao je ju\u010de predsjednik Gradskog odbora SDS-a Prijedor Milan Tubin, dok je lider DNS-a Nenad Ne\u0161i\u0107 u obra\u0107anju novinarima kazao da je \u201cDNS donio Republici Srpskoj neophodne promjene, jer su glasovi njihovih bira\u010da bili tas na strani opozicije \u0161irom Republike Srpske, ali da je DNS, na\u017ealost, izgubio Prijedor, jer je Maja Dragojevi\u0107 Stoji\u0107 klju\u010deve Prijedora uru\u010dila SNSD-u, \u010diji je bila Trojanac&#8221;.<\/p>\n<p>Komentar cjelokupne situacije oko izbora u Prijedoru, situacije u stranci, te daljih koraka koje \u0107e povu\u0107i potra\u017eili smo od Dragojevi\u0107-Stoji\u0107.<\/p>\n<p>Kako je za BUKU istakla, sve je po\u010delo nekoliko dana pred izbore kada je dogovorena koalicija sa Ne\u0161i\u0107em i kada su se Vukota Govedarica i Dragan Mekti\u0107 oglasili u medijima i tra\u017eili da se povu\u010de u korist kandidata DNS-a u Prijedoru:<\/p>\n<p>\u201cPredsjednik stranke i ja smo smatrali da je to kasno i da ni\u0161ta ne bismo promijenili i da smo se tako ne\u0161to trebali ranije dogovoriti. Istovremeno, u Prijedoru se de\u0161avalo to da je predsjednik GO SDS Pd Milan Tubin sve vrijeme radio na terenu i lobirao na\u0161e \u010dlanstvo da glasa za kandidata DNS-a. Moj izborni rezultat je na osnovu uglavnom li\u010dnih glasova, da me stranka podr\u017eala bio bi, sigurna sam, mnogo bolji, analize \u0107e pokazati\u201d.<\/p>\n<p>Nevjerovatno je, ka\u017ee, da su je pojedinci proglasili \u201ctrojanskim konjem\u201d i da je radila za interese SNSD-a. Nagla\u0161ava da je njena politi\u010dka karijera po\u010dela onog trenutka kada je odlu\u010dila da se bori protiv ovakvog sistema i upravo protiv politike SNSD-a.<\/p>\n<p>\u201cPrva sam ka\u017enjena od strane istih, jo\u0161 uvijek sam na sudu sa ministrom policije. Ve\u0107 sam rekla, moj obraz i ime nemaju cijenu! Da smo se povukli, opozicija u ovom dijelu RS ne bi postojala i ne bismo se imali sa \u010dim suprotstaviti na narednim najva\u017enijim izborima. Neka vrijeme poka\u017ee ko je kakav bio i \u0161ta su \u010dije namjere\u201d, nagla\u0161ava za Buku Dragojevi\u0107-Stoji\u0107 . ka\u017ee da jo\u0161 uvijek ne zna kakvi \u0107e biti njeni sljede\u0107i potezi, ali ono \u0161to zna je da sa gospodinom Milanom Tubinom ne mo\u017ee biti u istoj stranci, niti i bilo kakvoj zajedni\u010dkoj pri\u010di: \u201cMoj put \u0107u nastaviti istim pravcem, bori\u0107u se kao i do sada razumom, istinom i \u010distom emocijom\u201d.<\/p>\n<p>6yka.com<\/p>\n","protected":false},"excerpt":{"rendered":"<p>Kandidatkinja SDS-a za gradona\u010delnicu Prijedora doktorica Maja Dragojevi\u0107-Stoji\u0107 ovih dana pro\u017eivljava pravu dramu. Ona je prakti\u010dno pred po\u010detak predizborne \u0107utnje dovedena pred svr\u0161en \u010din kada je od nje zatra\u017eeno da [&hellip;]<\/p>\n","protected":false},"author":1,"featured_media":0,"comment_status":"closed","ping_status":"open","sticky":false,"template":"","format":"standard","meta":{"_monsterinsights_skip_tracking":false,"_monsterinsights_sitenote_active":false,"_monsterinsights_sitenote_note":"","_monsterinsights_sitenote_category":0,"footnotes":""},"categories":[8],"tags":[11131],"yoast_head":"<!-- This site is optimized with the Yoast SEO plugin v21.6 - https:\/\/yoast.com\/wordpress\/plugins\/seo\/ -->\n<title>Kandidatkinja SDS-a za gradona\u010delnicu Prijedora doktorica Maja Dragojevi\u0107-Stoji\u0107 pro\u017eivljava dramu: &quot;Moj obraz i ime nemaju cijenu&quot; - PrijedorDanas.com - Prijedorski gradski portal<\/title>\n<meta name=\"robots\" content=\"index, follow, max-snippet:-1, max-image-preview:large, max-video-preview:-1\" \/>\n<link rel=\"canonical\" href=\"https:\/\/www.prijedordanas.com\/?p=158370\" \/>\n<meta property=\"og:locale\" content=\"en_US\" \/>\n<meta property=\"og:type\" content=\"article\" \/>\n<meta property=\"og:title\" content=\"Kandidatkinja SDS-a za gradona\u010delnicu Prijedora doktorica Maja Dragojevi\u0107-Stoji\u0107 pro\u017eivljava dramu: &quot;Moj obraz i ime nemaju cijenu&quot; - PrijedorDanas.com - Prijedorski gradski portal\" \/>\n<meta property=\"og:description\" content=\"Kandidatkinja SDS-a za gradona\u010delnicu Prijedora doktorica Maja Dragojevi\u0107-Stoji\u0107 ovih dana pro\u017eivljava pravu dramu. Ona je prakti\u010dno pred po\u010detak predizborne \u0107utnje dovedena pred svr\u0161en \u010din kada je od nje zatra\u017eeno da [&hellip;]\" \/>\n<meta property=\"og:url\" content=\"https:\/\/www.prijedordanas.com\/?p=158370\" \/>\n<meta property=\"og:site_name\" content=\"PrijedorDanas.com - Prijedorski gradski portal\" \/>\n<meta property=\"article:publisher\" content=\"https:\/\/www.facebook.com\/PrijedorDanasCom\/\" \/>\n<meta property=\"article:published_time\" content=\"2020-11-17T21:39:12+00:00\" \/>\n<meta property=\"og:image\" content=\"https:\/\/www.prijedordanas.com\/wp-content\/uploads\/2020\/11\/dr-maja-dragojevic-stojic-300x225.jpg\" \/>\n<meta name=\"author\" content=\"admin\" \/>\n<meta name=\"twitter:card\" content=\"summary_large_image\" \/>\n<meta name=\"twitter:label1\" content=\"Written by\" \/>\n\t<meta name=\"twitter:data1\" content=\"admin\" \/>\n\t<meta name=\"twitter:label2\" content=\"Est. reading time\" \/>\n\t<meta name=\"twitter:data2\" content=\"2 minutes\" \/>\n<script type=\"application\/ld+json\" class=\"yoast-schema-graph\">{\"@context\":\"https:\/\/schema.org\",\"@graph\":[{\"@type\":\"Article\",\"@id\":\"https:\/\/www.prijedordanas.com\/?p=158370#article\",\"isPartOf\":{\"@id\":\"https:\/\/www.prijedordanas.com\/?p=158370\"},\"author\":{\"name\":\"admin\",\"@id\":\"https:\/\/www.prijedordanas.com\/#\/schema\/person\/4e08ccf29b506ca916ff86d46bb700e6\"},\"headline\":\"Kandidatkinja SDS-a za gradona\u010delnicu Prijedora doktorica Maja Dragojevi\u0107-Stoji\u0107 pro\u017eivljava dramu: &#8220;Moj obraz i ime nemaju cijenu&#8221;\",\"datePublished\":\"2020-11-17T21:39:12+00:00\",\"dateModified\":\"2020-11-17T21:39:12+00:00\",\"mainEntityOfPage\":{\"@id\":\"https:\/\/www.prijedordanas.com\/?p=158370\"},\"wordCount\":475,\"publisher\":{\"@id\":\"https:\/\/www.prijedordanas.com\/#organization\"},\"keywords\":[\"Maja Dragojevi\u0107 Stoji\u0107\"],\"articleSection\":[\"Svakodnevno\"],\"inLanguage\":\"en-US\"},{\"@type\":\"WebPage\",\"@id\":\"https:\/\/www.prijedordanas.com\/?p=158370\",\"url\":\"https:\/\/www.prijedordanas.com\/?p=158370\",\"name\":\"Kandidatkinja SDS-a za gradona\u010delnicu Prijedora doktorica Maja Dragojevi\u0107-Stoji\u0107 pro\u017eivljava dramu: \\\"Moj obraz i ime nemaju cijenu\\\" - PrijedorDanas.com - Prijedorski gradski portal\",\"isPartOf\":{\"@id\":\"https:\/\/www.prijedordanas.com\/#website\"},\"datePublished\":\"2020-11-17T21:39:12+00:00\",\"dateModified\":\"2020-11-17T21:39:12+00:00\",\"breadcrumb\":{\"@id\":\"https:\/\/www.prijedordanas.com\/?p=158370#breadcrumb\"},\"inLanguage\":\"en-US\",\"potentialAction\":[{\"@type\":\"ReadAction\",\"target\":[\"https:\/\/www.prijedordanas.com\/?p=158370\"]}]},{\"@type\":\"BreadcrumbList\",\"@id\":\"https:\/\/www.prijedordanas.com\/?p=158370#breadcrumb\",\"itemListElement\":[{\"@type\":\"ListItem\",\"position\":1,\"name\":\"Home\",\"item\":\"https:\/\/www.prijedordanas.com\/\"},{\"@type\":\"ListItem\",\"position\":2,\"name\":\"Kandidatkinja SDS-a za gradona\u010delnicu Prijedora doktorica Maja Dragojevi\u0107-Stoji\u0107 pro\u017eivljava dramu: &#8220;Moj obraz i ime nemaju cijenu&#8221;\"}]},{\"@type\":\"WebSite\",\"@id\":\"https:\/\/www.prijedordanas.com\/#website\",\"url\":\"https:\/\/www.prijedordanas.com\/\",\"name\":\"PrijedorDanas.com - Prijedorski gradski portal\",\"description\":\"Portal o doga\u0111anjima u gradu Prijedoru\",\"publisher\":{\"@id\":\"https:\/\/www.prijedordanas.com\/#organization\"},\"potentialAction\":[{\"@type\":\"SearchAction\",\"target\":{\"@type\":\"EntryPoint\",\"urlTemplate\":\"https:\/\/www.prijedordanas.com\/?s={search_term_string}\"},\"query-input\":\"required name=search_term_string\"}],\"inLanguage\":\"en-US\"},{\"@type\":\"Organization\",\"@id\":\"https:\/\/www.prijedordanas.com\/#organization\",\"name\":\"PrijedorDanas.com\",\"url\":\"https:\/\/www.prijedordanas.com\/\",\"logo\":{\"@type\":\"ImageObject\",\"inLanguage\":\"en-US\",\"@id\":\"https:\/\/www.prijedordanas.com\/#\/schema\/logo\/image\/\",\"url\":\"http:\/\/www.prijedordanas.com\/wp-content\/uploads\/2021\/12\/logopng.png\",\"contentUrl\":\"http:\/\/www.prijedordanas.com\/wp-content\/uploads\/2021\/12\/logopng.png\",\"width\":1019,\"height\":776,\"caption\":\"PrijedorDanas.com\"},\"image\":{\"@id\":\"https:\/\/www.prijedordanas.com\/#\/schema\/logo\/image\/\"},\"sameAs\":[\"https:\/\/www.facebook.com\/PrijedorDanasCom\/\"]},{\"@type\":\"Person\",\"@id\":\"https:\/\/www.prijedordanas.com\/#\/schema\/person\/4e08ccf29b506ca916ff86d46bb700e6\",\"name\":\"admin\",\"image\":{\"@type\":\"ImageObject\",\"inLanguage\":\"en-US\",\"@id\":\"https:\/\/www.prijedordanas.com\/#\/schema\/person\/image\/\",\"url\":\"https:\/\/secure.gravatar.com\/avatar\/1d3fc949d550f0b53a5f0d51e06dfd79?s=96&d=mm&r=g\",\"contentUrl\":\"https:\/\/secure.gravatar.com\/avatar\/1d3fc949d550f0b53a5f0d51e06dfd79?s=96&d=mm&r=g\",\"caption\":\"admin\"},\"url\":\"https:\/\/www.prijedordanas.com\/?author=1\"}]}<\/script>\n<!-- \/ Yoast SEO plugin. -->","yoast_head_json":{"title":"Kandidatkinja SDS-a za gradona\u010delnicu Prijedora doktorica Maja Dragojevi\u0107-Stoji\u0107 pro\u017eivljava dramu: \"Moj obraz i ime nemaju cijenu\" - PrijedorDanas.com - Prijedorski gradski portal","robots":{"index":"index","follow":"follow","max-snippet":"max-snippet:-1","max-image-preview":"max-image-preview:large","max-video-preview":"max-video-preview:-1"},"canonical":"https:\/\/www.prijedordanas.com\/?p=158370","og_locale":"en_US","og_type":"article","og_title":"Kandidatkinja SDS-a za gradona\u010delnicu Prijedora doktorica Maja Dragojevi\u0107-Stoji\u0107 pro\u017eivljava dramu: \"Moj obraz i ime nemaju cijenu\" - PrijedorDanas.com - Prijedorski gradski portal","og_description":"Kandidatkinja SDS-a za gradona\u010delnicu Prijedora doktorica Maja Dragojevi\u0107-Stoji\u0107 ovih dana pro\u017eivljava pravu dramu. Ona je prakti\u010dno pred po\u010detak predizborne \u0107utnje dovedena pred svr\u0161en \u010din kada je od nje zatra\u017eeno da [&hellip;]","og_url":"https:\/\/www.prijedordanas.com\/?p=158370","og_site_name":"PrijedorDanas.com - Prijedorski gradski portal","article_publisher":"https:\/\/www.facebook.com\/PrijedorDanasCom\/","article_published_time":"2020-11-17T21:39:12+00:00","og_image":[{"url":"https:\/\/www.prijedordanas.com\/wp-content\/uploads\/2020\/11\/dr-maja-dragojevic-stojic-300x225.jpg"}],"author":"admin","twitter_card":"summary_large_image","twitter_misc":{"Written by":"admin","Est. reading time":"2 minutes"},"schema":{"@context":"https:\/\/schema.org","@graph":[{"@type":"Article","@id":"https:\/\/www.prijedordanas.com\/?p=158370#article","isPartOf":{"@id":"https:\/\/www.prijedordanas.com\/?p=158370"},"author":{"name":"admin","@id":"https:\/\/www.prijedordanas.com\/#\/schema\/person\/4e08ccf29b506ca916ff86d46bb700e6"},"headline":"Kandidatkinja SDS-a za gradona\u010delnicu Prijedora doktorica Maja Dragojevi\u0107-Stoji\u0107 pro\u017eivljava dramu: &#8220;Moj obraz i ime nemaju cijenu&#8221;","datePublished":"2020-11-17T21:39:12+00:00","dateModified":"2020-11-17T21:39:12+00:00","mainEntityOfPage":{"@id":"https:\/\/www.prijedordanas.com\/?p=158370"},"wordCount":475,"publisher":{"@id":"https:\/\/www.prijedordanas.com\/#organization"},"keywords":["Maja Dragojevi\u0107 Stoji\u0107"],"articleSection":["Svakodnevno"],"inLanguage":"en-US"},{"@type":"WebPage","@id":"https:\/\/www.prijedordanas.com\/?p=158370","url":"https:\/\/www.prijedordanas.com\/?p=158370","name":"Kandidatkinja SDS-a za gradona\u010delnicu Prijedora doktorica Maja Dragojevi\u0107-Stoji\u0107 pro\u017eivljava dramu: \"Moj obraz i ime nemaju cijenu\" - PrijedorDanas.com - Prijedorski gradski portal","isPartOf":{"@id":"https:\/\/www.prijedordanas.com\/#website"},"datePublished":"2020-11-17T21:39:12+00:00","dateModified":"2020-11-17T21:39:12+00:00","breadcrumb":{"@id":"https:\/\/www.prijedordanas.com\/?p=158370#breadcrumb"},"inLanguage":"en-US","potentialAction":[{"@type":"ReadAction","target":["https:\/\/www.prijedordanas.com\/?p=158370"]}]},{"@type":"BreadcrumbList","@id":"https:\/\/www.prijedordanas.com\/?p=158370#breadcrumb","itemListElement":[{"@type":"ListItem","position":1,"name":"Home","item":"https:\/\/www.prijedordanas.com\/"},{"@type":"ListItem","position":2,"name":"Kandidatkinja SDS-a za gradona\u010delnicu Prijedora doktorica Maja Dragojevi\u0107-Stoji\u0107 pro\u017eivljava dramu: &#8220;Moj obraz i ime nemaju cijenu&#8221;"}]},{"@type":"WebSite","@id":"https:\/\/www.prijedordanas.com\/#website","url":"https:\/\/www.prijedordanas.com\/","name":"PrijedorDanas.com - Prijedorski gradski portal","description":"Portal o doga\u0111anjima u gradu Prijedoru","publisher":{"@id":"https:\/\/www.prijedordanas.com\/#organization"},"potentialAction":[{"@type":"SearchAction","target":{"@type":"EntryPoint","urlTemplate":"https:\/\/www.prijedordanas.com\/?s={search_term_string}"},"query-input":"required name=search_term_string"}],"inLanguage":"en-US"},{"@type":"Organization","@id":"https:\/\/www.prijedordanas.com\/#organization","name":"PrijedorDanas.com","url":"https:\/\/www.prijedordanas.com\/","logo":{"@type":"ImageObject","inLanguage":"en-US","@id":"https:\/\/www.prijedordanas.com\/#\/schema\/logo\/image\/","url":"http:\/\/www.prijedordanas.com\/wp-content\/uploads\/2021\/12\/logopng.png","contentUrl":"http:\/\/www.prijedordanas.com\/wp-content\/uploads\/2021\/12\/logopng.png","width":1019,"height":776,"caption":"PrijedorDanas.com"},"image":{"@id":"https:\/\/www.prijedordanas.com\/#\/schema\/logo\/image\/"},"sameAs":["https:\/\/www.facebook.com\/PrijedorDanasCom\/"]},{"@type":"Person","@id":"https:\/\/www.prijedordanas.com\/#\/schema\/person\/4e08ccf29b506ca916ff86d46bb700e6","name":"admin","image":{"@type":"ImageObject","inLanguage":"en-US","@id":"https:\/\/www.prijedordanas.com\/#\/schema\/person\/image\/","url":"https:\/\/secure.gravatar.com\/avatar\/1d3fc949d550f0b53a5f0d51e06dfd79?s=96&d=mm&r=g","contentUrl":"https:\/\/secure.gravatar.com\/avatar\/1d3fc949d550f0b53a5f0d51e06dfd79?s=96&d=mm&r=g","caption":"admin"},"url":"https:\/\/www.prijedordanas.com\/?author=1"}]}},"_links":{"self":[{"href":"https:\/\/www.prijedordanas.com\/index.php?rest_route=\/wp\/v2\/posts\/158370"}],"collection":[{"href":"https:\/\/www.prijedordanas.com\/index.php?rest_route=\/wp\/v2\/posts"}],"about":[{"href":"https:\/\/www.prijedordanas.com\/index.php?rest_route=\/wp\/v2\/types\/post"}],"author":[{"embeddable":true,"href":"https:\/\/www.prijedordanas.com\/index.php?rest_route=\/wp\/v2\/users\/1"}],"replies":[{"embeddable":true,"href":"https:\/\/www.prijedordanas.com\/index.php?rest_route=%2Fwp%2Fv2%2Fcomments&post=158370"}],"version-history":[{"count":1,"href":"https:\/\/www.prijedordanas.com\/index.php?rest_route=\/wp\/v2\/posts\/158370\/revisions"}],"predecessor-version":[{"id":158371,"href":"https:\/\/www.prijedordanas.com\/index.php?rest_route=\/wp\/v2\/posts\/158370\/revisions\/158371"}],"wp:attachment":[{"href":"https:\/\/www.prijedordanas.com\/index.php?rest_route=%2Fwp%2Fv2%2Fmedia&parent=158370"}],"wp:term":[{"taxonomy":"category","embeddable":true,"href":"https:\/\/www.prijedordanas.com\/index.php?rest_route=%2Fwp%2Fv2%2Fcategories&post=158370"},{"taxonomy":"post_tag","embeddable":true,"href":"https:\/\/www.prijedordanas.com\/index.php?rest_route=%2Fwp%2Fv2%2Ftags&post=158370"}],"curies":[{"name":"wp","href":"https:\/\/api.w.org\/{rel}","templated":true}]}}