{"id":158182,"date":"2020-11-14T18:32:34","date_gmt":"2020-11-14T17:32:34","guid":{"rendered":"https:\/\/www.prijedordanas.com\/?p=158182"},"modified":"2020-11-14T18:32:34","modified_gmt":"2020-11-14T17:32:34","slug":"gradani-u-nedjelju-biraju-novu-lokalnu-vlast","status":"publish","type":"post","link":"https:\/\/www.prijedordanas.com\/?p=158182","title":{"rendered":"Gra\u0111ani u nedjelju biraju novu lokalnu vlast"},"content":{"rendered":"<p><a href=\"https:\/\/www.prijedordanas.com\/wp-content\/uploads\/2016\/10\/izbori-2016-glasanje-3.jpg\"><img loading=\"lazy\" decoding=\"async\" class=\"alignleft size-medium wp-image-62484\" src=\"https:\/\/www.prijedordanas.com\/wp-content\/uploads\/2016\/10\/izbori-2016-glasanje-3-300x249.jpg\" alt=\"\" width=\"300\" height=\"249\" srcset=\"https:\/\/www.prijedordanas.com\/wp-content\/uploads\/2016\/10\/izbori-2016-glasanje-3-300x249.jpg 300w, https:\/\/www.prijedordanas.com\/wp-content\/uploads\/2016\/10\/izbori-2016-glasanje-3-100x83.jpg 100w, https:\/\/www.prijedordanas.com\/wp-content\/uploads\/2016\/10\/izbori-2016-glasanje-3.jpg 602w\" sizes=\"(max-width: 300px) 100vw, 300px\" \/><\/a>Lokalni izbori u BiH, na kojima \u0107e biti birana vlast u op\u0161tinama i gradovima za idu\u0107e \u010detiri godine, odr\u017ea\u0107e se u nedjelju, izuzev u Mostaru, gdje \u0107e se bira\u010di opredjeljivati 20. decembra.<\/p>\n<p>Iz Centralne izborne komisije (CIK) BiH ka\u017eu da je ovjereno ukupno 30.809 kandidata, od \u010dega 425 za na\u010delnike\/gradona\u010delnike, 30.188 za op\u0161tinska vije\u0107a odnosno skup\u0161tine op\u0161tina ili gradska vije\u0107a odnosno skup\u0161tine gradova i Skup\u0161tinu Br\u010dko distrikta te 196 kandidata predstavnika nacionalnih manjina.<\/p>\n<p>Gra\u0111ani s pravom glasa izabra\u0107e 64 op\u0161tinska vije\u0107a u FBiH, 56 skup\u0161tina op\u0161tina u Srpskoj, 120 na\u010delnika op\u0161tina i 22 gradona\u010delnika u BiH, 14 gradskih vije\u0107a u FBiH, sedam skup\u0161tina gradova u Republici Srpskoj te Skup\u0161tinu Br\u010dko distrikta.<\/p>\n<p>Ukupno se biraju \u010dak 3.142 vije\u0107nika odnosno odbornika. Zagarantovana mjesta za pripadnike nacionalnih manjina predvi\u0111ena su u 21 op\u0161tini za 23 kandidata.<\/p>\n<p>Prvi put na lokalnim izborima u BiH, gradona\u010delnik grada Isto\u010dno Sarajevo bira se neposredno, u skladu sa izmjenama Izbornog zakona Republike Srpske.<\/p>\n<p>Zanimljivo, u devet op\u0161tina za naklonost bira\u010da bori\u0107e se samo po jedan kandidat. Bira\u010dka mjesta bi\u0107e otvorena od sedam do 19 \u010dasova. Uz pokazivanje jednog od va\u017ee\u0107ih bh. identifikacionih dokumenata, bira\u010d dobija kombinaciju glasa\u010dkih listi\u0107a koja mu pripada i ostvaruje pravo na glasanje.<\/p>\n<p>U zaklju\u010deni centralni bira\u010dki spisak upisano je ukupno 3.283.380 bira\u010da, od \u010dega 3.141.257 redovnih.<\/p>\n<p>Broj bira\u010da sa statusom raseljene osobe koji glasaju u odsustvu je 7.925, a broj bira\u010da sa statusom raseljene osobe koji glasaju li\u010dno je 14.059.<\/p>\n<p>U diplomatsko-konzularnim predstavni\u0161tvima BiH mo\u0107i \u0107e da se izjasni 704, a putem po\u0161te 102.377 bira\u010da.<\/p>\n<p>Pritom, 17.058 bira\u010da je upisano da glasa putem mobilnog tima (u pitanju su redovni mobilni, a ne posebni kovid-19 timovi).<\/p>\n<p>&#8220;Ukupno u BiH je formirano 5.759 bira\u010dkih mjesta, uklju\u010duju\u0107i i 388 mobilnih timova (to su redovni mobilni timovi, a ne oni posebni kovid-19 mobilni timovi)&#8221;, saop\u0161teno je iz CIK-a BiH.<\/p>\n<p>Iz CIK-a isti\u010du da \u0107e po jedno bira\u010dko mjesto biti otvoreno u Ambasadi BiH u Be\u010du, Po\u010dasnom konzulatu BiH u Gracu, Generalnom konzulatu BiH u \u0160tutgartu, Generalnom konzulatu BiH u Minhenu, Ambasadi BiH u Oslu, Ambasadi BiH u Beogradu i Generalnom konzulatu BiH u \u010cikagu.<\/p>\n<p>Predsjednik CIK-a \u017deljko Bakalar podsjetio je da izborna ti\u0161ina u BiH po\u010dinje danas (subota) u sedam \u010dasova i traja\u0107e do nedjelje, 15. novembra, do 19 \u010dasova.<\/p>\n<p>Bakalar je naveo da je Izbornim zakonom propisano da u toku 24 \u010dasa prije otvaranja bira\u010dkih mjesta na teritoriji BiH ne\u0107e biti nikakvog medijskog izvje\u0161tavanja ili bilo kakve aktivnosti koja se odnosi na politi\u010dku izbornu kampanju te da period izborne ti\u0161ine traje do zatvaranja bira\u010dkih mjesta.<\/p>\n<p>Zbog kr\u0161enja izborne ti\u0161ine, ka\u017ee Bakalar, izrica\u0107e se nov\u010dane kazne koje iznose od 1.000 do 10.000 KM za stranku, od 1.000 do 5.000 KM za kandidata, a prigovor se podnosi u roku od 24 \u010dasa od trenutka u\u010dinjene povrede.<\/p>\n<p>Predsjednik CIK-a rekao je da \u0107e lica koja su kovid pozitivna, kao i lica koja se nalaze u izolaciji uz dokaz o izre\u010denoj izolaciji glasati putem kovid timova, kojih je do sada formirano 129.<\/p>\n<p>CIK je, zaklju\u010dno sa \u010detvrtkom, akreditovao 109 me\u0111unarodnih posmatra\u010da, 120 posmatra\u010da politi\u010dkih subjekata i 3.824 posmatra\u010da udru\u017eenja gra\u0111ana.<\/p>\n<p>Bakalar je, zbog trenutne epidemiolo\u0161ke situacije izazvane virusom korona, pozvao sve koji \u0107e u\u010destvovati u izbornom procesu da se pridr\u017eavaju propisanih epidemiolo\u0161kih mjera, a to je odr\u017eavanje fizi\u010dke distance od minimalno 1,5 metara.<\/p>\n<p>&#8220;Svi predsjednici bira\u010dkih odbora i njihovi zamjenici tokom rada na bira\u010dkom mjestu du\u017eni su da se pridr\u017eavaju op\u0161tih mjera zdravstvene za\u0161tite, uklju\u010duju\u0107i temeljno i redovno pranje ruku, dezinfekciju, no\u0161enje maske, pravilno kori\u0161tenje i odlaganje maramice prilikom kihanja ili ka\u0161ljanja&#8221;, pojasnio je Bakalar i dodao da se redovno moraju \u010distiti i glasa\u010dke kabine, kao i provjetravati prostorije.<\/p>\n<p>On je rekao da su u svim izbornim jedinicama obezbije\u0111eni za\u0161titna oprema i dezinfekciona sredstva za birali\u0161ta, osim u izbornim jedinicama Kre\u0161evo i Han Pijesak.<\/p>\n<p>Rezidentni koordinator UN-a u BiH Ingrid Mekdonald i \u0161ef Kancelarije Svjetske zdravstvene organizacije u BiH Viktor Ol\u0161avski apelovali su da relevantne institucije i organi vlasti obezbijede po\u0161tovanje epidemiolo\u0161kih mjera. I Branislav Zeljkovi\u0107, direktor Instituta za javno zdravstvo RS, pozvao je gra\u0111ane da se na dan izbora pridr\u017eavaju epidemiolo\u0161kih mjera da bi se mogu\u0107nosti zaraze svele na minimum.<\/p>\n<p>&#8220;Apelujemo na sve gradske izborne komisije, kao i op\u0161tinske, da posebno obrate pa\u017enju na same epidemiolo\u0161ke mjere i njihovu primjenu te na sve ono \u0161to je neophodno da se one ispo\u0161tuju i sprovedu&#8221;, kazao je Zeljkovi\u0107.<\/p>\n<p>Direkcija za koordinaciju policijskih tijela BiH navodi da je preduzela sve neophodne mjere i aktivnosti na planu osiguranja sprovo\u0111enja izbora.<\/p>\n<p>&#8220;Sve policijske agencije, u saradnji sa Obavje\u0161tajno-bezbjednosnom agencijom BiH, u kontinuitetu vr\u0161e prikupljanje informacija od zna\u010daja za bezbjednost izbornog procesa&#8221;, ka\u017eu iz Direkcije.<\/p>\n<p>Provjere<br \/>\nLokaciju svog bira\u010dkog mjesta bira\u010di mogu provjeriti ako posjete web-stranicu CIK BiH www.izbori.ba i otvore link &#8220;Da li ste registrovani&#8221;, te u prazna polja upi\u0161u tra\u017eene podatke (ime, prezime i JMB).<br \/>\nDrugi na\u010din provjere je putem slanja SMS-a na broj 091 12 12 12, koji treba da sadr\u017ei samo JMB, a ova usluga ko\u0161ta 0,10 KM+PDV.<br \/>\nTre\u0107i na\u010din provjere lokacije bira\u010dkog mjesta je da bira\u010d pozove lokalni centar za bira\u010dki spisak ili info-linije CIK BiH 033\/251-331 ili 033\/251-332.<\/p>\n<p>NA IZBORIMA U\u010cESTVUJU 543 POLITI\u010cKA SUBJEKTA I TO:<br \/>\nPoliti\u010dke stranke 129<br \/>\nNezavisni kandidati 262<br \/>\nKoalicije 72<br \/>\nListe nezavisnih kandidata 9<br \/>\nNezavisni kandidati za nacionalne manjine 71<\/p>\n<p>NA LOKALNIM IZBORIMA 2020. GODINE SE BIRA<br \/>\n120 na\u010delnika op\u0161tina u BiH<br \/>\n64 op\u0161tinska vije\u0107a u FBiH<br \/>\n56 skup\u0161tina op\u0161tina u Srpskoj<br \/>\n22 gradona\u010delnika u BiH<br \/>\n14 gradskih vije\u0107a u FBiH<br \/>\n7 skup\u0161tina gradova u Srpskoj<br \/>\n1 Skup\u0161tina Br\u010dko distrikta<\/p>\n<p>nezavisne.com<\/p>\n","protected":false},"excerpt":{"rendered":"<p>Lokalni izbori u BiH, na kojima \u0107e biti birana vlast u op\u0161tinama i gradovima za idu\u0107e \u010detiri godine, odr\u017ea\u0107e se u nedjelju, izuzev u Mostaru, gdje \u0107e se bira\u010di opredjeljivati [&hellip;]<\/p>\n","protected":false},"author":1,"featured_media":0,"comment_status":"closed","ping_status":"open","sticky":false,"template":"","format":"standard","meta":{"_monsterinsights_skip_tracking":false,"_monsterinsights_sitenote_active":false,"_monsterinsights_sitenote_note":"","_monsterinsights_sitenote_category":0,"footnotes":""},"categories":[8],"tags":[1980],"yoast_head":"<!-- This site is optimized with the Yoast SEO plugin v21.6 - https:\/\/yoast.com\/wordpress\/plugins\/seo\/ -->\n<title>Gra\u0111ani u nedjelju biraju novu lokalnu vlast - PrijedorDanas.com - Prijedorski gradski portal<\/title>\n<meta name=\"robots\" content=\"index, follow, max-snippet:-1, max-image-preview:large, max-video-preview:-1\" \/>\n<link rel=\"canonical\" href=\"https:\/\/www.prijedordanas.com\/?p=158182\" \/>\n<meta property=\"og:locale\" content=\"en_US\" \/>\n<meta property=\"og:type\" content=\"article\" \/>\n<meta property=\"og:title\" content=\"Gra\u0111ani u nedjelju biraju novu lokalnu vlast - PrijedorDanas.com - Prijedorski gradski portal\" \/>\n<meta property=\"og:description\" content=\"Lokalni izbori u BiH, na kojima \u0107e biti birana vlast u op\u0161tinama i gradovima za idu\u0107e \u010detiri godine, odr\u017ea\u0107e se u nedjelju, izuzev u Mostaru, gdje \u0107e se bira\u010di opredjeljivati [&hellip;]\" \/>\n<meta property=\"og:url\" content=\"https:\/\/www.prijedordanas.com\/?p=158182\" \/>\n<meta property=\"og:site_name\" content=\"PrijedorDanas.com - Prijedorski gradski portal\" \/>\n<meta property=\"article:publisher\" content=\"https:\/\/www.facebook.com\/PrijedorDanasCom\/\" \/>\n<meta property=\"article:published_time\" content=\"2020-11-14T17:32:34+00:00\" \/>\n<meta property=\"og:image\" content=\"https:\/\/www.prijedordanas.com\/wp-content\/uploads\/2016\/10\/izbori-2016-glasanje-3-300x249.jpg\" \/>\n<meta name=\"author\" content=\"admin\" \/>\n<meta name=\"twitter:card\" content=\"summary_large_image\" \/>\n<meta name=\"twitter:label1\" content=\"Written by\" \/>\n\t<meta name=\"twitter:data1\" content=\"admin\" \/>\n\t<meta name=\"twitter:label2\" content=\"Est. reading time\" \/>\n\t<meta name=\"twitter:data2\" content=\"5 minutes\" \/>\n<script type=\"application\/ld+json\" class=\"yoast-schema-graph\">{\"@context\":\"https:\/\/schema.org\",\"@graph\":[{\"@type\":\"Article\",\"@id\":\"https:\/\/www.prijedordanas.com\/?p=158182#article\",\"isPartOf\":{\"@id\":\"https:\/\/www.prijedordanas.com\/?p=158182\"},\"author\":{\"name\":\"admin\",\"@id\":\"https:\/\/www.prijedordanas.com\/#\/schema\/person\/4e08ccf29b506ca916ff86d46bb700e6\"},\"headline\":\"Gra\u0111ani u nedjelju biraju novu lokalnu vlast\",\"datePublished\":\"2020-11-14T17:32:34+00:00\",\"dateModified\":\"2020-11-14T17:32:34+00:00\",\"mainEntityOfPage\":{\"@id\":\"https:\/\/www.prijedordanas.com\/?p=158182\"},\"wordCount\":1012,\"publisher\":{\"@id\":\"https:\/\/www.prijedordanas.com\/#organization\"},\"keywords\":[\"izbori\"],\"articleSection\":[\"Svakodnevno\"],\"inLanguage\":\"en-US\"},{\"@type\":\"WebPage\",\"@id\":\"https:\/\/www.prijedordanas.com\/?p=158182\",\"url\":\"https:\/\/www.prijedordanas.com\/?p=158182\",\"name\":\"Gra\u0111ani u nedjelju biraju novu lokalnu vlast - PrijedorDanas.com - Prijedorski gradski portal\",\"isPartOf\":{\"@id\":\"https:\/\/www.prijedordanas.com\/#website\"},\"datePublished\":\"2020-11-14T17:32:34+00:00\",\"dateModified\":\"2020-11-14T17:32:34+00:00\",\"breadcrumb\":{\"@id\":\"https:\/\/www.prijedordanas.com\/?p=158182#breadcrumb\"},\"inLanguage\":\"en-US\",\"potentialAction\":[{\"@type\":\"ReadAction\",\"target\":[\"https:\/\/www.prijedordanas.com\/?p=158182\"]}]},{\"@type\":\"BreadcrumbList\",\"@id\":\"https:\/\/www.prijedordanas.com\/?p=158182#breadcrumb\",\"itemListElement\":[{\"@type\":\"ListItem\",\"position\":1,\"name\":\"Home\",\"item\":\"https:\/\/www.prijedordanas.com\/\"},{\"@type\":\"ListItem\",\"position\":2,\"name\":\"Gra\u0111ani u nedjelju biraju novu lokalnu vlast\"}]},{\"@type\":\"WebSite\",\"@id\":\"https:\/\/www.prijedordanas.com\/#website\",\"url\":\"https:\/\/www.prijedordanas.com\/\",\"name\":\"PrijedorDanas.com - Prijedorski gradski portal\",\"description\":\"Portal o doga\u0111anjima u gradu Prijedoru\",\"publisher\":{\"@id\":\"https:\/\/www.prijedordanas.com\/#organization\"},\"potentialAction\":[{\"@type\":\"SearchAction\",\"target\":{\"@type\":\"EntryPoint\",\"urlTemplate\":\"https:\/\/www.prijedordanas.com\/?s={search_term_string}\"},\"query-input\":\"required name=search_term_string\"}],\"inLanguage\":\"en-US\"},{\"@type\":\"Organization\",\"@id\":\"https:\/\/www.prijedordanas.com\/#organization\",\"name\":\"PrijedorDanas.com\",\"url\":\"https:\/\/www.prijedordanas.com\/\",\"logo\":{\"@type\":\"ImageObject\",\"inLanguage\":\"en-US\",\"@id\":\"https:\/\/www.prijedordanas.com\/#\/schema\/logo\/image\/\",\"url\":\"http:\/\/www.prijedordanas.com\/wp-content\/uploads\/2021\/12\/logopng.png\",\"contentUrl\":\"http:\/\/www.prijedordanas.com\/wp-content\/uploads\/2021\/12\/logopng.png\",\"width\":1019,\"height\":776,\"caption\":\"PrijedorDanas.com\"},\"image\":{\"@id\":\"https:\/\/www.prijedordanas.com\/#\/schema\/logo\/image\/\"},\"sameAs\":[\"https:\/\/www.facebook.com\/PrijedorDanasCom\/\"]},{\"@type\":\"Person\",\"@id\":\"https:\/\/www.prijedordanas.com\/#\/schema\/person\/4e08ccf29b506ca916ff86d46bb700e6\",\"name\":\"admin\",\"image\":{\"@type\":\"ImageObject\",\"inLanguage\":\"en-US\",\"@id\":\"https:\/\/www.prijedordanas.com\/#\/schema\/person\/image\/\",\"url\":\"https:\/\/secure.gravatar.com\/avatar\/1d3fc949d550f0b53a5f0d51e06dfd79?s=96&d=mm&r=g\",\"contentUrl\":\"https:\/\/secure.gravatar.com\/avatar\/1d3fc949d550f0b53a5f0d51e06dfd79?s=96&d=mm&r=g\",\"caption\":\"admin\"},\"url\":\"https:\/\/www.prijedordanas.com\/?author=1\"}]}<\/script>\n<!-- \/ Yoast SEO plugin. -->","yoast_head_json":{"title":"Gra\u0111ani u nedjelju biraju novu lokalnu vlast - PrijedorDanas.com - Prijedorski gradski portal","robots":{"index":"index","follow":"follow","max-snippet":"max-snippet:-1","max-image-preview":"max-image-preview:large","max-video-preview":"max-video-preview:-1"},"canonical":"https:\/\/www.prijedordanas.com\/?p=158182","og_locale":"en_US","og_type":"article","og_title":"Gra\u0111ani u nedjelju biraju novu lokalnu vlast - PrijedorDanas.com - Prijedorski gradski portal","og_description":"Lokalni izbori u BiH, na kojima \u0107e biti birana vlast u op\u0161tinama i gradovima za idu\u0107e \u010detiri godine, odr\u017ea\u0107e se u nedjelju, izuzev u Mostaru, gdje \u0107e se bira\u010di opredjeljivati [&hellip;]","og_url":"https:\/\/www.prijedordanas.com\/?p=158182","og_site_name":"PrijedorDanas.com - Prijedorski gradski portal","article_publisher":"https:\/\/www.facebook.com\/PrijedorDanasCom\/","article_published_time":"2020-11-14T17:32:34+00:00","og_image":[{"url":"https:\/\/www.prijedordanas.com\/wp-content\/uploads\/2016\/10\/izbori-2016-glasanje-3-300x249.jpg"}],"author":"admin","twitter_card":"summary_large_image","twitter_misc":{"Written by":"admin","Est. reading time":"5 minutes"},"schema":{"@context":"https:\/\/schema.org","@graph":[{"@type":"Article","@id":"https:\/\/www.prijedordanas.com\/?p=158182#article","isPartOf":{"@id":"https:\/\/www.prijedordanas.com\/?p=158182"},"author":{"name":"admin","@id":"https:\/\/www.prijedordanas.com\/#\/schema\/person\/4e08ccf29b506ca916ff86d46bb700e6"},"headline":"Gra\u0111ani u nedjelju biraju novu lokalnu vlast","datePublished":"2020-11-14T17:32:34+00:00","dateModified":"2020-11-14T17:32:34+00:00","mainEntityOfPage":{"@id":"https:\/\/www.prijedordanas.com\/?p=158182"},"wordCount":1012,"publisher":{"@id":"https:\/\/www.prijedordanas.com\/#organization"},"keywords":["izbori"],"articleSection":["Svakodnevno"],"inLanguage":"en-US"},{"@type":"WebPage","@id":"https:\/\/www.prijedordanas.com\/?p=158182","url":"https:\/\/www.prijedordanas.com\/?p=158182","name":"Gra\u0111ani u nedjelju biraju novu lokalnu vlast - PrijedorDanas.com - Prijedorski gradski portal","isPartOf":{"@id":"https:\/\/www.prijedordanas.com\/#website"},"datePublished":"2020-11-14T17:32:34+00:00","dateModified":"2020-11-14T17:32:34+00:00","breadcrumb":{"@id":"https:\/\/www.prijedordanas.com\/?p=158182#breadcrumb"},"inLanguage":"en-US","potentialAction":[{"@type":"ReadAction","target":["https:\/\/www.prijedordanas.com\/?p=158182"]}]},{"@type":"BreadcrumbList","@id":"https:\/\/www.prijedordanas.com\/?p=158182#breadcrumb","itemListElement":[{"@type":"ListItem","position":1,"name":"Home","item":"https:\/\/www.prijedordanas.com\/"},{"@type":"ListItem","position":2,"name":"Gra\u0111ani u nedjelju biraju novu lokalnu vlast"}]},{"@type":"WebSite","@id":"https:\/\/www.prijedordanas.com\/#website","url":"https:\/\/www.prijedordanas.com\/","name":"PrijedorDanas.com - Prijedorski gradski portal","description":"Portal o doga\u0111anjima u gradu Prijedoru","publisher":{"@id":"https:\/\/www.prijedordanas.com\/#organization"},"potentialAction":[{"@type":"SearchAction","target":{"@type":"EntryPoint","urlTemplate":"https:\/\/www.prijedordanas.com\/?s={search_term_string}"},"query-input":"required name=search_term_string"}],"inLanguage":"en-US"},{"@type":"Organization","@id":"https:\/\/www.prijedordanas.com\/#organization","name":"PrijedorDanas.com","url":"https:\/\/www.prijedordanas.com\/","logo":{"@type":"ImageObject","inLanguage":"en-US","@id":"https:\/\/www.prijedordanas.com\/#\/schema\/logo\/image\/","url":"http:\/\/www.prijedordanas.com\/wp-content\/uploads\/2021\/12\/logopng.png","contentUrl":"http:\/\/www.prijedordanas.com\/wp-content\/uploads\/2021\/12\/logopng.png","width":1019,"height":776,"caption":"PrijedorDanas.com"},"image":{"@id":"https:\/\/www.prijedordanas.com\/#\/schema\/logo\/image\/"},"sameAs":["https:\/\/www.facebook.com\/PrijedorDanasCom\/"]},{"@type":"Person","@id":"https:\/\/www.prijedordanas.com\/#\/schema\/person\/4e08ccf29b506ca916ff86d46bb700e6","name":"admin","image":{"@type":"ImageObject","inLanguage":"en-US","@id":"https:\/\/www.prijedordanas.com\/#\/schema\/person\/image\/","url":"https:\/\/secure.gravatar.com\/avatar\/1d3fc949d550f0b53a5f0d51e06dfd79?s=96&d=mm&r=g","contentUrl":"https:\/\/secure.gravatar.com\/avatar\/1d3fc949d550f0b53a5f0d51e06dfd79?s=96&d=mm&r=g","caption":"admin"},"url":"https:\/\/www.prijedordanas.com\/?author=1"}]}},"_links":{"self":[{"href":"https:\/\/www.prijedordanas.com\/index.php?rest_route=\/wp\/v2\/posts\/158182"}],"collection":[{"href":"https:\/\/www.prijedordanas.com\/index.php?rest_route=\/wp\/v2\/posts"}],"about":[{"href":"https:\/\/www.prijedordanas.com\/index.php?rest_route=\/wp\/v2\/types\/post"}],"author":[{"embeddable":true,"href":"https:\/\/www.prijedordanas.com\/index.php?rest_route=\/wp\/v2\/users\/1"}],"replies":[{"embeddable":true,"href":"https:\/\/www.prijedordanas.com\/index.php?rest_route=%2Fwp%2Fv2%2Fcomments&post=158182"}],"version-history":[{"count":1,"href":"https:\/\/www.prijedordanas.com\/index.php?rest_route=\/wp\/v2\/posts\/158182\/revisions"}],"predecessor-version":[{"id":158183,"href":"https:\/\/www.prijedordanas.com\/index.php?rest_route=\/wp\/v2\/posts\/158182\/revisions\/158183"}],"wp:attachment":[{"href":"https:\/\/www.prijedordanas.com\/index.php?rest_route=%2Fwp%2Fv2%2Fmedia&parent=158182"}],"wp:term":[{"taxonomy":"category","embeddable":true,"href":"https:\/\/www.prijedordanas.com\/index.php?rest_route=%2Fwp%2Fv2%2Fcategories&post=158182"},{"taxonomy":"post_tag","embeddable":true,"href":"https:\/\/www.prijedordanas.com\/index.php?rest_route=%2Fwp%2Fv2%2Ftags&post=158182"}],"curies":[{"name":"wp","href":"https:\/\/api.w.org\/{rel}","templated":true}]}}