{"id":15783,"date":"2015-02-11T11:27:46","date_gmt":"2015-02-11T10:27:46","guid":{"rendered":"https:\/\/www.prijedordanas.com\/?p=15783"},"modified":"2015-02-11T11:27:46","modified_gmt":"2015-02-11T10:27:46","slug":"prijedorcanin-aleksa-milojica-prvi-reket-srpske-video","status":"publish","type":"post","link":"https:\/\/www.prijedordanas.com\/?p=15783","title":{"rendered":"PRIJEDOR\u010cANIN ALEKSA MILOJICA PRVI REKET SRPSKE \u2013 VIDEO"},"content":{"rendered":"<p><a href=\"https:\/\/www.prijedordanas.com\/wp-content\/uploads\/2015\/02\/glas-milojica.jpg\"><img loading=\"lazy\" decoding=\"async\" src=\"https:\/\/www.prijedordanas.com\/wp-content\/uploads\/2015\/02\/glas-milojica-300x261.jpg\" alt=\"glas-milojica\" width=\"300\" height=\"261\" class=\"alignleft size-medium wp-image-15784\" srcset=\"https:\/\/www.prijedordanas.com\/wp-content\/uploads\/2015\/02\/glas-milojica-300x261.jpg 300w, https:\/\/www.prijedordanas.com\/wp-content\/uploads\/2015\/02\/glas-milojica.jpg 450w\" sizes=\"(max-width: 300px) 100vw, 300px\" \/><\/a>Aleksa Milojica najbolji je teniser Republike Srpske za 2014. godinu u izboru Teniskog saveza.<\/p>\n<p>Milojica je \u010dlan TK &#8220;Mladen Stojanovi\u0107&#8221; iz Prijedora, a pro\u0161la godina za njega je bila jedna od najuspje\u0161nijih u karijeri.<\/p>\n<p>&#8211; Ovo priznanje mi, naravno, mnogo zna\u010di i ono je dodatan motiv da \u0161to vi\u0161e treniram i ostvarujem \u0161to bolje rezultate u ovoj godini. U pro\u0161loj godini osvojio sam dr\u017eavno prvenstvo BiH i RS i to je dovelo do poziva na jednu tenisku akademiju u SAD gdje sam trenirao \u010detiri mjeseca &#8211; rekao je Milojica.<\/p>\n<p>Nagradu za najbolji doga\u0111aj dobio je ATP \u010delend\u017eer u Banjaluci, a TK Mladost iz Banjaluke je najbolji klub. <\/p>\n<p>Pobjednik lige u konkurenciji do 12 godina je TK Borac, u konkurenciji do 16 godina najbolji je bio TK Banjaluka, dok su u seniorskoj ligi najuspje\u0161niji bili teniseri TK &#8220;Dr Mladen Stojanovi\u0107&#8221; iz Prijedora.<\/p>\n<p>&#8211; Kao i pro\u0161le godine, najbolji smo klub. Pro\u0161le godine imali smo stvarno odli\u010dan ATP \u010delend\u017eer zahvaljuju\u0107i Viktoru Troickom koji je na fantasti\u010dan na\u010din odigrao i osvojio turnir, privukao gledaoce i medije. Imali smo finale jednog ATP me\u010da. Zadovoljni smo \u0161to smo dobili nagradu za humanost i me\u0111u prvima smo prisko\u010dili u pomo\u0107 TK Doboj na inicijativu Sa\u0161e Trivi\u0107a koji nas je okupio. Tu nije bilo dileme da li \u0107emo svojim li\u010dnim doprinosom i prisustvom pomo\u0107i da saniraju posljedice. Nadamo se da \u0107e ova godina biti kao protekla, ali bez prirodnih katastrofa &#8211; rekao je direktor Mladosti i ATP \u010delend\u017eera Milan Radakovi\u0107.<\/p>\n<p>Jedan od dobitnika nagrade je i Dra\u017een Petrovi\u0107 iz Prnjavora.<\/p>\n<p>&#8211; Putujem svaki dan na treninge u Banjaluku, a \u0161kolu poha\u0111am u me\u0111uvremenu, tako da moram da u\u010dim dok idem na treninge. Naporno je, ali trudim se, volim tenis i nije mi te\u0161ko &#8211; rekao je Dra\u017een.<\/p>\n<p>Teniski savez RS zahvalio je i Ministarstvu porodice, omladine i sporta RS na podr\u0161ci. Priznanje za zaslu\u017enog sportskog radnika pripalo je Vladi Blagojevi\u0107u, mlada teniserka Katarina Joki\u0107 dobitnik je specijalne nagrade za sportska dostignu\u0107a, a specijalnu nagradu za afirmaciju tenisa u medijima dobio je RTRS. Na sve\u010danosti u Banjaluci uru\u010dena su i priznanja onima koji su pomogli TK Doboj u sanaciji \u0161tete od poplava.<\/p>\n<p>Glas Srpske<\/p>\n<p>Pogledajte prilog RTRS-a.<\/p>\n<p><iframe loading=\"lazy\" width=\"500\" height=\"375\" src=\"http:\/\/www.youtube.com\/embed\/u6FuyfNXXHA?feature=oembed\" frameborder=\"0\" allowfullscreen><\/iframe><\/p>\n","protected":false},"excerpt":{"rendered":"<p>Aleksa Milojica najbolji je teniser Republike Srpske za 2014. godinu u izboru Teniskog saveza. Milojica je \u010dlan TK &#8220;Mladen Stojanovi\u0107&#8221; iz Prijedora, a pro\u0161la godina za njega je bila jedna [&hellip;]<\/p>\n","protected":false},"author":1,"featured_media":0,"comment_status":"closed","ping_status":"open","sticky":false,"template":"","format":"standard","meta":{"_monsterinsights_skip_tracking":false,"_monsterinsights_sitenote_active":false,"_monsterinsights_sitenote_note":"","_monsterinsights_sitenote_category":0,"footnotes":""},"categories":[7],"tags":[13,617],"yoast_head":"<!-- This site is optimized with the Yoast SEO plugin v21.6 - https:\/\/yoast.com\/wordpress\/plugins\/seo\/ -->\n<title>PRIJEDOR\u010cANIN ALEKSA MILOJICA PRVI REKET SRPSKE \u2013 VIDEO - PrijedorDanas.com - Prijedorski gradski portal<\/title>\n<meta name=\"robots\" content=\"index, follow, max-snippet:-1, max-image-preview:large, max-video-preview:-1\" \/>\n<link rel=\"canonical\" href=\"https:\/\/www.prijedordanas.com\/?p=15783\" \/>\n<meta property=\"og:locale\" content=\"en_US\" \/>\n<meta property=\"og:type\" content=\"article\" \/>\n<meta property=\"og:title\" content=\"PRIJEDOR\u010cANIN ALEKSA MILOJICA PRVI REKET SRPSKE \u2013 VIDEO - PrijedorDanas.com - Prijedorski gradski portal\" \/>\n<meta property=\"og:description\" content=\"Aleksa Milojica najbolji je teniser Republike Srpske za 2014. godinu u izboru Teniskog saveza. Milojica je \u010dlan TK &#8220;Mladen Stojanovi\u0107&#8221; iz Prijedora, a pro\u0161la godina za njega je bila jedna [&hellip;]\" \/>\n<meta property=\"og:url\" content=\"https:\/\/www.prijedordanas.com\/?p=15783\" \/>\n<meta property=\"og:site_name\" content=\"PrijedorDanas.com - Prijedorski gradski portal\" \/>\n<meta property=\"article:publisher\" content=\"https:\/\/www.facebook.com\/PrijedorDanasCom\/\" \/>\n<meta property=\"article:published_time\" content=\"2015-02-11T10:27:46+00:00\" \/>\n<meta property=\"og:image\" content=\"https:\/\/www.prijedordanas.com\/wp-content\/uploads\/2015\/02\/glas-milojica-300x261.jpg\" \/>\n<meta name=\"author\" content=\"admin\" \/>\n<meta name=\"twitter:card\" content=\"summary_large_image\" \/>\n<meta name=\"twitter:label1\" content=\"Written by\" \/>\n\t<meta name=\"twitter:data1\" content=\"admin\" \/>\n\t<meta name=\"twitter:label2\" content=\"Est. reading time\" \/>\n\t<meta name=\"twitter:data2\" content=\"2 minutes\" \/>\n<script type=\"application\/ld+json\" class=\"yoast-schema-graph\">{\"@context\":\"https:\/\/schema.org\",\"@graph\":[{\"@type\":\"Article\",\"@id\":\"https:\/\/www.prijedordanas.com\/?p=15783#article\",\"isPartOf\":{\"@id\":\"https:\/\/www.prijedordanas.com\/?p=15783\"},\"author\":{\"name\":\"admin\",\"@id\":\"https:\/\/www.prijedordanas.com\/#\/schema\/person\/4e08ccf29b506ca916ff86d46bb700e6\"},\"headline\":\"PRIJEDOR\u010cANIN ALEKSA MILOJICA PRVI REKET SRPSKE \u2013 VIDEO\",\"datePublished\":\"2015-02-11T10:27:46+00:00\",\"dateModified\":\"2015-02-11T10:27:46+00:00\",\"mainEntityOfPage\":{\"@id\":\"https:\/\/www.prijedordanas.com\/?p=15783\"},\"wordCount\":405,\"publisher\":{\"@id\":\"https:\/\/www.prijedordanas.com\/#organization\"},\"keywords\":[\"Aleksa Milojica\",\"tenis\"],\"articleSection\":[\"Sport\"],\"inLanguage\":\"en-US\"},{\"@type\":\"WebPage\",\"@id\":\"https:\/\/www.prijedordanas.com\/?p=15783\",\"url\":\"https:\/\/www.prijedordanas.com\/?p=15783\",\"name\":\"PRIJEDOR\u010cANIN ALEKSA MILOJICA PRVI REKET SRPSKE \u2013 VIDEO - PrijedorDanas.com - Prijedorski gradski portal\",\"isPartOf\":{\"@id\":\"https:\/\/www.prijedordanas.com\/#website\"},\"datePublished\":\"2015-02-11T10:27:46+00:00\",\"dateModified\":\"2015-02-11T10:27:46+00:00\",\"breadcrumb\":{\"@id\":\"https:\/\/www.prijedordanas.com\/?p=15783#breadcrumb\"},\"inLanguage\":\"en-US\",\"potentialAction\":[{\"@type\":\"ReadAction\",\"target\":[\"https:\/\/www.prijedordanas.com\/?p=15783\"]}]},{\"@type\":\"BreadcrumbList\",\"@id\":\"https:\/\/www.prijedordanas.com\/?p=15783#breadcrumb\",\"itemListElement\":[{\"@type\":\"ListItem\",\"position\":1,\"name\":\"Home\",\"item\":\"https:\/\/www.prijedordanas.com\/\"},{\"@type\":\"ListItem\",\"position\":2,\"name\":\"PRIJEDOR\u010cANIN ALEKSA MILOJICA PRVI REKET SRPSKE \u2013 VIDEO\"}]},{\"@type\":\"WebSite\",\"@id\":\"https:\/\/www.prijedordanas.com\/#website\",\"url\":\"https:\/\/www.prijedordanas.com\/\",\"name\":\"PrijedorDanas.com - Prijedorski gradski portal\",\"description\":\"Portal o doga\u0111anjima u gradu Prijedoru\",\"publisher\":{\"@id\":\"https:\/\/www.prijedordanas.com\/#organization\"},\"potentialAction\":[{\"@type\":\"SearchAction\",\"target\":{\"@type\":\"EntryPoint\",\"urlTemplate\":\"https:\/\/www.prijedordanas.com\/?s={search_term_string}\"},\"query-input\":\"required name=search_term_string\"}],\"inLanguage\":\"en-US\"},{\"@type\":\"Organization\",\"@id\":\"https:\/\/www.prijedordanas.com\/#organization\",\"name\":\"PrijedorDanas.com\",\"url\":\"https:\/\/www.prijedordanas.com\/\",\"logo\":{\"@type\":\"ImageObject\",\"inLanguage\":\"en-US\",\"@id\":\"https:\/\/www.prijedordanas.com\/#\/schema\/logo\/image\/\",\"url\":\"http:\/\/www.prijedordanas.com\/wp-content\/uploads\/2021\/12\/logopng.png\",\"contentUrl\":\"http:\/\/www.prijedordanas.com\/wp-content\/uploads\/2021\/12\/logopng.png\",\"width\":1019,\"height\":776,\"caption\":\"PrijedorDanas.com\"},\"image\":{\"@id\":\"https:\/\/www.prijedordanas.com\/#\/schema\/logo\/image\/\"},\"sameAs\":[\"https:\/\/www.facebook.com\/PrijedorDanasCom\/\"]},{\"@type\":\"Person\",\"@id\":\"https:\/\/www.prijedordanas.com\/#\/schema\/person\/4e08ccf29b506ca916ff86d46bb700e6\",\"name\":\"admin\",\"image\":{\"@type\":\"ImageObject\",\"inLanguage\":\"en-US\",\"@id\":\"https:\/\/www.prijedordanas.com\/#\/schema\/person\/image\/\",\"url\":\"https:\/\/secure.gravatar.com\/avatar\/1d3fc949d550f0b53a5f0d51e06dfd79?s=96&d=mm&r=g\",\"contentUrl\":\"https:\/\/secure.gravatar.com\/avatar\/1d3fc949d550f0b53a5f0d51e06dfd79?s=96&d=mm&r=g\",\"caption\":\"admin\"},\"url\":\"https:\/\/www.prijedordanas.com\/?author=1\"}]}<\/script>\n<!-- \/ Yoast SEO plugin. -->","yoast_head_json":{"title":"PRIJEDOR\u010cANIN ALEKSA MILOJICA PRVI REKET SRPSKE \u2013 VIDEO - PrijedorDanas.com - Prijedorski gradski portal","robots":{"index":"index","follow":"follow","max-snippet":"max-snippet:-1","max-image-preview":"max-image-preview:large","max-video-preview":"max-video-preview:-1"},"canonical":"https:\/\/www.prijedordanas.com\/?p=15783","og_locale":"en_US","og_type":"article","og_title":"PRIJEDOR\u010cANIN ALEKSA MILOJICA PRVI REKET SRPSKE \u2013 VIDEO - PrijedorDanas.com - Prijedorski gradski portal","og_description":"Aleksa Milojica najbolji je teniser Republike Srpske za 2014. godinu u izboru Teniskog saveza. Milojica je \u010dlan TK &#8220;Mladen Stojanovi\u0107&#8221; iz Prijedora, a pro\u0161la godina za njega je bila jedna [&hellip;]","og_url":"https:\/\/www.prijedordanas.com\/?p=15783","og_site_name":"PrijedorDanas.com - Prijedorski gradski portal","article_publisher":"https:\/\/www.facebook.com\/PrijedorDanasCom\/","article_published_time":"2015-02-11T10:27:46+00:00","og_image":[{"url":"https:\/\/www.prijedordanas.com\/wp-content\/uploads\/2015\/02\/glas-milojica-300x261.jpg"}],"author":"admin","twitter_card":"summary_large_image","twitter_misc":{"Written by":"admin","Est. reading time":"2 minutes"},"schema":{"@context":"https:\/\/schema.org","@graph":[{"@type":"Article","@id":"https:\/\/www.prijedordanas.com\/?p=15783#article","isPartOf":{"@id":"https:\/\/www.prijedordanas.com\/?p=15783"},"author":{"name":"admin","@id":"https:\/\/www.prijedordanas.com\/#\/schema\/person\/4e08ccf29b506ca916ff86d46bb700e6"},"headline":"PRIJEDOR\u010cANIN ALEKSA MILOJICA PRVI REKET SRPSKE \u2013 VIDEO","datePublished":"2015-02-11T10:27:46+00:00","dateModified":"2015-02-11T10:27:46+00:00","mainEntityOfPage":{"@id":"https:\/\/www.prijedordanas.com\/?p=15783"},"wordCount":405,"publisher":{"@id":"https:\/\/www.prijedordanas.com\/#organization"},"keywords":["Aleksa Milojica","tenis"],"articleSection":["Sport"],"inLanguage":"en-US"},{"@type":"WebPage","@id":"https:\/\/www.prijedordanas.com\/?p=15783","url":"https:\/\/www.prijedordanas.com\/?p=15783","name":"PRIJEDOR\u010cANIN ALEKSA MILOJICA PRVI REKET SRPSKE \u2013 VIDEO - PrijedorDanas.com - Prijedorski gradski portal","isPartOf":{"@id":"https:\/\/www.prijedordanas.com\/#website"},"datePublished":"2015-02-11T10:27:46+00:00","dateModified":"2015-02-11T10:27:46+00:00","breadcrumb":{"@id":"https:\/\/www.prijedordanas.com\/?p=15783#breadcrumb"},"inLanguage":"en-US","potentialAction":[{"@type":"ReadAction","target":["https:\/\/www.prijedordanas.com\/?p=15783"]}]},{"@type":"BreadcrumbList","@id":"https:\/\/www.prijedordanas.com\/?p=15783#breadcrumb","itemListElement":[{"@type":"ListItem","position":1,"name":"Home","item":"https:\/\/www.prijedordanas.com\/"},{"@type":"ListItem","position":2,"name":"PRIJEDOR\u010cANIN ALEKSA MILOJICA PRVI REKET SRPSKE \u2013 VIDEO"}]},{"@type":"WebSite","@id":"https:\/\/www.prijedordanas.com\/#website","url":"https:\/\/www.prijedordanas.com\/","name":"PrijedorDanas.com - Prijedorski gradski portal","description":"Portal o doga\u0111anjima u gradu Prijedoru","publisher":{"@id":"https:\/\/www.prijedordanas.com\/#organization"},"potentialAction":[{"@type":"SearchAction","target":{"@type":"EntryPoint","urlTemplate":"https:\/\/www.prijedordanas.com\/?s={search_term_string}"},"query-input":"required name=search_term_string"}],"inLanguage":"en-US"},{"@type":"Organization","@id":"https:\/\/www.prijedordanas.com\/#organization","name":"PrijedorDanas.com","url":"https:\/\/www.prijedordanas.com\/","logo":{"@type":"ImageObject","inLanguage":"en-US","@id":"https:\/\/www.prijedordanas.com\/#\/schema\/logo\/image\/","url":"http:\/\/www.prijedordanas.com\/wp-content\/uploads\/2021\/12\/logopng.png","contentUrl":"http:\/\/www.prijedordanas.com\/wp-content\/uploads\/2021\/12\/logopng.png","width":1019,"height":776,"caption":"PrijedorDanas.com"},"image":{"@id":"https:\/\/www.prijedordanas.com\/#\/schema\/logo\/image\/"},"sameAs":["https:\/\/www.facebook.com\/PrijedorDanasCom\/"]},{"@type":"Person","@id":"https:\/\/www.prijedordanas.com\/#\/schema\/person\/4e08ccf29b506ca916ff86d46bb700e6","name":"admin","image":{"@type":"ImageObject","inLanguage":"en-US","@id":"https:\/\/www.prijedordanas.com\/#\/schema\/person\/image\/","url":"https:\/\/secure.gravatar.com\/avatar\/1d3fc949d550f0b53a5f0d51e06dfd79?s=96&d=mm&r=g","contentUrl":"https:\/\/secure.gravatar.com\/avatar\/1d3fc949d550f0b53a5f0d51e06dfd79?s=96&d=mm&r=g","caption":"admin"},"url":"https:\/\/www.prijedordanas.com\/?author=1"}]}},"_links":{"self":[{"href":"https:\/\/www.prijedordanas.com\/index.php?rest_route=\/wp\/v2\/posts\/15783"}],"collection":[{"href":"https:\/\/www.prijedordanas.com\/index.php?rest_route=\/wp\/v2\/posts"}],"about":[{"href":"https:\/\/www.prijedordanas.com\/index.php?rest_route=\/wp\/v2\/types\/post"}],"author":[{"embeddable":true,"href":"https:\/\/www.prijedordanas.com\/index.php?rest_route=\/wp\/v2\/users\/1"}],"replies":[{"embeddable":true,"href":"https:\/\/www.prijedordanas.com\/index.php?rest_route=%2Fwp%2Fv2%2Fcomments&post=15783"}],"version-history":[{"count":1,"href":"https:\/\/www.prijedordanas.com\/index.php?rest_route=\/wp\/v2\/posts\/15783\/revisions"}],"predecessor-version":[{"id":15785,"href":"https:\/\/www.prijedordanas.com\/index.php?rest_route=\/wp\/v2\/posts\/15783\/revisions\/15785"}],"wp:attachment":[{"href":"https:\/\/www.prijedordanas.com\/index.php?rest_route=%2Fwp%2Fv2%2Fmedia&parent=15783"}],"wp:term":[{"taxonomy":"category","embeddable":true,"href":"https:\/\/www.prijedordanas.com\/index.php?rest_route=%2Fwp%2Fv2%2Fcategories&post=15783"},{"taxonomy":"post_tag","embeddable":true,"href":"https:\/\/www.prijedordanas.com\/index.php?rest_route=%2Fwp%2Fv2%2Ftags&post=15783"}],"curies":[{"name":"wp","href":"https:\/\/api.w.org\/{rel}","templated":true}]}}