{"id":157398,"date":"2020-11-02T12:11:26","date_gmt":"2020-11-02T11:11:26","guid":{"rendered":"https:\/\/www.prijedordanas.com\/?p=157398"},"modified":"2020-11-02T12:11:26","modified_gmt":"2020-11-02T11:11:26","slug":"odvajanje-omarske-ne-ide-bez-statusa-kozarca-video","status":"publish","type":"post","link":"https:\/\/www.prijedordanas.com\/?p=157398","title":{"rendered":"Odvajanje Omarske ne ide bez statusa Kozarca &#8211; VIDEO"},"content":{"rendered":"<p><a href=\"https:\/\/www.prijedordanas.com\/wp-content\/uploads\/2020\/11\/bntv-djakovic.jpg\"><img loading=\"lazy\" decoding=\"async\" class=\"alignleft size-medium wp-image-157400\" src=\"https:\/\/www.prijedordanas.com\/wp-content\/uploads\/2020\/11\/bntv-djakovic-300x273.jpg\" alt=\"\" width=\"300\" height=\"273\" srcset=\"https:\/\/www.prijedordanas.com\/wp-content\/uploads\/2020\/11\/bntv-djakovic-300x273.jpg 300w, https:\/\/www.prijedordanas.com\/wp-content\/uploads\/2020\/11\/bntv-djakovic.jpg 660w\" sizes=\"(max-width: 300px) 100vw, 300px\" \/><\/a>Cijepanje Prijedora i odvajanje Omarske kao zasebne op\u0161tine, koje je obe\u0107ao Milorad Dodik na jednom od predizbornih sastanaka u Omarskoj, ne\u0107e biti mogu\u0107e bez rje\u0161avanja pitanja Kozarca \u2013 obja\u0161njava gradona\u010delnik Prijedora.<\/p>\n<p>Gradona\u010delnik Prijedora Milenko \u0110akovi\u0107 potvr\u0111uje da je donesena skup\u0161tinska odluka u Prijedoru o odvajanju Omarske, te da su protokolom sve dalje odluke prenesene na republi\u010dki nivo. Ali ostaje nerije\u0161eno pitanje prostornog neslaganja izme\u0111u ova dva lokalna dijela u Prijedoru.<\/p>\n<p>\u201eOnaj ko daje tu ocjene, mora preuzeti obaveze u slu\u010daju da bude sporenja i na me\u0111unarodnim organizacijama. Mi smo u\u010dinili ono \u0161to je narod htio, ili ko je ve\u0107 na njih uticao, sad je ostalo da se rije\u0161i to prostorno neslaganje&#8221;, rekao je \u0110akovi\u0107.<\/p>\n<p>Na nedavnom sastanku sa gra\u0111anima u Omarskoj, Milorad Dodik je najavio prekrajanje Prijedora i obe\u0107ao dono\u0161enje Zakona o formiranju op\u0161tine Omarska. Namjerno ili ne, pred tim istim gra\u0111anima nije spominjao probleme u vezi sa prostornim rje\u0161enjem izme\u0111u Omarske i Kozarca.<\/p>\n<p><a href=\"https:\/\/www.prijedordanas.com\/wp-content\/uploads\/2020\/11\/bntv-omarska-kozarac.jpg\"><img loading=\"lazy\" decoding=\"async\" src=\"https:\/\/www.prijedordanas.com\/wp-content\/uploads\/2020\/11\/bntv-omarska-kozarac-300x169.jpg\" alt=\"\" width=\"300\" height=\"169\" class=\"alignleft size-medium wp-image-157401\" srcset=\"https:\/\/www.prijedordanas.com\/wp-content\/uploads\/2020\/11\/bntv-omarska-kozarac-300x169.jpg 300w, https:\/\/www.prijedordanas.com\/wp-content\/uploads\/2020\/11\/bntv-omarska-kozarac.jpg 600w\" sizes=\"(max-width: 300px) 100vw, 300px\" \/><\/a>Dodiku je izgleda bilo bitnije da naglasi da je za potez razgrani\u010denja Omarske sa Prijedorom najva\u017enije ko \u0107e uzeti vlast u ovom gradu na predstoje\u0107im lokalnim izborima. U SNSD-u ne komentari\u0161u pojedina\u010dna obe\u0107anja i postupke svog \u0161efa. Sr\u0111an Raj\u010devi\u0107 poru\u010duje da, kada je u pitanju DNS, podr\u017ea\u0107e one koji su uz njih na lokalnom nivou.<\/p>\n<p>\u201eDNS je bio jasan po pitanju republi\u010dkog nivoa. Oni su takvu odluku donijeli na Predsjedni\u0161tvu. A \u0161to se ti\u010de situacije na lokalu, mi kao SNSD podr\u017eavamo svakoga ko \u0107e dati podr\u0161ku na\u0161im kandidatima za na\u010delnike i gradona\u010delnike&#8221;, poru\u010dio je Raj\u010devi\u0107.<\/p>\n<p>Analiti\u010dari ocjenjuju da je najava o eventualnom prekrajanju Prijedora klasi\u010dan primjer politi\u010dke odmazde, s obzirom na to da je upori\u0161te DNS-a upravo u ovom gradu.<\/p>\n<p>\u201e To je nemogu\u0107a misija, jer DNS ne\u0107e dopustiti rovarenje po svom dori\u0161tu, ipak je Prijedor bastion DNS-a. Tako bi i sada druge op\u0161tine gdje je na vlasti opozicija mogle da do\u0111u u sli\u010dnu situaciju, i da do\u0111e do mijenjanja izbornih jedinica ili op\u0161tina, samo kako bi se do\u0161lo do vlasti&#8221;, ka\u017ee politi\u010dki analiti\u010dar Darko Kuzmanovi\u0107.<\/p>\n<p>Demokratski narodni savez raskinuo je dugogodi\u0161nju koaliciju sa SNSD-om polovinom oktobra ove godine, obavezuju\u0107i poslanike u Parlamentu Srpske da napuste vladaju\u0107u koaliciju, i poslanika u Predstavni\u010dkom domu i Domu naroda Parlamentarne skup\u0161tine BiH da istupe iz srpskog kluba u kome su do sada djelovali. Predsjedni\u0161tvo DNS-a je ipak ostavilo slobodu \u010delnicima DNS- a u lokalnim zajednicama da odlu\u010de sami \u010dije \u0107e kandidate podr\u017eati na predstoje\u0107im lokalnim izborima.<\/p>\n<p>BN TV<\/p>\n<p><iframe loading=\"lazy\" title=\"Prekrajanje Prijedora (BN TV 2020) HD\" width=\"500\" height=\"281\" src=\"https:\/\/www.youtube.com\/embed\/CK2ksPYffi8?feature=oembed\" frameborder=\"0\" allow=\"accelerometer; autoplay; clipboard-write; encrypted-media; gyroscope; picture-in-picture\" allowfullscreen><\/iframe><\/p>\n","protected":false},"excerpt":{"rendered":"<p>Cijepanje Prijedora i odvajanje Omarske kao zasebne op\u0161tine, koje je obe\u0107ao Milorad Dodik na jednom od predizbornih sastanaka u Omarskoj, ne\u0107e biti mogu\u0107e bez rje\u0161avanja pitanja Kozarca \u2013 obja\u0161njava gradona\u010delnik [&hellip;]<\/p>\n","protected":false},"author":1,"featured_media":0,"comment_status":"closed","ping_status":"open","sticky":false,"template":"","format":"standard","meta":{"_monsterinsights_skip_tracking":false,"_monsterinsights_sitenote_active":false,"_monsterinsights_sitenote_note":"","_monsterinsights_sitenote_category":0,"footnotes":""},"categories":[4],"tags":[112,165],"yoast_head":"<!-- This site is optimized with the Yoast SEO plugin v21.6 - https:\/\/yoast.com\/wordpress\/plugins\/seo\/ -->\n<title>Odvajanje Omarske ne ide bez statusa Kozarca - VIDEO - PrijedorDanas.com - Prijedorski gradski portal<\/title>\n<meta name=\"robots\" content=\"index, follow, max-snippet:-1, max-image-preview:large, max-video-preview:-1\" \/>\n<link rel=\"canonical\" href=\"https:\/\/www.prijedordanas.com\/?p=157398\" \/>\n<meta property=\"og:locale\" content=\"en_US\" \/>\n<meta property=\"og:type\" content=\"article\" \/>\n<meta property=\"og:title\" content=\"Odvajanje Omarske ne ide bez statusa Kozarca - VIDEO - PrijedorDanas.com - Prijedorski gradski portal\" \/>\n<meta property=\"og:description\" content=\"Cijepanje Prijedora i odvajanje Omarske kao zasebne op\u0161tine, koje je obe\u0107ao Milorad Dodik na jednom od predizbornih sastanaka u Omarskoj, ne\u0107e biti mogu\u0107e bez rje\u0161avanja pitanja Kozarca \u2013 obja\u0161njava gradona\u010delnik [&hellip;]\" \/>\n<meta property=\"og:url\" content=\"https:\/\/www.prijedordanas.com\/?p=157398\" \/>\n<meta property=\"og:site_name\" content=\"PrijedorDanas.com - Prijedorski gradski portal\" \/>\n<meta property=\"article:publisher\" content=\"https:\/\/www.facebook.com\/PrijedorDanasCom\/\" \/>\n<meta property=\"article:published_time\" content=\"2020-11-02T11:11:26+00:00\" \/>\n<meta property=\"og:image\" content=\"https:\/\/www.prijedordanas.com\/wp-content\/uploads\/2020\/11\/bntv-djakovic-300x273.jpg\" \/>\n<meta name=\"author\" content=\"admin\" \/>\n<meta name=\"twitter:card\" content=\"summary_large_image\" \/>\n<meta name=\"twitter:label1\" content=\"Written by\" \/>\n\t<meta name=\"twitter:data1\" content=\"admin\" \/>\n\t<meta name=\"twitter:label2\" content=\"Est. reading time\" \/>\n\t<meta name=\"twitter:data2\" content=\"2 minutes\" \/>\n<script type=\"application\/ld+json\" class=\"yoast-schema-graph\">{\"@context\":\"https:\/\/schema.org\",\"@graph\":[{\"@type\":\"Article\",\"@id\":\"https:\/\/www.prijedordanas.com\/?p=157398#article\",\"isPartOf\":{\"@id\":\"https:\/\/www.prijedordanas.com\/?p=157398\"},\"author\":{\"name\":\"admin\",\"@id\":\"https:\/\/www.prijedordanas.com\/#\/schema\/person\/4e08ccf29b506ca916ff86d46bb700e6\"},\"headline\":\"Odvajanje Omarske ne ide bez statusa Kozarca &#8211; VIDEO\",\"datePublished\":\"2020-11-02T11:11:26+00:00\",\"dateModified\":\"2020-11-02T11:11:26+00:00\",\"mainEntityOfPage\":{\"@id\":\"https:\/\/www.prijedordanas.com\/?p=157398\"},\"wordCount\":481,\"publisher\":{\"@id\":\"https:\/\/www.prijedordanas.com\/#organization\"},\"keywords\":[\"Kozarac\",\"Omarska\"],\"articleSection\":[\"Dru\u0161tvo\"],\"inLanguage\":\"en-US\"},{\"@type\":\"WebPage\",\"@id\":\"https:\/\/www.prijedordanas.com\/?p=157398\",\"url\":\"https:\/\/www.prijedordanas.com\/?p=157398\",\"name\":\"Odvajanje Omarske ne ide bez statusa Kozarca - VIDEO - PrijedorDanas.com - Prijedorski gradski portal\",\"isPartOf\":{\"@id\":\"https:\/\/www.prijedordanas.com\/#website\"},\"datePublished\":\"2020-11-02T11:11:26+00:00\",\"dateModified\":\"2020-11-02T11:11:26+00:00\",\"breadcrumb\":{\"@id\":\"https:\/\/www.prijedordanas.com\/?p=157398#breadcrumb\"},\"inLanguage\":\"en-US\",\"potentialAction\":[{\"@type\":\"ReadAction\",\"target\":[\"https:\/\/www.prijedordanas.com\/?p=157398\"]}]},{\"@type\":\"BreadcrumbList\",\"@id\":\"https:\/\/www.prijedordanas.com\/?p=157398#breadcrumb\",\"itemListElement\":[{\"@type\":\"ListItem\",\"position\":1,\"name\":\"Home\",\"item\":\"https:\/\/www.prijedordanas.com\/\"},{\"@type\":\"ListItem\",\"position\":2,\"name\":\"Odvajanje Omarske ne ide bez statusa Kozarca &#8211; VIDEO\"}]},{\"@type\":\"WebSite\",\"@id\":\"https:\/\/www.prijedordanas.com\/#website\",\"url\":\"https:\/\/www.prijedordanas.com\/\",\"name\":\"PrijedorDanas.com - Prijedorski gradski portal\",\"description\":\"Portal o doga\u0111anjima u gradu Prijedoru\",\"publisher\":{\"@id\":\"https:\/\/www.prijedordanas.com\/#organization\"},\"potentialAction\":[{\"@type\":\"SearchAction\",\"target\":{\"@type\":\"EntryPoint\",\"urlTemplate\":\"https:\/\/www.prijedordanas.com\/?s={search_term_string}\"},\"query-input\":\"required name=search_term_string\"}],\"inLanguage\":\"en-US\"},{\"@type\":\"Organization\",\"@id\":\"https:\/\/www.prijedordanas.com\/#organization\",\"name\":\"PrijedorDanas.com\",\"url\":\"https:\/\/www.prijedordanas.com\/\",\"logo\":{\"@type\":\"ImageObject\",\"inLanguage\":\"en-US\",\"@id\":\"https:\/\/www.prijedordanas.com\/#\/schema\/logo\/image\/\",\"url\":\"http:\/\/www.prijedordanas.com\/wp-content\/uploads\/2021\/12\/logopng.png\",\"contentUrl\":\"http:\/\/www.prijedordanas.com\/wp-content\/uploads\/2021\/12\/logopng.png\",\"width\":1019,\"height\":776,\"caption\":\"PrijedorDanas.com\"},\"image\":{\"@id\":\"https:\/\/www.prijedordanas.com\/#\/schema\/logo\/image\/\"},\"sameAs\":[\"https:\/\/www.facebook.com\/PrijedorDanasCom\/\"]},{\"@type\":\"Person\",\"@id\":\"https:\/\/www.prijedordanas.com\/#\/schema\/person\/4e08ccf29b506ca916ff86d46bb700e6\",\"name\":\"admin\",\"image\":{\"@type\":\"ImageObject\",\"inLanguage\":\"en-US\",\"@id\":\"https:\/\/www.prijedordanas.com\/#\/schema\/person\/image\/\",\"url\":\"https:\/\/secure.gravatar.com\/avatar\/1d3fc949d550f0b53a5f0d51e06dfd79?s=96&d=mm&r=g\",\"contentUrl\":\"https:\/\/secure.gravatar.com\/avatar\/1d3fc949d550f0b53a5f0d51e06dfd79?s=96&d=mm&r=g\",\"caption\":\"admin\"},\"url\":\"https:\/\/www.prijedordanas.com\/?author=1\"}]}<\/script>\n<!-- \/ Yoast SEO plugin. -->","yoast_head_json":{"title":"Odvajanje Omarske ne ide bez statusa Kozarca - VIDEO - PrijedorDanas.com - Prijedorski gradski portal","robots":{"index":"index","follow":"follow","max-snippet":"max-snippet:-1","max-image-preview":"max-image-preview:large","max-video-preview":"max-video-preview:-1"},"canonical":"https:\/\/www.prijedordanas.com\/?p=157398","og_locale":"en_US","og_type":"article","og_title":"Odvajanje Omarske ne ide bez statusa Kozarca - VIDEO - PrijedorDanas.com - Prijedorski gradski portal","og_description":"Cijepanje Prijedora i odvajanje Omarske kao zasebne op\u0161tine, koje je obe\u0107ao Milorad Dodik na jednom od predizbornih sastanaka u Omarskoj, ne\u0107e biti mogu\u0107e bez rje\u0161avanja pitanja Kozarca \u2013 obja\u0161njava gradona\u010delnik [&hellip;]","og_url":"https:\/\/www.prijedordanas.com\/?p=157398","og_site_name":"PrijedorDanas.com - Prijedorski gradski portal","article_publisher":"https:\/\/www.facebook.com\/PrijedorDanasCom\/","article_published_time":"2020-11-02T11:11:26+00:00","og_image":[{"url":"https:\/\/www.prijedordanas.com\/wp-content\/uploads\/2020\/11\/bntv-djakovic-300x273.jpg"}],"author":"admin","twitter_card":"summary_large_image","twitter_misc":{"Written by":"admin","Est. reading time":"2 minutes"},"schema":{"@context":"https:\/\/schema.org","@graph":[{"@type":"Article","@id":"https:\/\/www.prijedordanas.com\/?p=157398#article","isPartOf":{"@id":"https:\/\/www.prijedordanas.com\/?p=157398"},"author":{"name":"admin","@id":"https:\/\/www.prijedordanas.com\/#\/schema\/person\/4e08ccf29b506ca916ff86d46bb700e6"},"headline":"Odvajanje Omarske ne ide bez statusa Kozarca &#8211; VIDEO","datePublished":"2020-11-02T11:11:26+00:00","dateModified":"2020-11-02T11:11:26+00:00","mainEntityOfPage":{"@id":"https:\/\/www.prijedordanas.com\/?p=157398"},"wordCount":481,"publisher":{"@id":"https:\/\/www.prijedordanas.com\/#organization"},"keywords":["Kozarac","Omarska"],"articleSection":["Dru\u0161tvo"],"inLanguage":"en-US"},{"@type":"WebPage","@id":"https:\/\/www.prijedordanas.com\/?p=157398","url":"https:\/\/www.prijedordanas.com\/?p=157398","name":"Odvajanje Omarske ne ide bez statusa Kozarca - VIDEO - PrijedorDanas.com - Prijedorski gradski portal","isPartOf":{"@id":"https:\/\/www.prijedordanas.com\/#website"},"datePublished":"2020-11-02T11:11:26+00:00","dateModified":"2020-11-02T11:11:26+00:00","breadcrumb":{"@id":"https:\/\/www.prijedordanas.com\/?p=157398#breadcrumb"},"inLanguage":"en-US","potentialAction":[{"@type":"ReadAction","target":["https:\/\/www.prijedordanas.com\/?p=157398"]}]},{"@type":"BreadcrumbList","@id":"https:\/\/www.prijedordanas.com\/?p=157398#breadcrumb","itemListElement":[{"@type":"ListItem","position":1,"name":"Home","item":"https:\/\/www.prijedordanas.com\/"},{"@type":"ListItem","position":2,"name":"Odvajanje Omarske ne ide bez statusa Kozarca &#8211; VIDEO"}]},{"@type":"WebSite","@id":"https:\/\/www.prijedordanas.com\/#website","url":"https:\/\/www.prijedordanas.com\/","name":"PrijedorDanas.com - Prijedorski gradski portal","description":"Portal o doga\u0111anjima u gradu Prijedoru","publisher":{"@id":"https:\/\/www.prijedordanas.com\/#organization"},"potentialAction":[{"@type":"SearchAction","target":{"@type":"EntryPoint","urlTemplate":"https:\/\/www.prijedordanas.com\/?s={search_term_string}"},"query-input":"required name=search_term_string"}],"inLanguage":"en-US"},{"@type":"Organization","@id":"https:\/\/www.prijedordanas.com\/#organization","name":"PrijedorDanas.com","url":"https:\/\/www.prijedordanas.com\/","logo":{"@type":"ImageObject","inLanguage":"en-US","@id":"https:\/\/www.prijedordanas.com\/#\/schema\/logo\/image\/","url":"http:\/\/www.prijedordanas.com\/wp-content\/uploads\/2021\/12\/logopng.png","contentUrl":"http:\/\/www.prijedordanas.com\/wp-content\/uploads\/2021\/12\/logopng.png","width":1019,"height":776,"caption":"PrijedorDanas.com"},"image":{"@id":"https:\/\/www.prijedordanas.com\/#\/schema\/logo\/image\/"},"sameAs":["https:\/\/www.facebook.com\/PrijedorDanasCom\/"]},{"@type":"Person","@id":"https:\/\/www.prijedordanas.com\/#\/schema\/person\/4e08ccf29b506ca916ff86d46bb700e6","name":"admin","image":{"@type":"ImageObject","inLanguage":"en-US","@id":"https:\/\/www.prijedordanas.com\/#\/schema\/person\/image\/","url":"https:\/\/secure.gravatar.com\/avatar\/1d3fc949d550f0b53a5f0d51e06dfd79?s=96&d=mm&r=g","contentUrl":"https:\/\/secure.gravatar.com\/avatar\/1d3fc949d550f0b53a5f0d51e06dfd79?s=96&d=mm&r=g","caption":"admin"},"url":"https:\/\/www.prijedordanas.com\/?author=1"}]}},"_links":{"self":[{"href":"https:\/\/www.prijedordanas.com\/index.php?rest_route=\/wp\/v2\/posts\/157398"}],"collection":[{"href":"https:\/\/www.prijedordanas.com\/index.php?rest_route=\/wp\/v2\/posts"}],"about":[{"href":"https:\/\/www.prijedordanas.com\/index.php?rest_route=\/wp\/v2\/types\/post"}],"author":[{"embeddable":true,"href":"https:\/\/www.prijedordanas.com\/index.php?rest_route=\/wp\/v2\/users\/1"}],"replies":[{"embeddable":true,"href":"https:\/\/www.prijedordanas.com\/index.php?rest_route=%2Fwp%2Fv2%2Fcomments&post=157398"}],"version-history":[{"count":1,"href":"https:\/\/www.prijedordanas.com\/index.php?rest_route=\/wp\/v2\/posts\/157398\/revisions"}],"predecessor-version":[{"id":157402,"href":"https:\/\/www.prijedordanas.com\/index.php?rest_route=\/wp\/v2\/posts\/157398\/revisions\/157402"}],"wp:attachment":[{"href":"https:\/\/www.prijedordanas.com\/index.php?rest_route=%2Fwp%2Fv2%2Fmedia&parent=157398"}],"wp:term":[{"taxonomy":"category","embeddable":true,"href":"https:\/\/www.prijedordanas.com\/index.php?rest_route=%2Fwp%2Fv2%2Fcategories&post=157398"},{"taxonomy":"post_tag","embeddable":true,"href":"https:\/\/www.prijedordanas.com\/index.php?rest_route=%2Fwp%2Fv2%2Ftags&post=157398"}],"curies":[{"name":"wp","href":"https:\/\/api.w.org\/{rel}","templated":true}]}}