{"id":157396,"date":"2020-11-02T11:23:40","date_gmt":"2020-11-02T10:23:40","guid":{"rendered":"https:\/\/www.prijedordanas.com\/?p=157396"},"modified":"2020-11-02T11:23:40","modified_gmt":"2020-11-02T10:23:40","slug":"jedna-osoba-iz-prijedora-pozitivna-na-virus-korona-jos-323-zarazena-lica-u-rs-petoro-preminulih","status":"publish","type":"post","link":"https:\/\/www.prijedordanas.com\/?p=157396","title":{"rendered":"Jedna osoba iz Prijedora pozitivna na virus korona: Jo\u0161 323 zara\u017eena lica u RS, petoro preminulih"},"content":{"rendered":"<p><a href=\"https:\/\/www.prijedordanas.com\/wp-content\/uploads\/2020\/05\/blic-virus-korona-laboratorija.jpg\"><img loading=\"lazy\" decoding=\"async\" src=\"https:\/\/www.prijedordanas.com\/wp-content\/uploads\/2020\/05\/blic-virus-korona-laboratorija-300x222.jpg\" alt=\"\" width=\"300\" height=\"222\" class=\"alignleft size-medium wp-image-147040\" srcset=\"https:\/\/www.prijedordanas.com\/wp-content\/uploads\/2020\/05\/blic-virus-korona-laboratorija-300x222.jpg 300w, https:\/\/www.prijedordanas.com\/wp-content\/uploads\/2020\/05\/blic-virus-korona-laboratorija.jpg 675w\" sizes=\"(max-width: 300px) 100vw, 300px\" \/><\/a>Od posljednjeg izvje\u0161taja o epidemiolo\u0161koj situaciji u Republici Srpskoj, u posljednja 24 \u010dasa, u Institutu za javno zdravstvo Republike Srpske, Univerzitetskom klini\u010dkom centru Republike Srpske i u Bolnici Sv. Vra\u010devi u Bijeljini izvr\u0161eno je testiranje 777 laboratorijskih uzoraka, a novi virus korona (SARS-CoV-2) potvr\u0111en je kod 323 osobe u Republici Srpskoj.<\/p>\n<p>Radi se o 180 mu\u0161kih i 142 \u017eenske osobe od kojih je 69 mla\u0111e, 205 srednje i 49 osoba starije \u017eivotne dobi.<\/p>\n<p>Prema mjestu prebivali\u0161ta, 126 osoba je iz Banjaluke, 56 iz Bijeljine, 27 iz Isto\u010dne Ilid\u017ee, 26 iz Zvornika, 15 iz ISto\u010dnog Novog Sarajeva, 12 iz Mrkonjic\u0301 Grada, 10 iz Bratunca, osam iz Vlasenice, sedam iz Lakta\u0161a, \u0161est iz Srpca, po pet iz Kotor Varo\u0161a i \u010celinca, po dvije iz Doboja, Ribnika, Teslic\u0301a, \u0160ekovic\u0301a i \u0160ipova i po jedna iz Dervente, Milic\u0301a, Pala, Prijedora, Prnjavora, Rudog, Trnova, Ugljevika, Han Pijeska i \u0160amca.<\/p>\n<p>U posljednja 24 \u010dasa, Institutu za javno zdravstvo Republike Srpske prijavljeno je pet smrtnih slu\u010dajeva kod kojih je potvr\u0111eno prisustvo novog virusa korona. <\/p>\n<p>Radi se o \u010detiri mu\u0161karaca i jednoj \u017eena srednje i starije \u017eivotne dobi iz Banjaluke (dvije osobe) Pala, Isto\u010dnog Novog Sarajeva i Srpca.<\/p>\n<p>Do sada je u Republici Srpskoj potvr\u0111eno 18.751 slu\u010dajeva virusa korona, a preminula je ukupno 430 osoba kod koje je potvr\u0111en test na novi virus korona.<\/p>\n<p>U Republici Srpskoj, od novog virusa korona, do sada se oporavilo ukupno 8.459 osoba, a testirano je ukupno 105.200 osoba.<\/p>\n<p>Ukupan broj hospitalizovanih u Republici Srpskoj je 790, u Univerzitetsko klini\u010dkom centru Republike Srpske 308, a u op\u0161tim bolnicama 482.<\/p>\n<p>U Republici Srpskoj pod zdravstvenim nadzorom trenutno su 11.732 osobe, a nadzor je zavr\u0161en kod 70.724 osoba.<\/p>\n<p>Institut za javno zdravstvo Republike Srpske<\/p>\n","protected":false},"excerpt":{"rendered":"<p>Od posljednjeg izvje\u0161taja o epidemiolo\u0161koj situaciji u Republici Srpskoj, u posljednja 24 \u010dasa, u Institutu za javno zdravstvo Republike Srpske, Univerzitetskom klini\u010dkom centru Republike Srpske i u Bolnici Sv. Vra\u010devi [&hellip;]<\/p>\n","protected":false},"author":1,"featured_media":0,"comment_status":"closed","ping_status":"open","sticky":false,"template":"","format":"standard","meta":{"_monsterinsights_skip_tracking":false,"_monsterinsights_sitenote_active":false,"_monsterinsights_sitenote_note":"","_monsterinsights_sitenote_category":0,"footnotes":""},"categories":[4],"tags":[11081],"yoast_head":"<!-- This site is optimized with the Yoast SEO plugin v21.6 - https:\/\/yoast.com\/wordpress\/plugins\/seo\/ -->\n<title>Jedna osoba iz Prijedora pozitivna na virus korona: Jo\u0161 323 zara\u017eena lica u RS, petoro preminulih - PrijedorDanas.com - Prijedorski gradski portal<\/title>\n<meta name=\"robots\" content=\"index, follow, max-snippet:-1, max-image-preview:large, max-video-preview:-1\" \/>\n<link rel=\"canonical\" href=\"https:\/\/www.prijedordanas.com\/?p=157396\" \/>\n<meta property=\"og:locale\" content=\"en_US\" \/>\n<meta property=\"og:type\" content=\"article\" \/>\n<meta property=\"og:title\" content=\"Jedna osoba iz Prijedora pozitivna na virus korona: Jo\u0161 323 zara\u017eena lica u RS, petoro preminulih - PrijedorDanas.com - Prijedorski gradski portal\" \/>\n<meta property=\"og:description\" content=\"Od posljednjeg izvje\u0161taja o epidemiolo\u0161koj situaciji u Republici Srpskoj, u posljednja 24 \u010dasa, u Institutu za javno zdravstvo Republike Srpske, Univerzitetskom klini\u010dkom centru Republike Srpske i u Bolnici Sv. Vra\u010devi [&hellip;]\" \/>\n<meta property=\"og:url\" content=\"https:\/\/www.prijedordanas.com\/?p=157396\" \/>\n<meta property=\"og:site_name\" content=\"PrijedorDanas.com - Prijedorski gradski portal\" \/>\n<meta property=\"article:publisher\" content=\"https:\/\/www.facebook.com\/PrijedorDanasCom\/\" \/>\n<meta property=\"article:published_time\" content=\"2020-11-02T10:23:40+00:00\" \/>\n<meta property=\"og:image\" content=\"https:\/\/www.prijedordanas.com\/wp-content\/uploads\/2020\/05\/blic-virus-korona-laboratorija-300x222.jpg\" \/>\n<meta name=\"author\" content=\"admin\" \/>\n<meta name=\"twitter:card\" content=\"summary_large_image\" \/>\n<meta name=\"twitter:label1\" content=\"Written by\" \/>\n\t<meta name=\"twitter:data1\" content=\"admin\" \/>\n\t<meta name=\"twitter:label2\" content=\"Est. reading time\" \/>\n\t<meta name=\"twitter:data2\" content=\"1 minute\" \/>\n<script type=\"application\/ld+json\" class=\"yoast-schema-graph\">{\"@context\":\"https:\/\/schema.org\",\"@graph\":[{\"@type\":\"Article\",\"@id\":\"https:\/\/www.prijedordanas.com\/?p=157396#article\",\"isPartOf\":{\"@id\":\"https:\/\/www.prijedordanas.com\/?p=157396\"},\"author\":{\"name\":\"admin\",\"@id\":\"https:\/\/www.prijedordanas.com\/#\/schema\/person\/4e08ccf29b506ca916ff86d46bb700e6\"},\"headline\":\"Jedna osoba iz Prijedora pozitivna na virus korona: Jo\u0161 323 zara\u017eena lica u RS, petoro preminulih\",\"datePublished\":\"2020-11-02T10:23:40+00:00\",\"dateModified\":\"2020-11-02T10:23:40+00:00\",\"mainEntityOfPage\":{\"@id\":\"https:\/\/www.prijedordanas.com\/?p=157396\"},\"wordCount\":297,\"publisher\":{\"@id\":\"https:\/\/www.prijedordanas.com\/#organization\"},\"keywords\":[\"korona\"],\"articleSection\":[\"Dru\u0161tvo\"],\"inLanguage\":\"en-US\"},{\"@type\":\"WebPage\",\"@id\":\"https:\/\/www.prijedordanas.com\/?p=157396\",\"url\":\"https:\/\/www.prijedordanas.com\/?p=157396\",\"name\":\"Jedna osoba iz Prijedora pozitivna na virus korona: Jo\u0161 323 zara\u017eena lica u RS, petoro preminulih - PrijedorDanas.com - Prijedorski gradski portal\",\"isPartOf\":{\"@id\":\"https:\/\/www.prijedordanas.com\/#website\"},\"datePublished\":\"2020-11-02T10:23:40+00:00\",\"dateModified\":\"2020-11-02T10:23:40+00:00\",\"breadcrumb\":{\"@id\":\"https:\/\/www.prijedordanas.com\/?p=157396#breadcrumb\"},\"inLanguage\":\"en-US\",\"potentialAction\":[{\"@type\":\"ReadAction\",\"target\":[\"https:\/\/www.prijedordanas.com\/?p=157396\"]}]},{\"@type\":\"BreadcrumbList\",\"@id\":\"https:\/\/www.prijedordanas.com\/?p=157396#breadcrumb\",\"itemListElement\":[{\"@type\":\"ListItem\",\"position\":1,\"name\":\"Home\",\"item\":\"https:\/\/www.prijedordanas.com\/\"},{\"@type\":\"ListItem\",\"position\":2,\"name\":\"Jedna osoba iz Prijedora pozitivna na virus korona: Jo\u0161 323 zara\u017eena lica u RS, petoro preminulih\"}]},{\"@type\":\"WebSite\",\"@id\":\"https:\/\/www.prijedordanas.com\/#website\",\"url\":\"https:\/\/www.prijedordanas.com\/\",\"name\":\"PrijedorDanas.com - Prijedorski gradski portal\",\"description\":\"Portal o doga\u0111anjima u gradu Prijedoru\",\"publisher\":{\"@id\":\"https:\/\/www.prijedordanas.com\/#organization\"},\"potentialAction\":[{\"@type\":\"SearchAction\",\"target\":{\"@type\":\"EntryPoint\",\"urlTemplate\":\"https:\/\/www.prijedordanas.com\/?s={search_term_string}\"},\"query-input\":\"required name=search_term_string\"}],\"inLanguage\":\"en-US\"},{\"@type\":\"Organization\",\"@id\":\"https:\/\/www.prijedordanas.com\/#organization\",\"name\":\"PrijedorDanas.com\",\"url\":\"https:\/\/www.prijedordanas.com\/\",\"logo\":{\"@type\":\"ImageObject\",\"inLanguage\":\"en-US\",\"@id\":\"https:\/\/www.prijedordanas.com\/#\/schema\/logo\/image\/\",\"url\":\"http:\/\/www.prijedordanas.com\/wp-content\/uploads\/2021\/12\/logopng.png\",\"contentUrl\":\"http:\/\/www.prijedordanas.com\/wp-content\/uploads\/2021\/12\/logopng.png\",\"width\":1019,\"height\":776,\"caption\":\"PrijedorDanas.com\"},\"image\":{\"@id\":\"https:\/\/www.prijedordanas.com\/#\/schema\/logo\/image\/\"},\"sameAs\":[\"https:\/\/www.facebook.com\/PrijedorDanasCom\/\"]},{\"@type\":\"Person\",\"@id\":\"https:\/\/www.prijedordanas.com\/#\/schema\/person\/4e08ccf29b506ca916ff86d46bb700e6\",\"name\":\"admin\",\"image\":{\"@type\":\"ImageObject\",\"inLanguage\":\"en-US\",\"@id\":\"https:\/\/www.prijedordanas.com\/#\/schema\/person\/image\/\",\"url\":\"https:\/\/secure.gravatar.com\/avatar\/1d3fc949d550f0b53a5f0d51e06dfd79?s=96&d=mm&r=g\",\"contentUrl\":\"https:\/\/secure.gravatar.com\/avatar\/1d3fc949d550f0b53a5f0d51e06dfd79?s=96&d=mm&r=g\",\"caption\":\"admin\"},\"url\":\"https:\/\/www.prijedordanas.com\/?author=1\"}]}<\/script>\n<!-- \/ Yoast SEO plugin. -->","yoast_head_json":{"title":"Jedna osoba iz Prijedora pozitivna na virus korona: Jo\u0161 323 zara\u017eena lica u RS, petoro preminulih - PrijedorDanas.com - Prijedorski gradski portal","robots":{"index":"index","follow":"follow","max-snippet":"max-snippet:-1","max-image-preview":"max-image-preview:large","max-video-preview":"max-video-preview:-1"},"canonical":"https:\/\/www.prijedordanas.com\/?p=157396","og_locale":"en_US","og_type":"article","og_title":"Jedna osoba iz Prijedora pozitivna na virus korona: Jo\u0161 323 zara\u017eena lica u RS, petoro preminulih - PrijedorDanas.com - Prijedorski gradski portal","og_description":"Od posljednjeg izvje\u0161taja o epidemiolo\u0161koj situaciji u Republici Srpskoj, u posljednja 24 \u010dasa, u Institutu za javno zdravstvo Republike Srpske, Univerzitetskom klini\u010dkom centru Republike Srpske i u Bolnici Sv. Vra\u010devi [&hellip;]","og_url":"https:\/\/www.prijedordanas.com\/?p=157396","og_site_name":"PrijedorDanas.com - Prijedorski gradski portal","article_publisher":"https:\/\/www.facebook.com\/PrijedorDanasCom\/","article_published_time":"2020-11-02T10:23:40+00:00","og_image":[{"url":"https:\/\/www.prijedordanas.com\/wp-content\/uploads\/2020\/05\/blic-virus-korona-laboratorija-300x222.jpg"}],"author":"admin","twitter_card":"summary_large_image","twitter_misc":{"Written by":"admin","Est. reading time":"1 minute"},"schema":{"@context":"https:\/\/schema.org","@graph":[{"@type":"Article","@id":"https:\/\/www.prijedordanas.com\/?p=157396#article","isPartOf":{"@id":"https:\/\/www.prijedordanas.com\/?p=157396"},"author":{"name":"admin","@id":"https:\/\/www.prijedordanas.com\/#\/schema\/person\/4e08ccf29b506ca916ff86d46bb700e6"},"headline":"Jedna osoba iz Prijedora pozitivna na virus korona: Jo\u0161 323 zara\u017eena lica u RS, petoro preminulih","datePublished":"2020-11-02T10:23:40+00:00","dateModified":"2020-11-02T10:23:40+00:00","mainEntityOfPage":{"@id":"https:\/\/www.prijedordanas.com\/?p=157396"},"wordCount":297,"publisher":{"@id":"https:\/\/www.prijedordanas.com\/#organization"},"keywords":["korona"],"articleSection":["Dru\u0161tvo"],"inLanguage":"en-US"},{"@type":"WebPage","@id":"https:\/\/www.prijedordanas.com\/?p=157396","url":"https:\/\/www.prijedordanas.com\/?p=157396","name":"Jedna osoba iz Prijedora pozitivna na virus korona: Jo\u0161 323 zara\u017eena lica u RS, petoro preminulih - PrijedorDanas.com - Prijedorski gradski portal","isPartOf":{"@id":"https:\/\/www.prijedordanas.com\/#website"},"datePublished":"2020-11-02T10:23:40+00:00","dateModified":"2020-11-02T10:23:40+00:00","breadcrumb":{"@id":"https:\/\/www.prijedordanas.com\/?p=157396#breadcrumb"},"inLanguage":"en-US","potentialAction":[{"@type":"ReadAction","target":["https:\/\/www.prijedordanas.com\/?p=157396"]}]},{"@type":"BreadcrumbList","@id":"https:\/\/www.prijedordanas.com\/?p=157396#breadcrumb","itemListElement":[{"@type":"ListItem","position":1,"name":"Home","item":"https:\/\/www.prijedordanas.com\/"},{"@type":"ListItem","position":2,"name":"Jedna osoba iz Prijedora pozitivna na virus korona: Jo\u0161 323 zara\u017eena lica u RS, petoro preminulih"}]},{"@type":"WebSite","@id":"https:\/\/www.prijedordanas.com\/#website","url":"https:\/\/www.prijedordanas.com\/","name":"PrijedorDanas.com - Prijedorski gradski portal","description":"Portal o doga\u0111anjima u gradu Prijedoru","publisher":{"@id":"https:\/\/www.prijedordanas.com\/#organization"},"potentialAction":[{"@type":"SearchAction","target":{"@type":"EntryPoint","urlTemplate":"https:\/\/www.prijedordanas.com\/?s={search_term_string}"},"query-input":"required name=search_term_string"}],"inLanguage":"en-US"},{"@type":"Organization","@id":"https:\/\/www.prijedordanas.com\/#organization","name":"PrijedorDanas.com","url":"https:\/\/www.prijedordanas.com\/","logo":{"@type":"ImageObject","inLanguage":"en-US","@id":"https:\/\/www.prijedordanas.com\/#\/schema\/logo\/image\/","url":"http:\/\/www.prijedordanas.com\/wp-content\/uploads\/2021\/12\/logopng.png","contentUrl":"http:\/\/www.prijedordanas.com\/wp-content\/uploads\/2021\/12\/logopng.png","width":1019,"height":776,"caption":"PrijedorDanas.com"},"image":{"@id":"https:\/\/www.prijedordanas.com\/#\/schema\/logo\/image\/"},"sameAs":["https:\/\/www.facebook.com\/PrijedorDanasCom\/"]},{"@type":"Person","@id":"https:\/\/www.prijedordanas.com\/#\/schema\/person\/4e08ccf29b506ca916ff86d46bb700e6","name":"admin","image":{"@type":"ImageObject","inLanguage":"en-US","@id":"https:\/\/www.prijedordanas.com\/#\/schema\/person\/image\/","url":"https:\/\/secure.gravatar.com\/avatar\/1d3fc949d550f0b53a5f0d51e06dfd79?s=96&d=mm&r=g","contentUrl":"https:\/\/secure.gravatar.com\/avatar\/1d3fc949d550f0b53a5f0d51e06dfd79?s=96&d=mm&r=g","caption":"admin"},"url":"https:\/\/www.prijedordanas.com\/?author=1"}]}},"_links":{"self":[{"href":"https:\/\/www.prijedordanas.com\/index.php?rest_route=\/wp\/v2\/posts\/157396"}],"collection":[{"href":"https:\/\/www.prijedordanas.com\/index.php?rest_route=\/wp\/v2\/posts"}],"about":[{"href":"https:\/\/www.prijedordanas.com\/index.php?rest_route=\/wp\/v2\/types\/post"}],"author":[{"embeddable":true,"href":"https:\/\/www.prijedordanas.com\/index.php?rest_route=\/wp\/v2\/users\/1"}],"replies":[{"embeddable":true,"href":"https:\/\/www.prijedordanas.com\/index.php?rest_route=%2Fwp%2Fv2%2Fcomments&post=157396"}],"version-history":[{"count":1,"href":"https:\/\/www.prijedordanas.com\/index.php?rest_route=\/wp\/v2\/posts\/157396\/revisions"}],"predecessor-version":[{"id":157397,"href":"https:\/\/www.prijedordanas.com\/index.php?rest_route=\/wp\/v2\/posts\/157396\/revisions\/157397"}],"wp:attachment":[{"href":"https:\/\/www.prijedordanas.com\/index.php?rest_route=%2Fwp%2Fv2%2Fmedia&parent=157396"}],"wp:term":[{"taxonomy":"category","embeddable":true,"href":"https:\/\/www.prijedordanas.com\/index.php?rest_route=%2Fwp%2Fv2%2Fcategories&post=157396"},{"taxonomy":"post_tag","embeddable":true,"href":"https:\/\/www.prijedordanas.com\/index.php?rest_route=%2Fwp%2Fv2%2Ftags&post=157396"}],"curies":[{"name":"wp","href":"https:\/\/api.w.org\/{rel}","templated":true}]}}