{"id":157391,"date":"2020-11-02T10:58:19","date_gmt":"2020-11-02T09:58:19","guid":{"rendered":"https:\/\/www.prijedordanas.com\/?p=157391"},"modified":"2020-11-02T10:58:19","modified_gmt":"2020-11-02T09:58:19","slug":"prijedorske-stonoteniserke-pobjedom-pocele-novu-sezonu-premijer-lige-bih","status":"publish","type":"post","link":"https:\/\/www.prijedordanas.com\/?p=157391","title":{"rendered":"Prijedorske stonoteniserke pobjedom po\u010dele novu sezonu Premijer lige BiH"},"content":{"rendered":"<p><a href=\"https:\/\/www.prijedordanas.com\/wp-content\/uploads\/2020\/11\/stk-prijedor-stk-kreka.jpg\"><img loading=\"lazy\" decoding=\"async\" src=\"https:\/\/www.prijedordanas.com\/wp-content\/uploads\/2020\/11\/stk-prijedor-stk-kreka-300x225.jpg\" alt=\"\" width=\"300\" height=\"225\" class=\"alignleft size-medium wp-image-157392\" srcset=\"https:\/\/www.prijedordanas.com\/wp-content\/uploads\/2020\/11\/stk-prijedor-stk-kreka-300x225.jpg 300w, https:\/\/www.prijedordanas.com\/wp-content\/uploads\/2020\/11\/stk-prijedor-stk-kreka-640x480.jpg 640w, https:\/\/www.prijedordanas.com\/wp-content\/uploads\/2020\/11\/stk-prijedor-stk-kreka.jpg 667w\" sizes=\"(max-width: 300px) 100vw, 300px\" \/><\/a>Prijedorske stonoteniserke pobjedom su po\u010dele novu sezonu Premijer lige BiH.<\/p>\n<p>U vrlo uzbudljivom me\u010du na startu \u0161ampionata, Priejdor\u010danke su sabladale ekipu Stonoteniskog kluba \u201eKreka\u201c iz Tuzle retzltatom 4:3.<\/p>\n<p>Za ekipu Stonoteniskog kluba \u201ePrijedor\u201c su nastupile Daniela Timarac, Miljana Velaula i Marija Gnjati\u0107. <\/p>\n<p>Vrlo va\u017ena pobjeda za doma\u0107u ekipu nakon pauze pruzrokovane virusom Covid-19. <\/p>\n<p>Ve\u0107 sljede\u0107eg vikenda ekipa &#8220;Prijedora&#8221; gostuje u Sarajevu gdje \u0107e odigrati  derbi ove polusezone protiv ekipe Stonoteniskog kluba \u201eAlad\u017ea\u201c koji \u0107e vjerovatno i odlu\u010diti jesenjeg prvaka Premijer lige BiH.<\/p>\n<p>Rezultati me\u010deva:<br \/>\n1.Gnjati\u0107 Marija \u2013 Lovri\u0107 Ema \u2013 3:2 \u2013 1:0 za ekipu Prijedora<br \/>\n2.Timarac Daniela \u2013 Marini\u0107 Diana \u2013 0:3 \u2013 1:1<br \/>\n3.Velaula Miljana \u2013 Fazli\u0107 Amina \u2013 3:0 \u2013 2:1 za ekipu Prijedora<br \/>\n4.Gnjati\u0107\/Velaula \u2013 Lovri\u0107\/Fazli\u0107 2:3 \u2013 2:2<br \/>\n5.Gnjati\u0107 Marija \u2013 Marini\u0107 Diana \u2013 3:0 \u2013 3:2 za ekipu Prijedora<br \/>\n6.Velaula Miljana \u2013 Lovri\u0107 Ema \u2013 0:3 \u2013 3:2<br \/>\n7.Timarac Daniela \u2013 Fazli\u0107 Amina 3:2 \u2013 4:3 za ekipu Prijedora<\/p>\n<p>STK Prijedor<\/p>\n","protected":false},"excerpt":{"rendered":"<p>Prijedorske stonoteniserke pobjedom su po\u010dele novu sezonu Premijer lige BiH. U vrlo uzbudljivom me\u010du na startu \u0161ampionata, Priejdor\u010danke su sabladale ekipu Stonoteniskog kluba \u201eKreka\u201c iz Tuzle retzltatom 4:3. Za ekipu [&hellip;]<\/p>\n","protected":false},"author":1,"featured_media":0,"comment_status":"closed","ping_status":"open","sticky":false,"template":"","format":"standard","meta":{"_monsterinsights_skip_tracking":false,"_monsterinsights_sitenote_active":false,"_monsterinsights_sitenote_note":"","_monsterinsights_sitenote_category":0,"footnotes":""},"categories":[7],"tags":[],"yoast_head":"<!-- This site is optimized with the Yoast SEO plugin v21.6 - https:\/\/yoast.com\/wordpress\/plugins\/seo\/ -->\n<title>Prijedorske stonoteniserke pobjedom po\u010dele novu sezonu Premijer lige BiH - PrijedorDanas.com - Prijedorski gradski portal<\/title>\n<meta name=\"robots\" content=\"index, follow, max-snippet:-1, max-image-preview:large, max-video-preview:-1\" \/>\n<link rel=\"canonical\" href=\"https:\/\/www.prijedordanas.com\/?p=157391\" \/>\n<meta property=\"og:locale\" content=\"en_US\" \/>\n<meta property=\"og:type\" content=\"article\" \/>\n<meta property=\"og:title\" content=\"Prijedorske stonoteniserke pobjedom po\u010dele novu sezonu Premijer lige BiH - PrijedorDanas.com - Prijedorski gradski portal\" \/>\n<meta property=\"og:description\" content=\"Prijedorske stonoteniserke pobjedom su po\u010dele novu sezonu Premijer lige BiH. U vrlo uzbudljivom me\u010du na startu \u0161ampionata, Priejdor\u010danke su sabladale ekipu Stonoteniskog kluba \u201eKreka\u201c iz Tuzle retzltatom 4:3. Za ekipu [&hellip;]\" \/>\n<meta property=\"og:url\" content=\"https:\/\/www.prijedordanas.com\/?p=157391\" \/>\n<meta property=\"og:site_name\" content=\"PrijedorDanas.com - Prijedorski gradski portal\" \/>\n<meta property=\"article:publisher\" content=\"https:\/\/www.facebook.com\/PrijedorDanasCom\/\" \/>\n<meta property=\"article:published_time\" content=\"2020-11-02T09:58:19+00:00\" \/>\n<meta property=\"og:image\" content=\"https:\/\/www.prijedordanas.com\/wp-content\/uploads\/2020\/11\/stk-prijedor-stk-kreka-300x225.jpg\" \/>\n<meta name=\"author\" content=\"admin\" \/>\n<meta name=\"twitter:card\" content=\"summary_large_image\" \/>\n<meta name=\"twitter:label1\" content=\"Written by\" \/>\n\t<meta name=\"twitter:data1\" content=\"admin\" \/>\n\t<meta name=\"twitter:label2\" content=\"Est. reading time\" \/>\n\t<meta name=\"twitter:data2\" content=\"1 minute\" \/>\n<script type=\"application\/ld+json\" class=\"yoast-schema-graph\">{\"@context\":\"https:\/\/schema.org\",\"@graph\":[{\"@type\":\"Article\",\"@id\":\"https:\/\/www.prijedordanas.com\/?p=157391#article\",\"isPartOf\":{\"@id\":\"https:\/\/www.prijedordanas.com\/?p=157391\"},\"author\":{\"name\":\"admin\",\"@id\":\"https:\/\/www.prijedordanas.com\/#\/schema\/person\/4e08ccf29b506ca916ff86d46bb700e6\"},\"headline\":\"Prijedorske stonoteniserke pobjedom po\u010dele novu sezonu Premijer lige BiH\",\"datePublished\":\"2020-11-02T09:58:19+00:00\",\"dateModified\":\"2020-11-02T09:58:19+00:00\",\"mainEntityOfPage\":{\"@id\":\"https:\/\/www.prijedordanas.com\/?p=157391\"},\"wordCount\":144,\"publisher\":{\"@id\":\"https:\/\/www.prijedordanas.com\/#organization\"},\"articleSection\":[\"Sport\"],\"inLanguage\":\"en-US\"},{\"@type\":\"WebPage\",\"@id\":\"https:\/\/www.prijedordanas.com\/?p=157391\",\"url\":\"https:\/\/www.prijedordanas.com\/?p=157391\",\"name\":\"Prijedorske stonoteniserke pobjedom po\u010dele novu sezonu Premijer lige BiH - PrijedorDanas.com - Prijedorski gradski portal\",\"isPartOf\":{\"@id\":\"https:\/\/www.prijedordanas.com\/#website\"},\"datePublished\":\"2020-11-02T09:58:19+00:00\",\"dateModified\":\"2020-11-02T09:58:19+00:00\",\"breadcrumb\":{\"@id\":\"https:\/\/www.prijedordanas.com\/?p=157391#breadcrumb\"},\"inLanguage\":\"en-US\",\"potentialAction\":[{\"@type\":\"ReadAction\",\"target\":[\"https:\/\/www.prijedordanas.com\/?p=157391\"]}]},{\"@type\":\"BreadcrumbList\",\"@id\":\"https:\/\/www.prijedordanas.com\/?p=157391#breadcrumb\",\"itemListElement\":[{\"@type\":\"ListItem\",\"position\":1,\"name\":\"Home\",\"item\":\"https:\/\/www.prijedordanas.com\/\"},{\"@type\":\"ListItem\",\"position\":2,\"name\":\"Prijedorske stonoteniserke pobjedom po\u010dele novu sezonu Premijer lige BiH\"}]},{\"@type\":\"WebSite\",\"@id\":\"https:\/\/www.prijedordanas.com\/#website\",\"url\":\"https:\/\/www.prijedordanas.com\/\",\"name\":\"PrijedorDanas.com - Prijedorski gradski portal\",\"description\":\"Portal o doga\u0111anjima u gradu Prijedoru\",\"publisher\":{\"@id\":\"https:\/\/www.prijedordanas.com\/#organization\"},\"potentialAction\":[{\"@type\":\"SearchAction\",\"target\":{\"@type\":\"EntryPoint\",\"urlTemplate\":\"https:\/\/www.prijedordanas.com\/?s={search_term_string}\"},\"query-input\":\"required name=search_term_string\"}],\"inLanguage\":\"en-US\"},{\"@type\":\"Organization\",\"@id\":\"https:\/\/www.prijedordanas.com\/#organization\",\"name\":\"PrijedorDanas.com\",\"url\":\"https:\/\/www.prijedordanas.com\/\",\"logo\":{\"@type\":\"ImageObject\",\"inLanguage\":\"en-US\",\"@id\":\"https:\/\/www.prijedordanas.com\/#\/schema\/logo\/image\/\",\"url\":\"http:\/\/www.prijedordanas.com\/wp-content\/uploads\/2021\/12\/logopng.png\",\"contentUrl\":\"http:\/\/www.prijedordanas.com\/wp-content\/uploads\/2021\/12\/logopng.png\",\"width\":1019,\"height\":776,\"caption\":\"PrijedorDanas.com\"},\"image\":{\"@id\":\"https:\/\/www.prijedordanas.com\/#\/schema\/logo\/image\/\"},\"sameAs\":[\"https:\/\/www.facebook.com\/PrijedorDanasCom\/\"]},{\"@type\":\"Person\",\"@id\":\"https:\/\/www.prijedordanas.com\/#\/schema\/person\/4e08ccf29b506ca916ff86d46bb700e6\",\"name\":\"admin\",\"image\":{\"@type\":\"ImageObject\",\"inLanguage\":\"en-US\",\"@id\":\"https:\/\/www.prijedordanas.com\/#\/schema\/person\/image\/\",\"url\":\"https:\/\/secure.gravatar.com\/avatar\/1d3fc949d550f0b53a5f0d51e06dfd79?s=96&d=mm&r=g\",\"contentUrl\":\"https:\/\/secure.gravatar.com\/avatar\/1d3fc949d550f0b53a5f0d51e06dfd79?s=96&d=mm&r=g\",\"caption\":\"admin\"},\"url\":\"https:\/\/www.prijedordanas.com\/?author=1\"}]}<\/script>\n<!-- \/ Yoast SEO plugin. -->","yoast_head_json":{"title":"Prijedorske stonoteniserke pobjedom po\u010dele novu sezonu Premijer lige BiH - PrijedorDanas.com - Prijedorski gradski portal","robots":{"index":"index","follow":"follow","max-snippet":"max-snippet:-1","max-image-preview":"max-image-preview:large","max-video-preview":"max-video-preview:-1"},"canonical":"https:\/\/www.prijedordanas.com\/?p=157391","og_locale":"en_US","og_type":"article","og_title":"Prijedorske stonoteniserke pobjedom po\u010dele novu sezonu Premijer lige BiH - PrijedorDanas.com - Prijedorski gradski portal","og_description":"Prijedorske stonoteniserke pobjedom su po\u010dele novu sezonu Premijer lige BiH. U vrlo uzbudljivom me\u010du na startu \u0161ampionata, Priejdor\u010danke su sabladale ekipu Stonoteniskog kluba \u201eKreka\u201c iz Tuzle retzltatom 4:3. Za ekipu [&hellip;]","og_url":"https:\/\/www.prijedordanas.com\/?p=157391","og_site_name":"PrijedorDanas.com - Prijedorski gradski portal","article_publisher":"https:\/\/www.facebook.com\/PrijedorDanasCom\/","article_published_time":"2020-11-02T09:58:19+00:00","og_image":[{"url":"https:\/\/www.prijedordanas.com\/wp-content\/uploads\/2020\/11\/stk-prijedor-stk-kreka-300x225.jpg"}],"author":"admin","twitter_card":"summary_large_image","twitter_misc":{"Written by":"admin","Est. reading time":"1 minute"},"schema":{"@context":"https:\/\/schema.org","@graph":[{"@type":"Article","@id":"https:\/\/www.prijedordanas.com\/?p=157391#article","isPartOf":{"@id":"https:\/\/www.prijedordanas.com\/?p=157391"},"author":{"name":"admin","@id":"https:\/\/www.prijedordanas.com\/#\/schema\/person\/4e08ccf29b506ca916ff86d46bb700e6"},"headline":"Prijedorske stonoteniserke pobjedom po\u010dele novu sezonu Premijer lige BiH","datePublished":"2020-11-02T09:58:19+00:00","dateModified":"2020-11-02T09:58:19+00:00","mainEntityOfPage":{"@id":"https:\/\/www.prijedordanas.com\/?p=157391"},"wordCount":144,"publisher":{"@id":"https:\/\/www.prijedordanas.com\/#organization"},"articleSection":["Sport"],"inLanguage":"en-US"},{"@type":"WebPage","@id":"https:\/\/www.prijedordanas.com\/?p=157391","url":"https:\/\/www.prijedordanas.com\/?p=157391","name":"Prijedorske stonoteniserke pobjedom po\u010dele novu sezonu Premijer lige BiH - PrijedorDanas.com - Prijedorski gradski portal","isPartOf":{"@id":"https:\/\/www.prijedordanas.com\/#website"},"datePublished":"2020-11-02T09:58:19+00:00","dateModified":"2020-11-02T09:58:19+00:00","breadcrumb":{"@id":"https:\/\/www.prijedordanas.com\/?p=157391#breadcrumb"},"inLanguage":"en-US","potentialAction":[{"@type":"ReadAction","target":["https:\/\/www.prijedordanas.com\/?p=157391"]}]},{"@type":"BreadcrumbList","@id":"https:\/\/www.prijedordanas.com\/?p=157391#breadcrumb","itemListElement":[{"@type":"ListItem","position":1,"name":"Home","item":"https:\/\/www.prijedordanas.com\/"},{"@type":"ListItem","position":2,"name":"Prijedorske stonoteniserke pobjedom po\u010dele novu sezonu Premijer lige BiH"}]},{"@type":"WebSite","@id":"https:\/\/www.prijedordanas.com\/#website","url":"https:\/\/www.prijedordanas.com\/","name":"PrijedorDanas.com - Prijedorski gradski portal","description":"Portal o doga\u0111anjima u gradu Prijedoru","publisher":{"@id":"https:\/\/www.prijedordanas.com\/#organization"},"potentialAction":[{"@type":"SearchAction","target":{"@type":"EntryPoint","urlTemplate":"https:\/\/www.prijedordanas.com\/?s={search_term_string}"},"query-input":"required name=search_term_string"}],"inLanguage":"en-US"},{"@type":"Organization","@id":"https:\/\/www.prijedordanas.com\/#organization","name":"PrijedorDanas.com","url":"https:\/\/www.prijedordanas.com\/","logo":{"@type":"ImageObject","inLanguage":"en-US","@id":"https:\/\/www.prijedordanas.com\/#\/schema\/logo\/image\/","url":"http:\/\/www.prijedordanas.com\/wp-content\/uploads\/2021\/12\/logopng.png","contentUrl":"http:\/\/www.prijedordanas.com\/wp-content\/uploads\/2021\/12\/logopng.png","width":1019,"height":776,"caption":"PrijedorDanas.com"},"image":{"@id":"https:\/\/www.prijedordanas.com\/#\/schema\/logo\/image\/"},"sameAs":["https:\/\/www.facebook.com\/PrijedorDanasCom\/"]},{"@type":"Person","@id":"https:\/\/www.prijedordanas.com\/#\/schema\/person\/4e08ccf29b506ca916ff86d46bb700e6","name":"admin","image":{"@type":"ImageObject","inLanguage":"en-US","@id":"https:\/\/www.prijedordanas.com\/#\/schema\/person\/image\/","url":"https:\/\/secure.gravatar.com\/avatar\/1d3fc949d550f0b53a5f0d51e06dfd79?s=96&d=mm&r=g","contentUrl":"https:\/\/secure.gravatar.com\/avatar\/1d3fc949d550f0b53a5f0d51e06dfd79?s=96&d=mm&r=g","caption":"admin"},"url":"https:\/\/www.prijedordanas.com\/?author=1"}]}},"_links":{"self":[{"href":"https:\/\/www.prijedordanas.com\/index.php?rest_route=\/wp\/v2\/posts\/157391"}],"collection":[{"href":"https:\/\/www.prijedordanas.com\/index.php?rest_route=\/wp\/v2\/posts"}],"about":[{"href":"https:\/\/www.prijedordanas.com\/index.php?rest_route=\/wp\/v2\/types\/post"}],"author":[{"embeddable":true,"href":"https:\/\/www.prijedordanas.com\/index.php?rest_route=\/wp\/v2\/users\/1"}],"replies":[{"embeddable":true,"href":"https:\/\/www.prijedordanas.com\/index.php?rest_route=%2Fwp%2Fv2%2Fcomments&post=157391"}],"version-history":[{"count":1,"href":"https:\/\/www.prijedordanas.com\/index.php?rest_route=\/wp\/v2\/posts\/157391\/revisions"}],"predecessor-version":[{"id":157393,"href":"https:\/\/www.prijedordanas.com\/index.php?rest_route=\/wp\/v2\/posts\/157391\/revisions\/157393"}],"wp:attachment":[{"href":"https:\/\/www.prijedordanas.com\/index.php?rest_route=%2Fwp%2Fv2%2Fmedia&parent=157391"}],"wp:term":[{"taxonomy":"category","embeddable":true,"href":"https:\/\/www.prijedordanas.com\/index.php?rest_route=%2Fwp%2Fv2%2Fcategories&post=157391"},{"taxonomy":"post_tag","embeddable":true,"href":"https:\/\/www.prijedordanas.com\/index.php?rest_route=%2Fwp%2Fv2%2Ftags&post=157391"}],"curies":[{"name":"wp","href":"https:\/\/api.w.org\/{rel}","templated":true}]}}