{"id":157247,"date":"2020-10-29T15:55:58","date_gmt":"2020-10-29T14:55:58","guid":{"rendered":"https:\/\/www.prijedordanas.com\/?p=157247"},"modified":"2020-10-29T15:55:58","modified_gmt":"2020-10-29T14:55:58","slug":"gradonacelnik-dakovic-uputio-apel-gradanima-da-se-pridrzavaju-propisanih-mjera","status":"publish","type":"post","link":"https:\/\/www.prijedordanas.com\/?p=157247","title":{"rendered":"Gradona\u010delnik \u0110akovi\u0107 uputio apel gra\u0111anima da se pridr\u017eavaju propisanih mjera"},"content":{"rendered":"<p><a href=\"https:\/\/www.prijedordanas.com\/wp-content\/uploads\/2020\/10\/djakovic-pres-29oktobar.jpg\"><img loading=\"lazy\" decoding=\"async\" src=\"https:\/\/www.prijedordanas.com\/wp-content\/uploads\/2020\/10\/djakovic-pres-29oktobar-300x225.jpg\" alt=\"\" width=\"300\" height=\"225\" class=\"alignleft size-medium wp-image-157248\" srcset=\"https:\/\/www.prijedordanas.com\/wp-content\/uploads\/2020\/10\/djakovic-pres-29oktobar-300x225.jpg 300w, https:\/\/www.prijedordanas.com\/wp-content\/uploads\/2020\/10\/djakovic-pres-29oktobar-640x480.jpg 640w, https:\/\/www.prijedordanas.com\/wp-content\/uploads\/2020\/10\/djakovic-pres-29oktobar.jpg 667w\" sizes=\"(max-width: 300px) 100vw, 300px\" \/><\/a>Gradona\u010delnik Prijedora Milenko \u0110akovi\u0107 je povodom naglog \u0161irenja epidemije virusa korona danas, nakon sjednice \u0160taba za vanredne situacije, odr\u017eao pres konferenciju sa koje je uputio apel gra\u0111anima da se pridr\u017eavaju propisanih mjera.<\/p>\n<p>On je podsjetio da je za sedam mjeseci epidemije, odnosno do prvog oktobra u Prijedoru bilo 237 oboljelih.<\/p>\n<p>&#8220;Od prvog do 29. oktobra, samo u ovom dijelu mjeseca imamo oko 200 novih zara\u017eenih na podru\u010dju grada. Od pojave epidemije do danas imamo 436 zara\u017eenih Prijedor\u010dana, 293 oporavljenih, trenutno je 118 oboljelih i 25 je preminulo u ovih osam mjeseci&#8221;, rekao je \u0110akovi\u0107.<\/p>\n<p>On je dodao da je 214 osoba pod zdravstvenim nadzorom i da je nadzor zavr\u0161en za 2.863 osobe.<\/p>\n<p>&#8220;U prijedorskoj regionalnoj bolnici su 34 pacijenta, 26 je na kovid odjeljenju i osam je u izolaciji u prijedorskoj bolnici&#8221; ,izjavio je graona\u010delnik.<\/p>\n<p>On je naveo da je na lije\u010denju u prijedorskoj bolnici 17 osoba iz ovog grada, \u0161est je iz Novog Grad i po jedno iz Kozarske Dubice, O\u0161tre Luke i Sanskog Mosta.<\/p>\n<p>&#8220;Dva pacijenta su na aparatima i \u017eivotno ugro\u017eeni, dva su te\u017ea klini\u010dka slu\u010daja, a ostalo su srednje te\u0161ki&#8221;, pojasnio je on.<\/p>\n<p>\u0110akovi\u0107 ka\u017ee da su pri kraju radovi na renoviranju prvog sprata zgrade psihijatrije koja je u sastavu prijedorske bolnice i u kojoj je kovid ambulanta.<\/p>\n<p>&#8220;U naredna dva, tri dana o\u010dekuje se da bude spreman i taj sprat i ima\u0107emo 51 krevet na kovid odjeljenju od kojih \u0107e 37 imati i kiseonik za pacijente. Oboljeli su u kovid ambulanti, a na \u010detvrtom spratu su oni koji su u izolaciji i \u010dekaju testiranje&#8221;, rekao je \u0110akovi\u0107.<\/p>\n<p>Podsjetio je da od ponedjeljka po\u010dinje nastava u \u0161kolama.<\/p>\n<p>&#8220;Gradski i op\u0161tinski \u0161tabovi \u0107e pratiti situacije u svim \u0161kolama i donositi odluke zavisno o broju oboljelih. \u0160kole nisu sterilna mjesta. U prijedorskim \u0161kolama od 1. septembra do 28. oktobra imali smo 15 oboljelih prosvjetnih radnika i 15 u\u010denika. Od toga se do sada oporavilo 10 prosvjetnih radnika i \u0161est u\u010denika, zna\u010di trenutno je pet radnika zara\u017eeno i devet u\u010denika&#8221;, naveo je \u0110akovi\u0107.<\/p>\n<p>On ka\u017ee da je u Prijedoru danas 11 novih zara\u017eenih osoba te da je trenutno zara\u017eeno i 17 zdravstvenih radnika.<\/p>\n<p>\u0110akovi\u0107 je istakao da je zna\u010dajan broj Prijedor\u010dana u ku\u0107noj izolaciji.<\/p>\n<p>&#8220;Du\u017ean sam da upozorim gra\u0111ane, jer je o\u010digledno virus dobio stravi\u010dno ubrzanje u poslednjih mjesec dana, iako mi u Prijedoru jo\u0161 uvijek imamo stanje pod kontrolom i nastojimo stvoriti \u0161to vi\u0161e mjesta za oboljele. Pozivam gra\u0111ane da osnovna tri uputstva ispo\u0161tuju, a to su no\u0161enje maske, dr\u017eanje udaljenosti najmanje dva metra od drugog \u010dovjeka i li\u010dna higijena. Ako se ovako nastavi moglo bi do\u0107i do ugro\u017eavanja zdravstvenog sistema i optere\u0107enja zdravstvenih radnika, posebno onih koji nose skafandare i lije\u010de oboljele&#8221;,istakao je \u0110akovi\u0107.<\/p>\n<p>On je ponovio da Prijedor jo\u0161 nije kriti\u010dna zajednica, ali da iskustva onih koji su bili te\u017ee oboljeli pokazuju da se nije lako izboriti za \u017eivot.<\/p>\n<p>&#8220;Potrebno je da svi zajedno poradimo na tome da se \u0161titimo koliko je mogu\u0107e da ne do\u0111emo u te\u017ee stanje&#8221;, poru\u010dio je on.<\/p>\n<p>www.prijedorgrad.org<\/p>\n","protected":false},"excerpt":{"rendered":"<p>Gradona\u010delnik Prijedora Milenko \u0110akovi\u0107 je povodom naglog \u0161irenja epidemije virusa korona danas, nakon sjednice \u0160taba za vanredne situacije, odr\u017eao pres konferenciju sa koje je uputio apel gra\u0111anima da se pridr\u017eavaju [&hellip;]<\/p>\n","protected":false},"author":1,"featured_media":0,"comment_status":"closed","ping_status":"open","sticky":false,"template":"","format":"standard","meta":{"_monsterinsights_skip_tracking":false,"_monsterinsights_sitenote_active":false,"_monsterinsights_sitenote_note":"","_monsterinsights_sitenote_category":0,"footnotes":""},"categories":[4],"tags":[],"yoast_head":"<!-- This site is optimized with the Yoast SEO plugin v21.6 - https:\/\/yoast.com\/wordpress\/plugins\/seo\/ -->\n<title>Gradona\u010delnik \u0110akovi\u0107 uputio apel gra\u0111anima da se pridr\u017eavaju propisanih mjera - PrijedorDanas.com - Prijedorski gradski portal<\/title>\n<meta name=\"robots\" content=\"index, follow, max-snippet:-1, max-image-preview:large, max-video-preview:-1\" \/>\n<link rel=\"canonical\" href=\"https:\/\/www.prijedordanas.com\/?p=157247\" \/>\n<meta property=\"og:locale\" content=\"en_US\" \/>\n<meta property=\"og:type\" content=\"article\" \/>\n<meta property=\"og:title\" content=\"Gradona\u010delnik \u0110akovi\u0107 uputio apel gra\u0111anima da se pridr\u017eavaju propisanih mjera - PrijedorDanas.com - Prijedorski gradski portal\" \/>\n<meta property=\"og:description\" content=\"Gradona\u010delnik Prijedora Milenko \u0110akovi\u0107 je povodom naglog \u0161irenja epidemije virusa korona danas, nakon sjednice \u0160taba za vanredne situacije, odr\u017eao pres konferenciju sa koje je uputio apel gra\u0111anima da se pridr\u017eavaju [&hellip;]\" \/>\n<meta property=\"og:url\" content=\"https:\/\/www.prijedordanas.com\/?p=157247\" \/>\n<meta property=\"og:site_name\" content=\"PrijedorDanas.com - Prijedorski gradski portal\" \/>\n<meta property=\"article:publisher\" content=\"https:\/\/www.facebook.com\/PrijedorDanasCom\/\" \/>\n<meta property=\"article:published_time\" content=\"2020-10-29T14:55:58+00:00\" \/>\n<meta property=\"og:image\" content=\"https:\/\/www.prijedordanas.com\/wp-content\/uploads\/2020\/10\/djakovic-pres-29oktobar-300x225.jpg\" \/>\n<meta name=\"author\" content=\"admin\" \/>\n<meta name=\"twitter:card\" content=\"summary_large_image\" \/>\n<meta name=\"twitter:label1\" content=\"Written by\" \/>\n\t<meta name=\"twitter:data1\" content=\"admin\" \/>\n\t<meta name=\"twitter:label2\" content=\"Est. reading time\" \/>\n\t<meta name=\"twitter:data2\" content=\"3 minutes\" \/>\n<script type=\"application\/ld+json\" class=\"yoast-schema-graph\">{\"@context\":\"https:\/\/schema.org\",\"@graph\":[{\"@type\":\"Article\",\"@id\":\"https:\/\/www.prijedordanas.com\/?p=157247#article\",\"isPartOf\":{\"@id\":\"https:\/\/www.prijedordanas.com\/?p=157247\"},\"author\":{\"name\":\"admin\",\"@id\":\"https:\/\/www.prijedordanas.com\/#\/schema\/person\/4e08ccf29b506ca916ff86d46bb700e6\"},\"headline\":\"Gradona\u010delnik \u0110akovi\u0107 uputio apel gra\u0111anima da se pridr\u017eavaju propisanih mjera\",\"datePublished\":\"2020-10-29T14:55:58+00:00\",\"dateModified\":\"2020-10-29T14:55:58+00:00\",\"mainEntityOfPage\":{\"@id\":\"https:\/\/www.prijedordanas.com\/?p=157247\"},\"wordCount\":545,\"publisher\":{\"@id\":\"https:\/\/www.prijedordanas.com\/#organization\"},\"articleSection\":[\"Dru\u0161tvo\"],\"inLanguage\":\"en-US\"},{\"@type\":\"WebPage\",\"@id\":\"https:\/\/www.prijedordanas.com\/?p=157247\",\"url\":\"https:\/\/www.prijedordanas.com\/?p=157247\",\"name\":\"Gradona\u010delnik \u0110akovi\u0107 uputio apel gra\u0111anima da se pridr\u017eavaju propisanih mjera - PrijedorDanas.com - Prijedorski gradski portal\",\"isPartOf\":{\"@id\":\"https:\/\/www.prijedordanas.com\/#website\"},\"datePublished\":\"2020-10-29T14:55:58+00:00\",\"dateModified\":\"2020-10-29T14:55:58+00:00\",\"breadcrumb\":{\"@id\":\"https:\/\/www.prijedordanas.com\/?p=157247#breadcrumb\"},\"inLanguage\":\"en-US\",\"potentialAction\":[{\"@type\":\"ReadAction\",\"target\":[\"https:\/\/www.prijedordanas.com\/?p=157247\"]}]},{\"@type\":\"BreadcrumbList\",\"@id\":\"https:\/\/www.prijedordanas.com\/?p=157247#breadcrumb\",\"itemListElement\":[{\"@type\":\"ListItem\",\"position\":1,\"name\":\"Home\",\"item\":\"https:\/\/www.prijedordanas.com\/\"},{\"@type\":\"ListItem\",\"position\":2,\"name\":\"Gradona\u010delnik \u0110akovi\u0107 uputio apel gra\u0111anima da se pridr\u017eavaju propisanih mjera\"}]},{\"@type\":\"WebSite\",\"@id\":\"https:\/\/www.prijedordanas.com\/#website\",\"url\":\"https:\/\/www.prijedordanas.com\/\",\"name\":\"PrijedorDanas.com - Prijedorski gradski portal\",\"description\":\"Portal o doga\u0111anjima u gradu Prijedoru\",\"publisher\":{\"@id\":\"https:\/\/www.prijedordanas.com\/#organization\"},\"potentialAction\":[{\"@type\":\"SearchAction\",\"target\":{\"@type\":\"EntryPoint\",\"urlTemplate\":\"https:\/\/www.prijedordanas.com\/?s={search_term_string}\"},\"query-input\":\"required name=search_term_string\"}],\"inLanguage\":\"en-US\"},{\"@type\":\"Organization\",\"@id\":\"https:\/\/www.prijedordanas.com\/#organization\",\"name\":\"PrijedorDanas.com\",\"url\":\"https:\/\/www.prijedordanas.com\/\",\"logo\":{\"@type\":\"ImageObject\",\"inLanguage\":\"en-US\",\"@id\":\"https:\/\/www.prijedordanas.com\/#\/schema\/logo\/image\/\",\"url\":\"http:\/\/www.prijedordanas.com\/wp-content\/uploads\/2021\/12\/logopng.png\",\"contentUrl\":\"http:\/\/www.prijedordanas.com\/wp-content\/uploads\/2021\/12\/logopng.png\",\"width\":1019,\"height\":776,\"caption\":\"PrijedorDanas.com\"},\"image\":{\"@id\":\"https:\/\/www.prijedordanas.com\/#\/schema\/logo\/image\/\"},\"sameAs\":[\"https:\/\/www.facebook.com\/PrijedorDanasCom\/\"]},{\"@type\":\"Person\",\"@id\":\"https:\/\/www.prijedordanas.com\/#\/schema\/person\/4e08ccf29b506ca916ff86d46bb700e6\",\"name\":\"admin\",\"image\":{\"@type\":\"ImageObject\",\"inLanguage\":\"en-US\",\"@id\":\"https:\/\/www.prijedordanas.com\/#\/schema\/person\/image\/\",\"url\":\"https:\/\/secure.gravatar.com\/avatar\/1d3fc949d550f0b53a5f0d51e06dfd79?s=96&d=mm&r=g\",\"contentUrl\":\"https:\/\/secure.gravatar.com\/avatar\/1d3fc949d550f0b53a5f0d51e06dfd79?s=96&d=mm&r=g\",\"caption\":\"admin\"},\"url\":\"https:\/\/www.prijedordanas.com\/?author=1\"}]}<\/script>\n<!-- \/ Yoast SEO plugin. -->","yoast_head_json":{"title":"Gradona\u010delnik \u0110akovi\u0107 uputio apel gra\u0111anima da se pridr\u017eavaju propisanih mjera - PrijedorDanas.com - Prijedorski gradski portal","robots":{"index":"index","follow":"follow","max-snippet":"max-snippet:-1","max-image-preview":"max-image-preview:large","max-video-preview":"max-video-preview:-1"},"canonical":"https:\/\/www.prijedordanas.com\/?p=157247","og_locale":"en_US","og_type":"article","og_title":"Gradona\u010delnik \u0110akovi\u0107 uputio apel gra\u0111anima da se pridr\u017eavaju propisanih mjera - PrijedorDanas.com - Prijedorski gradski portal","og_description":"Gradona\u010delnik Prijedora Milenko \u0110akovi\u0107 je povodom naglog \u0161irenja epidemije virusa korona danas, nakon sjednice \u0160taba za vanredne situacije, odr\u017eao pres konferenciju sa koje je uputio apel gra\u0111anima da se pridr\u017eavaju [&hellip;]","og_url":"https:\/\/www.prijedordanas.com\/?p=157247","og_site_name":"PrijedorDanas.com - Prijedorski gradski portal","article_publisher":"https:\/\/www.facebook.com\/PrijedorDanasCom\/","article_published_time":"2020-10-29T14:55:58+00:00","og_image":[{"url":"https:\/\/www.prijedordanas.com\/wp-content\/uploads\/2020\/10\/djakovic-pres-29oktobar-300x225.jpg"}],"author":"admin","twitter_card":"summary_large_image","twitter_misc":{"Written by":"admin","Est. reading time":"3 minutes"},"schema":{"@context":"https:\/\/schema.org","@graph":[{"@type":"Article","@id":"https:\/\/www.prijedordanas.com\/?p=157247#article","isPartOf":{"@id":"https:\/\/www.prijedordanas.com\/?p=157247"},"author":{"name":"admin","@id":"https:\/\/www.prijedordanas.com\/#\/schema\/person\/4e08ccf29b506ca916ff86d46bb700e6"},"headline":"Gradona\u010delnik \u0110akovi\u0107 uputio apel gra\u0111anima da se pridr\u017eavaju propisanih mjera","datePublished":"2020-10-29T14:55:58+00:00","dateModified":"2020-10-29T14:55:58+00:00","mainEntityOfPage":{"@id":"https:\/\/www.prijedordanas.com\/?p=157247"},"wordCount":545,"publisher":{"@id":"https:\/\/www.prijedordanas.com\/#organization"},"articleSection":["Dru\u0161tvo"],"inLanguage":"en-US"},{"@type":"WebPage","@id":"https:\/\/www.prijedordanas.com\/?p=157247","url":"https:\/\/www.prijedordanas.com\/?p=157247","name":"Gradona\u010delnik \u0110akovi\u0107 uputio apel gra\u0111anima da se pridr\u017eavaju propisanih mjera - PrijedorDanas.com - Prijedorski gradski portal","isPartOf":{"@id":"https:\/\/www.prijedordanas.com\/#website"},"datePublished":"2020-10-29T14:55:58+00:00","dateModified":"2020-10-29T14:55:58+00:00","breadcrumb":{"@id":"https:\/\/www.prijedordanas.com\/?p=157247#breadcrumb"},"inLanguage":"en-US","potentialAction":[{"@type":"ReadAction","target":["https:\/\/www.prijedordanas.com\/?p=157247"]}]},{"@type":"BreadcrumbList","@id":"https:\/\/www.prijedordanas.com\/?p=157247#breadcrumb","itemListElement":[{"@type":"ListItem","position":1,"name":"Home","item":"https:\/\/www.prijedordanas.com\/"},{"@type":"ListItem","position":2,"name":"Gradona\u010delnik \u0110akovi\u0107 uputio apel gra\u0111anima da se pridr\u017eavaju propisanih mjera"}]},{"@type":"WebSite","@id":"https:\/\/www.prijedordanas.com\/#website","url":"https:\/\/www.prijedordanas.com\/","name":"PrijedorDanas.com - Prijedorski gradski portal","description":"Portal o doga\u0111anjima u gradu Prijedoru","publisher":{"@id":"https:\/\/www.prijedordanas.com\/#organization"},"potentialAction":[{"@type":"SearchAction","target":{"@type":"EntryPoint","urlTemplate":"https:\/\/www.prijedordanas.com\/?s={search_term_string}"},"query-input":"required name=search_term_string"}],"inLanguage":"en-US"},{"@type":"Organization","@id":"https:\/\/www.prijedordanas.com\/#organization","name":"PrijedorDanas.com","url":"https:\/\/www.prijedordanas.com\/","logo":{"@type":"ImageObject","inLanguage":"en-US","@id":"https:\/\/www.prijedordanas.com\/#\/schema\/logo\/image\/","url":"http:\/\/www.prijedordanas.com\/wp-content\/uploads\/2021\/12\/logopng.png","contentUrl":"http:\/\/www.prijedordanas.com\/wp-content\/uploads\/2021\/12\/logopng.png","width":1019,"height":776,"caption":"PrijedorDanas.com"},"image":{"@id":"https:\/\/www.prijedordanas.com\/#\/schema\/logo\/image\/"},"sameAs":["https:\/\/www.facebook.com\/PrijedorDanasCom\/"]},{"@type":"Person","@id":"https:\/\/www.prijedordanas.com\/#\/schema\/person\/4e08ccf29b506ca916ff86d46bb700e6","name":"admin","image":{"@type":"ImageObject","inLanguage":"en-US","@id":"https:\/\/www.prijedordanas.com\/#\/schema\/person\/image\/","url":"https:\/\/secure.gravatar.com\/avatar\/1d3fc949d550f0b53a5f0d51e06dfd79?s=96&d=mm&r=g","contentUrl":"https:\/\/secure.gravatar.com\/avatar\/1d3fc949d550f0b53a5f0d51e06dfd79?s=96&d=mm&r=g","caption":"admin"},"url":"https:\/\/www.prijedordanas.com\/?author=1"}]}},"_links":{"self":[{"href":"https:\/\/www.prijedordanas.com\/index.php?rest_route=\/wp\/v2\/posts\/157247"}],"collection":[{"href":"https:\/\/www.prijedordanas.com\/index.php?rest_route=\/wp\/v2\/posts"}],"about":[{"href":"https:\/\/www.prijedordanas.com\/index.php?rest_route=\/wp\/v2\/types\/post"}],"author":[{"embeddable":true,"href":"https:\/\/www.prijedordanas.com\/index.php?rest_route=\/wp\/v2\/users\/1"}],"replies":[{"embeddable":true,"href":"https:\/\/www.prijedordanas.com\/index.php?rest_route=%2Fwp%2Fv2%2Fcomments&post=157247"}],"version-history":[{"count":1,"href":"https:\/\/www.prijedordanas.com\/index.php?rest_route=\/wp\/v2\/posts\/157247\/revisions"}],"predecessor-version":[{"id":157249,"href":"https:\/\/www.prijedordanas.com\/index.php?rest_route=\/wp\/v2\/posts\/157247\/revisions\/157249"}],"wp:attachment":[{"href":"https:\/\/www.prijedordanas.com\/index.php?rest_route=%2Fwp%2Fv2%2Fmedia&parent=157247"}],"wp:term":[{"taxonomy":"category","embeddable":true,"href":"https:\/\/www.prijedordanas.com\/index.php?rest_route=%2Fwp%2Fv2%2Fcategories&post=157247"},{"taxonomy":"post_tag","embeddable":true,"href":"https:\/\/www.prijedordanas.com\/index.php?rest_route=%2Fwp%2Fv2%2Ftags&post=157247"}],"curies":[{"name":"wp","href":"https:\/\/api.w.org\/{rel}","templated":true}]}}