{"id":157204,"date":"2020-10-28T14:53:29","date_gmt":"2020-10-28T13:53:29","guid":{"rendered":"https:\/\/www.prijedordanas.com\/?p=157204"},"modified":"2020-10-28T14:53:29","modified_gmt":"2020-10-28T13:53:29","slug":"milojica-osuden-na-16-godina-za-ubistva-u-prijedoru-rivic-osloboden-optuzbi","status":"publish","type":"post","link":"https:\/\/www.prijedordanas.com\/?p=157204","title":{"rendered":"Milojica osu\u0111en na 16 godina za ubistva u Prijedoru, Rivi\u0107 oslobo\u0111en optu\u017ebi"},"content":{"rendered":"<p><a href=\"https:\/\/www.prijedordanas.com\/wp-content\/uploads\/2018\/06\/sud-bih-milojica-rivic.jpg\"><img loading=\"lazy\" decoding=\"async\" src=\"https:\/\/www.prijedordanas.com\/wp-content\/uploads\/2018\/06\/sud-bih-milojica-rivic-300x217.jpg\" alt=\"\" width=\"300\" height=\"217\" class=\"alignleft size-medium wp-image-107129\" srcset=\"https:\/\/www.prijedordanas.com\/wp-content\/uploads\/2018\/06\/sud-bih-milojica-rivic-300x217.jpg 300w, https:\/\/www.prijedordanas.com\/wp-content\/uploads\/2018\/06\/sud-bih-milojica-rivic-100x72.jpg 100w, https:\/\/www.prijedordanas.com\/wp-content\/uploads\/2018\/06\/sud-bih-milojica-rivic.jpg 691w\" sizes=\"(max-width: 300px) 100vw, 300px\" \/><\/a>Apelaciono vije\u0107e Dr\u017eavnog suda je drugostepenom presudom osudilo Boru Milojicu na 16 godina zatvora za vi\u0161estruka ubistva po\u010dinjena u ljeto 1992. godine na podru\u010dju Prijedora, dok je \u017delislava Rivi\u0107a oslobodilo optu\u017ebi.<\/p>\n<p>Tokom izricanja presude Apelaciono vije\u0107e je navelo da je Milojica bio pripadnik Vojske Republike Srpske (VRS) i da je \u017eive\u0107i na podru\u010dju Prijedora bio upoznat sa \u0161irokim i sistemati\u010dnim napadom, te je u\u010destvovao u napadima na civile u Hambarinama.<\/p>\n<p>\u201eDa je kriv za ubistvo Sameda Veliba\u0161i\u0107a Vije\u0107e je utvrdilo na iskazu svjedoka koji \u010dine jedinstvenu cjelinu i daju samo jedan zaklju\u010dak, da je Milojica po\u010dinio ovo djelo. Iskazi svjedoka su jasni, uvjerljivi, i vjerodostojni pri \u010demu ne ostavljaju sumnje\u201c, kazao je predsjedavaju\u0107i Apelacionog vije\u0107a, Dragomir Vukoje.<\/p>\n<p>Sud je Milojici odmah odredio pritvor koji \u0107e trajati do upu\u0107ivanja na izdr\u017eavanje kazne.<\/p>\n<p>Njemu se sudilo zajedno sa \u017delislavom Rivi\u0107em, koji je oslobo\u0111en optu\u017ebi.<\/p>\n<p>Su\u0111enje Milojici i Rivi\u0107u obnovljeno je nakon \u0161to je Apelaciono vije\u0107e ukinulo prvostepenu presudu iz juna 2019. kojom je Milojica osu\u0111en na osam godina zatvora, a Rivi\u0107 oslobo\u0111en optu\u017ebi.<\/p>\n<p>Tom presudom Milojica je, kao nekada\u0161nji pripadnik 6. ljubijskog bataljona VRS, progla\u0161en krivim po dvije ta\u010dke optu\u017enice za ubistva bo\u0161nja\u010dkih civila po\u010dinjena u julu 1992. u Hambarinama, te mu je izre\u010dena kazna od osam godina zatvora.<\/p>\n<p>Istom odlukom, Milojica i Rivi\u0107 su oslobo\u0111eni po \u010detiri ta\u010dke optu\u017enice da su, kao pripadnici Ljubijskog bataljona, po\u010dinili ubistva civila romske, bo\u0161nja\u010dke i hrvatske nacionalnosti u julu 1992. na podru\u010dju Prijedora.<\/p>\n<p>Su\u0111enje u ovom predmetu po\u010delo je u junu 2017. godine.<\/p>\n<p>Na drugostepenu presudu ne postoji mogu\u0107nost \u017ealbe.<\/p>\n<p>BIRN<\/p>\n","protected":false},"excerpt":{"rendered":"<p>Apelaciono vije\u0107e Dr\u017eavnog suda je drugostepenom presudom osudilo Boru Milojicu na 16 godina zatvora za vi\u0161estruka ubistva po\u010dinjena u ljeto 1992. godine na podru\u010dju Prijedora, dok je \u017delislava Rivi\u0107a oslobodilo [&hellip;]<\/p>\n","protected":false},"author":1,"featured_media":0,"comment_status":"closed","ping_status":"open","sticky":false,"template":"","format":"standard","meta":{"_monsterinsights_skip_tracking":false,"_monsterinsights_sitenote_active":false,"_monsterinsights_sitenote_note":"","_monsterinsights_sitenote_category":0,"footnotes":""},"categories":[5],"tags":[531],"yoast_head":"<!-- This site is optimized with the Yoast SEO plugin v21.6 - https:\/\/yoast.com\/wordpress\/plugins\/seo\/ -->\n<title>Milojica osu\u0111en na 16 godina za ubistva u Prijedoru, Rivi\u0107 oslobo\u0111en optu\u017ebi - PrijedorDanas.com - Prijedorski gradski portal<\/title>\n<meta name=\"robots\" content=\"index, follow, max-snippet:-1, max-image-preview:large, max-video-preview:-1\" \/>\n<link rel=\"canonical\" href=\"https:\/\/www.prijedordanas.com\/?p=157204\" \/>\n<meta property=\"og:locale\" content=\"en_US\" \/>\n<meta property=\"og:type\" content=\"article\" \/>\n<meta property=\"og:title\" content=\"Milojica osu\u0111en na 16 godina za ubistva u Prijedoru, Rivi\u0107 oslobo\u0111en optu\u017ebi - PrijedorDanas.com - Prijedorski gradski portal\" \/>\n<meta property=\"og:description\" content=\"Apelaciono vije\u0107e Dr\u017eavnog suda je drugostepenom presudom osudilo Boru Milojicu na 16 godina zatvora za vi\u0161estruka ubistva po\u010dinjena u ljeto 1992. godine na podru\u010dju Prijedora, dok je \u017delislava Rivi\u0107a oslobodilo [&hellip;]\" \/>\n<meta property=\"og:url\" content=\"https:\/\/www.prijedordanas.com\/?p=157204\" \/>\n<meta property=\"og:site_name\" content=\"PrijedorDanas.com - Prijedorski gradski portal\" \/>\n<meta property=\"article:publisher\" content=\"https:\/\/www.facebook.com\/PrijedorDanasCom\/\" \/>\n<meta property=\"article:published_time\" content=\"2020-10-28T13:53:29+00:00\" \/>\n<meta property=\"og:image\" content=\"https:\/\/www.prijedordanas.com\/wp-content\/uploads\/2018\/06\/sud-bih-milojica-rivic-300x217.jpg\" \/>\n<meta name=\"author\" content=\"admin\" \/>\n<meta name=\"twitter:card\" content=\"summary_large_image\" \/>\n<meta name=\"twitter:label1\" content=\"Written by\" \/>\n\t<meta name=\"twitter:data1\" content=\"admin\" \/>\n\t<meta name=\"twitter:label2\" content=\"Est. reading time\" \/>\n\t<meta name=\"twitter:data2\" content=\"1 minute\" \/>\n<script type=\"application\/ld+json\" class=\"yoast-schema-graph\">{\"@context\":\"https:\/\/schema.org\",\"@graph\":[{\"@type\":\"Article\",\"@id\":\"https:\/\/www.prijedordanas.com\/?p=157204#article\",\"isPartOf\":{\"@id\":\"https:\/\/www.prijedordanas.com\/?p=157204\"},\"author\":{\"name\":\"admin\",\"@id\":\"https:\/\/www.prijedordanas.com\/#\/schema\/person\/4e08ccf29b506ca916ff86d46bb700e6\"},\"headline\":\"Milojica osu\u0111en na 16 godina za ubistva u Prijedoru, Rivi\u0107 oslobo\u0111en optu\u017ebi\",\"datePublished\":\"2020-10-28T13:53:29+00:00\",\"dateModified\":\"2020-10-28T13:53:29+00:00\",\"mainEntityOfPage\":{\"@id\":\"https:\/\/www.prijedordanas.com\/?p=157204\"},\"wordCount\":311,\"publisher\":{\"@id\":\"https:\/\/www.prijedordanas.com\/#organization\"},\"keywords\":[\"Sud BiH\"],\"articleSection\":[\"Hronika\"],\"inLanguage\":\"en-US\"},{\"@type\":\"WebPage\",\"@id\":\"https:\/\/www.prijedordanas.com\/?p=157204\",\"url\":\"https:\/\/www.prijedordanas.com\/?p=157204\",\"name\":\"Milojica osu\u0111en na 16 godina za ubistva u Prijedoru, Rivi\u0107 oslobo\u0111en optu\u017ebi - PrijedorDanas.com - Prijedorski gradski portal\",\"isPartOf\":{\"@id\":\"https:\/\/www.prijedordanas.com\/#website\"},\"datePublished\":\"2020-10-28T13:53:29+00:00\",\"dateModified\":\"2020-10-28T13:53:29+00:00\",\"breadcrumb\":{\"@id\":\"https:\/\/www.prijedordanas.com\/?p=157204#breadcrumb\"},\"inLanguage\":\"en-US\",\"potentialAction\":[{\"@type\":\"ReadAction\",\"target\":[\"https:\/\/www.prijedordanas.com\/?p=157204\"]}]},{\"@type\":\"BreadcrumbList\",\"@id\":\"https:\/\/www.prijedordanas.com\/?p=157204#breadcrumb\",\"itemListElement\":[{\"@type\":\"ListItem\",\"position\":1,\"name\":\"Home\",\"item\":\"https:\/\/www.prijedordanas.com\/\"},{\"@type\":\"ListItem\",\"position\":2,\"name\":\"Milojica osu\u0111en na 16 godina za ubistva u Prijedoru, Rivi\u0107 oslobo\u0111en optu\u017ebi\"}]},{\"@type\":\"WebSite\",\"@id\":\"https:\/\/www.prijedordanas.com\/#website\",\"url\":\"https:\/\/www.prijedordanas.com\/\",\"name\":\"PrijedorDanas.com - Prijedorski gradski portal\",\"description\":\"Portal o doga\u0111anjima u gradu Prijedoru\",\"publisher\":{\"@id\":\"https:\/\/www.prijedordanas.com\/#organization\"},\"potentialAction\":[{\"@type\":\"SearchAction\",\"target\":{\"@type\":\"EntryPoint\",\"urlTemplate\":\"https:\/\/www.prijedordanas.com\/?s={search_term_string}\"},\"query-input\":\"required name=search_term_string\"}],\"inLanguage\":\"en-US\"},{\"@type\":\"Organization\",\"@id\":\"https:\/\/www.prijedordanas.com\/#organization\",\"name\":\"PrijedorDanas.com\",\"url\":\"https:\/\/www.prijedordanas.com\/\",\"logo\":{\"@type\":\"ImageObject\",\"inLanguage\":\"en-US\",\"@id\":\"https:\/\/www.prijedordanas.com\/#\/schema\/logo\/image\/\",\"url\":\"http:\/\/www.prijedordanas.com\/wp-content\/uploads\/2021\/12\/logopng.png\",\"contentUrl\":\"http:\/\/www.prijedordanas.com\/wp-content\/uploads\/2021\/12\/logopng.png\",\"width\":1019,\"height\":776,\"caption\":\"PrijedorDanas.com\"},\"image\":{\"@id\":\"https:\/\/www.prijedordanas.com\/#\/schema\/logo\/image\/\"},\"sameAs\":[\"https:\/\/www.facebook.com\/PrijedorDanasCom\/\"]},{\"@type\":\"Person\",\"@id\":\"https:\/\/www.prijedordanas.com\/#\/schema\/person\/4e08ccf29b506ca916ff86d46bb700e6\",\"name\":\"admin\",\"image\":{\"@type\":\"ImageObject\",\"inLanguage\":\"en-US\",\"@id\":\"https:\/\/www.prijedordanas.com\/#\/schema\/person\/image\/\",\"url\":\"https:\/\/secure.gravatar.com\/avatar\/1d3fc949d550f0b53a5f0d51e06dfd79?s=96&d=mm&r=g\",\"contentUrl\":\"https:\/\/secure.gravatar.com\/avatar\/1d3fc949d550f0b53a5f0d51e06dfd79?s=96&d=mm&r=g\",\"caption\":\"admin\"},\"url\":\"https:\/\/www.prijedordanas.com\/?author=1\"}]}<\/script>\n<!-- \/ Yoast SEO plugin. -->","yoast_head_json":{"title":"Milojica osu\u0111en na 16 godina za ubistva u Prijedoru, Rivi\u0107 oslobo\u0111en optu\u017ebi - PrijedorDanas.com - Prijedorski gradski portal","robots":{"index":"index","follow":"follow","max-snippet":"max-snippet:-1","max-image-preview":"max-image-preview:large","max-video-preview":"max-video-preview:-1"},"canonical":"https:\/\/www.prijedordanas.com\/?p=157204","og_locale":"en_US","og_type":"article","og_title":"Milojica osu\u0111en na 16 godina za ubistva u Prijedoru, Rivi\u0107 oslobo\u0111en optu\u017ebi - PrijedorDanas.com - Prijedorski gradski portal","og_description":"Apelaciono vije\u0107e Dr\u017eavnog suda je drugostepenom presudom osudilo Boru Milojicu na 16 godina zatvora za vi\u0161estruka ubistva po\u010dinjena u ljeto 1992. godine na podru\u010dju Prijedora, dok je \u017delislava Rivi\u0107a oslobodilo [&hellip;]","og_url":"https:\/\/www.prijedordanas.com\/?p=157204","og_site_name":"PrijedorDanas.com - Prijedorski gradski portal","article_publisher":"https:\/\/www.facebook.com\/PrijedorDanasCom\/","article_published_time":"2020-10-28T13:53:29+00:00","og_image":[{"url":"https:\/\/www.prijedordanas.com\/wp-content\/uploads\/2018\/06\/sud-bih-milojica-rivic-300x217.jpg"}],"author":"admin","twitter_card":"summary_large_image","twitter_misc":{"Written by":"admin","Est. reading time":"1 minute"},"schema":{"@context":"https:\/\/schema.org","@graph":[{"@type":"Article","@id":"https:\/\/www.prijedordanas.com\/?p=157204#article","isPartOf":{"@id":"https:\/\/www.prijedordanas.com\/?p=157204"},"author":{"name":"admin","@id":"https:\/\/www.prijedordanas.com\/#\/schema\/person\/4e08ccf29b506ca916ff86d46bb700e6"},"headline":"Milojica osu\u0111en na 16 godina za ubistva u Prijedoru, Rivi\u0107 oslobo\u0111en optu\u017ebi","datePublished":"2020-10-28T13:53:29+00:00","dateModified":"2020-10-28T13:53:29+00:00","mainEntityOfPage":{"@id":"https:\/\/www.prijedordanas.com\/?p=157204"},"wordCount":311,"publisher":{"@id":"https:\/\/www.prijedordanas.com\/#organization"},"keywords":["Sud BiH"],"articleSection":["Hronika"],"inLanguage":"en-US"},{"@type":"WebPage","@id":"https:\/\/www.prijedordanas.com\/?p=157204","url":"https:\/\/www.prijedordanas.com\/?p=157204","name":"Milojica osu\u0111en na 16 godina za ubistva u Prijedoru, Rivi\u0107 oslobo\u0111en optu\u017ebi - PrijedorDanas.com - Prijedorski gradski portal","isPartOf":{"@id":"https:\/\/www.prijedordanas.com\/#website"},"datePublished":"2020-10-28T13:53:29+00:00","dateModified":"2020-10-28T13:53:29+00:00","breadcrumb":{"@id":"https:\/\/www.prijedordanas.com\/?p=157204#breadcrumb"},"inLanguage":"en-US","potentialAction":[{"@type":"ReadAction","target":["https:\/\/www.prijedordanas.com\/?p=157204"]}]},{"@type":"BreadcrumbList","@id":"https:\/\/www.prijedordanas.com\/?p=157204#breadcrumb","itemListElement":[{"@type":"ListItem","position":1,"name":"Home","item":"https:\/\/www.prijedordanas.com\/"},{"@type":"ListItem","position":2,"name":"Milojica osu\u0111en na 16 godina za ubistva u Prijedoru, Rivi\u0107 oslobo\u0111en optu\u017ebi"}]},{"@type":"WebSite","@id":"https:\/\/www.prijedordanas.com\/#website","url":"https:\/\/www.prijedordanas.com\/","name":"PrijedorDanas.com - Prijedorski gradski portal","description":"Portal o doga\u0111anjima u gradu Prijedoru","publisher":{"@id":"https:\/\/www.prijedordanas.com\/#organization"},"potentialAction":[{"@type":"SearchAction","target":{"@type":"EntryPoint","urlTemplate":"https:\/\/www.prijedordanas.com\/?s={search_term_string}"},"query-input":"required name=search_term_string"}],"inLanguage":"en-US"},{"@type":"Organization","@id":"https:\/\/www.prijedordanas.com\/#organization","name":"PrijedorDanas.com","url":"https:\/\/www.prijedordanas.com\/","logo":{"@type":"ImageObject","inLanguage":"en-US","@id":"https:\/\/www.prijedordanas.com\/#\/schema\/logo\/image\/","url":"http:\/\/www.prijedordanas.com\/wp-content\/uploads\/2021\/12\/logopng.png","contentUrl":"http:\/\/www.prijedordanas.com\/wp-content\/uploads\/2021\/12\/logopng.png","width":1019,"height":776,"caption":"PrijedorDanas.com"},"image":{"@id":"https:\/\/www.prijedordanas.com\/#\/schema\/logo\/image\/"},"sameAs":["https:\/\/www.facebook.com\/PrijedorDanasCom\/"]},{"@type":"Person","@id":"https:\/\/www.prijedordanas.com\/#\/schema\/person\/4e08ccf29b506ca916ff86d46bb700e6","name":"admin","image":{"@type":"ImageObject","inLanguage":"en-US","@id":"https:\/\/www.prijedordanas.com\/#\/schema\/person\/image\/","url":"https:\/\/secure.gravatar.com\/avatar\/1d3fc949d550f0b53a5f0d51e06dfd79?s=96&d=mm&r=g","contentUrl":"https:\/\/secure.gravatar.com\/avatar\/1d3fc949d550f0b53a5f0d51e06dfd79?s=96&d=mm&r=g","caption":"admin"},"url":"https:\/\/www.prijedordanas.com\/?author=1"}]}},"_links":{"self":[{"href":"https:\/\/www.prijedordanas.com\/index.php?rest_route=\/wp\/v2\/posts\/157204"}],"collection":[{"href":"https:\/\/www.prijedordanas.com\/index.php?rest_route=\/wp\/v2\/posts"}],"about":[{"href":"https:\/\/www.prijedordanas.com\/index.php?rest_route=\/wp\/v2\/types\/post"}],"author":[{"embeddable":true,"href":"https:\/\/www.prijedordanas.com\/index.php?rest_route=\/wp\/v2\/users\/1"}],"replies":[{"embeddable":true,"href":"https:\/\/www.prijedordanas.com\/index.php?rest_route=%2Fwp%2Fv2%2Fcomments&post=157204"}],"version-history":[{"count":1,"href":"https:\/\/www.prijedordanas.com\/index.php?rest_route=\/wp\/v2\/posts\/157204\/revisions"}],"predecessor-version":[{"id":157205,"href":"https:\/\/www.prijedordanas.com\/index.php?rest_route=\/wp\/v2\/posts\/157204\/revisions\/157205"}],"wp:attachment":[{"href":"https:\/\/www.prijedordanas.com\/index.php?rest_route=%2Fwp%2Fv2%2Fmedia&parent=157204"}],"wp:term":[{"taxonomy":"category","embeddable":true,"href":"https:\/\/www.prijedordanas.com\/index.php?rest_route=%2Fwp%2Fv2%2Fcategories&post=157204"},{"taxonomy":"post_tag","embeddable":true,"href":"https:\/\/www.prijedordanas.com\/index.php?rest_route=%2Fwp%2Fv2%2Ftags&post=157204"}],"curies":[{"name":"wp","href":"https:\/\/api.w.org\/{rel}","templated":true}]}}