{"id":157171,"date":"2020-10-27T20:26:12","date_gmt":"2020-10-27T19:26:12","guid":{"rendered":"https:\/\/www.prijedordanas.com\/?p=157171"},"modified":"2020-10-27T20:26:12","modified_gmt":"2020-10-27T19:26:12","slug":"drustvo-ucitelja-rs-uputilo-otvoreno-pismo-ministarstvu-prosvjete-i-kulture-kvalitet-nastave-je-vazniji-od-kvantiteta-nema-potrebe-za-zurbom","status":"publish","type":"post","link":"https:\/\/www.prijedordanas.com\/?p=157171","title":{"rendered":"Dru\u0161tvo u\u010ditelja RS uputilo otvoreno pismo Ministarstvu prosvjete i kulture: Kvalitet nastave je va\u017eniji od kvantiteta, nema potrebe za \u017eurbom"},"content":{"rendered":"<p><a href=\"https:\/\/www.prijedordanas.com\/wp-content\/uploads\/2020\/10\/drustvo-ucitelja-rs-1.jpg\"><img loading=\"lazy\" decoding=\"async\" class=\"alignleft size-medium wp-image-157172\" src=\"https:\/\/www.prijedordanas.com\/wp-content\/uploads\/2020\/10\/drustvo-ucitelja-rs-1-300x233.jpg\" alt=\"\" width=\"300\" height=\"233\" srcset=\"https:\/\/www.prijedordanas.com\/wp-content\/uploads\/2020\/10\/drustvo-ucitelja-rs-1-300x233.jpg 300w, https:\/\/www.prijedordanas.com\/wp-content\/uploads\/2020\/10\/drustvo-ucitelja-rs-1.jpg 645w\" sizes=\"(max-width: 300px) 100vw, 300px\" \/><\/a>Dru\u0161tvo u\u010ditelja Republike Srpske uputilo je otvoreno pismo Ministarstvu prosvjete i kulture Republike Srpske u kojem se doti\u010du novonastale situacije sa prekidom nastave u \u0161kolama.<\/p>\n<p>Ina\u010de, predsjednica Dru\u0161tva u\u010ditelja RS koje je osnovano ove godine je Prijedor\u010danka Marina Kne\u017eevi\u0107.<\/p>\n<p>Dru\u0161tvo u\u010ditelja Republike Srpske<br \/>\nBulevar vojvode Petra Bojovi\u0107a 1A<br \/>\n78 000 Banja Luka<\/p>\n<p>Datum: 26.10.2020.<\/p>\n<p>Ministarstvo prosvjete i kulture Republike Srpske<\/p>\n<p>Otvoreno pismo<\/p>\n<p>Uva\u017eeni,<\/p>\n<p>Na na\u0161em sastanku smo razgovarali o budu\u0107oj saradnji i o\u010dekivali smo da \u0107ete nas konsultovati za odre\u0111ena pitanja koja se direktno ti\u010du u\u010ditelja, a ova novonastala situacija svakako to i jeste. Me\u0111utim, to se nije dogodilo i osjec\u0301amo obavezu i odgovornost da vam se obratimo.<\/p>\n<p>Nemamo namjeru da dovodimo u pitanje odluku Republi\u010dkog \u0161taba za vanredne situacije o obustavljanju nastavnog procesa u \u0161kolama. \u0160kole ne \u010dine samo u\u010denici, ve\u0107 i prosvjetni radnici koji su postali izlo\u017eeni, mnogo ih je na bolovanju, a to povla\u010di i ekonomska pitanja, kao i pitanje ljudskih resursa. Cilj nam je svima da za\u0161titimo zdravlje u\u010denika, njihovih porodica i na\u0161ih kolega.<\/p>\n<p>Ovom prilikom \u017eelimo da se osvrnemo na Informaciju u vezi sa realizacijom nastave na daljinu, dj. br. 07.05\/61-111 \/20, od dana 26.10.2020. (u daljem tekstu: Informacija).<\/p>\n<p>Mi\u0161ljenja smo da ne treba zadovoljavati formu, da je kvalitet va\u017eniji od kvantiteta, a ovo sada \u0161to se odvija ispred nas je upravo suprotno.<\/p>\n<p>Vidimo, a i u Informaciji je jasno navedeno, da se brzo \u017eeli izvr\u0161iti obuka svih nastavnika za rad sa Office 365 i svim alatima koji on nudi. Da ne izvodimo pretpostavke koliko \u0107e ih poslije obuke zaista biti osposobljeno za takav rad, namec\u0301e nam se pitanje \u0161ta \u0107emo sa u\u010denicima? Ko \u0107e njih da obu\u010di? Djeca mla\u0111eg osnovno\u0161kolskog uzrasta su informati\u010dkm nepismena. Kako navodite Informacijom, &#8220;direktori u saradnji sa nastavnicima i nastavnicima informatike su du\u017eni da realizuju snimanje \u010dasova u \u0161kolama&#8230;potrebno je snimiti ekran ra\u010dunara (prezentacija, dokument i sli\u010dno) i govor\/predavanje nastavnika&#8221;. Koliko vremena je potrebno za pripremu svih tih prezentacija, materijala i snimanja? Nije problem samo &#8220;u internetu&#8221;, da li su memorijski kapaciteti ure\u0111aja koji u\u010denici koriste dovoljni da im mo\u017eemo poslati sve te snimke i prate\u0107e materijale? Ovmm ne osporavamo kvalitet ponu\u0111enih alata, vec\u0301 samo poku\u0161avamo da skrenemo pa\u017enju na pitanja koja su prisutna na terenu. Za one koji c\u0301e realizovati nastavu u realnom vremenu, prema utvr\u0111enom rasporedu \u010dasova, koliko \u0107e mo\u0107i da se obezbijedi prisustvo u\u010denika. Sigurno da postojn veliki broj u\u010denika koji nemaju svoje ure\u0111aje, \u010diji \u0107e roditeljm biti na poslu u vremenu predvi\u0111enom za realizaciju nastave, kako c\u0301e oni u datom trenutku da prate nastavu?<\/p>\n<p>Osim toga, ka\u017eete da nastavnici treba da koriste digitalne ud\u017ebenike. Da li to zna\u010di da ste odobrili te ud\u017ebenike? Jeste li pregledali sadr\u017eaj ud\u017ebenika za tre\u0107i razred za srpski jezik, preslu\u0161ali naratore? Nejasan zvuk, lo\u0161a artikulacija i dikcija su izra\u017eeni. Formulacija zadataka nije metodi\u010dki korektna. Prepun je pravopisnih gre\u0161aka: &#8220;podijela na slogove&#8221;, &#8220;rije\u010dnik&#8221;, &#8220;taj biciklo&#8221; i sli\u010dno. Sve to rezultat je brzine.<\/p>\n<p>Nema potrebe za \u017eurbom. Za\u0161to ne bismo prvo pripremili materijale i stvorili sve uslove, a onda implementirali nastavu u u\u010dionicama ili na daljinu?<\/p>\n<p>Srda\u010dan pozdrav!<br \/>\nS po\u0161tovanjem,<\/p>\n<p>Presjednik Dru\u0161tva u\u010ditelja Republike Srpske<br \/>\nMarina Kne\u017eevi\u0107<\/p>\n","protected":false},"excerpt":{"rendered":"<p>Dru\u0161tvo u\u010ditelja Republike Srpske uputilo je otvoreno pismo Ministarstvu prosvjete i kulture Republike Srpske u kojem se doti\u010du novonastale situacije sa prekidom nastave u \u0161kolama. Ina\u010de, predsjednica Dru\u0161tva u\u010ditelja RS [&hellip;]<\/p>\n","protected":false},"author":1,"featured_media":0,"comment_status":"closed","ping_status":"open","sticky":false,"template":"","format":"standard","meta":{"_monsterinsights_skip_tracking":false,"_monsterinsights_sitenote_active":false,"_monsterinsights_sitenote_note":"","_monsterinsights_sitenote_category":0,"footnotes":""},"categories":[8],"tags":[],"yoast_head":"<!-- This site is optimized with the Yoast SEO plugin v21.6 - https:\/\/yoast.com\/wordpress\/plugins\/seo\/ -->\n<title>Dru\u0161tvo u\u010ditelja RS uputilo otvoreno pismo Ministarstvu prosvjete i kulture: Kvalitet nastave je va\u017eniji od kvantiteta, nema potrebe za \u017eurbom - PrijedorDanas.com - Prijedorski gradski portal<\/title>\n<meta name=\"robots\" content=\"index, follow, max-snippet:-1, max-image-preview:large, max-video-preview:-1\" \/>\n<link rel=\"canonical\" href=\"https:\/\/www.prijedordanas.com\/?p=157171\" \/>\n<meta property=\"og:locale\" content=\"en_US\" \/>\n<meta property=\"og:type\" content=\"article\" \/>\n<meta property=\"og:title\" content=\"Dru\u0161tvo u\u010ditelja RS uputilo otvoreno pismo Ministarstvu prosvjete i kulture: Kvalitet nastave je va\u017eniji od kvantiteta, nema potrebe za \u017eurbom - PrijedorDanas.com - Prijedorski gradski portal\" \/>\n<meta property=\"og:description\" content=\"Dru\u0161tvo u\u010ditelja Republike Srpske uputilo je otvoreno pismo Ministarstvu prosvjete i kulture Republike Srpske u kojem se doti\u010du novonastale situacije sa prekidom nastave u \u0161kolama. Ina\u010de, predsjednica Dru\u0161tva u\u010ditelja RS [&hellip;]\" \/>\n<meta property=\"og:url\" content=\"https:\/\/www.prijedordanas.com\/?p=157171\" \/>\n<meta property=\"og:site_name\" content=\"PrijedorDanas.com - Prijedorski gradski portal\" \/>\n<meta property=\"article:publisher\" content=\"https:\/\/www.facebook.com\/PrijedorDanasCom\/\" \/>\n<meta property=\"article:published_time\" content=\"2020-10-27T19:26:12+00:00\" \/>\n<meta property=\"og:image\" content=\"https:\/\/www.prijedordanas.com\/wp-content\/uploads\/2020\/10\/drustvo-ucitelja-rs-1-300x233.jpg\" \/>\n<meta name=\"author\" content=\"admin\" \/>\n<meta name=\"twitter:card\" content=\"summary_large_image\" \/>\n<meta name=\"twitter:label1\" content=\"Written by\" \/>\n\t<meta name=\"twitter:data1\" content=\"admin\" \/>\n\t<meta name=\"twitter:label2\" content=\"Est. reading time\" \/>\n\t<meta name=\"twitter:data2\" content=\"3 minutes\" \/>\n<script type=\"application\/ld+json\" class=\"yoast-schema-graph\">{\"@context\":\"https:\/\/schema.org\",\"@graph\":[{\"@type\":\"Article\",\"@id\":\"https:\/\/www.prijedordanas.com\/?p=157171#article\",\"isPartOf\":{\"@id\":\"https:\/\/www.prijedordanas.com\/?p=157171\"},\"author\":{\"name\":\"admin\",\"@id\":\"https:\/\/www.prijedordanas.com\/#\/schema\/person\/4e08ccf29b506ca916ff86d46bb700e6\"},\"headline\":\"Dru\u0161tvo u\u010ditelja RS uputilo otvoreno pismo Ministarstvu prosvjete i kulture: Kvalitet nastave je va\u017eniji od kvantiteta, nema potrebe za \u017eurbom\",\"datePublished\":\"2020-10-27T19:26:12+00:00\",\"dateModified\":\"2020-10-27T19:26:12+00:00\",\"mainEntityOfPage\":{\"@id\":\"https:\/\/www.prijedordanas.com\/?p=157171\"},\"wordCount\":608,\"publisher\":{\"@id\":\"https:\/\/www.prijedordanas.com\/#organization\"},\"articleSection\":[\"Svakodnevno\"],\"inLanguage\":\"en-US\"},{\"@type\":\"WebPage\",\"@id\":\"https:\/\/www.prijedordanas.com\/?p=157171\",\"url\":\"https:\/\/www.prijedordanas.com\/?p=157171\",\"name\":\"Dru\u0161tvo u\u010ditelja RS uputilo otvoreno pismo Ministarstvu prosvjete i kulture: Kvalitet nastave je va\u017eniji od kvantiteta, nema potrebe za \u017eurbom - PrijedorDanas.com - Prijedorski gradski portal\",\"isPartOf\":{\"@id\":\"https:\/\/www.prijedordanas.com\/#website\"},\"datePublished\":\"2020-10-27T19:26:12+00:00\",\"dateModified\":\"2020-10-27T19:26:12+00:00\",\"breadcrumb\":{\"@id\":\"https:\/\/www.prijedordanas.com\/?p=157171#breadcrumb\"},\"inLanguage\":\"en-US\",\"potentialAction\":[{\"@type\":\"ReadAction\",\"target\":[\"https:\/\/www.prijedordanas.com\/?p=157171\"]}]},{\"@type\":\"BreadcrumbList\",\"@id\":\"https:\/\/www.prijedordanas.com\/?p=157171#breadcrumb\",\"itemListElement\":[{\"@type\":\"ListItem\",\"position\":1,\"name\":\"Home\",\"item\":\"https:\/\/www.prijedordanas.com\/\"},{\"@type\":\"ListItem\",\"position\":2,\"name\":\"Dru\u0161tvo u\u010ditelja RS uputilo otvoreno pismo Ministarstvu prosvjete i kulture: Kvalitet nastave je va\u017eniji od kvantiteta, nema potrebe za \u017eurbom\"}]},{\"@type\":\"WebSite\",\"@id\":\"https:\/\/www.prijedordanas.com\/#website\",\"url\":\"https:\/\/www.prijedordanas.com\/\",\"name\":\"PrijedorDanas.com - Prijedorski gradski portal\",\"description\":\"Portal o doga\u0111anjima u gradu Prijedoru\",\"publisher\":{\"@id\":\"https:\/\/www.prijedordanas.com\/#organization\"},\"potentialAction\":[{\"@type\":\"SearchAction\",\"target\":{\"@type\":\"EntryPoint\",\"urlTemplate\":\"https:\/\/www.prijedordanas.com\/?s={search_term_string}\"},\"query-input\":\"required name=search_term_string\"}],\"inLanguage\":\"en-US\"},{\"@type\":\"Organization\",\"@id\":\"https:\/\/www.prijedordanas.com\/#organization\",\"name\":\"PrijedorDanas.com\",\"url\":\"https:\/\/www.prijedordanas.com\/\",\"logo\":{\"@type\":\"ImageObject\",\"inLanguage\":\"en-US\",\"@id\":\"https:\/\/www.prijedordanas.com\/#\/schema\/logo\/image\/\",\"url\":\"http:\/\/www.prijedordanas.com\/wp-content\/uploads\/2021\/12\/logopng.png\",\"contentUrl\":\"http:\/\/www.prijedordanas.com\/wp-content\/uploads\/2021\/12\/logopng.png\",\"width\":1019,\"height\":776,\"caption\":\"PrijedorDanas.com\"},\"image\":{\"@id\":\"https:\/\/www.prijedordanas.com\/#\/schema\/logo\/image\/\"},\"sameAs\":[\"https:\/\/www.facebook.com\/PrijedorDanasCom\/\"]},{\"@type\":\"Person\",\"@id\":\"https:\/\/www.prijedordanas.com\/#\/schema\/person\/4e08ccf29b506ca916ff86d46bb700e6\",\"name\":\"admin\",\"image\":{\"@type\":\"ImageObject\",\"inLanguage\":\"en-US\",\"@id\":\"https:\/\/www.prijedordanas.com\/#\/schema\/person\/image\/\",\"url\":\"https:\/\/secure.gravatar.com\/avatar\/1d3fc949d550f0b53a5f0d51e06dfd79?s=96&d=mm&r=g\",\"contentUrl\":\"https:\/\/secure.gravatar.com\/avatar\/1d3fc949d550f0b53a5f0d51e06dfd79?s=96&d=mm&r=g\",\"caption\":\"admin\"},\"url\":\"https:\/\/www.prijedordanas.com\/?author=1\"}]}<\/script>\n<!-- \/ Yoast SEO plugin. -->","yoast_head_json":{"title":"Dru\u0161tvo u\u010ditelja RS uputilo otvoreno pismo Ministarstvu prosvjete i kulture: Kvalitet nastave je va\u017eniji od kvantiteta, nema potrebe za \u017eurbom - PrijedorDanas.com - Prijedorski gradski portal","robots":{"index":"index","follow":"follow","max-snippet":"max-snippet:-1","max-image-preview":"max-image-preview:large","max-video-preview":"max-video-preview:-1"},"canonical":"https:\/\/www.prijedordanas.com\/?p=157171","og_locale":"en_US","og_type":"article","og_title":"Dru\u0161tvo u\u010ditelja RS uputilo otvoreno pismo Ministarstvu prosvjete i kulture: Kvalitet nastave je va\u017eniji od kvantiteta, nema potrebe za \u017eurbom - PrijedorDanas.com - Prijedorski gradski portal","og_description":"Dru\u0161tvo u\u010ditelja Republike Srpske uputilo je otvoreno pismo Ministarstvu prosvjete i kulture Republike Srpske u kojem se doti\u010du novonastale situacije sa prekidom nastave u \u0161kolama. Ina\u010de, predsjednica Dru\u0161tva u\u010ditelja RS [&hellip;]","og_url":"https:\/\/www.prijedordanas.com\/?p=157171","og_site_name":"PrijedorDanas.com - Prijedorski gradski portal","article_publisher":"https:\/\/www.facebook.com\/PrijedorDanasCom\/","article_published_time":"2020-10-27T19:26:12+00:00","og_image":[{"url":"https:\/\/www.prijedordanas.com\/wp-content\/uploads\/2020\/10\/drustvo-ucitelja-rs-1-300x233.jpg"}],"author":"admin","twitter_card":"summary_large_image","twitter_misc":{"Written by":"admin","Est. reading time":"3 minutes"},"schema":{"@context":"https:\/\/schema.org","@graph":[{"@type":"Article","@id":"https:\/\/www.prijedordanas.com\/?p=157171#article","isPartOf":{"@id":"https:\/\/www.prijedordanas.com\/?p=157171"},"author":{"name":"admin","@id":"https:\/\/www.prijedordanas.com\/#\/schema\/person\/4e08ccf29b506ca916ff86d46bb700e6"},"headline":"Dru\u0161tvo u\u010ditelja RS uputilo otvoreno pismo Ministarstvu prosvjete i kulture: Kvalitet nastave je va\u017eniji od kvantiteta, nema potrebe za \u017eurbom","datePublished":"2020-10-27T19:26:12+00:00","dateModified":"2020-10-27T19:26:12+00:00","mainEntityOfPage":{"@id":"https:\/\/www.prijedordanas.com\/?p=157171"},"wordCount":608,"publisher":{"@id":"https:\/\/www.prijedordanas.com\/#organization"},"articleSection":["Svakodnevno"],"inLanguage":"en-US"},{"@type":"WebPage","@id":"https:\/\/www.prijedordanas.com\/?p=157171","url":"https:\/\/www.prijedordanas.com\/?p=157171","name":"Dru\u0161tvo u\u010ditelja RS uputilo otvoreno pismo Ministarstvu prosvjete i kulture: Kvalitet nastave je va\u017eniji od kvantiteta, nema potrebe za \u017eurbom - PrijedorDanas.com - Prijedorski gradski portal","isPartOf":{"@id":"https:\/\/www.prijedordanas.com\/#website"},"datePublished":"2020-10-27T19:26:12+00:00","dateModified":"2020-10-27T19:26:12+00:00","breadcrumb":{"@id":"https:\/\/www.prijedordanas.com\/?p=157171#breadcrumb"},"inLanguage":"en-US","potentialAction":[{"@type":"ReadAction","target":["https:\/\/www.prijedordanas.com\/?p=157171"]}]},{"@type":"BreadcrumbList","@id":"https:\/\/www.prijedordanas.com\/?p=157171#breadcrumb","itemListElement":[{"@type":"ListItem","position":1,"name":"Home","item":"https:\/\/www.prijedordanas.com\/"},{"@type":"ListItem","position":2,"name":"Dru\u0161tvo u\u010ditelja RS uputilo otvoreno pismo Ministarstvu prosvjete i kulture: Kvalitet nastave je va\u017eniji od kvantiteta, nema potrebe za \u017eurbom"}]},{"@type":"WebSite","@id":"https:\/\/www.prijedordanas.com\/#website","url":"https:\/\/www.prijedordanas.com\/","name":"PrijedorDanas.com - Prijedorski gradski portal","description":"Portal o doga\u0111anjima u gradu Prijedoru","publisher":{"@id":"https:\/\/www.prijedordanas.com\/#organization"},"potentialAction":[{"@type":"SearchAction","target":{"@type":"EntryPoint","urlTemplate":"https:\/\/www.prijedordanas.com\/?s={search_term_string}"},"query-input":"required name=search_term_string"}],"inLanguage":"en-US"},{"@type":"Organization","@id":"https:\/\/www.prijedordanas.com\/#organization","name":"PrijedorDanas.com","url":"https:\/\/www.prijedordanas.com\/","logo":{"@type":"ImageObject","inLanguage":"en-US","@id":"https:\/\/www.prijedordanas.com\/#\/schema\/logo\/image\/","url":"http:\/\/www.prijedordanas.com\/wp-content\/uploads\/2021\/12\/logopng.png","contentUrl":"http:\/\/www.prijedordanas.com\/wp-content\/uploads\/2021\/12\/logopng.png","width":1019,"height":776,"caption":"PrijedorDanas.com"},"image":{"@id":"https:\/\/www.prijedordanas.com\/#\/schema\/logo\/image\/"},"sameAs":["https:\/\/www.facebook.com\/PrijedorDanasCom\/"]},{"@type":"Person","@id":"https:\/\/www.prijedordanas.com\/#\/schema\/person\/4e08ccf29b506ca916ff86d46bb700e6","name":"admin","image":{"@type":"ImageObject","inLanguage":"en-US","@id":"https:\/\/www.prijedordanas.com\/#\/schema\/person\/image\/","url":"https:\/\/secure.gravatar.com\/avatar\/1d3fc949d550f0b53a5f0d51e06dfd79?s=96&d=mm&r=g","contentUrl":"https:\/\/secure.gravatar.com\/avatar\/1d3fc949d550f0b53a5f0d51e06dfd79?s=96&d=mm&r=g","caption":"admin"},"url":"https:\/\/www.prijedordanas.com\/?author=1"}]}},"_links":{"self":[{"href":"https:\/\/www.prijedordanas.com\/index.php?rest_route=\/wp\/v2\/posts\/157171"}],"collection":[{"href":"https:\/\/www.prijedordanas.com\/index.php?rest_route=\/wp\/v2\/posts"}],"about":[{"href":"https:\/\/www.prijedordanas.com\/index.php?rest_route=\/wp\/v2\/types\/post"}],"author":[{"embeddable":true,"href":"https:\/\/www.prijedordanas.com\/index.php?rest_route=\/wp\/v2\/users\/1"}],"replies":[{"embeddable":true,"href":"https:\/\/www.prijedordanas.com\/index.php?rest_route=%2Fwp%2Fv2%2Fcomments&post=157171"}],"version-history":[{"count":1,"href":"https:\/\/www.prijedordanas.com\/index.php?rest_route=\/wp\/v2\/posts\/157171\/revisions"}],"predecessor-version":[{"id":157174,"href":"https:\/\/www.prijedordanas.com\/index.php?rest_route=\/wp\/v2\/posts\/157171\/revisions\/157174"}],"wp:attachment":[{"href":"https:\/\/www.prijedordanas.com\/index.php?rest_route=%2Fwp%2Fv2%2Fmedia&parent=157171"}],"wp:term":[{"taxonomy":"category","embeddable":true,"href":"https:\/\/www.prijedordanas.com\/index.php?rest_route=%2Fwp%2Fv2%2Fcategories&post=157171"},{"taxonomy":"post_tag","embeddable":true,"href":"https:\/\/www.prijedordanas.com\/index.php?rest_route=%2Fwp%2Fv2%2Ftags&post=157171"}],"curies":[{"name":"wp","href":"https:\/\/api.w.org\/{rel}","templated":true}]}}