{"id":157151,"date":"2020-10-27T17:27:07","date_gmt":"2020-10-27T16:27:07","guid":{"rendered":"https:\/\/www.prijedordanas.com\/?p=157151"},"modified":"2020-11-14T08:45:16","modified_gmt":"2020-11-14T07:45:16","slug":"prijedor-aktivisti-dns-a-u-humanitarnoj-akciji-pomoci-porodici-miljevic-foto-video","status":"publish","type":"post","link":"https:\/\/www.prijedordanas.com\/?p=157151","title":{"rendered":"Prijedor: Aktivisti DNS-a u humanitarnoj akciji pomo\u0107i porodici Miljevi\u0107 &#8211; FOTO\/VIDEO"},"content":{"rendered":"<p><a href=\"https:\/\/www.prijedordanas.com\/wp-content\/uploads\/2020\/10\/dns-prijedor-pomoc-za-porodicu-miljevic-1.jpg\"><img loading=\"lazy\" decoding=\"async\" class=\"alignleft size-medium wp-image-157153\" src=\"https:\/\/www.prijedordanas.com\/wp-content\/uploads\/2020\/10\/dns-prijedor-pomoc-za-porodicu-miljevic-1-300x225.jpg\" alt=\"\" width=\"300\" height=\"225\" srcset=\"https:\/\/www.prijedordanas.com\/wp-content\/uploads\/2020\/10\/dns-prijedor-pomoc-za-porodicu-miljevic-1-300x225.jpg 300w, https:\/\/www.prijedordanas.com\/wp-content\/uploads\/2020\/10\/dns-prijedor-pomoc-za-porodicu-miljevic-1-640x480.jpg 640w, https:\/\/www.prijedordanas.com\/wp-content\/uploads\/2020\/10\/dns-prijedor-pomoc-za-porodicu-miljevic-1.jpg 667w\" sizes=\"(max-width: 300px) 100vw, 300px\" \/><\/a>Demokratski narodni savez u svom programu posebnu pa\u017enju posve\u0107uje socijalnoj politici, a kroz svoje aktivnosti redovno organizuje i humanitarne akcije, ka\u017eu u ovoj stranci \u010diji su aktivisti danas uru\u010dili pomo\u0107 u namirnicama i higijenskim sredstvima osmo\u010dlanoj porodici Miljevi\u0107 u Novoj Orlova\u010di.<\/p>\n<p>Ova porodica pre\u017eivljava od ne\u0161to dje\u010dijeg dodatka i socijalne pomo\u0107i koju dobija najstariji \u010dlan doma\u0107instva. Kako nam je ispri\u010dala Dragana Majstorovi\u0107, majka tri sina i dvije k\u0107erke, mu\u017e nadni\u010denjem zaradi ne\u0161to.<\/p>\n<p>\u2013 \u017divimo od 260 maraka dje\u010dijeg dodatka. Mu\u017e radi na dnevnice. Zahvalila bih svima iz DNS-a na ovako lijepoj posjeti i pomo\u0107i koju su nam pru\u017eili. Ovo mi puno zna\u010di \u2013 kazala je Majstorovi\u0107eva.<\/p>\n<p><a href=\"https:\/\/www.prijedordanas.com\/wp-content\/uploads\/2020\/10\/dns-prijedor-pomoc-za-porodicu-miljevic-2.jpg\"><img loading=\"lazy\" decoding=\"async\" class=\"alignleft size-medium wp-image-157154\" src=\"https:\/\/www.prijedordanas.com\/wp-content\/uploads\/2020\/10\/dns-prijedor-pomoc-za-porodicu-miljevic-2-300x225.jpg\" alt=\"\" width=\"300\" height=\"225\" srcset=\"https:\/\/www.prijedordanas.com\/wp-content\/uploads\/2020\/10\/dns-prijedor-pomoc-za-porodicu-miljevic-2-300x225.jpg 300w, https:\/\/www.prijedordanas.com\/wp-content\/uploads\/2020\/10\/dns-prijedor-pomoc-za-porodicu-miljevic-2-640x480.jpg 640w, https:\/\/www.prijedordanas.com\/wp-content\/uploads\/2020\/10\/dns-prijedor-pomoc-za-porodicu-miljevic-2.jpg 667w\" sizes=\"(max-width: 300px) 100vw, 300px\" \/><\/a>Zbog nezavr\u0161ene ku\u0107e, ova porodica \u017eivi u lo\u0161im uslovima. Najve\u0107i problem im je, kako ka\u017ee Dragana, \u0161to nemaju kupatilo i vodu u ku\u0107i.<\/p>\n<p>Pru\u017eanje pomo\u0107i socijalno ugro\u017eenim gra\u0111anima spada u redovne aktivnosti koje provodi DNS zahvaljuju\u0107i svojim aktivistima. Prepoznajemo najugro\u017eenije porodice, a onda kroz humanitarni rad i dobrovoljne priloge nastojimo da im olak\u0161amo te\u017eak \u017eivot, rekao je Dragutin Rodi\u0107, kandidat DNS-a za gradona\u010delnika Prijedora, koji je danas posjetio porodicu Miljevi\u0107.<\/p>\n<p>-DNS \u0107e i ubudu\u0107e vr\u0161iti ovakve aktivnosti. To ne radi samo DNS, nego i svi ljudi koji su na odre\u0111enim du\u017enostima, a ispred su DNS-a, dakle ispred Udru\u017eenja penzionera, Bora\u010dke organizacije ili direktori \u0161kola. Drago nam je \u0161to smo bili u prilici da donesemo ovaj skroman poklon, a ono \u0161to \u0107emo poku\u0161ati da rije\u0161imo u najskorije vrijeme kroz humanitarne priloge je kupatilo koje ova porodica nema \u2013 najavio je Rodi\u0107.<\/p>\n<p><a href=\"https:\/\/www.prijedordanas.com\/wp-content\/uploads\/2020\/10\/dns-prijedor-pomoc-za-porodicu-miljevic-3.jpg\"><img loading=\"lazy\" decoding=\"async\" src=\"https:\/\/www.prijedordanas.com\/wp-content\/uploads\/2020\/10\/dns-prijedor-pomoc-za-porodicu-miljevic-3-300x200.jpg\" alt=\"\" width=\"300\" height=\"200\" class=\"alignleft size-medium wp-image-157155\" srcset=\"https:\/\/www.prijedordanas.com\/wp-content\/uploads\/2020\/10\/dns-prijedor-pomoc-za-porodicu-miljevic-3-300x200.jpg 300w, https:\/\/www.prijedordanas.com\/wp-content\/uploads\/2020\/10\/dns-prijedor-pomoc-za-porodicu-miljevic-3-480x320.jpg 480w, https:\/\/www.prijedordanas.com\/wp-content\/uploads\/2020\/10\/dns-prijedor-pomoc-za-porodicu-miljevic-3.jpg 600w\" sizes=\"(max-width: 300px) 100vw, 300px\" \/><\/a>Ranko Jakovljevi\u0107, predsjednik Savjeta MZ Orlova\u010da, u \u010dijem je sastavu je naselje Nova Orlova\u010da, rekao je da se ovoj porodici i ranije pomagalo, kroz aktivnosti mjesne zajednice.<\/p>\n<p>\u2013 Programski smo se obavezali da obilazimo ugro\u017eene porodice i pru\u017eamo im pomo\u0107 preko raznih organizacija: od Udru\u017eenja penzionera, Bora\u010dke organizacije do raznih humanitarnih udru\u017eenja \u2013 rekao je Jakovljevi\u0107.<\/p>\n<p>Praksa pru\u017eanja pomo\u0107i i sistemskog rje\u0161avanja problema ugro\u017eenih porodica prisutna je u DNS-u od samog osnivanja ove politi\u010dke partije, jer, kako ka\u017eu, socijalna politika je vrlo va\u017ean dio sveukupnog programa Stranke.<\/p>\n<p>RTV Prijedor<\/p>\n<p><iframe loading=\"lazy\" title=\"Aktivisti DNS-a u humanitarnoj akciji pomo\u0107i porodici Miljevi\u0107\" width=\"500\" height=\"281\" src=\"https:\/\/www.youtube.com\/embed\/0F35z3CVoMg?feature=oembed\" frameborder=\"0\" allow=\"accelerometer; autoplay; clipboard-write; encrypted-media; gyroscope; picture-in-picture\" allowfullscreen><\/iframe><\/p>\n<p><a href=\"https:\/\/www.prijedordanas.com\/wp-content\/uploads\/2020\/10\/dns-prijedor-pomoc-za-porodicu-miljevic-4.jpg\"><img loading=\"lazy\" decoding=\"async\" src=\"https:\/\/www.prijedordanas.com\/wp-content\/uploads\/2020\/10\/dns-prijedor-pomoc-za-porodicu-miljevic-4-300x200.jpg\" alt=\"\" width=\"300\" height=\"200\" class=\"alignleft size-medium wp-image-157156\" srcset=\"https:\/\/www.prijedordanas.com\/wp-content\/uploads\/2020\/10\/dns-prijedor-pomoc-za-porodicu-miljevic-4-300x200.jpg 300w, https:\/\/www.prijedordanas.com\/wp-content\/uploads\/2020\/10\/dns-prijedor-pomoc-za-porodicu-miljevic-4-480x320.jpg 480w, https:\/\/www.prijedordanas.com\/wp-content\/uploads\/2020\/10\/dns-prijedor-pomoc-za-porodicu-miljevic-4.jpg 600w\" sizes=\"(max-width: 300px) 100vw, 300px\" \/><\/a> <a href=\"https:\/\/www.prijedordanas.com\/wp-content\/uploads\/2020\/10\/dns-prijedor-pomoc-za-porodicu-miljevic-5.jpg\"><img loading=\"lazy\" decoding=\"async\" src=\"https:\/\/www.prijedordanas.com\/wp-content\/uploads\/2020\/10\/dns-prijedor-pomoc-za-porodicu-miljevic-5-300x200.jpg\" alt=\"\" width=\"300\" height=\"200\" class=\"alignleft size-medium wp-image-157157\" srcset=\"https:\/\/www.prijedordanas.com\/wp-content\/uploads\/2020\/10\/dns-prijedor-pomoc-za-porodicu-miljevic-5-300x200.jpg 300w, https:\/\/www.prijedordanas.com\/wp-content\/uploads\/2020\/10\/dns-prijedor-pomoc-za-porodicu-miljevic-5-480x320.jpg 480w, https:\/\/www.prijedordanas.com\/wp-content\/uploads\/2020\/10\/dns-prijedor-pomoc-za-porodicu-miljevic-5.jpg 600w\" sizes=\"(max-width: 300px) 100vw, 300px\" \/><\/a> <a href=\"https:\/\/www.prijedordanas.com\/wp-content\/uploads\/2020\/10\/dns-prijedor-pomoc-za-porodicu-miljevic-6.jpg\"><img loading=\"lazy\" decoding=\"async\" src=\"https:\/\/www.prijedordanas.com\/wp-content\/uploads\/2020\/10\/dns-prijedor-pomoc-za-porodicu-miljevic-6-300x207.jpg\" alt=\"\" width=\"300\" height=\"207\" class=\"alignleft size-medium wp-image-157158\" srcset=\"https:\/\/www.prijedordanas.com\/wp-content\/uploads\/2020\/10\/dns-prijedor-pomoc-za-porodicu-miljevic-6-300x207.jpg 300w, https:\/\/www.prijedordanas.com\/wp-content\/uploads\/2020\/10\/dns-prijedor-pomoc-za-porodicu-miljevic-6.jpg 600w\" sizes=\"(max-width: 300px) 100vw, 300px\" \/><\/a><\/p>\n<p>*zakupljeni sadr\u017eaj*<\/p>\n","protected":false},"excerpt":{"rendered":"<p>Demokratski narodni savez u svom programu posebnu pa\u017enju posve\u0107uje socijalnoj politici, a kroz svoje aktivnosti redovno organizuje i humanitarne akcije, ka\u017eu u ovoj stranci \u010diji su aktivisti danas uru\u010dili pomo\u0107 [&hellip;]<\/p>\n","protected":false},"author":1,"featured_media":0,"comment_status":"closed","ping_status":"open","sticky":false,"template":"","format":"standard","meta":{"_monsterinsights_skip_tracking":false,"_monsterinsights_sitenote_active":false,"_monsterinsights_sitenote_note":"","_monsterinsights_sitenote_category":0,"footnotes":""},"categories":[8],"tags":[1253],"yoast_head":"<!-- This site is optimized with the Yoast SEO plugin v21.6 - https:\/\/yoast.com\/wordpress\/plugins\/seo\/ -->\n<title>Prijedor: Aktivisti DNS-a u humanitarnoj akciji pomo\u0107i porodici Miljevi\u0107 - FOTO\/VIDEO - PrijedorDanas.com - Prijedorski gradski portal<\/title>\n<meta name=\"robots\" content=\"index, follow, max-snippet:-1, max-image-preview:large, max-video-preview:-1\" \/>\n<link rel=\"canonical\" href=\"https:\/\/www.prijedordanas.com\/?p=157151\" \/>\n<meta property=\"og:locale\" content=\"en_US\" \/>\n<meta property=\"og:type\" content=\"article\" \/>\n<meta property=\"og:title\" content=\"Prijedor: Aktivisti DNS-a u humanitarnoj akciji pomo\u0107i porodici Miljevi\u0107 - FOTO\/VIDEO - PrijedorDanas.com - Prijedorski gradski portal\" \/>\n<meta property=\"og:description\" content=\"Demokratski narodni savez u svom programu posebnu pa\u017enju posve\u0107uje socijalnoj politici, a kroz svoje aktivnosti redovno organizuje i humanitarne akcije, ka\u017eu u ovoj stranci \u010diji su aktivisti danas uru\u010dili pomo\u0107 [&hellip;]\" \/>\n<meta property=\"og:url\" content=\"https:\/\/www.prijedordanas.com\/?p=157151\" \/>\n<meta property=\"og:site_name\" content=\"PrijedorDanas.com - Prijedorski gradski portal\" \/>\n<meta property=\"article:publisher\" content=\"https:\/\/www.facebook.com\/PrijedorDanasCom\/\" \/>\n<meta property=\"article:published_time\" content=\"2020-10-27T16:27:07+00:00\" \/>\n<meta property=\"article:modified_time\" content=\"2020-11-14T07:45:16+00:00\" \/>\n<meta property=\"og:image\" content=\"https:\/\/www.prijedordanas.com\/wp-content\/uploads\/2020\/10\/dns-prijedor-pomoc-za-porodicu-miljevic-1-300x225.jpg\" \/>\n<meta name=\"author\" content=\"admin\" \/>\n<meta name=\"twitter:card\" content=\"summary_large_image\" \/>\n<meta name=\"twitter:label1\" content=\"Written by\" \/>\n\t<meta name=\"twitter:data1\" content=\"admin\" \/>\n\t<meta name=\"twitter:label2\" content=\"Est. reading time\" \/>\n\t<meta name=\"twitter:data2\" content=\"2 minutes\" \/>\n<script type=\"application\/ld+json\" class=\"yoast-schema-graph\">{\"@context\":\"https:\/\/schema.org\",\"@graph\":[{\"@type\":\"Article\",\"@id\":\"https:\/\/www.prijedordanas.com\/?p=157151#article\",\"isPartOf\":{\"@id\":\"https:\/\/www.prijedordanas.com\/?p=157151\"},\"author\":{\"name\":\"admin\",\"@id\":\"https:\/\/www.prijedordanas.com\/#\/schema\/person\/4e08ccf29b506ca916ff86d46bb700e6\"},\"headline\":\"Prijedor: Aktivisti DNS-a u humanitarnoj akciji pomo\u0107i porodici Miljevi\u0107 &#8211; FOTO\/VIDEO\",\"datePublished\":\"2020-10-27T16:27:07+00:00\",\"dateModified\":\"2020-11-14T07:45:16+00:00\",\"mainEntityOfPage\":{\"@id\":\"https:\/\/www.prijedordanas.com\/?p=157151\"},\"wordCount\":408,\"publisher\":{\"@id\":\"https:\/\/www.prijedordanas.com\/#organization\"},\"keywords\":[\"DNS Prijedor\"],\"articleSection\":[\"Svakodnevno\"],\"inLanguage\":\"en-US\"},{\"@type\":\"WebPage\",\"@id\":\"https:\/\/www.prijedordanas.com\/?p=157151\",\"url\":\"https:\/\/www.prijedordanas.com\/?p=157151\",\"name\":\"Prijedor: Aktivisti DNS-a u humanitarnoj akciji pomo\u0107i porodici Miljevi\u0107 - FOTO\/VIDEO - PrijedorDanas.com - Prijedorski gradski portal\",\"isPartOf\":{\"@id\":\"https:\/\/www.prijedordanas.com\/#website\"},\"datePublished\":\"2020-10-27T16:27:07+00:00\",\"dateModified\":\"2020-11-14T07:45:16+00:00\",\"breadcrumb\":{\"@id\":\"https:\/\/www.prijedordanas.com\/?p=157151#breadcrumb\"},\"inLanguage\":\"en-US\",\"potentialAction\":[{\"@type\":\"ReadAction\",\"target\":[\"https:\/\/www.prijedordanas.com\/?p=157151\"]}]},{\"@type\":\"BreadcrumbList\",\"@id\":\"https:\/\/www.prijedordanas.com\/?p=157151#breadcrumb\",\"itemListElement\":[{\"@type\":\"ListItem\",\"position\":1,\"name\":\"Home\",\"item\":\"https:\/\/www.prijedordanas.com\/\"},{\"@type\":\"ListItem\",\"position\":2,\"name\":\"Prijedor: Aktivisti DNS-a u humanitarnoj akciji pomo\u0107i porodici Miljevi\u0107 &#8211; FOTO\/VIDEO\"}]},{\"@type\":\"WebSite\",\"@id\":\"https:\/\/www.prijedordanas.com\/#website\",\"url\":\"https:\/\/www.prijedordanas.com\/\",\"name\":\"PrijedorDanas.com - Prijedorski gradski portal\",\"description\":\"Portal o doga\u0111anjima u gradu Prijedoru\",\"publisher\":{\"@id\":\"https:\/\/www.prijedordanas.com\/#organization\"},\"potentialAction\":[{\"@type\":\"SearchAction\",\"target\":{\"@type\":\"EntryPoint\",\"urlTemplate\":\"https:\/\/www.prijedordanas.com\/?s={search_term_string}\"},\"query-input\":\"required name=search_term_string\"}],\"inLanguage\":\"en-US\"},{\"@type\":\"Organization\",\"@id\":\"https:\/\/www.prijedordanas.com\/#organization\",\"name\":\"PrijedorDanas.com\",\"url\":\"https:\/\/www.prijedordanas.com\/\",\"logo\":{\"@type\":\"ImageObject\",\"inLanguage\":\"en-US\",\"@id\":\"https:\/\/www.prijedordanas.com\/#\/schema\/logo\/image\/\",\"url\":\"http:\/\/www.prijedordanas.com\/wp-content\/uploads\/2021\/12\/logopng.png\",\"contentUrl\":\"http:\/\/www.prijedordanas.com\/wp-content\/uploads\/2021\/12\/logopng.png\",\"width\":1019,\"height\":776,\"caption\":\"PrijedorDanas.com\"},\"image\":{\"@id\":\"https:\/\/www.prijedordanas.com\/#\/schema\/logo\/image\/\"},\"sameAs\":[\"https:\/\/www.facebook.com\/PrijedorDanasCom\/\"]},{\"@type\":\"Person\",\"@id\":\"https:\/\/www.prijedordanas.com\/#\/schema\/person\/4e08ccf29b506ca916ff86d46bb700e6\",\"name\":\"admin\",\"image\":{\"@type\":\"ImageObject\",\"inLanguage\":\"en-US\",\"@id\":\"https:\/\/www.prijedordanas.com\/#\/schema\/person\/image\/\",\"url\":\"https:\/\/secure.gravatar.com\/avatar\/1d3fc949d550f0b53a5f0d51e06dfd79?s=96&d=mm&r=g\",\"contentUrl\":\"https:\/\/secure.gravatar.com\/avatar\/1d3fc949d550f0b53a5f0d51e06dfd79?s=96&d=mm&r=g\",\"caption\":\"admin\"},\"url\":\"https:\/\/www.prijedordanas.com\/?author=1\"}]}<\/script>\n<!-- \/ Yoast SEO plugin. -->","yoast_head_json":{"title":"Prijedor: Aktivisti DNS-a u humanitarnoj akciji pomo\u0107i porodici Miljevi\u0107 - FOTO\/VIDEO - PrijedorDanas.com - Prijedorski gradski portal","robots":{"index":"index","follow":"follow","max-snippet":"max-snippet:-1","max-image-preview":"max-image-preview:large","max-video-preview":"max-video-preview:-1"},"canonical":"https:\/\/www.prijedordanas.com\/?p=157151","og_locale":"en_US","og_type":"article","og_title":"Prijedor: Aktivisti DNS-a u humanitarnoj akciji pomo\u0107i porodici Miljevi\u0107 - FOTO\/VIDEO - PrijedorDanas.com - Prijedorski gradski portal","og_description":"Demokratski narodni savez u svom programu posebnu pa\u017enju posve\u0107uje socijalnoj politici, a kroz svoje aktivnosti redovno organizuje i humanitarne akcije, ka\u017eu u ovoj stranci \u010diji su aktivisti danas uru\u010dili pomo\u0107 [&hellip;]","og_url":"https:\/\/www.prijedordanas.com\/?p=157151","og_site_name":"PrijedorDanas.com - Prijedorski gradski portal","article_publisher":"https:\/\/www.facebook.com\/PrijedorDanasCom\/","article_published_time":"2020-10-27T16:27:07+00:00","article_modified_time":"2020-11-14T07:45:16+00:00","og_image":[{"url":"https:\/\/www.prijedordanas.com\/wp-content\/uploads\/2020\/10\/dns-prijedor-pomoc-za-porodicu-miljevic-1-300x225.jpg"}],"author":"admin","twitter_card":"summary_large_image","twitter_misc":{"Written by":"admin","Est. reading time":"2 minutes"},"schema":{"@context":"https:\/\/schema.org","@graph":[{"@type":"Article","@id":"https:\/\/www.prijedordanas.com\/?p=157151#article","isPartOf":{"@id":"https:\/\/www.prijedordanas.com\/?p=157151"},"author":{"name":"admin","@id":"https:\/\/www.prijedordanas.com\/#\/schema\/person\/4e08ccf29b506ca916ff86d46bb700e6"},"headline":"Prijedor: Aktivisti DNS-a u humanitarnoj akciji pomo\u0107i porodici Miljevi\u0107 &#8211; FOTO\/VIDEO","datePublished":"2020-10-27T16:27:07+00:00","dateModified":"2020-11-14T07:45:16+00:00","mainEntityOfPage":{"@id":"https:\/\/www.prijedordanas.com\/?p=157151"},"wordCount":408,"publisher":{"@id":"https:\/\/www.prijedordanas.com\/#organization"},"keywords":["DNS Prijedor"],"articleSection":["Svakodnevno"],"inLanguage":"en-US"},{"@type":"WebPage","@id":"https:\/\/www.prijedordanas.com\/?p=157151","url":"https:\/\/www.prijedordanas.com\/?p=157151","name":"Prijedor: Aktivisti DNS-a u humanitarnoj akciji pomo\u0107i porodici Miljevi\u0107 - FOTO\/VIDEO - PrijedorDanas.com - Prijedorski gradski portal","isPartOf":{"@id":"https:\/\/www.prijedordanas.com\/#website"},"datePublished":"2020-10-27T16:27:07+00:00","dateModified":"2020-11-14T07:45:16+00:00","breadcrumb":{"@id":"https:\/\/www.prijedordanas.com\/?p=157151#breadcrumb"},"inLanguage":"en-US","potentialAction":[{"@type":"ReadAction","target":["https:\/\/www.prijedordanas.com\/?p=157151"]}]},{"@type":"BreadcrumbList","@id":"https:\/\/www.prijedordanas.com\/?p=157151#breadcrumb","itemListElement":[{"@type":"ListItem","position":1,"name":"Home","item":"https:\/\/www.prijedordanas.com\/"},{"@type":"ListItem","position":2,"name":"Prijedor: Aktivisti DNS-a u humanitarnoj akciji pomo\u0107i porodici Miljevi\u0107 &#8211; FOTO\/VIDEO"}]},{"@type":"WebSite","@id":"https:\/\/www.prijedordanas.com\/#website","url":"https:\/\/www.prijedordanas.com\/","name":"PrijedorDanas.com - Prijedorski gradski portal","description":"Portal o doga\u0111anjima u gradu Prijedoru","publisher":{"@id":"https:\/\/www.prijedordanas.com\/#organization"},"potentialAction":[{"@type":"SearchAction","target":{"@type":"EntryPoint","urlTemplate":"https:\/\/www.prijedordanas.com\/?s={search_term_string}"},"query-input":"required name=search_term_string"}],"inLanguage":"en-US"},{"@type":"Organization","@id":"https:\/\/www.prijedordanas.com\/#organization","name":"PrijedorDanas.com","url":"https:\/\/www.prijedordanas.com\/","logo":{"@type":"ImageObject","inLanguage":"en-US","@id":"https:\/\/www.prijedordanas.com\/#\/schema\/logo\/image\/","url":"http:\/\/www.prijedordanas.com\/wp-content\/uploads\/2021\/12\/logopng.png","contentUrl":"http:\/\/www.prijedordanas.com\/wp-content\/uploads\/2021\/12\/logopng.png","width":1019,"height":776,"caption":"PrijedorDanas.com"},"image":{"@id":"https:\/\/www.prijedordanas.com\/#\/schema\/logo\/image\/"},"sameAs":["https:\/\/www.facebook.com\/PrijedorDanasCom\/"]},{"@type":"Person","@id":"https:\/\/www.prijedordanas.com\/#\/schema\/person\/4e08ccf29b506ca916ff86d46bb700e6","name":"admin","image":{"@type":"ImageObject","inLanguage":"en-US","@id":"https:\/\/www.prijedordanas.com\/#\/schema\/person\/image\/","url":"https:\/\/secure.gravatar.com\/avatar\/1d3fc949d550f0b53a5f0d51e06dfd79?s=96&d=mm&r=g","contentUrl":"https:\/\/secure.gravatar.com\/avatar\/1d3fc949d550f0b53a5f0d51e06dfd79?s=96&d=mm&r=g","caption":"admin"},"url":"https:\/\/www.prijedordanas.com\/?author=1"}]}},"_links":{"self":[{"href":"https:\/\/www.prijedordanas.com\/index.php?rest_route=\/wp\/v2\/posts\/157151"}],"collection":[{"href":"https:\/\/www.prijedordanas.com\/index.php?rest_route=\/wp\/v2\/posts"}],"about":[{"href":"https:\/\/www.prijedordanas.com\/index.php?rest_route=\/wp\/v2\/types\/post"}],"author":[{"embeddable":true,"href":"https:\/\/www.prijedordanas.com\/index.php?rest_route=\/wp\/v2\/users\/1"}],"replies":[{"embeddable":true,"href":"https:\/\/www.prijedordanas.com\/index.php?rest_route=%2Fwp%2Fv2%2Fcomments&post=157151"}],"version-history":[{"count":2,"href":"https:\/\/www.prijedordanas.com\/index.php?rest_route=\/wp\/v2\/posts\/157151\/revisions"}],"predecessor-version":[{"id":158118,"href":"https:\/\/www.prijedordanas.com\/index.php?rest_route=\/wp\/v2\/posts\/157151\/revisions\/158118"}],"wp:attachment":[{"href":"https:\/\/www.prijedordanas.com\/index.php?rest_route=%2Fwp%2Fv2%2Fmedia&parent=157151"}],"wp:term":[{"taxonomy":"category","embeddable":true,"href":"https:\/\/www.prijedordanas.com\/index.php?rest_route=%2Fwp%2Fv2%2Fcategories&post=157151"},{"taxonomy":"post_tag","embeddable":true,"href":"https:\/\/www.prijedordanas.com\/index.php?rest_route=%2Fwp%2Fv2%2Ftags&post=157151"}],"curies":[{"name":"wp","href":"https:\/\/api.w.org\/{rel}","templated":true}]}}