{"id":157130,"date":"2020-10-27T11:31:42","date_gmt":"2020-10-27T10:31:42","guid":{"rendered":"https:\/\/www.prijedordanas.com\/?p=157130"},"modified":"2020-10-27T11:31:42","modified_gmt":"2020-10-27T10:31:42","slug":"u-prijedoru-trenutno-127-lica-pozitivno-na-virus-korona-zakljucci-staba-za-vanredne-situacije-za-26-oktobar","status":"publish","type":"post","link":"https:\/\/www.prijedordanas.com\/?p=157130","title":{"rendered":"U Prijedoru trenutno 127 lica pozitivno na virus korona: Zaklju\u010dci \u0160taba za vanredne situacije za 26. oktobar"},"content":{"rendered":"<p><a href=\"https:\/\/www.prijedordanas.com\/wp-content\/uploads\/2020\/10\/stab-26oktobar-4.jpg\"><img loading=\"lazy\" decoding=\"async\" class=\"alignleft size-medium wp-image-157131\" src=\"https:\/\/www.prijedordanas.com\/wp-content\/uploads\/2020\/10\/stab-26oktobar-4-300x225.jpg\" alt=\"\" width=\"300\" height=\"225\" srcset=\"https:\/\/www.prijedordanas.com\/wp-content\/uploads\/2020\/10\/stab-26oktobar-4-300x225.jpg 300w, https:\/\/www.prijedordanas.com\/wp-content\/uploads\/2020\/10\/stab-26oktobar-4-640x480.jpg 640w, https:\/\/www.prijedordanas.com\/wp-content\/uploads\/2020\/10\/stab-26oktobar-4.jpg 667w\" sizes=\"(max-width: 300px) 100vw, 300px\" \/><\/a>GRADSKI \u0160TAB ZA VANREDNE SITUACIJE<\/p>\n<p>Na osnovu \u010dlana 39. stav 3. i \u010dlana 40. stav b., Zakona o za\u0161titi i spasavanju u vanrednim situacijama (&#8220;Slu\u017ebeni glasnik Republike Srpske&#8221;, broj: 121\/12) i \u010dlana 12. stav 3., Odluke o organizovanju i funkcionisanju civilne za\u0161tite u oblasti za\u0161tite i spasavanja Grada Prijedora (&#8220;Slu\u017ebeni glasnik Grada Prijedora&#8221;, broj: 7\/13), na sjednici odr\u017eanoj dana 26.10.2020. godine Gradski \u0161tab za vanredne situacije Grada Prijedora, donosi slijede\u0107e:<\/p>\n<p>ZAKLJU\u010cKE<\/p>\n<p>Gradski \u0161tab za vanredne situacije konstatuje:<\/p>\n<p><a href=\"https:\/\/www.prijedordanas.com\/wp-content\/uploads\/2020\/10\/stab-26oktobar-3.jpg\"><img loading=\"lazy\" decoding=\"async\" src=\"https:\/\/www.prijedordanas.com\/wp-content\/uploads\/2020\/10\/stab-26oktobar-3-300x225.jpg\" alt=\"\" width=\"300\" height=\"225\" class=\"alignleft size-medium wp-image-157132\" srcset=\"https:\/\/www.prijedordanas.com\/wp-content\/uploads\/2020\/10\/stab-26oktobar-3-300x225.jpg 300w, https:\/\/www.prijedordanas.com\/wp-content\/uploads\/2020\/10\/stab-26oktobar-3-640x480.jpg 640w, https:\/\/www.prijedordanas.com\/wp-content\/uploads\/2020\/10\/stab-26oktobar-3.jpg 667w\" sizes=\"(max-width: 300px) 100vw, 300px\" \/><\/a>1. Na podru\u010dju grada Prijedora trenutno je registrovano 127 lica sa pozitivnim testom na novi virus korona. Do sada se 264 lica oporavilo od oboljenja uzrokovanog virusom korona, a 23 lica je preminulo. Pod zdravstvenim nadzorom &#8211; u ku\u0107noj izolaciji je 229 lica, a zdravstveni nadzor je prestao za 2773 lica.<br \/>\nU JZU Bolnicu &#8220;Dr Mladen Stojanovi\u0107&#8221; Prijedor &#8211; COVID odjeljenje radi lije\u010denja lica sa pozitivnim testom na virus korona smje\u0161teno je 16 lica od kojih su 14 lica iz Prijedora , i po jedno lice iz Novog Grada i O\u0161tre Luke.<\/p>\n<p>2. Dana 25.10.2020.godine Republi\u010dki \u0161tab za vanredne situacije donio je zaklju\u010dak br.60-1\/20 o obustavljanju vaspitno obrazovnog rada u prostorijama osnovnih i srednjih \u0161kola u Republici Srpskoj kojim se od 26.oktobra do 1. novembra 2020.godine obustavlja vaspitno obrazovni rad (nastava) , sve sportske i druge aktivnosti \u0161kolske djece i omladine koje se odvijaju u \u0161kolskim objektima.<br \/>\nOvim zaklju\u010dkom se obavezuju osnovne i srednje \u0161kole u Republici Srpskoj da organizuju nastavu na daljinu kori\u0161tenjem sredestava elekrtonske komunikacije i obustavlja organizovanje pro\u0161irenog programa (produ\u017eeni boravak i jutarnje \u010duvanje) u prostorijama osnovnih \u0161kola u periodu od 26.oktobra do 1.novembra 2020.godine.<\/p>\n<p>3. Dana 25.10.2020.godine Republi\u010dki \u0161tab za vanredne situacije donio je zaklju\u010dak br. 30-3\/20 kojim se Zaklju\u010dak o sprovo\u0111enju mjera za reagovanje na pojavu bolesti izazvane novim virusom korona u Republici Srpskoj br.59-1\/20 od 20.10.2020.godine mijenja i glasi &#8221; Do 01.11.2020.godine ograni\u010dava se radno vrijeme ugostiteljskim objektima za ishranu i pi\u0107e od 06:00 do 22:00<\/p>\n<p><a href=\"https:\/\/www.prijedordanas.com\/wp-content\/uploads\/2020\/10\/stab-26oktobar-6.jpg\"><img loading=\"lazy\" decoding=\"async\" src=\"https:\/\/www.prijedordanas.com\/wp-content\/uploads\/2020\/10\/stab-26oktobar-6-300x200.jpg\" alt=\"\" width=\"300\" height=\"200\" class=\"alignleft size-medium wp-image-157133\" srcset=\"https:\/\/www.prijedordanas.com\/wp-content\/uploads\/2020\/10\/stab-26oktobar-6-300x200.jpg 300w, https:\/\/www.prijedordanas.com\/wp-content\/uploads\/2020\/10\/stab-26oktobar-6-480x320.jpg 480w, https:\/\/www.prijedordanas.com\/wp-content\/uploads\/2020\/10\/stab-26oktobar-6.jpg 600w\" sizes=\"(max-width: 300px) 100vw, 300px\" \/><\/a>Naredbe, zadu\u017eenja i preporuke<\/p>\n<p>1.Obavezuju se sva pravna lica, preduzetnici i fizi\u010dka lica na podru\u010dju grada Prijedora da se u potpunosti pridr\u017eavaju mjera utvr\u0111enih zaklju\u010dcima Republi\u010dkog \u0161taba za vanredne situacije donesenih dana 25.10.2020.godine uz obavezno preduzimanje mjera propisanih u Uputstvu JZU &#8220;Institut za javno zdravstvo Republike Srpske&#8221; za spre\u010davanje \u0161irenja COVID 19 na radnom mjestu.<\/p>\n<p>2. Obavezuju se nadzorni i kontrolni organi na podru\u010dju grada Prijedora da u saradnji sa predstavnicima Ministarstva unutra\u0161njih poslova i u skladu sa Instrukcijom Ministarstva uprave i lokalne samouprave da intenziviraju aktivnosti i vr\u0161e poja\u010dane kontrole i nadzor nad sprovo\u0111enjem mjera utvr\u0111enih zaklju\u010dcima Republi\u010dkog \u0161taba za vanredne situacije, kao i mjera donesenih od strane Gradskog \u0161taba za vanredne situcije.<\/p>\n<p>3. Gradski \u0161tab za vanredne situacije apeluje na stanovnike grada Prijedora da se pridr\u017eavaju propisanih mjera za spre\u010davanje pojave i \u0161irenja novog virusa korona a prije svega da odr\u017eavaju fizi\u010dku distancu od 2 metra, nose za\u0161titne maske, odr\u017eavaju mjere li\u010dne higijene te da vr\u0161e redovno \u010di\u0161\u0107enje i dezinfekciju prostorija u kojima borave i rade.<\/p>\n<p>4.Gradski \u0161tab za vanredne situacije predla\u017ee Republi\u010dkom \u0161tabu za vanredne situacije da preispita Zaklju\u010dak o obustavljanju vaspitno obrazovnog rada (nastave) u prostorijama osnovnih i srednjih \u0161kola u Republici Srpskoj, uva\u017eavaju\u0107i specifi\u010dnost i epidemiolo\u0161ku situaciju u jedinicama lokalne samouprave na podru\u010dju Republike Srpske.<\/p>\n<p>5.Gradski \u0161tab za vanredne situacije \u0107e i dalje aktivno pratiti razvoj situacije u vezi sa pojavom i \u0161irenjem korona virusa i u skladu sa razvojem doga\u0111aja blagovremeno donositi zaklju\u010dke i usmjeravati rad nadle\u017enih slu\u017ebi.<\/p>\n<p>Za realizaciju ovih zaklju\u010daka zadu\u017euju se organi i slu\u017ebe Gradske uprave Prijedor, privredna dru\u0161tva , javne ustanove i institucije na podru\u010dju grada Prijedora.<\/p>\n<p>Broj: 02-sl-85\/20<br \/>\nDatum: 26.10.2020. godine<\/p>\n<p>KOMANDANT<\/p>\n<p>Milenko \u0110akovi\u0107<\/p>\n","protected":false},"excerpt":{"rendered":"<p>GRADSKI \u0160TAB ZA VANREDNE SITUACIJE Na osnovu \u010dlana 39. stav 3. i \u010dlana 40. stav b., Zakona o za\u0161titi i spasavanju u vanrednim situacijama (&#8220;Slu\u017ebeni glasnik Republike Srpske&#8221;, broj: 121\/12) [&hellip;]<\/p>\n","protected":false},"author":1,"featured_media":0,"comment_status":"closed","ping_status":"open","sticky":false,"template":"","format":"standard","meta":{"_monsterinsights_skip_tracking":false,"_monsterinsights_sitenote_active":false,"_monsterinsights_sitenote_note":"","_monsterinsights_sitenote_category":0,"footnotes":""},"categories":[8],"tags":[11081,11120],"yoast_head":"<!-- This site is optimized with the Yoast SEO plugin v21.6 - https:\/\/yoast.com\/wordpress\/plugins\/seo\/ -->\n<title>U Prijedoru trenutno 127 lica pozitivno na virus korona: Zaklju\u010dci \u0160taba za vanredne situacije za 26. oktobar - PrijedorDanas.com - Prijedorski gradski portal<\/title>\n<meta name=\"robots\" content=\"index, follow, max-snippet:-1, max-image-preview:large, max-video-preview:-1\" \/>\n<link rel=\"canonical\" href=\"https:\/\/www.prijedordanas.com\/?p=157130\" \/>\n<meta property=\"og:locale\" content=\"en_US\" \/>\n<meta property=\"og:type\" content=\"article\" \/>\n<meta property=\"og:title\" content=\"U Prijedoru trenutno 127 lica pozitivno na virus korona: Zaklju\u010dci \u0160taba za vanredne situacije za 26. oktobar - PrijedorDanas.com - Prijedorski gradski portal\" \/>\n<meta property=\"og:description\" content=\"GRADSKI \u0160TAB ZA VANREDNE SITUACIJE Na osnovu \u010dlana 39. stav 3. i \u010dlana 40. stav b., Zakona o za\u0161titi i spasavanju u vanrednim situacijama (&#8220;Slu\u017ebeni glasnik Republike Srpske&#8221;, broj: 121\/12) [&hellip;]\" \/>\n<meta property=\"og:url\" content=\"https:\/\/www.prijedordanas.com\/?p=157130\" \/>\n<meta property=\"og:site_name\" content=\"PrijedorDanas.com - Prijedorski gradski portal\" \/>\n<meta property=\"article:publisher\" content=\"https:\/\/www.facebook.com\/PrijedorDanasCom\/\" \/>\n<meta property=\"article:published_time\" content=\"2020-10-27T10:31:42+00:00\" \/>\n<meta property=\"og:image\" content=\"https:\/\/www.prijedordanas.com\/wp-content\/uploads\/2020\/10\/stab-26oktobar-4-300x225.jpg\" \/>\n<meta name=\"author\" content=\"admin\" \/>\n<meta name=\"twitter:card\" content=\"summary_large_image\" \/>\n<meta name=\"twitter:label1\" content=\"Written by\" \/>\n\t<meta name=\"twitter:data1\" content=\"admin\" \/>\n\t<meta name=\"twitter:label2\" content=\"Est. reading time\" \/>\n\t<meta name=\"twitter:data2\" content=\"3 minutes\" \/>\n<script type=\"application\/ld+json\" class=\"yoast-schema-graph\">{\"@context\":\"https:\/\/schema.org\",\"@graph\":[{\"@type\":\"Article\",\"@id\":\"https:\/\/www.prijedordanas.com\/?p=157130#article\",\"isPartOf\":{\"@id\":\"https:\/\/www.prijedordanas.com\/?p=157130\"},\"author\":{\"name\":\"admin\",\"@id\":\"https:\/\/www.prijedordanas.com\/#\/schema\/person\/4e08ccf29b506ca916ff86d46bb700e6\"},\"headline\":\"U Prijedoru trenutno 127 lica pozitivno na virus korona: Zaklju\u010dci \u0160taba za vanredne situacije za 26. oktobar\",\"datePublished\":\"2020-10-27T10:31:42+00:00\",\"dateModified\":\"2020-10-27T10:31:42+00:00\",\"mainEntityOfPage\":{\"@id\":\"https:\/\/www.prijedordanas.com\/?p=157130\"},\"wordCount\":649,\"publisher\":{\"@id\":\"https:\/\/www.prijedordanas.com\/#organization\"},\"keywords\":[\"korona\",\"\u0160tab za vanredne situacije grada Prijedora\"],\"articleSection\":[\"Svakodnevno\"],\"inLanguage\":\"en-US\"},{\"@type\":\"WebPage\",\"@id\":\"https:\/\/www.prijedordanas.com\/?p=157130\",\"url\":\"https:\/\/www.prijedordanas.com\/?p=157130\",\"name\":\"U Prijedoru trenutno 127 lica pozitivno na virus korona: Zaklju\u010dci \u0160taba za vanredne situacije za 26. oktobar - PrijedorDanas.com - Prijedorski gradski portal\",\"isPartOf\":{\"@id\":\"https:\/\/www.prijedordanas.com\/#website\"},\"datePublished\":\"2020-10-27T10:31:42+00:00\",\"dateModified\":\"2020-10-27T10:31:42+00:00\",\"breadcrumb\":{\"@id\":\"https:\/\/www.prijedordanas.com\/?p=157130#breadcrumb\"},\"inLanguage\":\"en-US\",\"potentialAction\":[{\"@type\":\"ReadAction\",\"target\":[\"https:\/\/www.prijedordanas.com\/?p=157130\"]}]},{\"@type\":\"BreadcrumbList\",\"@id\":\"https:\/\/www.prijedordanas.com\/?p=157130#breadcrumb\",\"itemListElement\":[{\"@type\":\"ListItem\",\"position\":1,\"name\":\"Home\",\"item\":\"https:\/\/www.prijedordanas.com\/\"},{\"@type\":\"ListItem\",\"position\":2,\"name\":\"U Prijedoru trenutno 127 lica pozitivno na virus korona: Zaklju\u010dci \u0160taba za vanredne situacije za 26. oktobar\"}]},{\"@type\":\"WebSite\",\"@id\":\"https:\/\/www.prijedordanas.com\/#website\",\"url\":\"https:\/\/www.prijedordanas.com\/\",\"name\":\"PrijedorDanas.com - Prijedorski gradski portal\",\"description\":\"Portal o doga\u0111anjima u gradu Prijedoru\",\"publisher\":{\"@id\":\"https:\/\/www.prijedordanas.com\/#organization\"},\"potentialAction\":[{\"@type\":\"SearchAction\",\"target\":{\"@type\":\"EntryPoint\",\"urlTemplate\":\"https:\/\/www.prijedordanas.com\/?s={search_term_string}\"},\"query-input\":\"required name=search_term_string\"}],\"inLanguage\":\"en-US\"},{\"@type\":\"Organization\",\"@id\":\"https:\/\/www.prijedordanas.com\/#organization\",\"name\":\"PrijedorDanas.com\",\"url\":\"https:\/\/www.prijedordanas.com\/\",\"logo\":{\"@type\":\"ImageObject\",\"inLanguage\":\"en-US\",\"@id\":\"https:\/\/www.prijedordanas.com\/#\/schema\/logo\/image\/\",\"url\":\"http:\/\/www.prijedordanas.com\/wp-content\/uploads\/2021\/12\/logopng.png\",\"contentUrl\":\"http:\/\/www.prijedordanas.com\/wp-content\/uploads\/2021\/12\/logopng.png\",\"width\":1019,\"height\":776,\"caption\":\"PrijedorDanas.com\"},\"image\":{\"@id\":\"https:\/\/www.prijedordanas.com\/#\/schema\/logo\/image\/\"},\"sameAs\":[\"https:\/\/www.facebook.com\/PrijedorDanasCom\/\"]},{\"@type\":\"Person\",\"@id\":\"https:\/\/www.prijedordanas.com\/#\/schema\/person\/4e08ccf29b506ca916ff86d46bb700e6\",\"name\":\"admin\",\"image\":{\"@type\":\"ImageObject\",\"inLanguage\":\"en-US\",\"@id\":\"https:\/\/www.prijedordanas.com\/#\/schema\/person\/image\/\",\"url\":\"https:\/\/secure.gravatar.com\/avatar\/1d3fc949d550f0b53a5f0d51e06dfd79?s=96&d=mm&r=g\",\"contentUrl\":\"https:\/\/secure.gravatar.com\/avatar\/1d3fc949d550f0b53a5f0d51e06dfd79?s=96&d=mm&r=g\",\"caption\":\"admin\"},\"url\":\"https:\/\/www.prijedordanas.com\/?author=1\"}]}<\/script>\n<!-- \/ Yoast SEO plugin. -->","yoast_head_json":{"title":"U Prijedoru trenutno 127 lica pozitivno na virus korona: Zaklju\u010dci \u0160taba za vanredne situacije za 26. oktobar - PrijedorDanas.com - Prijedorski gradski portal","robots":{"index":"index","follow":"follow","max-snippet":"max-snippet:-1","max-image-preview":"max-image-preview:large","max-video-preview":"max-video-preview:-1"},"canonical":"https:\/\/www.prijedordanas.com\/?p=157130","og_locale":"en_US","og_type":"article","og_title":"U Prijedoru trenutno 127 lica pozitivno na virus korona: Zaklju\u010dci \u0160taba za vanredne situacije za 26. oktobar - PrijedorDanas.com - Prijedorski gradski portal","og_description":"GRADSKI \u0160TAB ZA VANREDNE SITUACIJE Na osnovu \u010dlana 39. stav 3. i \u010dlana 40. stav b., Zakona o za\u0161titi i spasavanju u vanrednim situacijama (&#8220;Slu\u017ebeni glasnik Republike Srpske&#8221;, broj: 121\/12) [&hellip;]","og_url":"https:\/\/www.prijedordanas.com\/?p=157130","og_site_name":"PrijedorDanas.com - Prijedorski gradski portal","article_publisher":"https:\/\/www.facebook.com\/PrijedorDanasCom\/","article_published_time":"2020-10-27T10:31:42+00:00","og_image":[{"url":"https:\/\/www.prijedordanas.com\/wp-content\/uploads\/2020\/10\/stab-26oktobar-4-300x225.jpg"}],"author":"admin","twitter_card":"summary_large_image","twitter_misc":{"Written by":"admin","Est. reading time":"3 minutes"},"schema":{"@context":"https:\/\/schema.org","@graph":[{"@type":"Article","@id":"https:\/\/www.prijedordanas.com\/?p=157130#article","isPartOf":{"@id":"https:\/\/www.prijedordanas.com\/?p=157130"},"author":{"name":"admin","@id":"https:\/\/www.prijedordanas.com\/#\/schema\/person\/4e08ccf29b506ca916ff86d46bb700e6"},"headline":"U Prijedoru trenutno 127 lica pozitivno na virus korona: Zaklju\u010dci \u0160taba za vanredne situacije za 26. oktobar","datePublished":"2020-10-27T10:31:42+00:00","dateModified":"2020-10-27T10:31:42+00:00","mainEntityOfPage":{"@id":"https:\/\/www.prijedordanas.com\/?p=157130"},"wordCount":649,"publisher":{"@id":"https:\/\/www.prijedordanas.com\/#organization"},"keywords":["korona","\u0160tab za vanredne situacije grada Prijedora"],"articleSection":["Svakodnevno"],"inLanguage":"en-US"},{"@type":"WebPage","@id":"https:\/\/www.prijedordanas.com\/?p=157130","url":"https:\/\/www.prijedordanas.com\/?p=157130","name":"U Prijedoru trenutno 127 lica pozitivno na virus korona: Zaklju\u010dci \u0160taba za vanredne situacije za 26. oktobar - PrijedorDanas.com - Prijedorski gradski portal","isPartOf":{"@id":"https:\/\/www.prijedordanas.com\/#website"},"datePublished":"2020-10-27T10:31:42+00:00","dateModified":"2020-10-27T10:31:42+00:00","breadcrumb":{"@id":"https:\/\/www.prijedordanas.com\/?p=157130#breadcrumb"},"inLanguage":"en-US","potentialAction":[{"@type":"ReadAction","target":["https:\/\/www.prijedordanas.com\/?p=157130"]}]},{"@type":"BreadcrumbList","@id":"https:\/\/www.prijedordanas.com\/?p=157130#breadcrumb","itemListElement":[{"@type":"ListItem","position":1,"name":"Home","item":"https:\/\/www.prijedordanas.com\/"},{"@type":"ListItem","position":2,"name":"U Prijedoru trenutno 127 lica pozitivno na virus korona: Zaklju\u010dci \u0160taba za vanredne situacije za 26. oktobar"}]},{"@type":"WebSite","@id":"https:\/\/www.prijedordanas.com\/#website","url":"https:\/\/www.prijedordanas.com\/","name":"PrijedorDanas.com - Prijedorski gradski portal","description":"Portal o doga\u0111anjima u gradu Prijedoru","publisher":{"@id":"https:\/\/www.prijedordanas.com\/#organization"},"potentialAction":[{"@type":"SearchAction","target":{"@type":"EntryPoint","urlTemplate":"https:\/\/www.prijedordanas.com\/?s={search_term_string}"},"query-input":"required name=search_term_string"}],"inLanguage":"en-US"},{"@type":"Organization","@id":"https:\/\/www.prijedordanas.com\/#organization","name":"PrijedorDanas.com","url":"https:\/\/www.prijedordanas.com\/","logo":{"@type":"ImageObject","inLanguage":"en-US","@id":"https:\/\/www.prijedordanas.com\/#\/schema\/logo\/image\/","url":"http:\/\/www.prijedordanas.com\/wp-content\/uploads\/2021\/12\/logopng.png","contentUrl":"http:\/\/www.prijedordanas.com\/wp-content\/uploads\/2021\/12\/logopng.png","width":1019,"height":776,"caption":"PrijedorDanas.com"},"image":{"@id":"https:\/\/www.prijedordanas.com\/#\/schema\/logo\/image\/"},"sameAs":["https:\/\/www.facebook.com\/PrijedorDanasCom\/"]},{"@type":"Person","@id":"https:\/\/www.prijedordanas.com\/#\/schema\/person\/4e08ccf29b506ca916ff86d46bb700e6","name":"admin","image":{"@type":"ImageObject","inLanguage":"en-US","@id":"https:\/\/www.prijedordanas.com\/#\/schema\/person\/image\/","url":"https:\/\/secure.gravatar.com\/avatar\/1d3fc949d550f0b53a5f0d51e06dfd79?s=96&d=mm&r=g","contentUrl":"https:\/\/secure.gravatar.com\/avatar\/1d3fc949d550f0b53a5f0d51e06dfd79?s=96&d=mm&r=g","caption":"admin"},"url":"https:\/\/www.prijedordanas.com\/?author=1"}]}},"_links":{"self":[{"href":"https:\/\/www.prijedordanas.com\/index.php?rest_route=\/wp\/v2\/posts\/157130"}],"collection":[{"href":"https:\/\/www.prijedordanas.com\/index.php?rest_route=\/wp\/v2\/posts"}],"about":[{"href":"https:\/\/www.prijedordanas.com\/index.php?rest_route=\/wp\/v2\/types\/post"}],"author":[{"embeddable":true,"href":"https:\/\/www.prijedordanas.com\/index.php?rest_route=\/wp\/v2\/users\/1"}],"replies":[{"embeddable":true,"href":"https:\/\/www.prijedordanas.com\/index.php?rest_route=%2Fwp%2Fv2%2Fcomments&post=157130"}],"version-history":[{"count":1,"href":"https:\/\/www.prijedordanas.com\/index.php?rest_route=\/wp\/v2\/posts\/157130\/revisions"}],"predecessor-version":[{"id":157134,"href":"https:\/\/www.prijedordanas.com\/index.php?rest_route=\/wp\/v2\/posts\/157130\/revisions\/157134"}],"wp:attachment":[{"href":"https:\/\/www.prijedordanas.com\/index.php?rest_route=%2Fwp%2Fv2%2Fmedia&parent=157130"}],"wp:term":[{"taxonomy":"category","embeddable":true,"href":"https:\/\/www.prijedordanas.com\/index.php?rest_route=%2Fwp%2Fv2%2Fcategories&post=157130"},{"taxonomy":"post_tag","embeddable":true,"href":"https:\/\/www.prijedordanas.com\/index.php?rest_route=%2Fwp%2Fv2%2Ftags&post=157130"}],"curies":[{"name":"wp","href":"https:\/\/api.w.org\/{rel}","templated":true}]}}