{"id":156670,"date":"2020-10-21T21:52:23","date_gmt":"2020-10-21T19:52:23","guid":{"rendered":"https:\/\/www.prijedordanas.com\/?p=156670"},"modified":"2020-10-21T21:52:23","modified_gmt":"2020-10-21T19:52:23","slug":"rudar-prijedor-porazen-od-zvijezde-09-u-osmini-finala-kupa-bih-nakon-penal-serije-foto","status":"publish","type":"post","link":"https:\/\/www.prijedordanas.com\/?p=156670","title":{"rendered":"&#8220;Rudar-Prijedor&#8221; pora\u017een od &#8220;Zvijezde 09&#8221; u osmini finala Kupa BiH nakon penal serije  &#8211; FOTO"},"content":{"rendered":"<p><a href=\"https:\/\/www.prijedordanas.com\/wp-content\/uploads\/2020\/10\/rudar-prijedor-zvijezda09-kup-bih-1.jpg\"><img loading=\"lazy\" decoding=\"async\" class=\"alignleft size-medium wp-image-156674\" src=\"https:\/\/www.prijedordanas.com\/wp-content\/uploads\/2020\/10\/rudar-prijedor-zvijezda09-kup-bih-1-300x225.jpg\" alt=\"\" width=\"300\" height=\"225\" srcset=\"https:\/\/www.prijedordanas.com\/wp-content\/uploads\/2020\/10\/rudar-prijedor-zvijezda09-kup-bih-1-300x225.jpg 300w, https:\/\/www.prijedordanas.com\/wp-content\/uploads\/2020\/10\/rudar-prijedor-zvijezda09-kup-bih-1-640x480.jpg 640w, https:\/\/www.prijedordanas.com\/wp-content\/uploads\/2020\/10\/rudar-prijedor-zvijezda09-kup-bih-1.jpg 667w\" sizes=\"(max-width: 300px) 100vw, 300px\" \/><\/a>Fudbaleri &#8220;Rudar-Prijedora&#8221; zavr\u0161ili su takmi\u010denje i u Kupu Bosne i Hercegovine.<\/p>\n<p>U susretu osmine finala izabranici trenera Savi\u0107a su na doma\u0107em terenu pora\u017eeni od &#8220;Zvijezde 09&#8221; iz Etno sela Stani\u0161i\u0107i nakon izvo\u0111enja penala.<\/p>\n<p>U regularnih 90 minuta nije bilo pogodaka.<\/p>\n<p>Me\u010d je bio ispod prosjeka, a vi\u0111eno je tek nekoliko prilika za postizanje pogodaka.<\/p>\n<p><a href=\"https:\/\/www.prijedordanas.com\/wp-content\/uploads\/2020\/10\/rudar-prijedor-zvijezda09-kup-bih-2.jpg\"><img loading=\"lazy\" decoding=\"async\" class=\"alignleft size-medium wp-image-156675\" src=\"https:\/\/www.prijedordanas.com\/wp-content\/uploads\/2020\/10\/rudar-prijedor-zvijezda09-kup-bih-2-300x225.jpg\" alt=\"\" width=\"300\" height=\"225\" srcset=\"https:\/\/www.prijedordanas.com\/wp-content\/uploads\/2020\/10\/rudar-prijedor-zvijezda09-kup-bih-2-300x225.jpg 300w, https:\/\/www.prijedordanas.com\/wp-content\/uploads\/2020\/10\/rudar-prijedor-zvijezda09-kup-bih-2-640x480.jpg 640w, https:\/\/www.prijedordanas.com\/wp-content\/uploads\/2020\/10\/rudar-prijedor-zvijezda09-kup-bih-2.jpg 667w\" sizes=\"(max-width: 300px) 100vw, 300px\" \/><\/a>Epitet junaka me\u010da ponio je golman Buni\u0107 koji je odbranio dva udarca doma\u0107ih igra\u010da.<\/p>\n<p>U tre\u0107oj i petoj seriji zaustavio je udarce Marmata i Burazora, dok su sva \u010detvorica igra\u010da gostiju pogodila mre\u017eu Topolovi\u0107a.<\/p>\n<p>Nakon ispadanja iz Kupa RS i Kupa BiH, oba puta nakon penala, Prijedor\u010danima ostaje da se maksimalno koncentri\u0161u na Prvu ligu RS gdje bi sve osim titule i plasmana u Premijer ligu bilo neuspjeh.<\/p>\n<p>Kup BiH &#8211; 1\/8 finala<br \/>\nRudar-Prijedor: Zvijezda 09 0:0 penalima 3:4<\/p>\n<p><a href=\"https:\/\/www.prijedordanas.com\/wp-content\/uploads\/2020\/10\/rudar-prijedor-zvijezda09-kup-bih-3.jpg\"><img loading=\"lazy\" decoding=\"async\" src=\"https:\/\/www.prijedordanas.com\/wp-content\/uploads\/2020\/10\/rudar-prijedor-zvijezda09-kup-bih-3-300x225.jpg\" alt=\"\" width=\"300\" height=\"225\" class=\"alignleft size-medium wp-image-156676\" srcset=\"https:\/\/www.prijedordanas.com\/wp-content\/uploads\/2020\/10\/rudar-prijedor-zvijezda09-kup-bih-3-300x225.jpg 300w, https:\/\/www.prijedordanas.com\/wp-content\/uploads\/2020\/10\/rudar-prijedor-zvijezda09-kup-bih-3.jpg 600w\" sizes=\"(max-width: 300px) 100vw, 300px\" \/><\/a>Prijedor<br \/>\nGradski stadion<br \/>\nBez gledalaca<br \/>\nSudija: Aleksandar Njegomirovi\u0107 (Prnjavor)<br \/>\nStrijelci iz penala: Kulenovi\u0107, Zekanovi\u0107, Iveti\u0107 za Rudar-Prijedor, S.Raki\u0107, Ili\u0107, Nikoli\u0107, Milo\u0161evi\u0107 za Zvijezdu 09<br \/>\n\u017duti kartoni: Danilovi\u0107 (Rudar-Prijedor), Rajovi\u0107, Ili\u0107(Zvijezda 09)<\/p>\n<p>Rudar-Prijedor<br \/>\nTopolovi\u0107, Pekija, Burazor, Rastoka(Stjepanovi\u0107), Danilovi\u0107, Ja\u0107imovi\u0107(Kulenovi\u0107), Mili\u0107evi\u0107, Mari\u0107(Jakupovi\u0107), Zekanovi\u0107, Matovi\u0107(Iveti\u0107), Marmat<br \/>\nTrener-Boris Savi\u0107<\/p>\n<p>Zvijezda 09<br \/>\nBuni\u0107, Kova\u010devi\u0107, Te\u0161i\u0107, \u0160uji\u0107(Nikoli\u0107), S.Raki\u0107, N.Raki\u0107, Toj\u010di\u0107, Mati\u0107, \u017divkovi\u0107(Milo\u0161evi\u0107), Rajovi\u0107(Sinanovi\u0107), Ili\u0107<br \/>\nTrener-Mladen Obrenovi\u0107<\/p>\n<p>Tekst i foto &#8211; <a href=\"https:\/\/www.prijedordanas.com\" target=\"_blank\" rel=\"noopener noreferrer\">www.prijedordanas.com<\/a><\/p>\n<p><a href=\"https:\/\/www.prijedordanas.com\/wp-content\/uploads\/2020\/10\/rudar-prijedor-zvijezda09-kup-bih-4.jpg\"><img loading=\"lazy\" decoding=\"async\" src=\"https:\/\/www.prijedordanas.com\/wp-content\/uploads\/2020\/10\/rudar-prijedor-zvijezda09-kup-bih-4-300x225.jpg\" alt=\"\" width=\"300\" height=\"225\" class=\"alignleft size-medium wp-image-156677\" srcset=\"https:\/\/www.prijedordanas.com\/wp-content\/uploads\/2020\/10\/rudar-prijedor-zvijezda09-kup-bih-4-300x225.jpg 300w, https:\/\/www.prijedordanas.com\/wp-content\/uploads\/2020\/10\/rudar-prijedor-zvijezda09-kup-bih-4.jpg 600w\" sizes=\"(max-width: 300px) 100vw, 300px\" \/><\/a> <a href=\"https:\/\/www.prijedordanas.com\/wp-content\/uploads\/2020\/10\/rudar-prijedor-zvijezda09-kup-bih-5.jpg\"><img loading=\"lazy\" decoding=\"async\" src=\"https:\/\/www.prijedordanas.com\/wp-content\/uploads\/2020\/10\/rudar-prijedor-zvijezda09-kup-bih-5-300x225.jpg\" alt=\"\" width=\"300\" height=\"225\" class=\"alignleft size-medium wp-image-156678\" srcset=\"https:\/\/www.prijedordanas.com\/wp-content\/uploads\/2020\/10\/rudar-prijedor-zvijezda09-kup-bih-5-300x225.jpg 300w, https:\/\/www.prijedordanas.com\/wp-content\/uploads\/2020\/10\/rudar-prijedor-zvijezda09-kup-bih-5.jpg 600w\" sizes=\"(max-width: 300px) 100vw, 300px\" \/><\/a><\/p>\n","protected":false},"excerpt":{"rendered":"<p>Fudbaleri &#8220;Rudar-Prijedora&#8221; zavr\u0161ili su takmi\u010denje i u Kupu Bosne i Hercegovine. U susretu osmine finala izabranici trenera Savi\u0107a su na doma\u0107em terenu pora\u017eeni od &#8220;Zvijezde 09&#8221; iz Etno sela Stani\u0161i\u0107i [&hellip;]<\/p>\n","protected":false},"author":1,"featured_media":0,"comment_status":"closed","ping_status":"open","sticky":false,"template":"","format":"standard","meta":{"_monsterinsights_skip_tracking":false,"_monsterinsights_sitenote_active":false,"_monsterinsights_sitenote_note":"","_monsterinsights_sitenote_category":0,"footnotes":""},"categories":[7],"tags":[509,221],"yoast_head":"<!-- This site is optimized with the Yoast SEO plugin v21.6 - https:\/\/yoast.com\/wordpress\/plugins\/seo\/ -->\n<title>&quot;Rudar-Prijedor&quot; pora\u017een od &quot;Zvijezde 09&quot; u osmini finala Kupa BiH nakon penal serije - FOTO - PrijedorDanas.com - Prijedorski gradski portal<\/title>\n<meta name=\"robots\" content=\"index, follow, max-snippet:-1, max-image-preview:large, max-video-preview:-1\" \/>\n<link rel=\"canonical\" href=\"https:\/\/www.prijedordanas.com\/?p=156670\" \/>\n<meta property=\"og:locale\" content=\"en_US\" \/>\n<meta property=\"og:type\" content=\"article\" \/>\n<meta property=\"og:title\" content=\"&quot;Rudar-Prijedor&quot; pora\u017een od &quot;Zvijezde 09&quot; u osmini finala Kupa BiH nakon penal serije - FOTO - PrijedorDanas.com - Prijedorski gradski portal\" \/>\n<meta property=\"og:description\" content=\"Fudbaleri &#8220;Rudar-Prijedora&#8221; zavr\u0161ili su takmi\u010denje i u Kupu Bosne i Hercegovine. U susretu osmine finala izabranici trenera Savi\u0107a su na doma\u0107em terenu pora\u017eeni od &#8220;Zvijezde 09&#8221; iz Etno sela Stani\u0161i\u0107i [&hellip;]\" \/>\n<meta property=\"og:url\" content=\"https:\/\/www.prijedordanas.com\/?p=156670\" \/>\n<meta property=\"og:site_name\" content=\"PrijedorDanas.com - Prijedorski gradski portal\" \/>\n<meta property=\"article:publisher\" content=\"https:\/\/www.facebook.com\/PrijedorDanasCom\/\" \/>\n<meta property=\"article:published_time\" content=\"2020-10-21T19:52:23+00:00\" \/>\n<meta property=\"og:image\" content=\"https:\/\/www.prijedordanas.com\/wp-content\/uploads\/2020\/10\/rudar-prijedor-zvijezda09-kup-bih-1-300x225.jpg\" \/>\n<meta name=\"author\" content=\"admin\" \/>\n<meta name=\"twitter:card\" content=\"summary_large_image\" \/>\n<meta name=\"twitter:label1\" content=\"Written by\" \/>\n\t<meta name=\"twitter:data1\" content=\"admin\" \/>\n\t<meta name=\"twitter:label2\" content=\"Est. reading time\" \/>\n\t<meta name=\"twitter:data2\" content=\"1 minute\" \/>\n<script type=\"application\/ld+json\" class=\"yoast-schema-graph\">{\"@context\":\"https:\/\/schema.org\",\"@graph\":[{\"@type\":\"Article\",\"@id\":\"https:\/\/www.prijedordanas.com\/?p=156670#article\",\"isPartOf\":{\"@id\":\"https:\/\/www.prijedordanas.com\/?p=156670\"},\"author\":{\"name\":\"admin\",\"@id\":\"https:\/\/www.prijedordanas.com\/#\/schema\/person\/4e08ccf29b506ca916ff86d46bb700e6\"},\"headline\":\"&#8220;Rudar-Prijedor&#8221; pora\u017een od &#8220;Zvijezde 09&#8221; u osmini finala Kupa BiH nakon penal serije &#8211; FOTO\",\"datePublished\":\"2020-10-21T19:52:23+00:00\",\"dateModified\":\"2020-10-21T19:52:23+00:00\",\"mainEntityOfPage\":{\"@id\":\"https:\/\/www.prijedordanas.com\/?p=156670\"},\"wordCount\":242,\"publisher\":{\"@id\":\"https:\/\/www.prijedordanas.com\/#organization\"},\"keywords\":[\"Kup BiH\",\"Rudar-Prijedor\"],\"articleSection\":[\"Sport\"],\"inLanguage\":\"en-US\"},{\"@type\":\"WebPage\",\"@id\":\"https:\/\/www.prijedordanas.com\/?p=156670\",\"url\":\"https:\/\/www.prijedordanas.com\/?p=156670\",\"name\":\"\\\"Rudar-Prijedor\\\" pora\u017een od \\\"Zvijezde 09\\\" u osmini finala Kupa BiH nakon penal serije - FOTO - PrijedorDanas.com - Prijedorski gradski portal\",\"isPartOf\":{\"@id\":\"https:\/\/www.prijedordanas.com\/#website\"},\"datePublished\":\"2020-10-21T19:52:23+00:00\",\"dateModified\":\"2020-10-21T19:52:23+00:00\",\"breadcrumb\":{\"@id\":\"https:\/\/www.prijedordanas.com\/?p=156670#breadcrumb\"},\"inLanguage\":\"en-US\",\"potentialAction\":[{\"@type\":\"ReadAction\",\"target\":[\"https:\/\/www.prijedordanas.com\/?p=156670\"]}]},{\"@type\":\"BreadcrumbList\",\"@id\":\"https:\/\/www.prijedordanas.com\/?p=156670#breadcrumb\",\"itemListElement\":[{\"@type\":\"ListItem\",\"position\":1,\"name\":\"Home\",\"item\":\"https:\/\/www.prijedordanas.com\/\"},{\"@type\":\"ListItem\",\"position\":2,\"name\":\"&#8220;Rudar-Prijedor&#8221; pora\u017een od &#8220;Zvijezde 09&#8221; u osmini finala Kupa BiH nakon penal serije &#8211; FOTO\"}]},{\"@type\":\"WebSite\",\"@id\":\"https:\/\/www.prijedordanas.com\/#website\",\"url\":\"https:\/\/www.prijedordanas.com\/\",\"name\":\"PrijedorDanas.com - Prijedorski gradski portal\",\"description\":\"Portal o doga\u0111anjima u gradu Prijedoru\",\"publisher\":{\"@id\":\"https:\/\/www.prijedordanas.com\/#organization\"},\"potentialAction\":[{\"@type\":\"SearchAction\",\"target\":{\"@type\":\"EntryPoint\",\"urlTemplate\":\"https:\/\/www.prijedordanas.com\/?s={search_term_string}\"},\"query-input\":\"required name=search_term_string\"}],\"inLanguage\":\"en-US\"},{\"@type\":\"Organization\",\"@id\":\"https:\/\/www.prijedordanas.com\/#organization\",\"name\":\"PrijedorDanas.com\",\"url\":\"https:\/\/www.prijedordanas.com\/\",\"logo\":{\"@type\":\"ImageObject\",\"inLanguage\":\"en-US\",\"@id\":\"https:\/\/www.prijedordanas.com\/#\/schema\/logo\/image\/\",\"url\":\"http:\/\/www.prijedordanas.com\/wp-content\/uploads\/2021\/12\/logopng.png\",\"contentUrl\":\"http:\/\/www.prijedordanas.com\/wp-content\/uploads\/2021\/12\/logopng.png\",\"width\":1019,\"height\":776,\"caption\":\"PrijedorDanas.com\"},\"image\":{\"@id\":\"https:\/\/www.prijedordanas.com\/#\/schema\/logo\/image\/\"},\"sameAs\":[\"https:\/\/www.facebook.com\/PrijedorDanasCom\/\"]},{\"@type\":\"Person\",\"@id\":\"https:\/\/www.prijedordanas.com\/#\/schema\/person\/4e08ccf29b506ca916ff86d46bb700e6\",\"name\":\"admin\",\"image\":{\"@type\":\"ImageObject\",\"inLanguage\":\"en-US\",\"@id\":\"https:\/\/www.prijedordanas.com\/#\/schema\/person\/image\/\",\"url\":\"https:\/\/secure.gravatar.com\/avatar\/1d3fc949d550f0b53a5f0d51e06dfd79?s=96&d=mm&r=g\",\"contentUrl\":\"https:\/\/secure.gravatar.com\/avatar\/1d3fc949d550f0b53a5f0d51e06dfd79?s=96&d=mm&r=g\",\"caption\":\"admin\"},\"url\":\"https:\/\/www.prijedordanas.com\/?author=1\"}]}<\/script>\n<!-- \/ Yoast SEO plugin. -->","yoast_head_json":{"title":"\"Rudar-Prijedor\" pora\u017een od \"Zvijezde 09\" u osmini finala Kupa BiH nakon penal serije - FOTO - PrijedorDanas.com - Prijedorski gradski portal","robots":{"index":"index","follow":"follow","max-snippet":"max-snippet:-1","max-image-preview":"max-image-preview:large","max-video-preview":"max-video-preview:-1"},"canonical":"https:\/\/www.prijedordanas.com\/?p=156670","og_locale":"en_US","og_type":"article","og_title":"\"Rudar-Prijedor\" pora\u017een od \"Zvijezde 09\" u osmini finala Kupa BiH nakon penal serije - FOTO - PrijedorDanas.com - Prijedorski gradski portal","og_description":"Fudbaleri &#8220;Rudar-Prijedora&#8221; zavr\u0161ili su takmi\u010denje i u Kupu Bosne i Hercegovine. U susretu osmine finala izabranici trenera Savi\u0107a su na doma\u0107em terenu pora\u017eeni od &#8220;Zvijezde 09&#8221; iz Etno sela Stani\u0161i\u0107i [&hellip;]","og_url":"https:\/\/www.prijedordanas.com\/?p=156670","og_site_name":"PrijedorDanas.com - Prijedorski gradski portal","article_publisher":"https:\/\/www.facebook.com\/PrijedorDanasCom\/","article_published_time":"2020-10-21T19:52:23+00:00","og_image":[{"url":"https:\/\/www.prijedordanas.com\/wp-content\/uploads\/2020\/10\/rudar-prijedor-zvijezda09-kup-bih-1-300x225.jpg"}],"author":"admin","twitter_card":"summary_large_image","twitter_misc":{"Written by":"admin","Est. reading time":"1 minute"},"schema":{"@context":"https:\/\/schema.org","@graph":[{"@type":"Article","@id":"https:\/\/www.prijedordanas.com\/?p=156670#article","isPartOf":{"@id":"https:\/\/www.prijedordanas.com\/?p=156670"},"author":{"name":"admin","@id":"https:\/\/www.prijedordanas.com\/#\/schema\/person\/4e08ccf29b506ca916ff86d46bb700e6"},"headline":"&#8220;Rudar-Prijedor&#8221; pora\u017een od &#8220;Zvijezde 09&#8221; u osmini finala Kupa BiH nakon penal serije &#8211; FOTO","datePublished":"2020-10-21T19:52:23+00:00","dateModified":"2020-10-21T19:52:23+00:00","mainEntityOfPage":{"@id":"https:\/\/www.prijedordanas.com\/?p=156670"},"wordCount":242,"publisher":{"@id":"https:\/\/www.prijedordanas.com\/#organization"},"keywords":["Kup BiH","Rudar-Prijedor"],"articleSection":["Sport"],"inLanguage":"en-US"},{"@type":"WebPage","@id":"https:\/\/www.prijedordanas.com\/?p=156670","url":"https:\/\/www.prijedordanas.com\/?p=156670","name":"\"Rudar-Prijedor\" pora\u017een od \"Zvijezde 09\" u osmini finala Kupa BiH nakon penal serije - FOTO - PrijedorDanas.com - Prijedorski gradski portal","isPartOf":{"@id":"https:\/\/www.prijedordanas.com\/#website"},"datePublished":"2020-10-21T19:52:23+00:00","dateModified":"2020-10-21T19:52:23+00:00","breadcrumb":{"@id":"https:\/\/www.prijedordanas.com\/?p=156670#breadcrumb"},"inLanguage":"en-US","potentialAction":[{"@type":"ReadAction","target":["https:\/\/www.prijedordanas.com\/?p=156670"]}]},{"@type":"BreadcrumbList","@id":"https:\/\/www.prijedordanas.com\/?p=156670#breadcrumb","itemListElement":[{"@type":"ListItem","position":1,"name":"Home","item":"https:\/\/www.prijedordanas.com\/"},{"@type":"ListItem","position":2,"name":"&#8220;Rudar-Prijedor&#8221; pora\u017een od &#8220;Zvijezde 09&#8221; u osmini finala Kupa BiH nakon penal serije &#8211; FOTO"}]},{"@type":"WebSite","@id":"https:\/\/www.prijedordanas.com\/#website","url":"https:\/\/www.prijedordanas.com\/","name":"PrijedorDanas.com - Prijedorski gradski portal","description":"Portal o doga\u0111anjima u gradu Prijedoru","publisher":{"@id":"https:\/\/www.prijedordanas.com\/#organization"},"potentialAction":[{"@type":"SearchAction","target":{"@type":"EntryPoint","urlTemplate":"https:\/\/www.prijedordanas.com\/?s={search_term_string}"},"query-input":"required name=search_term_string"}],"inLanguage":"en-US"},{"@type":"Organization","@id":"https:\/\/www.prijedordanas.com\/#organization","name":"PrijedorDanas.com","url":"https:\/\/www.prijedordanas.com\/","logo":{"@type":"ImageObject","inLanguage":"en-US","@id":"https:\/\/www.prijedordanas.com\/#\/schema\/logo\/image\/","url":"http:\/\/www.prijedordanas.com\/wp-content\/uploads\/2021\/12\/logopng.png","contentUrl":"http:\/\/www.prijedordanas.com\/wp-content\/uploads\/2021\/12\/logopng.png","width":1019,"height":776,"caption":"PrijedorDanas.com"},"image":{"@id":"https:\/\/www.prijedordanas.com\/#\/schema\/logo\/image\/"},"sameAs":["https:\/\/www.facebook.com\/PrijedorDanasCom\/"]},{"@type":"Person","@id":"https:\/\/www.prijedordanas.com\/#\/schema\/person\/4e08ccf29b506ca916ff86d46bb700e6","name":"admin","image":{"@type":"ImageObject","inLanguage":"en-US","@id":"https:\/\/www.prijedordanas.com\/#\/schema\/person\/image\/","url":"https:\/\/secure.gravatar.com\/avatar\/1d3fc949d550f0b53a5f0d51e06dfd79?s=96&d=mm&r=g","contentUrl":"https:\/\/secure.gravatar.com\/avatar\/1d3fc949d550f0b53a5f0d51e06dfd79?s=96&d=mm&r=g","caption":"admin"},"url":"https:\/\/www.prijedordanas.com\/?author=1"}]}},"_links":{"self":[{"href":"https:\/\/www.prijedordanas.com\/index.php?rest_route=\/wp\/v2\/posts\/156670"}],"collection":[{"href":"https:\/\/www.prijedordanas.com\/index.php?rest_route=\/wp\/v2\/posts"}],"about":[{"href":"https:\/\/www.prijedordanas.com\/index.php?rest_route=\/wp\/v2\/types\/post"}],"author":[{"embeddable":true,"href":"https:\/\/www.prijedordanas.com\/index.php?rest_route=\/wp\/v2\/users\/1"}],"replies":[{"embeddable":true,"href":"https:\/\/www.prijedordanas.com\/index.php?rest_route=%2Fwp%2Fv2%2Fcomments&post=156670"}],"version-history":[{"count":2,"href":"https:\/\/www.prijedordanas.com\/index.php?rest_route=\/wp\/v2\/posts\/156670\/revisions"}],"predecessor-version":[{"id":156679,"href":"https:\/\/www.prijedordanas.com\/index.php?rest_route=\/wp\/v2\/posts\/156670\/revisions\/156679"}],"wp:attachment":[{"href":"https:\/\/www.prijedordanas.com\/index.php?rest_route=%2Fwp%2Fv2%2Fmedia&parent=156670"}],"wp:term":[{"taxonomy":"category","embeddable":true,"href":"https:\/\/www.prijedordanas.com\/index.php?rest_route=%2Fwp%2Fv2%2Fcategories&post=156670"},{"taxonomy":"post_tag","embeddable":true,"href":"https:\/\/www.prijedordanas.com\/index.php?rest_route=%2Fwp%2Fv2%2Ftags&post=156670"}],"curies":[{"name":"wp","href":"https:\/\/api.w.org\/{rel}","templated":true}]}}