{"id":156258,"date":"2020-10-19T16:30:33","date_gmt":"2020-10-19T14:30:33","guid":{"rendered":"https:\/\/www.prijedordanas.com\/?p=156258"},"modified":"2020-10-19T16:30:33","modified_gmt":"2020-10-19T14:30:33","slug":"dogovorena-korekcija-odredenih-mjera-vratiti-maske-na-otvorenom","status":"publish","type":"post","link":"https:\/\/www.prijedordanas.com\/?p=156258","title":{"rendered":"Dogovorena korekcija odre\u0111enih mjera &#8211; vratiti maske na otvorenom"},"content":{"rendered":"<p><a href=\"https:\/\/www.prijedordanas.com\/wp-content\/uploads\/2020\/06\/nezavisne-maske.jpg\"><img loading=\"lazy\" decoding=\"async\" class=\"alignleft size-medium wp-image-148524\" src=\"https:\/\/www.prijedordanas.com\/wp-content\/uploads\/2020\/06\/nezavisne-maske-300x222.jpg\" alt=\"\" width=\"300\" height=\"222\" srcset=\"https:\/\/www.prijedordanas.com\/wp-content\/uploads\/2020\/06\/nezavisne-maske-300x222.jpg 300w, https:\/\/www.prijedordanas.com\/wp-content\/uploads\/2020\/06\/nezavisne-maske.jpg 675w\" sizes=\"(max-width: 300px) 100vw, 300px\" \/><\/a>Na sastanku, koji je danas u Banjaluci sazvao predsjednik Vlade Republike Srpske Radovan Vi\u0161kovi\u0107 dogovoreno je da \u0107e Republi\u010dkom \u0161tabu za vanredne situacije, kako bi se zaustavio trend lo\u0161e epidemiolo\u0161ke situacije, biti upu\u0107ene odre\u0111ene preporuke po pitanju obavezuju\u0107ih mjera, s ciljem za\u0161tite zdravlja gra\u0111ana, kao i ekonomske situacije u Republici Srpskoj.<\/p>\n<p>Na sastanku je razgovarano o epidemiolo\u0161koj situaciji u Republici Srpskoj, s osvrtom na pogor\u0161anje epidemiolo\u0161ke situacije i pove\u0107an broj gra\u0111ana kod kojih je testiranjem potvr\u0111eno prisustvo virusa korona, saop\u0161teno je iz Biroa Vlade za odnose s javno\u0161\u0107u.<\/p>\n<p>Ocijenjeno je, da je u posljednjih nekoliko dana, do\u0161lo do pogor\u0161anja epidemiolo\u0161ke situacije, te da bi trebalo pristupiti korigovanju odre\u0111enih mjera, s ciljem za\u0161tite zdravlja stanovni\u0161tva i ekonomske situacije u Republici Srpskoj.<\/p>\n<p>Na sastanku je istaknuto da se apeluje na gra\u0111ane da maksimalno po\u0161tuju preventivne mjere i svoje pona\u0161anje usklade sa obavezuju\u0107im mjerama, a koja se odnose na no\u0161enja maski u zatvorenom prostoru i na otvorenom prostoru, ukoliko nije mogu\u0107e odr\u017eati fizi\u010dku distancu od dva metra, a u skladu sa uputstvom Insitituta za javno zdravstvo Republike Srpske, zatim dezinfekcije prostora i izbjegavanje svih javnih okupljanja.<\/p>\n<p>Tako\u0111e, na sastanku je istaknuto da je u suzbijanju \u0161irenja pandemije virusa korona od izuzetne va\u017enosti odgovorno pona\u0161anja svakog pojedinca, te se apeluje da se izbjegavaju okupljanja i da se predstoje\u0107i praznici obilje\u017eavaju u krugu doma\u0107instva i sa naju\u017eim \u010dlanovima porodice.<\/p>\n<p>Nagla\u0161eno je da \u0107e u cilju za\u0161tite zdravlja ljudi i rada privrede u Republici Srpskoj biti poja\u010dane mjere kontrola i nadzora, te po\u0161tovanja i pridr\u017eavanja propisanih mjera i da \u0107e ukoliko bude zabilje\u017eeno njihovo nepo\u0161tovanje, biti primijenjene sve zakonske kaznene odredbe.<\/p>\n<p>Ukazana je potreba da se Republi\u010dkom \u0161tabu upute preporuke po pitanju dono\u0161enja mjera no\u0161enja maski na otvorenom prostoru, da se rad u uslu\u017enim djelatnostima odvija prema preporukama, a koje se donose na dozvoljen broj ljudi u zatvorenom prostoru prema njihovoj kvadraturi, uz po\u0161tovanje mjera no\u0161enja maski, fizi\u010dke distance od dva metra i dezinfekcije ruku i prostora, saop\u0161teno je iz Biroa Vlade za odnose s javno\u0161\u0107u.<\/p>\n<p>Tako\u0111e, ukazano je na potrebu da se razmotre mogu\u0107nosti preraspodijele radnih zadatka i omogu\u0107i da se odre\u0111eni poslovi obavljaju od ku\u0107e.<\/p>\n<p>Konstatovano je da trenutna epidemiolo\u0161ka situacija u zajednici nema uticaj na odvijanje nastave u svim \u0161kolama u Republici Srpskoj, ali da \u0107e se situacija nastaviti pratiti.<\/p>\n<p>Tako\u0111e, Ministarstvo uprave i lokalne samouprave Republike Srpske zadu\u017eeno je da zatra\u017ei izvje\u0161taj iz svi lokalnih \u0161tabova po pitanju preduzimanja kontrole i po\u0161tovanja mjera, s ciljem spre\u010davanja \u0161irenja virusa korona u zajednici.<\/p>\n<p>Sastanku su prisustvovali ministar zdravlja i socijalne za\u0161tite Alen \u0160erani\u0107, ministar unutra\u0161njih poslova Dragan Luka\u010d, ministarka uprave i lokalne samouprave Senka \u0408uji\u0107 i generalni sekretar Vlade Srpske Sini\u0161a Karan.<\/p>\n<p>Sastanku su prisustvovali i generalni direktor Univerzitetskog klini\u010dkog centra Republike Srpske Vlado \u0110aji\u0107, direktor Instituta za javno zdravstvo Srpske Branislav Zeljkovi\u0107, vr\u0161ilac du\u017enosti direktora Inspektorata Republike Srpske Dragutin \u0160krebi\u0107, specijalista epidemiolog u Institutu za javno zdravstvo Republike Srpske \u0408elena \u0110akovi\u0107 Devi\u0107 i pomo\u0107nik ministra zdravlja i socijalne za\u0161tite Republike Srpske Amela Loli\u0107.<\/p>\n<p>RTRS<br \/>\nFoto &#8211; ilustracija<\/p>\n","protected":false},"excerpt":{"rendered":"<p>Na sastanku, koji je danas u Banjaluci sazvao predsjednik Vlade Republike Srpske Radovan Vi\u0161kovi\u0107 dogovoreno je da \u0107e Republi\u010dkom \u0161tabu za vanredne situacije, kako bi se zaustavio trend lo\u0161e epidemiolo\u0161ke [&hellip;]<\/p>\n","protected":false},"author":1,"featured_media":0,"comment_status":"closed","ping_status":"open","sticky":false,"template":"","format":"standard","meta":{"_monsterinsights_skip_tracking":false,"_monsterinsights_sitenote_active":false,"_monsterinsights_sitenote_note":"","_monsterinsights_sitenote_category":0,"footnotes":""},"categories":[8],"tags":[11081,11138],"yoast_head":"<!-- This site is optimized with the Yoast SEO plugin v21.6 - https:\/\/yoast.com\/wordpress\/plugins\/seo\/ -->\n<title>Dogovorena korekcija odre\u0111enih mjera - vratiti maske na otvorenom - PrijedorDanas.com - Prijedorski gradski portal<\/title>\n<meta name=\"robots\" content=\"index, follow, max-snippet:-1, max-image-preview:large, max-video-preview:-1\" \/>\n<link rel=\"canonical\" href=\"https:\/\/www.prijedordanas.com\/?p=156258\" \/>\n<meta property=\"og:locale\" content=\"en_US\" \/>\n<meta property=\"og:type\" content=\"article\" \/>\n<meta property=\"og:title\" content=\"Dogovorena korekcija odre\u0111enih mjera - vratiti maske na otvorenom - PrijedorDanas.com - Prijedorski gradski portal\" \/>\n<meta property=\"og:description\" content=\"Na sastanku, koji je danas u Banjaluci sazvao predsjednik Vlade Republike Srpske Radovan Vi\u0161kovi\u0107 dogovoreno je da \u0107e Republi\u010dkom \u0161tabu za vanredne situacije, kako bi se zaustavio trend lo\u0161e epidemiolo\u0161ke [&hellip;]\" \/>\n<meta property=\"og:url\" content=\"https:\/\/www.prijedordanas.com\/?p=156258\" \/>\n<meta property=\"og:site_name\" content=\"PrijedorDanas.com - Prijedorski gradski portal\" \/>\n<meta property=\"article:publisher\" content=\"https:\/\/www.facebook.com\/PrijedorDanasCom\/\" \/>\n<meta property=\"article:published_time\" content=\"2020-10-19T14:30:33+00:00\" \/>\n<meta property=\"og:image\" content=\"https:\/\/www.prijedordanas.com\/wp-content\/uploads\/2020\/06\/nezavisne-maske-300x222.jpg\" \/>\n<meta name=\"author\" content=\"admin\" \/>\n<meta name=\"twitter:card\" content=\"summary_large_image\" \/>\n<meta name=\"twitter:label1\" content=\"Written by\" \/>\n\t<meta name=\"twitter:data1\" content=\"admin\" \/>\n\t<meta name=\"twitter:label2\" content=\"Est. reading time\" \/>\n\t<meta name=\"twitter:data2\" content=\"3 minutes\" \/>\n<script type=\"application\/ld+json\" class=\"yoast-schema-graph\">{\"@context\":\"https:\/\/schema.org\",\"@graph\":[{\"@type\":\"Article\",\"@id\":\"https:\/\/www.prijedordanas.com\/?p=156258#article\",\"isPartOf\":{\"@id\":\"https:\/\/www.prijedordanas.com\/?p=156258\"},\"author\":{\"name\":\"admin\",\"@id\":\"https:\/\/www.prijedordanas.com\/#\/schema\/person\/4e08ccf29b506ca916ff86d46bb700e6\"},\"headline\":\"Dogovorena korekcija odre\u0111enih mjera &#8211; vratiti maske na otvorenom\",\"datePublished\":\"2020-10-19T14:30:33+00:00\",\"dateModified\":\"2020-10-19T14:30:33+00:00\",\"mainEntityOfPage\":{\"@id\":\"https:\/\/www.prijedordanas.com\/?p=156258\"},\"wordCount\":578,\"publisher\":{\"@id\":\"https:\/\/www.prijedordanas.com\/#organization\"},\"keywords\":[\"korona\",\"maske\"],\"articleSection\":[\"Svakodnevno\"],\"inLanguage\":\"en-US\"},{\"@type\":\"WebPage\",\"@id\":\"https:\/\/www.prijedordanas.com\/?p=156258\",\"url\":\"https:\/\/www.prijedordanas.com\/?p=156258\",\"name\":\"Dogovorena korekcija odre\u0111enih mjera - vratiti maske na otvorenom - PrijedorDanas.com - Prijedorski gradski portal\",\"isPartOf\":{\"@id\":\"https:\/\/www.prijedordanas.com\/#website\"},\"datePublished\":\"2020-10-19T14:30:33+00:00\",\"dateModified\":\"2020-10-19T14:30:33+00:00\",\"breadcrumb\":{\"@id\":\"https:\/\/www.prijedordanas.com\/?p=156258#breadcrumb\"},\"inLanguage\":\"en-US\",\"potentialAction\":[{\"@type\":\"ReadAction\",\"target\":[\"https:\/\/www.prijedordanas.com\/?p=156258\"]}]},{\"@type\":\"BreadcrumbList\",\"@id\":\"https:\/\/www.prijedordanas.com\/?p=156258#breadcrumb\",\"itemListElement\":[{\"@type\":\"ListItem\",\"position\":1,\"name\":\"Home\",\"item\":\"https:\/\/www.prijedordanas.com\/\"},{\"@type\":\"ListItem\",\"position\":2,\"name\":\"Dogovorena korekcija odre\u0111enih mjera &#8211; vratiti maske na otvorenom\"}]},{\"@type\":\"WebSite\",\"@id\":\"https:\/\/www.prijedordanas.com\/#website\",\"url\":\"https:\/\/www.prijedordanas.com\/\",\"name\":\"PrijedorDanas.com - Prijedorski gradski portal\",\"description\":\"Portal o doga\u0111anjima u gradu Prijedoru\",\"publisher\":{\"@id\":\"https:\/\/www.prijedordanas.com\/#organization\"},\"potentialAction\":[{\"@type\":\"SearchAction\",\"target\":{\"@type\":\"EntryPoint\",\"urlTemplate\":\"https:\/\/www.prijedordanas.com\/?s={search_term_string}\"},\"query-input\":\"required name=search_term_string\"}],\"inLanguage\":\"en-US\"},{\"@type\":\"Organization\",\"@id\":\"https:\/\/www.prijedordanas.com\/#organization\",\"name\":\"PrijedorDanas.com\",\"url\":\"https:\/\/www.prijedordanas.com\/\",\"logo\":{\"@type\":\"ImageObject\",\"inLanguage\":\"en-US\",\"@id\":\"https:\/\/www.prijedordanas.com\/#\/schema\/logo\/image\/\",\"url\":\"http:\/\/www.prijedordanas.com\/wp-content\/uploads\/2021\/12\/logopng.png\",\"contentUrl\":\"http:\/\/www.prijedordanas.com\/wp-content\/uploads\/2021\/12\/logopng.png\",\"width\":1019,\"height\":776,\"caption\":\"PrijedorDanas.com\"},\"image\":{\"@id\":\"https:\/\/www.prijedordanas.com\/#\/schema\/logo\/image\/\"},\"sameAs\":[\"https:\/\/www.facebook.com\/PrijedorDanasCom\/\"]},{\"@type\":\"Person\",\"@id\":\"https:\/\/www.prijedordanas.com\/#\/schema\/person\/4e08ccf29b506ca916ff86d46bb700e6\",\"name\":\"admin\",\"image\":{\"@type\":\"ImageObject\",\"inLanguage\":\"en-US\",\"@id\":\"https:\/\/www.prijedordanas.com\/#\/schema\/person\/image\/\",\"url\":\"https:\/\/secure.gravatar.com\/avatar\/1d3fc949d550f0b53a5f0d51e06dfd79?s=96&d=mm&r=g\",\"contentUrl\":\"https:\/\/secure.gravatar.com\/avatar\/1d3fc949d550f0b53a5f0d51e06dfd79?s=96&d=mm&r=g\",\"caption\":\"admin\"},\"url\":\"https:\/\/www.prijedordanas.com\/?author=1\"}]}<\/script>\n<!-- \/ Yoast SEO plugin. -->","yoast_head_json":{"title":"Dogovorena korekcija odre\u0111enih mjera - vratiti maske na otvorenom - PrijedorDanas.com - Prijedorski gradski portal","robots":{"index":"index","follow":"follow","max-snippet":"max-snippet:-1","max-image-preview":"max-image-preview:large","max-video-preview":"max-video-preview:-1"},"canonical":"https:\/\/www.prijedordanas.com\/?p=156258","og_locale":"en_US","og_type":"article","og_title":"Dogovorena korekcija odre\u0111enih mjera - vratiti maske na otvorenom - PrijedorDanas.com - Prijedorski gradski portal","og_description":"Na sastanku, koji je danas u Banjaluci sazvao predsjednik Vlade Republike Srpske Radovan Vi\u0161kovi\u0107 dogovoreno je da \u0107e Republi\u010dkom \u0161tabu za vanredne situacije, kako bi se zaustavio trend lo\u0161e epidemiolo\u0161ke [&hellip;]","og_url":"https:\/\/www.prijedordanas.com\/?p=156258","og_site_name":"PrijedorDanas.com - Prijedorski gradski portal","article_publisher":"https:\/\/www.facebook.com\/PrijedorDanasCom\/","article_published_time":"2020-10-19T14:30:33+00:00","og_image":[{"url":"https:\/\/www.prijedordanas.com\/wp-content\/uploads\/2020\/06\/nezavisne-maske-300x222.jpg"}],"author":"admin","twitter_card":"summary_large_image","twitter_misc":{"Written by":"admin","Est. reading time":"3 minutes"},"schema":{"@context":"https:\/\/schema.org","@graph":[{"@type":"Article","@id":"https:\/\/www.prijedordanas.com\/?p=156258#article","isPartOf":{"@id":"https:\/\/www.prijedordanas.com\/?p=156258"},"author":{"name":"admin","@id":"https:\/\/www.prijedordanas.com\/#\/schema\/person\/4e08ccf29b506ca916ff86d46bb700e6"},"headline":"Dogovorena korekcija odre\u0111enih mjera &#8211; vratiti maske na otvorenom","datePublished":"2020-10-19T14:30:33+00:00","dateModified":"2020-10-19T14:30:33+00:00","mainEntityOfPage":{"@id":"https:\/\/www.prijedordanas.com\/?p=156258"},"wordCount":578,"publisher":{"@id":"https:\/\/www.prijedordanas.com\/#organization"},"keywords":["korona","maske"],"articleSection":["Svakodnevno"],"inLanguage":"en-US"},{"@type":"WebPage","@id":"https:\/\/www.prijedordanas.com\/?p=156258","url":"https:\/\/www.prijedordanas.com\/?p=156258","name":"Dogovorena korekcija odre\u0111enih mjera - vratiti maske na otvorenom - PrijedorDanas.com - Prijedorski gradski portal","isPartOf":{"@id":"https:\/\/www.prijedordanas.com\/#website"},"datePublished":"2020-10-19T14:30:33+00:00","dateModified":"2020-10-19T14:30:33+00:00","breadcrumb":{"@id":"https:\/\/www.prijedordanas.com\/?p=156258#breadcrumb"},"inLanguage":"en-US","potentialAction":[{"@type":"ReadAction","target":["https:\/\/www.prijedordanas.com\/?p=156258"]}]},{"@type":"BreadcrumbList","@id":"https:\/\/www.prijedordanas.com\/?p=156258#breadcrumb","itemListElement":[{"@type":"ListItem","position":1,"name":"Home","item":"https:\/\/www.prijedordanas.com\/"},{"@type":"ListItem","position":2,"name":"Dogovorena korekcija odre\u0111enih mjera &#8211; vratiti maske na otvorenom"}]},{"@type":"WebSite","@id":"https:\/\/www.prijedordanas.com\/#website","url":"https:\/\/www.prijedordanas.com\/","name":"PrijedorDanas.com - Prijedorski gradski portal","description":"Portal o doga\u0111anjima u gradu Prijedoru","publisher":{"@id":"https:\/\/www.prijedordanas.com\/#organization"},"potentialAction":[{"@type":"SearchAction","target":{"@type":"EntryPoint","urlTemplate":"https:\/\/www.prijedordanas.com\/?s={search_term_string}"},"query-input":"required name=search_term_string"}],"inLanguage":"en-US"},{"@type":"Organization","@id":"https:\/\/www.prijedordanas.com\/#organization","name":"PrijedorDanas.com","url":"https:\/\/www.prijedordanas.com\/","logo":{"@type":"ImageObject","inLanguage":"en-US","@id":"https:\/\/www.prijedordanas.com\/#\/schema\/logo\/image\/","url":"http:\/\/www.prijedordanas.com\/wp-content\/uploads\/2021\/12\/logopng.png","contentUrl":"http:\/\/www.prijedordanas.com\/wp-content\/uploads\/2021\/12\/logopng.png","width":1019,"height":776,"caption":"PrijedorDanas.com"},"image":{"@id":"https:\/\/www.prijedordanas.com\/#\/schema\/logo\/image\/"},"sameAs":["https:\/\/www.facebook.com\/PrijedorDanasCom\/"]},{"@type":"Person","@id":"https:\/\/www.prijedordanas.com\/#\/schema\/person\/4e08ccf29b506ca916ff86d46bb700e6","name":"admin","image":{"@type":"ImageObject","inLanguage":"en-US","@id":"https:\/\/www.prijedordanas.com\/#\/schema\/person\/image\/","url":"https:\/\/secure.gravatar.com\/avatar\/1d3fc949d550f0b53a5f0d51e06dfd79?s=96&d=mm&r=g","contentUrl":"https:\/\/secure.gravatar.com\/avatar\/1d3fc949d550f0b53a5f0d51e06dfd79?s=96&d=mm&r=g","caption":"admin"},"url":"https:\/\/www.prijedordanas.com\/?author=1"}]}},"_links":{"self":[{"href":"https:\/\/www.prijedordanas.com\/index.php?rest_route=\/wp\/v2\/posts\/156258"}],"collection":[{"href":"https:\/\/www.prijedordanas.com\/index.php?rest_route=\/wp\/v2\/posts"}],"about":[{"href":"https:\/\/www.prijedordanas.com\/index.php?rest_route=\/wp\/v2\/types\/post"}],"author":[{"embeddable":true,"href":"https:\/\/www.prijedordanas.com\/index.php?rest_route=\/wp\/v2\/users\/1"}],"replies":[{"embeddable":true,"href":"https:\/\/www.prijedordanas.com\/index.php?rest_route=%2Fwp%2Fv2%2Fcomments&post=156258"}],"version-history":[{"count":1,"href":"https:\/\/www.prijedordanas.com\/index.php?rest_route=\/wp\/v2\/posts\/156258\/revisions"}],"predecessor-version":[{"id":156259,"href":"https:\/\/www.prijedordanas.com\/index.php?rest_route=\/wp\/v2\/posts\/156258\/revisions\/156259"}],"wp:attachment":[{"href":"https:\/\/www.prijedordanas.com\/index.php?rest_route=%2Fwp%2Fv2%2Fmedia&parent=156258"}],"wp:term":[{"taxonomy":"category","embeddable":true,"href":"https:\/\/www.prijedordanas.com\/index.php?rest_route=%2Fwp%2Fv2%2Fcategories&post=156258"},{"taxonomy":"post_tag","embeddable":true,"href":"https:\/\/www.prijedordanas.com\/index.php?rest_route=%2Fwp%2Fv2%2Ftags&post=156258"}],"curies":[{"name":"wp","href":"https:\/\/api.w.org\/{rel}","templated":true}]}}