{"id":155554,"date":"2020-10-14T09:35:59","date_gmt":"2020-10-14T07:35:59","guid":{"rendered":"https:\/\/www.prijedordanas.com\/?p=155554"},"modified":"2020-10-14T09:35:59","modified_gmt":"2020-10-14T07:35:59","slug":"sudenje-milojica-i-rivic-krajem-oktobra-presuda-za-zlocine-u-prijedoru","status":"publish","type":"post","link":"https:\/\/www.prijedordanas.com\/?p=155554","title":{"rendered":"Su\u0111enje Milojica i Rivi\u0107: Krajem oktobra presuda za zlo\u010dine u Prijedoru"},"content":{"rendered":"<p><a href=\"https:\/\/www.prijedordanas.com\/wp-content\/uploads\/2018\/06\/sud-bih-milojica-rivic.jpg\"><img loading=\"lazy\" decoding=\"async\" src=\"https:\/\/www.prijedordanas.com\/wp-content\/uploads\/2018\/06\/sud-bih-milojica-rivic-300x217.jpg\" alt=\"\" width=\"300\" height=\"217\" class=\"alignleft size-medium wp-image-107129\" srcset=\"https:\/\/www.prijedordanas.com\/wp-content\/uploads\/2018\/06\/sud-bih-milojica-rivic-300x217.jpg 300w, https:\/\/www.prijedordanas.com\/wp-content\/uploads\/2018\/06\/sud-bih-milojica-rivic-100x72.jpg 100w, https:\/\/www.prijedordanas.com\/wp-content\/uploads\/2018\/06\/sud-bih-milojica-rivic.jpg 691w\" sizes=\"(max-width: 300px) 100vw, 300px\" \/><\/a>Nakon \u0161to je Dr\u017eavno tu\u017eila\u0161tvo zatra\u017eilo da Boro Milojica i \u017delislav Rivi\u0107 budu osu\u0111eni za zlo\u010dine po\u010dinjene na podru\u010dju Prijedora, a njihove Odbrane da budu oslobo\u0111eni optu\u017ebi, Apelaciono vije\u0107e Suda Bosne i Hercegovine je izricanje drugostepene presude zakazalo za 26. oktobar.<\/p>\n<p>Tu\u017eila\u0161tvo BiH je prilikom zavr\u0161nog izlaganja na obnovljenom su\u0111enju Milojici i Rivi\u0107u navelo kako ostaje kod zavr\u0161ne rije\u010di koju je iznijelo tokom prvostepenog postupka.<\/p>\n<p>Su\u0111enje Milojici i Rivi\u0107u obnovljeno je nakon \u0161to je Apelaciono vije\u0107e ukinulo prvostepenu presudu kojom je Milojica osu\u0111en na osam godina zatvora, a Rivi\u0107 oslobo\u0111en optu\u017ebi.<\/p>\n<p>Prvostepenom presudom iz juna pro\u0161le godine, Milojica je, kao nekada\u0161nji pripadnik 6. ljubijskog bataljona Vojske Republike Srpske (VRS), progla\u0161en krivim po dvije ta\u010dke optu\u017enice za ubistva bo\u0161nja\u010dkih civila po\u010dinjena u julu 1992. u Hambarinama, te mu je izre\u010dena kazna od osam godina zatvora.<\/p>\n<p>Istom odlukom, Milojica i Rivi\u0107 su oslobo\u0111eni po \u010detiri ta\u010dke optu\u017enice da su, kao pripadnici Ljubijskog bataljona, po\u010dinili ubistva civila romske, bo\u0161nja\u010dke i hrvatske nacionalnosti u julu 1992. na podru\u010dju Prijedora.<\/p>\n<p>Tu\u017eila\u0161tvo je istaklo da smatra kako je svjedocima i materijalnim dokazima potvrdilo elemente predmetnih krivi\u010dnih djela.<\/p>\n<p>\u201cOno \u0161to je bitno za sve svjedoke Optu\u017ebe jeste da njihova dokazna snaga nije dovedena u pitanje od strane Odbrana\u201d, rekao je tu\u017eilac Sedin Idrizovi\u0107 te zatra\u017eio da se optu\u017eeni kazne u skladu sa zakonom.<\/p>\n<p>Odbrane Milojice i Rivi\u0107a tako\u0111er su naglasile da ostaju pri svojim zavr\u0161nim rije\u010dima iz prvostepenog postupka.<\/p>\n<p>\u201cSmatram da nijedno djelo od \u0161est ta\u010daka optu\u017enice nije dokazano izvan razumne sumnje, pa predla\u017eem osloba\u0111aju\u0107u presudu\u201d, istakao je Milojicin advokat Ranko Daki\u0107.<\/p>\n<p>Dodao je i da, u slu\u010daju osu\u0111uju\u0107e presude i odluke o sankciji, Vije\u0107e treba imati u vidu da je Milojica ranije osu\u0111en zbog ratnog zlo\u010dina protiv civilnog stanovni\u0161tva na sedam godina, te da je tu zatvorsku kaznu ve\u0107 odslu\u017eio.<\/p>\n<p>\u201cJa kriv ni\u0161ta nisam\u201d, obratio se Vije\u0107u optu\u017eeni Milojica.<\/p>\n<p>Sa\u0161a Daki\u0107, koji brani Rivi\u0107a, rekao je da Tu\u017eila\u0161tvo nije van razumne sumnje dokazalo u\u010de\u0161\u0107e njegovog branjenika u doga\u0111aju koji mu se stavlja na teret, te zatra\u017eio da Rivi\u0107 bude oslobo\u0111en optu\u017ebi po dvije ta\u010dke optu\u017enice.<\/p>\n<p>Tako\u0111er je naveo da smatra kako nije ispunjen op\u0107i uslov elemenata zlo\u010dina protiv \u010dovje\u010dnosti, te da bi se, kao bla\u017ei zakon, trebao primijeniti kazneni zakon biv\u0161e Jugoslavije.<\/p>\n<p>I optu\u017eeni Rivi\u0107 se obratio Sudu kazav\u0161i da se ne osje\u0107a krivim.<\/p>\n<p>Su\u0111enje u ovom predmetu po\u010delo je u junu 2017. godine.<\/p>\n<p>BIRN<\/p>\n","protected":false},"excerpt":{"rendered":"<p>Nakon \u0161to je Dr\u017eavno tu\u017eila\u0161tvo zatra\u017eilo da Boro Milojica i \u017delislav Rivi\u0107 budu osu\u0111eni za zlo\u010dine po\u010dinjene na podru\u010dju Prijedora, a njihove Odbrane da budu oslobo\u0111eni optu\u017ebi, Apelaciono vije\u0107e Suda [&hellip;]<\/p>\n","protected":false},"author":1,"featured_media":0,"comment_status":"closed","ping_status":"open","sticky":false,"template":"","format":"standard","meta":{"_monsterinsights_skip_tracking":false,"_monsterinsights_sitenote_active":false,"_monsterinsights_sitenote_note":"","_monsterinsights_sitenote_category":0,"footnotes":""},"categories":[5],"tags":[531],"yoast_head":"<!-- This site is optimized with the Yoast SEO plugin v21.6 - https:\/\/yoast.com\/wordpress\/plugins\/seo\/ -->\n<title>Su\u0111enje Milojica i Rivi\u0107: Krajem oktobra presuda za zlo\u010dine u Prijedoru - PrijedorDanas.com - Prijedorski gradski portal<\/title>\n<meta name=\"robots\" content=\"index, follow, max-snippet:-1, max-image-preview:large, max-video-preview:-1\" \/>\n<link rel=\"canonical\" href=\"https:\/\/www.prijedordanas.com\/?p=155554\" \/>\n<meta property=\"og:locale\" content=\"en_US\" \/>\n<meta property=\"og:type\" content=\"article\" \/>\n<meta property=\"og:title\" content=\"Su\u0111enje Milojica i Rivi\u0107: Krajem oktobra presuda za zlo\u010dine u Prijedoru - PrijedorDanas.com - Prijedorski gradski portal\" \/>\n<meta property=\"og:description\" content=\"Nakon \u0161to je Dr\u017eavno tu\u017eila\u0161tvo zatra\u017eilo da Boro Milojica i \u017delislav Rivi\u0107 budu osu\u0111eni za zlo\u010dine po\u010dinjene na podru\u010dju Prijedora, a njihove Odbrane da budu oslobo\u0111eni optu\u017ebi, Apelaciono vije\u0107e Suda [&hellip;]\" \/>\n<meta property=\"og:url\" content=\"https:\/\/www.prijedordanas.com\/?p=155554\" \/>\n<meta property=\"og:site_name\" content=\"PrijedorDanas.com - Prijedorski gradski portal\" \/>\n<meta property=\"article:publisher\" content=\"https:\/\/www.facebook.com\/PrijedorDanasCom\/\" \/>\n<meta property=\"article:published_time\" content=\"2020-10-14T07:35:59+00:00\" \/>\n<meta property=\"og:image\" content=\"https:\/\/www.prijedordanas.com\/wp-content\/uploads\/2018\/06\/sud-bih-milojica-rivic-300x217.jpg\" \/>\n<meta name=\"author\" content=\"admin\" \/>\n<meta name=\"twitter:card\" content=\"summary_large_image\" \/>\n<meta name=\"twitter:label1\" content=\"Written by\" \/>\n\t<meta name=\"twitter:data1\" content=\"admin\" \/>\n\t<meta name=\"twitter:label2\" content=\"Est. reading time\" \/>\n\t<meta name=\"twitter:data2\" content=\"2 minutes\" \/>\n<script type=\"application\/ld+json\" class=\"yoast-schema-graph\">{\"@context\":\"https:\/\/schema.org\",\"@graph\":[{\"@type\":\"Article\",\"@id\":\"https:\/\/www.prijedordanas.com\/?p=155554#article\",\"isPartOf\":{\"@id\":\"https:\/\/www.prijedordanas.com\/?p=155554\"},\"author\":{\"name\":\"admin\",\"@id\":\"https:\/\/www.prijedordanas.com\/#\/schema\/person\/4e08ccf29b506ca916ff86d46bb700e6\"},\"headline\":\"Su\u0111enje Milojica i Rivi\u0107: Krajem oktobra presuda za zlo\u010dine u Prijedoru\",\"datePublished\":\"2020-10-14T07:35:59+00:00\",\"dateModified\":\"2020-10-14T07:35:59+00:00\",\"mainEntityOfPage\":{\"@id\":\"https:\/\/www.prijedordanas.com\/?p=155554\"},\"wordCount\":487,\"publisher\":{\"@id\":\"https:\/\/www.prijedordanas.com\/#organization\"},\"keywords\":[\"Sud BiH\"],\"articleSection\":[\"Hronika\"],\"inLanguage\":\"en-US\"},{\"@type\":\"WebPage\",\"@id\":\"https:\/\/www.prijedordanas.com\/?p=155554\",\"url\":\"https:\/\/www.prijedordanas.com\/?p=155554\",\"name\":\"Su\u0111enje Milojica i Rivi\u0107: Krajem oktobra presuda za zlo\u010dine u Prijedoru - PrijedorDanas.com - Prijedorski gradski portal\",\"isPartOf\":{\"@id\":\"https:\/\/www.prijedordanas.com\/#website\"},\"datePublished\":\"2020-10-14T07:35:59+00:00\",\"dateModified\":\"2020-10-14T07:35:59+00:00\",\"breadcrumb\":{\"@id\":\"https:\/\/www.prijedordanas.com\/?p=155554#breadcrumb\"},\"inLanguage\":\"en-US\",\"potentialAction\":[{\"@type\":\"ReadAction\",\"target\":[\"https:\/\/www.prijedordanas.com\/?p=155554\"]}]},{\"@type\":\"BreadcrumbList\",\"@id\":\"https:\/\/www.prijedordanas.com\/?p=155554#breadcrumb\",\"itemListElement\":[{\"@type\":\"ListItem\",\"position\":1,\"name\":\"Home\",\"item\":\"https:\/\/www.prijedordanas.com\/\"},{\"@type\":\"ListItem\",\"position\":2,\"name\":\"Su\u0111enje Milojica i Rivi\u0107: Krajem oktobra presuda za zlo\u010dine u Prijedoru\"}]},{\"@type\":\"WebSite\",\"@id\":\"https:\/\/www.prijedordanas.com\/#website\",\"url\":\"https:\/\/www.prijedordanas.com\/\",\"name\":\"PrijedorDanas.com - Prijedorski gradski portal\",\"description\":\"Portal o doga\u0111anjima u gradu Prijedoru\",\"publisher\":{\"@id\":\"https:\/\/www.prijedordanas.com\/#organization\"},\"potentialAction\":[{\"@type\":\"SearchAction\",\"target\":{\"@type\":\"EntryPoint\",\"urlTemplate\":\"https:\/\/www.prijedordanas.com\/?s={search_term_string}\"},\"query-input\":\"required name=search_term_string\"}],\"inLanguage\":\"en-US\"},{\"@type\":\"Organization\",\"@id\":\"https:\/\/www.prijedordanas.com\/#organization\",\"name\":\"PrijedorDanas.com\",\"url\":\"https:\/\/www.prijedordanas.com\/\",\"logo\":{\"@type\":\"ImageObject\",\"inLanguage\":\"en-US\",\"@id\":\"https:\/\/www.prijedordanas.com\/#\/schema\/logo\/image\/\",\"url\":\"http:\/\/www.prijedordanas.com\/wp-content\/uploads\/2021\/12\/logopng.png\",\"contentUrl\":\"http:\/\/www.prijedordanas.com\/wp-content\/uploads\/2021\/12\/logopng.png\",\"width\":1019,\"height\":776,\"caption\":\"PrijedorDanas.com\"},\"image\":{\"@id\":\"https:\/\/www.prijedordanas.com\/#\/schema\/logo\/image\/\"},\"sameAs\":[\"https:\/\/www.facebook.com\/PrijedorDanasCom\/\"]},{\"@type\":\"Person\",\"@id\":\"https:\/\/www.prijedordanas.com\/#\/schema\/person\/4e08ccf29b506ca916ff86d46bb700e6\",\"name\":\"admin\",\"image\":{\"@type\":\"ImageObject\",\"inLanguage\":\"en-US\",\"@id\":\"https:\/\/www.prijedordanas.com\/#\/schema\/person\/image\/\",\"url\":\"https:\/\/secure.gravatar.com\/avatar\/1d3fc949d550f0b53a5f0d51e06dfd79?s=96&d=mm&r=g\",\"contentUrl\":\"https:\/\/secure.gravatar.com\/avatar\/1d3fc949d550f0b53a5f0d51e06dfd79?s=96&d=mm&r=g\",\"caption\":\"admin\"},\"url\":\"https:\/\/www.prijedordanas.com\/?author=1\"}]}<\/script>\n<!-- \/ Yoast SEO plugin. -->","yoast_head_json":{"title":"Su\u0111enje Milojica i Rivi\u0107: Krajem oktobra presuda za zlo\u010dine u Prijedoru - PrijedorDanas.com - Prijedorski gradski portal","robots":{"index":"index","follow":"follow","max-snippet":"max-snippet:-1","max-image-preview":"max-image-preview:large","max-video-preview":"max-video-preview:-1"},"canonical":"https:\/\/www.prijedordanas.com\/?p=155554","og_locale":"en_US","og_type":"article","og_title":"Su\u0111enje Milojica i Rivi\u0107: Krajem oktobra presuda za zlo\u010dine u Prijedoru - PrijedorDanas.com - Prijedorski gradski portal","og_description":"Nakon \u0161to je Dr\u017eavno tu\u017eila\u0161tvo zatra\u017eilo da Boro Milojica i \u017delislav Rivi\u0107 budu osu\u0111eni za zlo\u010dine po\u010dinjene na podru\u010dju Prijedora, a njihove Odbrane da budu oslobo\u0111eni optu\u017ebi, Apelaciono vije\u0107e Suda [&hellip;]","og_url":"https:\/\/www.prijedordanas.com\/?p=155554","og_site_name":"PrijedorDanas.com - Prijedorski gradski portal","article_publisher":"https:\/\/www.facebook.com\/PrijedorDanasCom\/","article_published_time":"2020-10-14T07:35:59+00:00","og_image":[{"url":"https:\/\/www.prijedordanas.com\/wp-content\/uploads\/2018\/06\/sud-bih-milojica-rivic-300x217.jpg"}],"author":"admin","twitter_card":"summary_large_image","twitter_misc":{"Written by":"admin","Est. reading time":"2 minutes"},"schema":{"@context":"https:\/\/schema.org","@graph":[{"@type":"Article","@id":"https:\/\/www.prijedordanas.com\/?p=155554#article","isPartOf":{"@id":"https:\/\/www.prijedordanas.com\/?p=155554"},"author":{"name":"admin","@id":"https:\/\/www.prijedordanas.com\/#\/schema\/person\/4e08ccf29b506ca916ff86d46bb700e6"},"headline":"Su\u0111enje Milojica i Rivi\u0107: Krajem oktobra presuda za zlo\u010dine u Prijedoru","datePublished":"2020-10-14T07:35:59+00:00","dateModified":"2020-10-14T07:35:59+00:00","mainEntityOfPage":{"@id":"https:\/\/www.prijedordanas.com\/?p=155554"},"wordCount":487,"publisher":{"@id":"https:\/\/www.prijedordanas.com\/#organization"},"keywords":["Sud BiH"],"articleSection":["Hronika"],"inLanguage":"en-US"},{"@type":"WebPage","@id":"https:\/\/www.prijedordanas.com\/?p=155554","url":"https:\/\/www.prijedordanas.com\/?p=155554","name":"Su\u0111enje Milojica i Rivi\u0107: Krajem oktobra presuda za zlo\u010dine u Prijedoru - PrijedorDanas.com - Prijedorski gradski portal","isPartOf":{"@id":"https:\/\/www.prijedordanas.com\/#website"},"datePublished":"2020-10-14T07:35:59+00:00","dateModified":"2020-10-14T07:35:59+00:00","breadcrumb":{"@id":"https:\/\/www.prijedordanas.com\/?p=155554#breadcrumb"},"inLanguage":"en-US","potentialAction":[{"@type":"ReadAction","target":["https:\/\/www.prijedordanas.com\/?p=155554"]}]},{"@type":"BreadcrumbList","@id":"https:\/\/www.prijedordanas.com\/?p=155554#breadcrumb","itemListElement":[{"@type":"ListItem","position":1,"name":"Home","item":"https:\/\/www.prijedordanas.com\/"},{"@type":"ListItem","position":2,"name":"Su\u0111enje Milojica i Rivi\u0107: Krajem oktobra presuda za zlo\u010dine u Prijedoru"}]},{"@type":"WebSite","@id":"https:\/\/www.prijedordanas.com\/#website","url":"https:\/\/www.prijedordanas.com\/","name":"PrijedorDanas.com - Prijedorski gradski portal","description":"Portal o doga\u0111anjima u gradu Prijedoru","publisher":{"@id":"https:\/\/www.prijedordanas.com\/#organization"},"potentialAction":[{"@type":"SearchAction","target":{"@type":"EntryPoint","urlTemplate":"https:\/\/www.prijedordanas.com\/?s={search_term_string}"},"query-input":"required name=search_term_string"}],"inLanguage":"en-US"},{"@type":"Organization","@id":"https:\/\/www.prijedordanas.com\/#organization","name":"PrijedorDanas.com","url":"https:\/\/www.prijedordanas.com\/","logo":{"@type":"ImageObject","inLanguage":"en-US","@id":"https:\/\/www.prijedordanas.com\/#\/schema\/logo\/image\/","url":"http:\/\/www.prijedordanas.com\/wp-content\/uploads\/2021\/12\/logopng.png","contentUrl":"http:\/\/www.prijedordanas.com\/wp-content\/uploads\/2021\/12\/logopng.png","width":1019,"height":776,"caption":"PrijedorDanas.com"},"image":{"@id":"https:\/\/www.prijedordanas.com\/#\/schema\/logo\/image\/"},"sameAs":["https:\/\/www.facebook.com\/PrijedorDanasCom\/"]},{"@type":"Person","@id":"https:\/\/www.prijedordanas.com\/#\/schema\/person\/4e08ccf29b506ca916ff86d46bb700e6","name":"admin","image":{"@type":"ImageObject","inLanguage":"en-US","@id":"https:\/\/www.prijedordanas.com\/#\/schema\/person\/image\/","url":"https:\/\/secure.gravatar.com\/avatar\/1d3fc949d550f0b53a5f0d51e06dfd79?s=96&d=mm&r=g","contentUrl":"https:\/\/secure.gravatar.com\/avatar\/1d3fc949d550f0b53a5f0d51e06dfd79?s=96&d=mm&r=g","caption":"admin"},"url":"https:\/\/www.prijedordanas.com\/?author=1"}]}},"_links":{"self":[{"href":"https:\/\/www.prijedordanas.com\/index.php?rest_route=\/wp\/v2\/posts\/155554"}],"collection":[{"href":"https:\/\/www.prijedordanas.com\/index.php?rest_route=\/wp\/v2\/posts"}],"about":[{"href":"https:\/\/www.prijedordanas.com\/index.php?rest_route=\/wp\/v2\/types\/post"}],"author":[{"embeddable":true,"href":"https:\/\/www.prijedordanas.com\/index.php?rest_route=\/wp\/v2\/users\/1"}],"replies":[{"embeddable":true,"href":"https:\/\/www.prijedordanas.com\/index.php?rest_route=%2Fwp%2Fv2%2Fcomments&post=155554"}],"version-history":[{"count":1,"href":"https:\/\/www.prijedordanas.com\/index.php?rest_route=\/wp\/v2\/posts\/155554\/revisions"}],"predecessor-version":[{"id":155555,"href":"https:\/\/www.prijedordanas.com\/index.php?rest_route=\/wp\/v2\/posts\/155554\/revisions\/155555"}],"wp:attachment":[{"href":"https:\/\/www.prijedordanas.com\/index.php?rest_route=%2Fwp%2Fv2%2Fmedia&parent=155554"}],"wp:term":[{"taxonomy":"category","embeddable":true,"href":"https:\/\/www.prijedordanas.com\/index.php?rest_route=%2Fwp%2Fv2%2Fcategories&post=155554"},{"taxonomy":"post_tag","embeddable":true,"href":"https:\/\/www.prijedordanas.com\/index.php?rest_route=%2Fwp%2Fv2%2Ftags&post=155554"}],"curies":[{"name":"wp","href":"https:\/\/api.w.org\/{rel}","templated":true}]}}