{"id":155176,"date":"2020-10-12T11:28:51","date_gmt":"2020-10-12T09:28:51","guid":{"rendered":"https:\/\/www.prijedordanas.com\/?p=155176"},"modified":"2020-10-12T11:28:51","modified_gmt":"2020-10-12T09:28:51","slug":"devet-prijedorcana-pozitivno-na-virus-korona-jos-102-zarazena-lica-u-rs-preminula-dva-muskarca","status":"publish","type":"post","link":"https:\/\/www.prijedordanas.com\/?p=155176","title":{"rendered":"Devet Prijedor\u010dana pozitivno na virus korona: Jo\u0161 102 zara\u017eena lica u RS, preminula dva mu\u0161karca"},"content":{"rendered":"<p><a href=\"https:\/\/www.prijedordanas.com\/wp-content\/uploads\/2020\/04\/korona-virus-8.jpg\"><img loading=\"lazy\" decoding=\"async\" src=\"https:\/\/www.prijedordanas.com\/wp-content\/uploads\/2020\/04\/korona-virus-8-300x217.jpg\" alt=\"\" width=\"300\" height=\"217\" class=\"alignleft size-medium wp-image-144970\" srcset=\"https:\/\/www.prijedordanas.com\/wp-content\/uploads\/2020\/04\/korona-virus-8-300x217.jpg 300w, https:\/\/www.prijedordanas.com\/wp-content\/uploads\/2020\/04\/korona-virus-8.jpg 690w\" sizes=\"(max-width: 300px) 100vw, 300px\" \/><\/a>Od posljednjeg izvje\u0161taja o epidemiolo\u0161koj situaciji u Republici Srpskoj, u posljednja 24 \u010dasa, u Institutu za javno zdravstvo Republike Srpske, Univerzitetskom klini\u010dkom centru Republike Srpske i u Bolnici Sv. Vra\u010devi u Bijeljini izvr\u0161eno je testiranje 539 laboratorijskih uzoraka, a novi virus korona (SARS-CoV-2) potvr\u0111en je kod 102 osobe u Republici Srpskoj.<\/p>\n<p>Radi se o 55 mu\u0161kih i 47 \u017eenskih osoba, od kojih je 16 mla\u0111e, 70 srednje i 16 osoba starije \u017eivotne dobi.<\/p>\n<p>Prema mjestu prebivali\u0161ta, 19 osoba je iz Banjaluke, 16 iz Pala, 12 iz Zvornika, devet iz Prijedora, \u0161est iz Novog Grada, pet iz Kozarske Dubice i Teslic\u0301a, \u010detiri iz Sokoca, po tri iz Lakta\u0161a, Mrkonjic\u0301 Grada i Ugljevika, po dvije iz Isto\u010dne Ilid\u017ee, Kne\u017eeva, Modri\u010de, Prnjavora i \u0160ipova i po jedna iz Bijeljine, Vukosavlja, Dervente, Krupe na Uni, Milic\u0301a, \u010celinca i \u0160amca.<\/p>\n<p>U posljednja 24 \u010dasa, Institutu za javno zdravstvo Republike Srpske prijavljena su dva smrtna slu\u010daja kod kojih je potvr\u0111eno prisustvo novog virusa korona. <\/p>\n<p>Radi se o mu\u0161karcima starije \u017eivotne dobi iz Banjaluke.<\/p>\n<p>Do sada je u Republici Srpskoj potvr\u0111eno 10.484 slu\u010daja virusa korona, a preminulo je ukupno 324 osobe kod kojih je potvr\u0111en test na novi virus korona.<\/p>\n<p>U Republici Srpskoj, od novog virusa korona, do sada se oporavilo ukupno 7.037 osoba, a testirano je ukupno 85.938 osoba.<\/p>\n<p>Ukupan broj hospitalizovanih u Republici Srpskoj je 212, u Univerzitetsko klini\u010dkom centru Republike Srpske 64, a u op\u0161tim bolnicama  148.<\/p>\n<p>U Republici Srpskoj pod zdravstvenim nadzorom trenutno je 3.545 osoba, a nadzor je zavr\u0161en kod 63.413 osobe.<\/p>\n<p>Institut za javno zdravstvo Republike Srpske<\/p>\n","protected":false},"excerpt":{"rendered":"<p>Od posljednjeg izvje\u0161taja o epidemiolo\u0161koj situaciji u Republici Srpskoj, u posljednja 24 \u010dasa, u Institutu za javno zdravstvo Republike Srpske, Univerzitetskom klini\u010dkom centru Republike Srpske i u Bolnici Sv. Vra\u010devi [&hellip;]<\/p>\n","protected":false},"author":1,"featured_media":0,"comment_status":"closed","ping_status":"open","sticky":false,"template":"","format":"standard","meta":{"_monsterinsights_skip_tracking":false,"_monsterinsights_sitenote_active":false,"_monsterinsights_sitenote_note":"","_monsterinsights_sitenote_category":0,"footnotes":""},"categories":[4],"tags":[11081],"yoast_head":"<!-- This site is optimized with the Yoast SEO plugin v21.6 - https:\/\/yoast.com\/wordpress\/plugins\/seo\/ -->\n<title>Devet Prijedor\u010dana pozitivno na virus korona: Jo\u0161 102 zara\u017eena lica u RS, preminula dva mu\u0161karca - PrijedorDanas.com - Prijedorski gradski portal<\/title>\n<meta name=\"robots\" content=\"index, follow, max-snippet:-1, max-image-preview:large, max-video-preview:-1\" \/>\n<link rel=\"canonical\" href=\"https:\/\/www.prijedordanas.com\/?p=155176\" \/>\n<meta property=\"og:locale\" content=\"en_US\" \/>\n<meta property=\"og:type\" content=\"article\" \/>\n<meta property=\"og:title\" content=\"Devet Prijedor\u010dana pozitivno na virus korona: Jo\u0161 102 zara\u017eena lica u RS, preminula dva mu\u0161karca - PrijedorDanas.com - Prijedorski gradski portal\" \/>\n<meta property=\"og:description\" content=\"Od posljednjeg izvje\u0161taja o epidemiolo\u0161koj situaciji u Republici Srpskoj, u posljednja 24 \u010dasa, u Institutu za javno zdravstvo Republike Srpske, Univerzitetskom klini\u010dkom centru Republike Srpske i u Bolnici Sv. Vra\u010devi [&hellip;]\" \/>\n<meta property=\"og:url\" content=\"https:\/\/www.prijedordanas.com\/?p=155176\" \/>\n<meta property=\"og:site_name\" content=\"PrijedorDanas.com - Prijedorski gradski portal\" \/>\n<meta property=\"article:publisher\" content=\"https:\/\/www.facebook.com\/PrijedorDanasCom\/\" \/>\n<meta property=\"article:published_time\" content=\"2020-10-12T09:28:51+00:00\" \/>\n<meta property=\"og:image\" content=\"https:\/\/www.prijedordanas.com\/wp-content\/uploads\/2020\/04\/korona-virus-8-300x217.jpg\" \/>\n<meta name=\"author\" content=\"admin\" \/>\n<meta name=\"twitter:card\" content=\"summary_large_image\" \/>\n<meta name=\"twitter:label1\" content=\"Written by\" \/>\n\t<meta name=\"twitter:data1\" content=\"admin\" \/>\n\t<meta name=\"twitter:label2\" content=\"Est. reading time\" \/>\n\t<meta name=\"twitter:data2\" content=\"1 minute\" \/>\n<script type=\"application\/ld+json\" class=\"yoast-schema-graph\">{\"@context\":\"https:\/\/schema.org\",\"@graph\":[{\"@type\":\"Article\",\"@id\":\"https:\/\/www.prijedordanas.com\/?p=155176#article\",\"isPartOf\":{\"@id\":\"https:\/\/www.prijedordanas.com\/?p=155176\"},\"author\":{\"name\":\"admin\",\"@id\":\"https:\/\/www.prijedordanas.com\/#\/schema\/person\/4e08ccf29b506ca916ff86d46bb700e6\"},\"headline\":\"Devet Prijedor\u010dana pozitivno na virus korona: Jo\u0161 102 zara\u017eena lica u RS, preminula dva mu\u0161karca\",\"datePublished\":\"2020-10-12T09:28:51+00:00\",\"dateModified\":\"2020-10-12T09:28:51+00:00\",\"mainEntityOfPage\":{\"@id\":\"https:\/\/www.prijedordanas.com\/?p=155176\"},\"wordCount\":277,\"publisher\":{\"@id\":\"https:\/\/www.prijedordanas.com\/#organization\"},\"keywords\":[\"korona\"],\"articleSection\":[\"Dru\u0161tvo\"],\"inLanguage\":\"en-US\"},{\"@type\":\"WebPage\",\"@id\":\"https:\/\/www.prijedordanas.com\/?p=155176\",\"url\":\"https:\/\/www.prijedordanas.com\/?p=155176\",\"name\":\"Devet Prijedor\u010dana pozitivno na virus korona: Jo\u0161 102 zara\u017eena lica u RS, preminula dva mu\u0161karca - PrijedorDanas.com - Prijedorski gradski portal\",\"isPartOf\":{\"@id\":\"https:\/\/www.prijedordanas.com\/#website\"},\"datePublished\":\"2020-10-12T09:28:51+00:00\",\"dateModified\":\"2020-10-12T09:28:51+00:00\",\"breadcrumb\":{\"@id\":\"https:\/\/www.prijedordanas.com\/?p=155176#breadcrumb\"},\"inLanguage\":\"en-US\",\"potentialAction\":[{\"@type\":\"ReadAction\",\"target\":[\"https:\/\/www.prijedordanas.com\/?p=155176\"]}]},{\"@type\":\"BreadcrumbList\",\"@id\":\"https:\/\/www.prijedordanas.com\/?p=155176#breadcrumb\",\"itemListElement\":[{\"@type\":\"ListItem\",\"position\":1,\"name\":\"Home\",\"item\":\"https:\/\/www.prijedordanas.com\/\"},{\"@type\":\"ListItem\",\"position\":2,\"name\":\"Devet Prijedor\u010dana pozitivno na virus korona: Jo\u0161 102 zara\u017eena lica u RS, preminula dva mu\u0161karca\"}]},{\"@type\":\"WebSite\",\"@id\":\"https:\/\/www.prijedordanas.com\/#website\",\"url\":\"https:\/\/www.prijedordanas.com\/\",\"name\":\"PrijedorDanas.com - Prijedorski gradski portal\",\"description\":\"Portal o doga\u0111anjima u gradu Prijedoru\",\"publisher\":{\"@id\":\"https:\/\/www.prijedordanas.com\/#organization\"},\"potentialAction\":[{\"@type\":\"SearchAction\",\"target\":{\"@type\":\"EntryPoint\",\"urlTemplate\":\"https:\/\/www.prijedordanas.com\/?s={search_term_string}\"},\"query-input\":\"required name=search_term_string\"}],\"inLanguage\":\"en-US\"},{\"@type\":\"Organization\",\"@id\":\"https:\/\/www.prijedordanas.com\/#organization\",\"name\":\"PrijedorDanas.com\",\"url\":\"https:\/\/www.prijedordanas.com\/\",\"logo\":{\"@type\":\"ImageObject\",\"inLanguage\":\"en-US\",\"@id\":\"https:\/\/www.prijedordanas.com\/#\/schema\/logo\/image\/\",\"url\":\"http:\/\/www.prijedordanas.com\/wp-content\/uploads\/2021\/12\/logopng.png\",\"contentUrl\":\"http:\/\/www.prijedordanas.com\/wp-content\/uploads\/2021\/12\/logopng.png\",\"width\":1019,\"height\":776,\"caption\":\"PrijedorDanas.com\"},\"image\":{\"@id\":\"https:\/\/www.prijedordanas.com\/#\/schema\/logo\/image\/\"},\"sameAs\":[\"https:\/\/www.facebook.com\/PrijedorDanasCom\/\"]},{\"@type\":\"Person\",\"@id\":\"https:\/\/www.prijedordanas.com\/#\/schema\/person\/4e08ccf29b506ca916ff86d46bb700e6\",\"name\":\"admin\",\"image\":{\"@type\":\"ImageObject\",\"inLanguage\":\"en-US\",\"@id\":\"https:\/\/www.prijedordanas.com\/#\/schema\/person\/image\/\",\"url\":\"https:\/\/secure.gravatar.com\/avatar\/1d3fc949d550f0b53a5f0d51e06dfd79?s=96&d=mm&r=g\",\"contentUrl\":\"https:\/\/secure.gravatar.com\/avatar\/1d3fc949d550f0b53a5f0d51e06dfd79?s=96&d=mm&r=g\",\"caption\":\"admin\"},\"url\":\"https:\/\/www.prijedordanas.com\/?author=1\"}]}<\/script>\n<!-- \/ Yoast SEO plugin. -->","yoast_head_json":{"title":"Devet Prijedor\u010dana pozitivno na virus korona: Jo\u0161 102 zara\u017eena lica u RS, preminula dva mu\u0161karca - PrijedorDanas.com - Prijedorski gradski portal","robots":{"index":"index","follow":"follow","max-snippet":"max-snippet:-1","max-image-preview":"max-image-preview:large","max-video-preview":"max-video-preview:-1"},"canonical":"https:\/\/www.prijedordanas.com\/?p=155176","og_locale":"en_US","og_type":"article","og_title":"Devet Prijedor\u010dana pozitivno na virus korona: Jo\u0161 102 zara\u017eena lica u RS, preminula dva mu\u0161karca - PrijedorDanas.com - Prijedorski gradski portal","og_description":"Od posljednjeg izvje\u0161taja o epidemiolo\u0161koj situaciji u Republici Srpskoj, u posljednja 24 \u010dasa, u Institutu za javno zdravstvo Republike Srpske, Univerzitetskom klini\u010dkom centru Republike Srpske i u Bolnici Sv. Vra\u010devi [&hellip;]","og_url":"https:\/\/www.prijedordanas.com\/?p=155176","og_site_name":"PrijedorDanas.com - Prijedorski gradski portal","article_publisher":"https:\/\/www.facebook.com\/PrijedorDanasCom\/","article_published_time":"2020-10-12T09:28:51+00:00","og_image":[{"url":"https:\/\/www.prijedordanas.com\/wp-content\/uploads\/2020\/04\/korona-virus-8-300x217.jpg"}],"author":"admin","twitter_card":"summary_large_image","twitter_misc":{"Written by":"admin","Est. reading time":"1 minute"},"schema":{"@context":"https:\/\/schema.org","@graph":[{"@type":"Article","@id":"https:\/\/www.prijedordanas.com\/?p=155176#article","isPartOf":{"@id":"https:\/\/www.prijedordanas.com\/?p=155176"},"author":{"name":"admin","@id":"https:\/\/www.prijedordanas.com\/#\/schema\/person\/4e08ccf29b506ca916ff86d46bb700e6"},"headline":"Devet Prijedor\u010dana pozitivno na virus korona: Jo\u0161 102 zara\u017eena lica u RS, preminula dva mu\u0161karca","datePublished":"2020-10-12T09:28:51+00:00","dateModified":"2020-10-12T09:28:51+00:00","mainEntityOfPage":{"@id":"https:\/\/www.prijedordanas.com\/?p=155176"},"wordCount":277,"publisher":{"@id":"https:\/\/www.prijedordanas.com\/#organization"},"keywords":["korona"],"articleSection":["Dru\u0161tvo"],"inLanguage":"en-US"},{"@type":"WebPage","@id":"https:\/\/www.prijedordanas.com\/?p=155176","url":"https:\/\/www.prijedordanas.com\/?p=155176","name":"Devet Prijedor\u010dana pozitivno na virus korona: Jo\u0161 102 zara\u017eena lica u RS, preminula dva mu\u0161karca - PrijedorDanas.com - Prijedorski gradski portal","isPartOf":{"@id":"https:\/\/www.prijedordanas.com\/#website"},"datePublished":"2020-10-12T09:28:51+00:00","dateModified":"2020-10-12T09:28:51+00:00","breadcrumb":{"@id":"https:\/\/www.prijedordanas.com\/?p=155176#breadcrumb"},"inLanguage":"en-US","potentialAction":[{"@type":"ReadAction","target":["https:\/\/www.prijedordanas.com\/?p=155176"]}]},{"@type":"BreadcrumbList","@id":"https:\/\/www.prijedordanas.com\/?p=155176#breadcrumb","itemListElement":[{"@type":"ListItem","position":1,"name":"Home","item":"https:\/\/www.prijedordanas.com\/"},{"@type":"ListItem","position":2,"name":"Devet Prijedor\u010dana pozitivno na virus korona: Jo\u0161 102 zara\u017eena lica u RS, preminula dva mu\u0161karca"}]},{"@type":"WebSite","@id":"https:\/\/www.prijedordanas.com\/#website","url":"https:\/\/www.prijedordanas.com\/","name":"PrijedorDanas.com - Prijedorski gradski portal","description":"Portal o doga\u0111anjima u gradu Prijedoru","publisher":{"@id":"https:\/\/www.prijedordanas.com\/#organization"},"potentialAction":[{"@type":"SearchAction","target":{"@type":"EntryPoint","urlTemplate":"https:\/\/www.prijedordanas.com\/?s={search_term_string}"},"query-input":"required name=search_term_string"}],"inLanguage":"en-US"},{"@type":"Organization","@id":"https:\/\/www.prijedordanas.com\/#organization","name":"PrijedorDanas.com","url":"https:\/\/www.prijedordanas.com\/","logo":{"@type":"ImageObject","inLanguage":"en-US","@id":"https:\/\/www.prijedordanas.com\/#\/schema\/logo\/image\/","url":"http:\/\/www.prijedordanas.com\/wp-content\/uploads\/2021\/12\/logopng.png","contentUrl":"http:\/\/www.prijedordanas.com\/wp-content\/uploads\/2021\/12\/logopng.png","width":1019,"height":776,"caption":"PrijedorDanas.com"},"image":{"@id":"https:\/\/www.prijedordanas.com\/#\/schema\/logo\/image\/"},"sameAs":["https:\/\/www.facebook.com\/PrijedorDanasCom\/"]},{"@type":"Person","@id":"https:\/\/www.prijedordanas.com\/#\/schema\/person\/4e08ccf29b506ca916ff86d46bb700e6","name":"admin","image":{"@type":"ImageObject","inLanguage":"en-US","@id":"https:\/\/www.prijedordanas.com\/#\/schema\/person\/image\/","url":"https:\/\/secure.gravatar.com\/avatar\/1d3fc949d550f0b53a5f0d51e06dfd79?s=96&d=mm&r=g","contentUrl":"https:\/\/secure.gravatar.com\/avatar\/1d3fc949d550f0b53a5f0d51e06dfd79?s=96&d=mm&r=g","caption":"admin"},"url":"https:\/\/www.prijedordanas.com\/?author=1"}]}},"_links":{"self":[{"href":"https:\/\/www.prijedordanas.com\/index.php?rest_route=\/wp\/v2\/posts\/155176"}],"collection":[{"href":"https:\/\/www.prijedordanas.com\/index.php?rest_route=\/wp\/v2\/posts"}],"about":[{"href":"https:\/\/www.prijedordanas.com\/index.php?rest_route=\/wp\/v2\/types\/post"}],"author":[{"embeddable":true,"href":"https:\/\/www.prijedordanas.com\/index.php?rest_route=\/wp\/v2\/users\/1"}],"replies":[{"embeddable":true,"href":"https:\/\/www.prijedordanas.com\/index.php?rest_route=%2Fwp%2Fv2%2Fcomments&post=155176"}],"version-history":[{"count":1,"href":"https:\/\/www.prijedordanas.com\/index.php?rest_route=\/wp\/v2\/posts\/155176\/revisions"}],"predecessor-version":[{"id":155177,"href":"https:\/\/www.prijedordanas.com\/index.php?rest_route=\/wp\/v2\/posts\/155176\/revisions\/155177"}],"wp:attachment":[{"href":"https:\/\/www.prijedordanas.com\/index.php?rest_route=%2Fwp%2Fv2%2Fmedia&parent=155176"}],"wp:term":[{"taxonomy":"category","embeddable":true,"href":"https:\/\/www.prijedordanas.com\/index.php?rest_route=%2Fwp%2Fv2%2Fcategories&post=155176"},{"taxonomy":"post_tag","embeddable":true,"href":"https:\/\/www.prijedordanas.com\/index.php?rest_route=%2Fwp%2Fv2%2Ftags&post=155176"}],"curies":[{"name":"wp","href":"https:\/\/api.w.org\/{rel}","templated":true}]}}