{"id":154770,"date":"2020-10-03T18:14:11","date_gmt":"2020-10-03T16:14:11","guid":{"rendered":"https:\/\/www.prijedordanas.com\/?p=154770"},"modified":"2020-10-03T18:14:11","modified_gmt":"2020-10-03T16:14:11","slug":"prijedorcanin-sinisa-sanicanin-na-spisku-selektora-bajevica-za-naredna-tri-meca-reprezentacije-bih","status":"publish","type":"post","link":"https:\/\/www.prijedordanas.com\/?p=154770","title":{"rendered":"Prijedor\u010danin Sini\u0161a Sani\u010danin na spisku selektora Bajevi\u0107a za naredna tri me\u010da reprezentacije BiH"},"content":{"rendered":"<p><a href=\"https:\/\/www.prijedordanas.com\/wp-content\/uploads\/2020\/10\/sanicanin-reprezentacija-bih.jpg\"><img loading=\"lazy\" decoding=\"async\" src=\"https:\/\/www.prijedordanas.com\/wp-content\/uploads\/2020\/10\/sanicanin-reprezentacija-bih-300x265.jpg\" alt=\"\" width=\"300\" height=\"265\" class=\"alignleft size-medium wp-image-154768\" srcset=\"https:\/\/www.prijedordanas.com\/wp-content\/uploads\/2020\/10\/sanicanin-reprezentacija-bih-300x265.jpg 300w, https:\/\/www.prijedordanas.com\/wp-content\/uploads\/2020\/10\/sanicanin-reprezentacija-bih.jpg 600w\" sizes=\"(max-width: 300px) 100vw, 300px\" \/><\/a>Reprezentacija BiH narednog mjeseca igra tri utakmice a najva\u017enija je ona sa Sjevernom Irskom u okviru bara\u017ea za plasman na EURO 2020.<\/p>\n<p>Za ovaj susret koji je zakazan na stadionu \u201eGrbavica\u201c u Sarajevu 8. oktobra, te za duele u 3. i 4. kolu Ligi nacija sa Holandijom 11.10. u Zenici, te Poljskom tri dana kasnije u Var\u0161avi selektor Du\u0161an Bajevi\u0107 je pozvao 30 igra\u010da.<\/p>\n<p>\u201eIgramo tri utakmice u 7 dana \u0161to \u0107e biti veoma naporno, \u010dak i ako se niko ne povrijedi ili razboli, zato smo odlu\u010dili pozvati njih 30 na pripreme\u201c, objasnio je Bajevi\u0107. Selektor je jo\u0161 dodao: \u201eU ovom trenutku najvi\u0161e se bojimo povreda, jer \u0107e do okupljanja na\u0161i igra\u010di odigrati jo\u0161 jednu utakmicu. Nadam se da sa Bi\u010dak\u010di\u0107em nije ni\u0161ta ozbiljno i da \u0107e se on pojaviti na prozivci naredne sedmice. Ima\u0107emo na raspolaganju samo tri dana do susreta sa Sjevernom Irskom i nastoja\u0107emo da to vrijeme iskoristimo najbolje \u0161to mo\u017eemo kako bi se pripremili i ostvarili rezultat koji \u017eelimo.\u201c<\/p>\n<p>Za utakmice sa Sjevernom Irskom, Holandijom i Poljskom pozvani su ovi igra\u010di:<\/p>\n<p>Golmani: Ibrahim \u0160ehi\u0107, Asmir Begovi\u0107, Jasmin Buri\u0107, Kenan Piri\u0107.<\/p>\n<p>Odbrana: Ermin Bi\u010dak\u010di\u0107, Sini\u0161a Sani\u010danin, Ervin Zukanovi\u0107, Sead Kola\u0161inac, Eldar \u0106ivi\u0107, Anel Ahmedhod\u017ei\u0107, Dennis Had\u017eikaduni\u0107, Branimir Cipeti\u0107, Darko Todorovi\u0107, Advan Kadu\u0161i\u0107.<\/p>\n<p>Vezni red: Rade Kruni\u0107, Stjepan Lon\u010dar, Miralem Pjani\u0107, Gojko Cimirot, Amir Had\u017eiahmetovi\u0107, Amer Gojak, Deni Milo\u0161evi\u0107, Haris Hajradinovi\u0107, Benjamin Tatar.<\/p>\n<p>Napad: Miroslav Stevanovi\u0107, Haris Duljevi\u0107, Edin D\u017eeko, Armin Hod\u017ei\u0107, Edin Vi\u0161\u0107a, Elvir Kolji\u0107, Smail Prevljak.<\/p>\n<p>Okupljanje na\u0161eg tima zakazano je za peti oktobar u hotelu \u201eTerme\u201c na Ilid\u017ei.<\/p>\n<p>NFSBiH<\/p>\n","protected":false},"excerpt":{"rendered":"<p>Reprezentacija BiH narednog mjeseca igra tri utakmice a najva\u017enija je ona sa Sjevernom Irskom u okviru bara\u017ea za plasman na EURO 2020. Za ovaj susret koji je zakazan na stadionu [&hellip;]<\/p>\n","protected":false},"author":1,"featured_media":0,"comment_status":"closed","ping_status":"open","sticky":false,"template":"","format":"standard","meta":{"_monsterinsights_skip_tracking":false,"_monsterinsights_sitenote_active":false,"_monsterinsights_sitenote_note":"","_monsterinsights_sitenote_category":0,"footnotes":""},"categories":[7],"tags":[],"yoast_head":"<!-- This site is optimized with the Yoast SEO plugin v21.6 - https:\/\/yoast.com\/wordpress\/plugins\/seo\/ -->\n<title>Prijedor\u010danin Sini\u0161a Sani\u010danin na spisku selektora Bajevi\u0107a za naredna tri me\u010da reprezentacije BiH - PrijedorDanas.com - Prijedorski gradski portal<\/title>\n<meta name=\"robots\" content=\"index, follow, max-snippet:-1, max-image-preview:large, max-video-preview:-1\" \/>\n<link rel=\"canonical\" href=\"https:\/\/www.prijedordanas.com\/?p=154770\" \/>\n<meta property=\"og:locale\" content=\"en_US\" \/>\n<meta property=\"og:type\" content=\"article\" \/>\n<meta property=\"og:title\" content=\"Prijedor\u010danin Sini\u0161a Sani\u010danin na spisku selektora Bajevi\u0107a za naredna tri me\u010da reprezentacije BiH - PrijedorDanas.com - Prijedorski gradski portal\" \/>\n<meta property=\"og:description\" content=\"Reprezentacija BiH narednog mjeseca igra tri utakmice a najva\u017enija je ona sa Sjevernom Irskom u okviru bara\u017ea za plasman na EURO 2020. Za ovaj susret koji je zakazan na stadionu [&hellip;]\" \/>\n<meta property=\"og:url\" content=\"https:\/\/www.prijedordanas.com\/?p=154770\" \/>\n<meta property=\"og:site_name\" content=\"PrijedorDanas.com - Prijedorski gradski portal\" \/>\n<meta property=\"article:publisher\" content=\"https:\/\/www.facebook.com\/PrijedorDanasCom\/\" \/>\n<meta property=\"article:published_time\" content=\"2020-10-03T16:14:11+00:00\" \/>\n<meta property=\"og:image\" content=\"https:\/\/www.prijedordanas.com\/wp-content\/uploads\/2020\/10\/sanicanin-reprezentacija-bih-300x265.jpg\" \/>\n<meta name=\"author\" content=\"admin\" \/>\n<meta name=\"twitter:card\" content=\"summary_large_image\" \/>\n<meta name=\"twitter:label1\" content=\"Written by\" \/>\n\t<meta name=\"twitter:data1\" content=\"admin\" \/>\n\t<meta name=\"twitter:label2\" content=\"Est. reading time\" \/>\n\t<meta name=\"twitter:data2\" content=\"1 minute\" \/>\n<script type=\"application\/ld+json\" class=\"yoast-schema-graph\">{\"@context\":\"https:\/\/schema.org\",\"@graph\":[{\"@type\":\"Article\",\"@id\":\"https:\/\/www.prijedordanas.com\/?p=154770#article\",\"isPartOf\":{\"@id\":\"https:\/\/www.prijedordanas.com\/?p=154770\"},\"author\":{\"name\":\"admin\",\"@id\":\"https:\/\/www.prijedordanas.com\/#\/schema\/person\/4e08ccf29b506ca916ff86d46bb700e6\"},\"headline\":\"Prijedor\u010danin Sini\u0161a Sani\u010danin na spisku selektora Bajevi\u0107a za naredna tri me\u010da reprezentacije BiH\",\"datePublished\":\"2020-10-03T16:14:11+00:00\",\"dateModified\":\"2020-10-03T16:14:11+00:00\",\"mainEntityOfPage\":{\"@id\":\"https:\/\/www.prijedordanas.com\/?p=154770\"},\"wordCount\":297,\"publisher\":{\"@id\":\"https:\/\/www.prijedordanas.com\/#organization\"},\"articleSection\":[\"Sport\"],\"inLanguage\":\"en-US\"},{\"@type\":\"WebPage\",\"@id\":\"https:\/\/www.prijedordanas.com\/?p=154770\",\"url\":\"https:\/\/www.prijedordanas.com\/?p=154770\",\"name\":\"Prijedor\u010danin Sini\u0161a Sani\u010danin na spisku selektora Bajevi\u0107a za naredna tri me\u010da reprezentacije BiH - PrijedorDanas.com - Prijedorski gradski portal\",\"isPartOf\":{\"@id\":\"https:\/\/www.prijedordanas.com\/#website\"},\"datePublished\":\"2020-10-03T16:14:11+00:00\",\"dateModified\":\"2020-10-03T16:14:11+00:00\",\"breadcrumb\":{\"@id\":\"https:\/\/www.prijedordanas.com\/?p=154770#breadcrumb\"},\"inLanguage\":\"en-US\",\"potentialAction\":[{\"@type\":\"ReadAction\",\"target\":[\"https:\/\/www.prijedordanas.com\/?p=154770\"]}]},{\"@type\":\"BreadcrumbList\",\"@id\":\"https:\/\/www.prijedordanas.com\/?p=154770#breadcrumb\",\"itemListElement\":[{\"@type\":\"ListItem\",\"position\":1,\"name\":\"Home\",\"item\":\"https:\/\/www.prijedordanas.com\/\"},{\"@type\":\"ListItem\",\"position\":2,\"name\":\"Prijedor\u010danin Sini\u0161a Sani\u010danin na spisku selektora Bajevi\u0107a za naredna tri me\u010da reprezentacije BiH\"}]},{\"@type\":\"WebSite\",\"@id\":\"https:\/\/www.prijedordanas.com\/#website\",\"url\":\"https:\/\/www.prijedordanas.com\/\",\"name\":\"PrijedorDanas.com - Prijedorski gradski portal\",\"description\":\"Portal o doga\u0111anjima u gradu Prijedoru\",\"publisher\":{\"@id\":\"https:\/\/www.prijedordanas.com\/#organization\"},\"potentialAction\":[{\"@type\":\"SearchAction\",\"target\":{\"@type\":\"EntryPoint\",\"urlTemplate\":\"https:\/\/www.prijedordanas.com\/?s={search_term_string}\"},\"query-input\":\"required name=search_term_string\"}],\"inLanguage\":\"en-US\"},{\"@type\":\"Organization\",\"@id\":\"https:\/\/www.prijedordanas.com\/#organization\",\"name\":\"PrijedorDanas.com\",\"url\":\"https:\/\/www.prijedordanas.com\/\",\"logo\":{\"@type\":\"ImageObject\",\"inLanguage\":\"en-US\",\"@id\":\"https:\/\/www.prijedordanas.com\/#\/schema\/logo\/image\/\",\"url\":\"http:\/\/www.prijedordanas.com\/wp-content\/uploads\/2021\/12\/logopng.png\",\"contentUrl\":\"http:\/\/www.prijedordanas.com\/wp-content\/uploads\/2021\/12\/logopng.png\",\"width\":1019,\"height\":776,\"caption\":\"PrijedorDanas.com\"},\"image\":{\"@id\":\"https:\/\/www.prijedordanas.com\/#\/schema\/logo\/image\/\"},\"sameAs\":[\"https:\/\/www.facebook.com\/PrijedorDanasCom\/\"]},{\"@type\":\"Person\",\"@id\":\"https:\/\/www.prijedordanas.com\/#\/schema\/person\/4e08ccf29b506ca916ff86d46bb700e6\",\"name\":\"admin\",\"image\":{\"@type\":\"ImageObject\",\"inLanguage\":\"en-US\",\"@id\":\"https:\/\/www.prijedordanas.com\/#\/schema\/person\/image\/\",\"url\":\"https:\/\/secure.gravatar.com\/avatar\/1d3fc949d550f0b53a5f0d51e06dfd79?s=96&d=mm&r=g\",\"contentUrl\":\"https:\/\/secure.gravatar.com\/avatar\/1d3fc949d550f0b53a5f0d51e06dfd79?s=96&d=mm&r=g\",\"caption\":\"admin\"},\"url\":\"https:\/\/www.prijedordanas.com\/?author=1\"}]}<\/script>\n<!-- \/ Yoast SEO plugin. -->","yoast_head_json":{"title":"Prijedor\u010danin Sini\u0161a Sani\u010danin na spisku selektora Bajevi\u0107a za naredna tri me\u010da reprezentacije BiH - PrijedorDanas.com - Prijedorski gradski portal","robots":{"index":"index","follow":"follow","max-snippet":"max-snippet:-1","max-image-preview":"max-image-preview:large","max-video-preview":"max-video-preview:-1"},"canonical":"https:\/\/www.prijedordanas.com\/?p=154770","og_locale":"en_US","og_type":"article","og_title":"Prijedor\u010danin Sini\u0161a Sani\u010danin na spisku selektora Bajevi\u0107a za naredna tri me\u010da reprezentacije BiH - PrijedorDanas.com - Prijedorski gradski portal","og_description":"Reprezentacija BiH narednog mjeseca igra tri utakmice a najva\u017enija je ona sa Sjevernom Irskom u okviru bara\u017ea za plasman na EURO 2020. Za ovaj susret koji je zakazan na stadionu [&hellip;]","og_url":"https:\/\/www.prijedordanas.com\/?p=154770","og_site_name":"PrijedorDanas.com - Prijedorski gradski portal","article_publisher":"https:\/\/www.facebook.com\/PrijedorDanasCom\/","article_published_time":"2020-10-03T16:14:11+00:00","og_image":[{"url":"https:\/\/www.prijedordanas.com\/wp-content\/uploads\/2020\/10\/sanicanin-reprezentacija-bih-300x265.jpg"}],"author":"admin","twitter_card":"summary_large_image","twitter_misc":{"Written by":"admin","Est. reading time":"1 minute"},"schema":{"@context":"https:\/\/schema.org","@graph":[{"@type":"Article","@id":"https:\/\/www.prijedordanas.com\/?p=154770#article","isPartOf":{"@id":"https:\/\/www.prijedordanas.com\/?p=154770"},"author":{"name":"admin","@id":"https:\/\/www.prijedordanas.com\/#\/schema\/person\/4e08ccf29b506ca916ff86d46bb700e6"},"headline":"Prijedor\u010danin Sini\u0161a Sani\u010danin na spisku selektora Bajevi\u0107a za naredna tri me\u010da reprezentacije BiH","datePublished":"2020-10-03T16:14:11+00:00","dateModified":"2020-10-03T16:14:11+00:00","mainEntityOfPage":{"@id":"https:\/\/www.prijedordanas.com\/?p=154770"},"wordCount":297,"publisher":{"@id":"https:\/\/www.prijedordanas.com\/#organization"},"articleSection":["Sport"],"inLanguage":"en-US"},{"@type":"WebPage","@id":"https:\/\/www.prijedordanas.com\/?p=154770","url":"https:\/\/www.prijedordanas.com\/?p=154770","name":"Prijedor\u010danin Sini\u0161a Sani\u010danin na spisku selektora Bajevi\u0107a za naredna tri me\u010da reprezentacije BiH - PrijedorDanas.com - Prijedorski gradski portal","isPartOf":{"@id":"https:\/\/www.prijedordanas.com\/#website"},"datePublished":"2020-10-03T16:14:11+00:00","dateModified":"2020-10-03T16:14:11+00:00","breadcrumb":{"@id":"https:\/\/www.prijedordanas.com\/?p=154770#breadcrumb"},"inLanguage":"en-US","potentialAction":[{"@type":"ReadAction","target":["https:\/\/www.prijedordanas.com\/?p=154770"]}]},{"@type":"BreadcrumbList","@id":"https:\/\/www.prijedordanas.com\/?p=154770#breadcrumb","itemListElement":[{"@type":"ListItem","position":1,"name":"Home","item":"https:\/\/www.prijedordanas.com\/"},{"@type":"ListItem","position":2,"name":"Prijedor\u010danin Sini\u0161a Sani\u010danin na spisku selektora Bajevi\u0107a za naredna tri me\u010da reprezentacije BiH"}]},{"@type":"WebSite","@id":"https:\/\/www.prijedordanas.com\/#website","url":"https:\/\/www.prijedordanas.com\/","name":"PrijedorDanas.com - Prijedorski gradski portal","description":"Portal o doga\u0111anjima u gradu Prijedoru","publisher":{"@id":"https:\/\/www.prijedordanas.com\/#organization"},"potentialAction":[{"@type":"SearchAction","target":{"@type":"EntryPoint","urlTemplate":"https:\/\/www.prijedordanas.com\/?s={search_term_string}"},"query-input":"required name=search_term_string"}],"inLanguage":"en-US"},{"@type":"Organization","@id":"https:\/\/www.prijedordanas.com\/#organization","name":"PrijedorDanas.com","url":"https:\/\/www.prijedordanas.com\/","logo":{"@type":"ImageObject","inLanguage":"en-US","@id":"https:\/\/www.prijedordanas.com\/#\/schema\/logo\/image\/","url":"http:\/\/www.prijedordanas.com\/wp-content\/uploads\/2021\/12\/logopng.png","contentUrl":"http:\/\/www.prijedordanas.com\/wp-content\/uploads\/2021\/12\/logopng.png","width":1019,"height":776,"caption":"PrijedorDanas.com"},"image":{"@id":"https:\/\/www.prijedordanas.com\/#\/schema\/logo\/image\/"},"sameAs":["https:\/\/www.facebook.com\/PrijedorDanasCom\/"]},{"@type":"Person","@id":"https:\/\/www.prijedordanas.com\/#\/schema\/person\/4e08ccf29b506ca916ff86d46bb700e6","name":"admin","image":{"@type":"ImageObject","inLanguage":"en-US","@id":"https:\/\/www.prijedordanas.com\/#\/schema\/person\/image\/","url":"https:\/\/secure.gravatar.com\/avatar\/1d3fc949d550f0b53a5f0d51e06dfd79?s=96&d=mm&r=g","contentUrl":"https:\/\/secure.gravatar.com\/avatar\/1d3fc949d550f0b53a5f0d51e06dfd79?s=96&d=mm&r=g","caption":"admin"},"url":"https:\/\/www.prijedordanas.com\/?author=1"}]}},"_links":{"self":[{"href":"https:\/\/www.prijedordanas.com\/index.php?rest_route=\/wp\/v2\/posts\/154770"}],"collection":[{"href":"https:\/\/www.prijedordanas.com\/index.php?rest_route=\/wp\/v2\/posts"}],"about":[{"href":"https:\/\/www.prijedordanas.com\/index.php?rest_route=\/wp\/v2\/types\/post"}],"author":[{"embeddable":true,"href":"https:\/\/www.prijedordanas.com\/index.php?rest_route=\/wp\/v2\/users\/1"}],"replies":[{"embeddable":true,"href":"https:\/\/www.prijedordanas.com\/index.php?rest_route=%2Fwp%2Fv2%2Fcomments&post=154770"}],"version-history":[{"count":1,"href":"https:\/\/www.prijedordanas.com\/index.php?rest_route=\/wp\/v2\/posts\/154770\/revisions"}],"predecessor-version":[{"id":154771,"href":"https:\/\/www.prijedordanas.com\/index.php?rest_route=\/wp\/v2\/posts\/154770\/revisions\/154771"}],"wp:attachment":[{"href":"https:\/\/www.prijedordanas.com\/index.php?rest_route=%2Fwp%2Fv2%2Fmedia&parent=154770"}],"wp:term":[{"taxonomy":"category","embeddable":true,"href":"https:\/\/www.prijedordanas.com\/index.php?rest_route=%2Fwp%2Fv2%2Fcategories&post=154770"},{"taxonomy":"post_tag","embeddable":true,"href":"https:\/\/www.prijedordanas.com\/index.php?rest_route=%2Fwp%2Fv2%2Ftags&post=154770"}],"curies":[{"name":"wp","href":"https:\/\/api.w.org\/{rel}","templated":true}]}}