{"id":154758,"date":"2020-10-03T13:12:53","date_gmt":"2020-10-03T11:12:53","guid":{"rendered":"https:\/\/www.prijedordanas.com\/?p=154758"},"modified":"2020-10-03T13:12:53","modified_gmt":"2020-10-03T11:12:53","slug":"predstava-altteatra-hocemo-l-vise-veceras-u-prijedoru","status":"publish","type":"post","link":"https:\/\/www.prijedordanas.com\/?p=154758","title":{"rendered":"Predstava Altteatra &#8220;Ho\u0107emo l\u2019 VI\u0160E?&#8221; ve\u010deras u Prijedoru"},"content":{"rendered":"<p><a href=\"https:\/\/www.prijedordanas.com\/wp-content\/uploads\/2020\/10\/hocemo-l-vise.jpg\"><img loading=\"lazy\" decoding=\"async\" src=\"https:\/\/www.prijedordanas.com\/wp-content\/uploads\/2020\/10\/hocemo-l-vise-300x222.jpg\" alt=\"\" width=\"300\" height=\"222\" class=\"alignleft size-medium wp-image-154759\" srcset=\"https:\/\/www.prijedordanas.com\/wp-content\/uploads\/2020\/10\/hocemo-l-vise-300x222.jpg 300w, https:\/\/www.prijedordanas.com\/wp-content\/uploads\/2020\/10\/hocemo-l-vise.jpg 675w\" sizes=\"(max-width: 300px) 100vw, 300px\" \/><\/a>Mladi glumci i glumice te apsolventi Akademije scenskih umjetnosti Sarajevo izve\u0161\u0107e predstavu \u201cHo\u0107emo l\u2019 VI\u0160E?\u201d i u Prijedoru. Re\u017eiju potpisuje poznati bh. glumac i reditelj Admir Glamo\u010dak, dramski tekst D\u017eejna Hod\u017ei\u0107 a predstava je nastala u okviru istoimenog projekta koji Altteatar provodi u devet lokalnih zajednica u BiH, sara\u0111uju\u0107i sa omladinskim organizacijama, aktivistima i aktivistkinjama. <\/p>\n<p>Predstava \u201eHo\u0107emo l&#8217; VI\u0160E?\u201c odr\u017ea\u0107e se u Prijedoru u subotu, 3.10.2020. godine, u Hotelu Prijedor, s po\u010detkom u 19 sati. Ulaz na predstavu je besplatan.<\/p>\n<p>Nakon premijere u Sarajevu i igranja u Zenici, mladi glumci i glumice te apsolventi Akademije scenskih umjetnosti Sarajevo predstavu \u201cHo\u0107emo l\u2019 VI\u0160E?\u201d izvest \u0107e i u Prijedoru. Re\u017eiju potpisuje poznati bh. glumac i reditelj Admir Glamo\u010dak, dramski tekst D\u017eejna Hod\u017ei\u0107 a predstava je nastala u okviru istoimenog projekta koji Altteatar provodi u devet lokalnih zajednica u BiH, sara\u0111uju\u0107i sa omladinskim organizacijama, aktivistima i aktivistkinjama. <\/p>\n<p>\u201cHo\u0107emo l\u2019 VI\u0160E?\u201d produkt je brojnih gluma\u010dkih radionica koje su odr\u017eane u lokalnim zajednicama, a koje su finalizirane jednim grupnim kongresom odr\u017eanim u Sarajevu, pod nazivom \u201eKongres artivista\u201c. Kroz radionice i kongres mladi su izra\u017eavali svoje stavove, mi\u0161ljenja, \u017eelje za promjenama te tako bili inspiracija mladoj autorici da teatarski repertoar obogati jednom ovakvom predstavom koja se bavi svim aspektima koje upravo oni smatraju bitnim. U Prijedoru, ALTTEATAR implementira projekt \u201eHo\u0107emo l&#8217; VI\u0160E?\u201c u saradnji s Omladinskim savjetom Prijedor. <\/p>\n<p>\u201e\u010cast mi je pozvati sugra\u0111ane Prijedora na predstavu \u201eHo\u0107emo l&#8217; VI\u0160E?\u201c, jer to nije obi\u010dna predstava. Ideja vodilja cjelokupne predstave je da mladi ljudi mogu i trebaju biti pokreta\u010dka sila u svojim lokalnim zajednicama, te da upravo dramska umjetnost mo\u017ee biti nekonvencionalan na\u010din gra\u0111anskog djelovanja i alat za osna\u017eivanje mladih ljudi. Smatramo da se mladi u gradu Prijedoru bude, te vas i mi pozivamo da uveli\u010date ovaj doga\u0111aj i budete podr\u0161ka u na\u0161im promjenama\u201c, izjavio je Sr\u0111an \u0160obot, koordinator projekta \u201eHo\u0107emo l&#8217; VI\u0160E?\u201c u Prijedoru i predstavnik Omladinskog savjeta Prijedor.<\/p>\n<p>Predstava \u201eHo\u0107emo l&#8217; VI\u0160E?\u201c odr\u017eat \u0107e se u Prijedoru u subotu, 3.10.2020. godine, u Hotelu Prijedor, s po\u010detkom u 19 sati. Ulaz na predstavu je besplatan.<br \/>\nPredstava prikazuje probleme mladih u dana\u0161njem \u201eiskvarenom\u201c sistemu i razbija stereotipe koji su prisutni u njihovoj svakodnevnici. Radnja se de\u0161ava u Domu kulture u manjem gradu, \u010diju scenu poku\u0161avaju o\u017eivjeti mladi ljudi. Sputava ih \u010dinjenica da se u istom Domu kulture odr\u017eava predizborna kampanja za nadolaze\u0107e izbore, te mnogobrojni zadaci oko sre\u0111ivanja sale remete njihov prvobitni plan \u2013 postavljanje dramske predstave. Odlu\u010dni u tome da stanu u kraj iskori\u0161tavanju omladine od strane vlasti, svoju predstavu vode u smjeru revolucije. <\/p>\n<p>Pri\u010du o borbi protiv nepravde predstavit \u0107e Alisa \u010caji\u0107, Helena Vukovi\u0107, Simonida Mandi\u0107, Hana Zrno, Kemal Rizvanovi\u0107, Mak \u010cengi\u0107, Deni Me\u0161i\u0107 i Harun \u0106ehovi\u0107.<br \/>\n\u201eBavili smo se tematikom koja okru\u017euje sve na\u0161e mlade i koja se ti\u010de svih nas. Nezadovoljstvo treba poku\u0161ati rije\u0161iti, a mi smo to poku\u0161ali kroz ovu predstavu, odnosno da, barem malo, doprinesemo boljem sutra. Proces je bio jako zanimljiv, sva\u0161ta sam nau\u010dio od kolega sa kojima sam radio i bi\u0107e mi drago predstaviti ga u bh. gradovima u u narednom periodu\u201c, rekao je mladi glumac Deni Me\u0161i\u0107.<\/p>\n<p>Udru\u017eenje dramskih umjetnika ALTTEATAR je nevladina organizacija iz Sarajeva, posve\u0107ena kreiranju kulturno-umjetni\u010dkih sadr\u017eaja, inoviranju novih kulturnih obrazaca i poticanju mladih ljudi, umjetnika i umjetnica da izraze svoje dru\u0161tvene stavove kroz teatar. U 15 godina postojanja kroz brojne projekte djelovalo je preko 150 umjetnika, uglavnom glumaca i re\u017eisera, ali i scenarista, likovnjaka i muzi\u010dara, osvojiv\u0161i brojne nagrade na festivalima u zemlji i regionu. Ideja vodilja projekta \u201eHo\u0107emo l&#8217; VI\u0160E?\u201c je da mladi ljudi mogu i trebaju biti pokreta\u010dka sila u svojim lokalnim zajednicama, te da teatarska umjetnost mo\u017ee biti njihov alat u pokretanju dru\u0161tvenih promjena i gra\u0111anskom djelovanju. Kroz dramske radionice, predstave, uli\u010dne performanse, multimedijalnu produkciju i zagovara\u010dke inicijative projekt kreira platformu &#8211; online i offline &#8211; za ja\u010danje kolektivnog glasa i vidljivosti mladih ljudi u javnoj sferi bh. dru\u0161tva. <\/p>\n","protected":false},"excerpt":{"rendered":"<p>Mladi glumci i glumice te apsolventi Akademije scenskih umjetnosti Sarajevo izve\u0161\u0107e predstavu \u201cHo\u0107emo l\u2019 VI\u0160E?\u201d i u Prijedoru. Re\u017eiju potpisuje poznati bh. glumac i reditelj Admir Glamo\u010dak, dramski tekst D\u017eejna [&hellip;]<\/p>\n","protected":false},"author":1,"featured_media":0,"comment_status":"closed","ping_status":"open","sticky":false,"template":"","format":"standard","meta":{"_monsterinsights_skip_tracking":false,"_monsterinsights_sitenote_active":false,"_monsterinsights_sitenote_note":"","_monsterinsights_sitenote_category":0,"footnotes":""},"categories":[6],"tags":[],"yoast_head":"<!-- This site is optimized with the Yoast SEO plugin v21.6 - https:\/\/yoast.com\/wordpress\/plugins\/seo\/ -->\n<title>Predstava Altteatra &quot;Ho\u0107emo l\u2019 VI\u0160E?&quot; ve\u010deras u Prijedoru - PrijedorDanas.com - Prijedorski gradski portal<\/title>\n<meta name=\"robots\" content=\"index, follow, max-snippet:-1, max-image-preview:large, max-video-preview:-1\" \/>\n<link rel=\"canonical\" href=\"https:\/\/www.prijedordanas.com\/?p=154758\" \/>\n<meta property=\"og:locale\" content=\"en_US\" \/>\n<meta property=\"og:type\" content=\"article\" \/>\n<meta property=\"og:title\" content=\"Predstava Altteatra &quot;Ho\u0107emo l\u2019 VI\u0160E?&quot; ve\u010deras u Prijedoru - PrijedorDanas.com - Prijedorski gradski portal\" \/>\n<meta property=\"og:description\" content=\"Mladi glumci i glumice te apsolventi Akademije scenskih umjetnosti Sarajevo izve\u0161\u0107e predstavu \u201cHo\u0107emo l\u2019 VI\u0160E?\u201d i u Prijedoru. Re\u017eiju potpisuje poznati bh. glumac i reditelj Admir Glamo\u010dak, dramski tekst D\u017eejna [&hellip;]\" \/>\n<meta property=\"og:url\" content=\"https:\/\/www.prijedordanas.com\/?p=154758\" \/>\n<meta property=\"og:site_name\" content=\"PrijedorDanas.com - Prijedorski gradski portal\" \/>\n<meta property=\"article:publisher\" content=\"https:\/\/www.facebook.com\/PrijedorDanasCom\/\" \/>\n<meta property=\"article:published_time\" content=\"2020-10-03T11:12:53+00:00\" \/>\n<meta property=\"og:image\" content=\"https:\/\/www.prijedordanas.com\/wp-content\/uploads\/2020\/10\/hocemo-l-vise-300x222.jpg\" \/>\n<meta name=\"author\" content=\"admin\" \/>\n<meta name=\"twitter:card\" content=\"summary_large_image\" \/>\n<meta name=\"twitter:label1\" content=\"Written by\" \/>\n\t<meta name=\"twitter:data1\" content=\"admin\" \/>\n\t<meta name=\"twitter:label2\" content=\"Est. reading time\" \/>\n\t<meta name=\"twitter:data2\" content=\"4 minutes\" \/>\n<script type=\"application\/ld+json\" class=\"yoast-schema-graph\">{\"@context\":\"https:\/\/schema.org\",\"@graph\":[{\"@type\":\"Article\",\"@id\":\"https:\/\/www.prijedordanas.com\/?p=154758#article\",\"isPartOf\":{\"@id\":\"https:\/\/www.prijedordanas.com\/?p=154758\"},\"author\":{\"name\":\"admin\",\"@id\":\"https:\/\/www.prijedordanas.com\/#\/schema\/person\/4e08ccf29b506ca916ff86d46bb700e6\"},\"headline\":\"Predstava Altteatra &#8220;Ho\u0107emo l\u2019 VI\u0160E?&#8221; ve\u010deras u Prijedoru\",\"datePublished\":\"2020-10-03T11:12:53+00:00\",\"dateModified\":\"2020-10-03T11:12:53+00:00\",\"mainEntityOfPage\":{\"@id\":\"https:\/\/www.prijedordanas.com\/?p=154758\"},\"wordCount\":731,\"publisher\":{\"@id\":\"https:\/\/www.prijedordanas.com\/#organization\"},\"articleSection\":[\"Kultura\"],\"inLanguage\":\"en-US\"},{\"@type\":\"WebPage\",\"@id\":\"https:\/\/www.prijedordanas.com\/?p=154758\",\"url\":\"https:\/\/www.prijedordanas.com\/?p=154758\",\"name\":\"Predstava Altteatra \\\"Ho\u0107emo l\u2019 VI\u0160E?\\\" ve\u010deras u Prijedoru - PrijedorDanas.com - Prijedorski gradski portal\",\"isPartOf\":{\"@id\":\"https:\/\/www.prijedordanas.com\/#website\"},\"datePublished\":\"2020-10-03T11:12:53+00:00\",\"dateModified\":\"2020-10-03T11:12:53+00:00\",\"breadcrumb\":{\"@id\":\"https:\/\/www.prijedordanas.com\/?p=154758#breadcrumb\"},\"inLanguage\":\"en-US\",\"potentialAction\":[{\"@type\":\"ReadAction\",\"target\":[\"https:\/\/www.prijedordanas.com\/?p=154758\"]}]},{\"@type\":\"BreadcrumbList\",\"@id\":\"https:\/\/www.prijedordanas.com\/?p=154758#breadcrumb\",\"itemListElement\":[{\"@type\":\"ListItem\",\"position\":1,\"name\":\"Home\",\"item\":\"https:\/\/www.prijedordanas.com\/\"},{\"@type\":\"ListItem\",\"position\":2,\"name\":\"Predstava Altteatra &#8220;Ho\u0107emo l\u2019 VI\u0160E?&#8221; ve\u010deras u Prijedoru\"}]},{\"@type\":\"WebSite\",\"@id\":\"https:\/\/www.prijedordanas.com\/#website\",\"url\":\"https:\/\/www.prijedordanas.com\/\",\"name\":\"PrijedorDanas.com - Prijedorski gradski portal\",\"description\":\"Portal o doga\u0111anjima u gradu Prijedoru\",\"publisher\":{\"@id\":\"https:\/\/www.prijedordanas.com\/#organization\"},\"potentialAction\":[{\"@type\":\"SearchAction\",\"target\":{\"@type\":\"EntryPoint\",\"urlTemplate\":\"https:\/\/www.prijedordanas.com\/?s={search_term_string}\"},\"query-input\":\"required name=search_term_string\"}],\"inLanguage\":\"en-US\"},{\"@type\":\"Organization\",\"@id\":\"https:\/\/www.prijedordanas.com\/#organization\",\"name\":\"PrijedorDanas.com\",\"url\":\"https:\/\/www.prijedordanas.com\/\",\"logo\":{\"@type\":\"ImageObject\",\"inLanguage\":\"en-US\",\"@id\":\"https:\/\/www.prijedordanas.com\/#\/schema\/logo\/image\/\",\"url\":\"http:\/\/www.prijedordanas.com\/wp-content\/uploads\/2021\/12\/logopng.png\",\"contentUrl\":\"http:\/\/www.prijedordanas.com\/wp-content\/uploads\/2021\/12\/logopng.png\",\"width\":1019,\"height\":776,\"caption\":\"PrijedorDanas.com\"},\"image\":{\"@id\":\"https:\/\/www.prijedordanas.com\/#\/schema\/logo\/image\/\"},\"sameAs\":[\"https:\/\/www.facebook.com\/PrijedorDanasCom\/\"]},{\"@type\":\"Person\",\"@id\":\"https:\/\/www.prijedordanas.com\/#\/schema\/person\/4e08ccf29b506ca916ff86d46bb700e6\",\"name\":\"admin\",\"image\":{\"@type\":\"ImageObject\",\"inLanguage\":\"en-US\",\"@id\":\"https:\/\/www.prijedordanas.com\/#\/schema\/person\/image\/\",\"url\":\"https:\/\/secure.gravatar.com\/avatar\/1d3fc949d550f0b53a5f0d51e06dfd79?s=96&d=mm&r=g\",\"contentUrl\":\"https:\/\/secure.gravatar.com\/avatar\/1d3fc949d550f0b53a5f0d51e06dfd79?s=96&d=mm&r=g\",\"caption\":\"admin\"},\"url\":\"https:\/\/www.prijedordanas.com\/?author=1\"}]}<\/script>\n<!-- \/ Yoast SEO plugin. -->","yoast_head_json":{"title":"Predstava Altteatra \"Ho\u0107emo l\u2019 VI\u0160E?\" ve\u010deras u Prijedoru - PrijedorDanas.com - Prijedorski gradski portal","robots":{"index":"index","follow":"follow","max-snippet":"max-snippet:-1","max-image-preview":"max-image-preview:large","max-video-preview":"max-video-preview:-1"},"canonical":"https:\/\/www.prijedordanas.com\/?p=154758","og_locale":"en_US","og_type":"article","og_title":"Predstava Altteatra \"Ho\u0107emo l\u2019 VI\u0160E?\" ve\u010deras u Prijedoru - PrijedorDanas.com - Prijedorski gradski portal","og_description":"Mladi glumci i glumice te apsolventi Akademije scenskih umjetnosti Sarajevo izve\u0161\u0107e predstavu \u201cHo\u0107emo l\u2019 VI\u0160E?\u201d i u Prijedoru. Re\u017eiju potpisuje poznati bh. glumac i reditelj Admir Glamo\u010dak, dramski tekst D\u017eejna [&hellip;]","og_url":"https:\/\/www.prijedordanas.com\/?p=154758","og_site_name":"PrijedorDanas.com - Prijedorski gradski portal","article_publisher":"https:\/\/www.facebook.com\/PrijedorDanasCom\/","article_published_time":"2020-10-03T11:12:53+00:00","og_image":[{"url":"https:\/\/www.prijedordanas.com\/wp-content\/uploads\/2020\/10\/hocemo-l-vise-300x222.jpg"}],"author":"admin","twitter_card":"summary_large_image","twitter_misc":{"Written by":"admin","Est. reading time":"4 minutes"},"schema":{"@context":"https:\/\/schema.org","@graph":[{"@type":"Article","@id":"https:\/\/www.prijedordanas.com\/?p=154758#article","isPartOf":{"@id":"https:\/\/www.prijedordanas.com\/?p=154758"},"author":{"name":"admin","@id":"https:\/\/www.prijedordanas.com\/#\/schema\/person\/4e08ccf29b506ca916ff86d46bb700e6"},"headline":"Predstava Altteatra &#8220;Ho\u0107emo l\u2019 VI\u0160E?&#8221; ve\u010deras u Prijedoru","datePublished":"2020-10-03T11:12:53+00:00","dateModified":"2020-10-03T11:12:53+00:00","mainEntityOfPage":{"@id":"https:\/\/www.prijedordanas.com\/?p=154758"},"wordCount":731,"publisher":{"@id":"https:\/\/www.prijedordanas.com\/#organization"},"articleSection":["Kultura"],"inLanguage":"en-US"},{"@type":"WebPage","@id":"https:\/\/www.prijedordanas.com\/?p=154758","url":"https:\/\/www.prijedordanas.com\/?p=154758","name":"Predstava Altteatra \"Ho\u0107emo l\u2019 VI\u0160E?\" ve\u010deras u Prijedoru - PrijedorDanas.com - Prijedorski gradski portal","isPartOf":{"@id":"https:\/\/www.prijedordanas.com\/#website"},"datePublished":"2020-10-03T11:12:53+00:00","dateModified":"2020-10-03T11:12:53+00:00","breadcrumb":{"@id":"https:\/\/www.prijedordanas.com\/?p=154758#breadcrumb"},"inLanguage":"en-US","potentialAction":[{"@type":"ReadAction","target":["https:\/\/www.prijedordanas.com\/?p=154758"]}]},{"@type":"BreadcrumbList","@id":"https:\/\/www.prijedordanas.com\/?p=154758#breadcrumb","itemListElement":[{"@type":"ListItem","position":1,"name":"Home","item":"https:\/\/www.prijedordanas.com\/"},{"@type":"ListItem","position":2,"name":"Predstava Altteatra &#8220;Ho\u0107emo l\u2019 VI\u0160E?&#8221; ve\u010deras u Prijedoru"}]},{"@type":"WebSite","@id":"https:\/\/www.prijedordanas.com\/#website","url":"https:\/\/www.prijedordanas.com\/","name":"PrijedorDanas.com - Prijedorski gradski portal","description":"Portal o doga\u0111anjima u gradu Prijedoru","publisher":{"@id":"https:\/\/www.prijedordanas.com\/#organization"},"potentialAction":[{"@type":"SearchAction","target":{"@type":"EntryPoint","urlTemplate":"https:\/\/www.prijedordanas.com\/?s={search_term_string}"},"query-input":"required name=search_term_string"}],"inLanguage":"en-US"},{"@type":"Organization","@id":"https:\/\/www.prijedordanas.com\/#organization","name":"PrijedorDanas.com","url":"https:\/\/www.prijedordanas.com\/","logo":{"@type":"ImageObject","inLanguage":"en-US","@id":"https:\/\/www.prijedordanas.com\/#\/schema\/logo\/image\/","url":"http:\/\/www.prijedordanas.com\/wp-content\/uploads\/2021\/12\/logopng.png","contentUrl":"http:\/\/www.prijedordanas.com\/wp-content\/uploads\/2021\/12\/logopng.png","width":1019,"height":776,"caption":"PrijedorDanas.com"},"image":{"@id":"https:\/\/www.prijedordanas.com\/#\/schema\/logo\/image\/"},"sameAs":["https:\/\/www.facebook.com\/PrijedorDanasCom\/"]},{"@type":"Person","@id":"https:\/\/www.prijedordanas.com\/#\/schema\/person\/4e08ccf29b506ca916ff86d46bb700e6","name":"admin","image":{"@type":"ImageObject","inLanguage":"en-US","@id":"https:\/\/www.prijedordanas.com\/#\/schema\/person\/image\/","url":"https:\/\/secure.gravatar.com\/avatar\/1d3fc949d550f0b53a5f0d51e06dfd79?s=96&d=mm&r=g","contentUrl":"https:\/\/secure.gravatar.com\/avatar\/1d3fc949d550f0b53a5f0d51e06dfd79?s=96&d=mm&r=g","caption":"admin"},"url":"https:\/\/www.prijedordanas.com\/?author=1"}]}},"_links":{"self":[{"href":"https:\/\/www.prijedordanas.com\/index.php?rest_route=\/wp\/v2\/posts\/154758"}],"collection":[{"href":"https:\/\/www.prijedordanas.com\/index.php?rest_route=\/wp\/v2\/posts"}],"about":[{"href":"https:\/\/www.prijedordanas.com\/index.php?rest_route=\/wp\/v2\/types\/post"}],"author":[{"embeddable":true,"href":"https:\/\/www.prijedordanas.com\/index.php?rest_route=\/wp\/v2\/users\/1"}],"replies":[{"embeddable":true,"href":"https:\/\/www.prijedordanas.com\/index.php?rest_route=%2Fwp%2Fv2%2Fcomments&post=154758"}],"version-history":[{"count":1,"href":"https:\/\/www.prijedordanas.com\/index.php?rest_route=\/wp\/v2\/posts\/154758\/revisions"}],"predecessor-version":[{"id":154760,"href":"https:\/\/www.prijedordanas.com\/index.php?rest_route=\/wp\/v2\/posts\/154758\/revisions\/154760"}],"wp:attachment":[{"href":"https:\/\/www.prijedordanas.com\/index.php?rest_route=%2Fwp%2Fv2%2Fmedia&parent=154758"}],"wp:term":[{"taxonomy":"category","embeddable":true,"href":"https:\/\/www.prijedordanas.com\/index.php?rest_route=%2Fwp%2Fv2%2Fcategories&post=154758"},{"taxonomy":"post_tag","embeddable":true,"href":"https:\/\/www.prijedordanas.com\/index.php?rest_route=%2Fwp%2Fv2%2Ftags&post=154758"}],"curies":[{"name":"wp","href":"https:\/\/api.w.org\/{rel}","templated":true}]}}