{"id":154655,"date":"2020-10-01T13:55:40","date_gmt":"2020-10-01T11:55:40","guid":{"rendered":"https:\/\/www.prijedordanas.com\/?p=154655"},"modified":"2020-10-01T13:58:28","modified_gmt":"2020-10-01T11:58:28","slug":"dns-prijedor-podrska-gradske-uprave-lokalnim-ustanovama-krucijalna","status":"publish","type":"post","link":"https:\/\/www.prijedordanas.com\/?p=154655","title":{"rendered":"DNS Prijedor: Podr\u0161ka Gradske uprave lokalnim ustanovama &#8211; krucijalna"},"content":{"rendered":"<p><a href=\"https:\/\/www.prijedordanas.com\/wp-content\/uploads\/2020\/10\/dns-pres-1oktobar-4.jpg\"><img loading=\"lazy\" decoding=\"async\" class=\"alignleft size-medium wp-image-154659\" src=\"https:\/\/www.prijedordanas.com\/wp-content\/uploads\/2020\/10\/dns-pres-1oktobar-4-300x231.jpg\" alt=\"\" width=\"300\" height=\"231\" srcset=\"https:\/\/www.prijedordanas.com\/wp-content\/uploads\/2020\/10\/dns-pres-1oktobar-4-300x231.jpg 300w, https:\/\/www.prijedordanas.com\/wp-content\/uploads\/2020\/10\/dns-pres-1oktobar-4.jpg 650w\" sizes=\"(max-width: 300px) 100vw, 300px\" \/><\/a>\u010clanovi Gradske organizacije Demokratskog narodnog saveza Prijedor \u2013 direktor &#8220;Toplane&#8221; Zoran Kne\u017eevi\u0107 i direktor Dje\u010dijeg vrti\u0107a &#8220;Radost&#8221; Gordana Jeki\u0107 smatraju da je sveobuhvatna podr\u0161ka Gradske uprave Prijedor krucijalna za realizaciju dosada\u0161njih i izvjesnost budu\u0107ih planova ove dva preduze\u0107a, \u010diji je osniva\u010d grad.<\/p>\n<p>Jeki\u0107eva i Kne\u017eevi\u0107 su na dana\u0161njoj konferenciji za novinare prijedorskog DNS-a osudili pojedine javne li\u010dnosti iz Prijedora koje putem medija stvaraju sliku da u ovom gradu ni\u0161ta dobro nije ura\u0111eno, kao i pojedine javne i privatne medije koji takve navode prenose kao da su \u010dinjenice.<\/p>\n<p><a href=\"https:\/\/www.prijedordanas.com\/wp-content\/uploads\/2020\/10\/dns-pres-1oktobar-2.jpg\"><img loading=\"lazy\" decoding=\"async\" class=\"alignleft size-medium wp-image-154660\" src=\"https:\/\/www.prijedordanas.com\/wp-content\/uploads\/2020\/10\/dns-pres-1oktobar-2-300x200.jpg\" alt=\"\" width=\"300\" height=\"200\" srcset=\"https:\/\/www.prijedordanas.com\/wp-content\/uploads\/2020\/10\/dns-pres-1oktobar-2-300x200.jpg 300w, https:\/\/www.prijedordanas.com\/wp-content\/uploads\/2020\/10\/dns-pres-1oktobar-2-480x320.jpg 480w, https:\/\/www.prijedordanas.com\/wp-content\/uploads\/2020\/10\/dns-pres-1oktobar-2.jpg 600w\" sizes=\"(max-width: 300px) 100vw, 300px\" \/><\/a>Kne\u017eevi\u0107 je rekao da je samo primjer &#8220;Toplane&#8221; dovoljan za demantovanje takvih navoda, budu\u0107i da je rekonstrukcija ovog preduze\u0107a, vrijedna 8,6 miliona evra, donijela vi\u0161estruke koristi gradu i dovela ga na mapu svijetlih primjera prelaska sa mazuta na bio-masu, te da su do sada tri doktorata ura\u0111ena upravo na ovom projektu, koji slu\u017ei kao \u0161kolski primjer drugim lokalnim zajednicama.<\/p>\n<p>&#8220;Prema ocjeni Evropske banke za obnovu i razvoj, ovo je jedan od najboljih projekata koje je kreditirala i, u to vrijeme, najbr\u017ee realizovan. Postigao je sve ciljeve &#8211; o\u010duvana je cijena griajnja za potro\u0161a\u010de, a bila je ugro\u017eena, pobolj\u0161an je kvalitet grijanja i pre\u0161lo se na 24-\u010dasovni re\u017eim zargijavanja. Smanjena je i emisija \u0161tetnih gasova, a pove\u0107an udio obnovljivih izvora energije, sa\u010duvani su djelatnost i radna mjesta i omogu\u0107en nastavak rada `Toplane`&#8221;, naveo je Kne\u017eevi\u0107.<\/p>\n<p><a href=\"https:\/\/www.prijedordanas.com\/wp-content\/uploads\/2020\/10\/dns-pres-1oktobar-1.jpg\"><img loading=\"lazy\" decoding=\"async\" class=\"alignleft size-medium wp-image-154662\" src=\"https:\/\/www.prijedordanas.com\/wp-content\/uploads\/2020\/10\/dns-pres-1oktobar-1-300x231.jpg\" alt=\"\" width=\"300\" height=\"231\" srcset=\"https:\/\/www.prijedordanas.com\/wp-content\/uploads\/2020\/10\/dns-pres-1oktobar-1-300x231.jpg 300w, https:\/\/www.prijedordanas.com\/wp-content\/uploads\/2020\/10\/dns-pres-1oktobar-1.jpg 650w\" sizes=\"(max-width: 300px) 100vw, 300px\" \/><\/a>On je naglasio da je dodatni efekat, a o kojem nije bilo dovoljno rije\u010di u javnosti, \u010dinjenica da je znatno podignut nivo lokalnih privrednih aktivnosti, budu\u0107i da se ranije nabavljao mazut, a da se sada bio-masa nabavalja uglavnom u krugu do 50 kilometara udaljenosti od Prijedora.<\/p>\n<p>&#8220;Sada 2,5 miliona KM, koliko po sezoni pla\u0107amo energent, ostaje ovdje na lokalu, bilo da se nabavlja iz javne \u0161umarije, bilo iz privatnog sektora. Uspjeli smo i diversifikovati izvore nabavke i udio koji smo nekada dobijali od `\u0160uma Republike Srpske` sa 80 odsto svesti na oko 40 odsto, odnosno sada vi\u0161e od 60 odsto biomase nabavljamo od pet-\u0161est privatnih firmi&#8221;, naveo je Kne\u017eevi\u0107.<\/p>\n<p><a href=\"https:\/\/www.prijedordanas.com\/wp-content\/uploads\/2020\/10\/dns-pres-1oktobar-3.jpg\"><img loading=\"lazy\" decoding=\"async\" class=\"alignleft size-medium wp-image-154661\" src=\"https:\/\/www.prijedordanas.com\/wp-content\/uploads\/2020\/10\/dns-pres-1oktobar-3-300x200.jpg\" alt=\"\" width=\"300\" height=\"200\" srcset=\"https:\/\/www.prijedordanas.com\/wp-content\/uploads\/2020\/10\/dns-pres-1oktobar-3-300x200.jpg 300w, https:\/\/www.prijedordanas.com\/wp-content\/uploads\/2020\/10\/dns-pres-1oktobar-3-480x320.jpg 480w, https:\/\/www.prijedordanas.com\/wp-content\/uploads\/2020\/10\/dns-pres-1oktobar-3.jpg 600w\" sizes=\"(max-width: 300px) 100vw, 300px\" \/><\/a>Jeki\u0107eva je pozvala politi\u010dke subjekte i medije da ne zloupotrebljavaju ovu ustanovu i djecu koja je poha\u0111aju, u politi\u010dke svrhe, podsjetiv\u0161i na nedavni primjer objavljivanja fotografije gra\u0111evinskih radova u vrti\u0107u na Urijama, koju je pratio naslov &#8220;\u0160okantno! Ru\u0161e se stropovi vrti\u0107a u gradu Prijedoru!&#8221;, iako je ona dan prije dala izjavu medijima da je rije\u010d o gra\u0111evinskim radovima.<\/p>\n<p>&#8220;Bez obzira na zlonamjerne objave i uznemiruju\u0107e naslove, raduju nas dobre vijesti kao \u0161to su nabavka novog vozila za hranu u na\u0161oj ustanovi, renoviranje dvije sale u vrti\u0107u u Omarskoj i, posljedi\u010dno, otvaranje jasli\u010dke grupe u tom vrti\u0107u, a posebno najava da \u0107e se poku\u0161ati na\u0107i novac u bud\u017eetu grada da boravak u vrti\u0107u bude za roditelje besplatan. Time bi Prijedor bio prvi grad u Republici Srpskoj po najbitnijim i najprioritetnijim ulaganjima &#8211; a to su ulaganja u djecu i u porodicu&#8221;, naglasila je Jeki\u0107eva.<\/p>\n<p>SRNA<\/p>\n","protected":false},"excerpt":{"rendered":"<p>\u010clanovi Gradske organizacije Demokratskog narodnog saveza Prijedor \u2013 direktor &#8220;Toplane&#8221; Zoran Kne\u017eevi\u0107 i direktor Dje\u010dijeg vrti\u0107a &#8220;Radost&#8221; Gordana Jeki\u0107 smatraju da je sveobuhvatna podr\u0161ka Gradske uprave Prijedor krucijalna za realizaciju [&hellip;]<\/p>\n","protected":false},"author":1,"featured_media":0,"comment_status":"closed","ping_status":"open","sticky":false,"template":"","format":"standard","meta":{"_monsterinsights_skip_tracking":false,"_monsterinsights_sitenote_active":false,"_monsterinsights_sitenote_note":"","_monsterinsights_sitenote_category":0,"footnotes":""},"categories":[8],"tags":[1253],"yoast_head":"<!-- This site is optimized with the Yoast SEO plugin v21.6 - https:\/\/yoast.com\/wordpress\/plugins\/seo\/ -->\n<title>DNS Prijedor: Podr\u0161ka Gradske uprave lokalnim ustanovama - krucijalna - PrijedorDanas.com - Prijedorski gradski portal<\/title>\n<meta name=\"robots\" content=\"index, follow, max-snippet:-1, max-image-preview:large, max-video-preview:-1\" \/>\n<link rel=\"canonical\" href=\"https:\/\/www.prijedordanas.com\/?p=154655\" \/>\n<meta property=\"og:locale\" content=\"en_US\" \/>\n<meta property=\"og:type\" content=\"article\" \/>\n<meta property=\"og:title\" content=\"DNS Prijedor: Podr\u0161ka Gradske uprave lokalnim ustanovama - krucijalna - PrijedorDanas.com - Prijedorski gradski portal\" \/>\n<meta property=\"og:description\" content=\"\u010clanovi Gradske organizacije Demokratskog narodnog saveza Prijedor \u2013 direktor &#8220;Toplane&#8221; Zoran Kne\u017eevi\u0107 i direktor Dje\u010dijeg vrti\u0107a &#8220;Radost&#8221; Gordana Jeki\u0107 smatraju da je sveobuhvatna podr\u0161ka Gradske uprave Prijedor krucijalna za realizaciju [&hellip;]\" \/>\n<meta property=\"og:url\" content=\"https:\/\/www.prijedordanas.com\/?p=154655\" \/>\n<meta property=\"og:site_name\" content=\"PrijedorDanas.com - Prijedorski gradski portal\" \/>\n<meta property=\"article:publisher\" content=\"https:\/\/www.facebook.com\/PrijedorDanasCom\/\" \/>\n<meta property=\"article:published_time\" content=\"2020-10-01T11:55:40+00:00\" \/>\n<meta property=\"article:modified_time\" content=\"2020-10-01T11:58:28+00:00\" \/>\n<meta property=\"og:image\" content=\"https:\/\/www.prijedordanas.com\/wp-content\/uploads\/2020\/10\/dns-pres-1oktobar-4-300x231.jpg\" \/>\n<meta name=\"author\" content=\"admin\" \/>\n<meta name=\"twitter:card\" content=\"summary_large_image\" \/>\n<meta name=\"twitter:label1\" content=\"Written by\" \/>\n\t<meta name=\"twitter:data1\" content=\"admin\" \/>\n\t<meta name=\"twitter:label2\" content=\"Est. reading time\" \/>\n\t<meta name=\"twitter:data2\" content=\"3 minutes\" \/>\n<script type=\"application\/ld+json\" class=\"yoast-schema-graph\">{\"@context\":\"https:\/\/schema.org\",\"@graph\":[{\"@type\":\"Article\",\"@id\":\"https:\/\/www.prijedordanas.com\/?p=154655#article\",\"isPartOf\":{\"@id\":\"https:\/\/www.prijedordanas.com\/?p=154655\"},\"author\":{\"name\":\"admin\",\"@id\":\"https:\/\/www.prijedordanas.com\/#\/schema\/person\/4e08ccf29b506ca916ff86d46bb700e6\"},\"headline\":\"DNS Prijedor: Podr\u0161ka Gradske uprave lokalnim ustanovama &#8211; krucijalna\",\"datePublished\":\"2020-10-01T11:55:40+00:00\",\"dateModified\":\"2020-10-01T11:58:28+00:00\",\"mainEntityOfPage\":{\"@id\":\"https:\/\/www.prijedordanas.com\/?p=154655\"},\"wordCount\":536,\"publisher\":{\"@id\":\"https:\/\/www.prijedordanas.com\/#organization\"},\"keywords\":[\"DNS Prijedor\"],\"articleSection\":[\"Svakodnevno\"],\"inLanguage\":\"en-US\"},{\"@type\":\"WebPage\",\"@id\":\"https:\/\/www.prijedordanas.com\/?p=154655\",\"url\":\"https:\/\/www.prijedordanas.com\/?p=154655\",\"name\":\"DNS Prijedor: Podr\u0161ka Gradske uprave lokalnim ustanovama - krucijalna - PrijedorDanas.com - Prijedorski gradski portal\",\"isPartOf\":{\"@id\":\"https:\/\/www.prijedordanas.com\/#website\"},\"datePublished\":\"2020-10-01T11:55:40+00:00\",\"dateModified\":\"2020-10-01T11:58:28+00:00\",\"breadcrumb\":{\"@id\":\"https:\/\/www.prijedordanas.com\/?p=154655#breadcrumb\"},\"inLanguage\":\"en-US\",\"potentialAction\":[{\"@type\":\"ReadAction\",\"target\":[\"https:\/\/www.prijedordanas.com\/?p=154655\"]}]},{\"@type\":\"BreadcrumbList\",\"@id\":\"https:\/\/www.prijedordanas.com\/?p=154655#breadcrumb\",\"itemListElement\":[{\"@type\":\"ListItem\",\"position\":1,\"name\":\"Home\",\"item\":\"https:\/\/www.prijedordanas.com\/\"},{\"@type\":\"ListItem\",\"position\":2,\"name\":\"DNS Prijedor: Podr\u0161ka Gradske uprave lokalnim ustanovama &#8211; krucijalna\"}]},{\"@type\":\"WebSite\",\"@id\":\"https:\/\/www.prijedordanas.com\/#website\",\"url\":\"https:\/\/www.prijedordanas.com\/\",\"name\":\"PrijedorDanas.com - Prijedorski gradski portal\",\"description\":\"Portal o doga\u0111anjima u gradu Prijedoru\",\"publisher\":{\"@id\":\"https:\/\/www.prijedordanas.com\/#organization\"},\"potentialAction\":[{\"@type\":\"SearchAction\",\"target\":{\"@type\":\"EntryPoint\",\"urlTemplate\":\"https:\/\/www.prijedordanas.com\/?s={search_term_string}\"},\"query-input\":\"required name=search_term_string\"}],\"inLanguage\":\"en-US\"},{\"@type\":\"Organization\",\"@id\":\"https:\/\/www.prijedordanas.com\/#organization\",\"name\":\"PrijedorDanas.com\",\"url\":\"https:\/\/www.prijedordanas.com\/\",\"logo\":{\"@type\":\"ImageObject\",\"inLanguage\":\"en-US\",\"@id\":\"https:\/\/www.prijedordanas.com\/#\/schema\/logo\/image\/\",\"url\":\"http:\/\/www.prijedordanas.com\/wp-content\/uploads\/2021\/12\/logopng.png\",\"contentUrl\":\"http:\/\/www.prijedordanas.com\/wp-content\/uploads\/2021\/12\/logopng.png\",\"width\":1019,\"height\":776,\"caption\":\"PrijedorDanas.com\"},\"image\":{\"@id\":\"https:\/\/www.prijedordanas.com\/#\/schema\/logo\/image\/\"},\"sameAs\":[\"https:\/\/www.facebook.com\/PrijedorDanasCom\/\"]},{\"@type\":\"Person\",\"@id\":\"https:\/\/www.prijedordanas.com\/#\/schema\/person\/4e08ccf29b506ca916ff86d46bb700e6\",\"name\":\"admin\",\"image\":{\"@type\":\"ImageObject\",\"inLanguage\":\"en-US\",\"@id\":\"https:\/\/www.prijedordanas.com\/#\/schema\/person\/image\/\",\"url\":\"https:\/\/secure.gravatar.com\/avatar\/1d3fc949d550f0b53a5f0d51e06dfd79?s=96&d=mm&r=g\",\"contentUrl\":\"https:\/\/secure.gravatar.com\/avatar\/1d3fc949d550f0b53a5f0d51e06dfd79?s=96&d=mm&r=g\",\"caption\":\"admin\"},\"url\":\"https:\/\/www.prijedordanas.com\/?author=1\"}]}<\/script>\n<!-- \/ Yoast SEO plugin. -->","yoast_head_json":{"title":"DNS Prijedor: Podr\u0161ka Gradske uprave lokalnim ustanovama - krucijalna - PrijedorDanas.com - Prijedorski gradski portal","robots":{"index":"index","follow":"follow","max-snippet":"max-snippet:-1","max-image-preview":"max-image-preview:large","max-video-preview":"max-video-preview:-1"},"canonical":"https:\/\/www.prijedordanas.com\/?p=154655","og_locale":"en_US","og_type":"article","og_title":"DNS Prijedor: Podr\u0161ka Gradske uprave lokalnim ustanovama - krucijalna - PrijedorDanas.com - Prijedorski gradski portal","og_description":"\u010clanovi Gradske organizacije Demokratskog narodnog saveza Prijedor \u2013 direktor &#8220;Toplane&#8221; Zoran Kne\u017eevi\u0107 i direktor Dje\u010dijeg vrti\u0107a &#8220;Radost&#8221; Gordana Jeki\u0107 smatraju da je sveobuhvatna podr\u0161ka Gradske uprave Prijedor krucijalna za realizaciju [&hellip;]","og_url":"https:\/\/www.prijedordanas.com\/?p=154655","og_site_name":"PrijedorDanas.com - Prijedorski gradski portal","article_publisher":"https:\/\/www.facebook.com\/PrijedorDanasCom\/","article_published_time":"2020-10-01T11:55:40+00:00","article_modified_time":"2020-10-01T11:58:28+00:00","og_image":[{"url":"https:\/\/www.prijedordanas.com\/wp-content\/uploads\/2020\/10\/dns-pres-1oktobar-4-300x231.jpg"}],"author":"admin","twitter_card":"summary_large_image","twitter_misc":{"Written by":"admin","Est. reading time":"3 minutes"},"schema":{"@context":"https:\/\/schema.org","@graph":[{"@type":"Article","@id":"https:\/\/www.prijedordanas.com\/?p=154655#article","isPartOf":{"@id":"https:\/\/www.prijedordanas.com\/?p=154655"},"author":{"name":"admin","@id":"https:\/\/www.prijedordanas.com\/#\/schema\/person\/4e08ccf29b506ca916ff86d46bb700e6"},"headline":"DNS Prijedor: Podr\u0161ka Gradske uprave lokalnim ustanovama &#8211; krucijalna","datePublished":"2020-10-01T11:55:40+00:00","dateModified":"2020-10-01T11:58:28+00:00","mainEntityOfPage":{"@id":"https:\/\/www.prijedordanas.com\/?p=154655"},"wordCount":536,"publisher":{"@id":"https:\/\/www.prijedordanas.com\/#organization"},"keywords":["DNS Prijedor"],"articleSection":["Svakodnevno"],"inLanguage":"en-US"},{"@type":"WebPage","@id":"https:\/\/www.prijedordanas.com\/?p=154655","url":"https:\/\/www.prijedordanas.com\/?p=154655","name":"DNS Prijedor: Podr\u0161ka Gradske uprave lokalnim ustanovama - krucijalna - PrijedorDanas.com - Prijedorski gradski portal","isPartOf":{"@id":"https:\/\/www.prijedordanas.com\/#website"},"datePublished":"2020-10-01T11:55:40+00:00","dateModified":"2020-10-01T11:58:28+00:00","breadcrumb":{"@id":"https:\/\/www.prijedordanas.com\/?p=154655#breadcrumb"},"inLanguage":"en-US","potentialAction":[{"@type":"ReadAction","target":["https:\/\/www.prijedordanas.com\/?p=154655"]}]},{"@type":"BreadcrumbList","@id":"https:\/\/www.prijedordanas.com\/?p=154655#breadcrumb","itemListElement":[{"@type":"ListItem","position":1,"name":"Home","item":"https:\/\/www.prijedordanas.com\/"},{"@type":"ListItem","position":2,"name":"DNS Prijedor: Podr\u0161ka Gradske uprave lokalnim ustanovama &#8211; krucijalna"}]},{"@type":"WebSite","@id":"https:\/\/www.prijedordanas.com\/#website","url":"https:\/\/www.prijedordanas.com\/","name":"PrijedorDanas.com - Prijedorski gradski portal","description":"Portal o doga\u0111anjima u gradu Prijedoru","publisher":{"@id":"https:\/\/www.prijedordanas.com\/#organization"},"potentialAction":[{"@type":"SearchAction","target":{"@type":"EntryPoint","urlTemplate":"https:\/\/www.prijedordanas.com\/?s={search_term_string}"},"query-input":"required name=search_term_string"}],"inLanguage":"en-US"},{"@type":"Organization","@id":"https:\/\/www.prijedordanas.com\/#organization","name":"PrijedorDanas.com","url":"https:\/\/www.prijedordanas.com\/","logo":{"@type":"ImageObject","inLanguage":"en-US","@id":"https:\/\/www.prijedordanas.com\/#\/schema\/logo\/image\/","url":"http:\/\/www.prijedordanas.com\/wp-content\/uploads\/2021\/12\/logopng.png","contentUrl":"http:\/\/www.prijedordanas.com\/wp-content\/uploads\/2021\/12\/logopng.png","width":1019,"height":776,"caption":"PrijedorDanas.com"},"image":{"@id":"https:\/\/www.prijedordanas.com\/#\/schema\/logo\/image\/"},"sameAs":["https:\/\/www.facebook.com\/PrijedorDanasCom\/"]},{"@type":"Person","@id":"https:\/\/www.prijedordanas.com\/#\/schema\/person\/4e08ccf29b506ca916ff86d46bb700e6","name":"admin","image":{"@type":"ImageObject","inLanguage":"en-US","@id":"https:\/\/www.prijedordanas.com\/#\/schema\/person\/image\/","url":"https:\/\/secure.gravatar.com\/avatar\/1d3fc949d550f0b53a5f0d51e06dfd79?s=96&d=mm&r=g","contentUrl":"https:\/\/secure.gravatar.com\/avatar\/1d3fc949d550f0b53a5f0d51e06dfd79?s=96&d=mm&r=g","caption":"admin"},"url":"https:\/\/www.prijedordanas.com\/?author=1"}]}},"_links":{"self":[{"href":"https:\/\/www.prijedordanas.com\/index.php?rest_route=\/wp\/v2\/posts\/154655"}],"collection":[{"href":"https:\/\/www.prijedordanas.com\/index.php?rest_route=\/wp\/v2\/posts"}],"about":[{"href":"https:\/\/www.prijedordanas.com\/index.php?rest_route=\/wp\/v2\/types\/post"}],"author":[{"embeddable":true,"href":"https:\/\/www.prijedordanas.com\/index.php?rest_route=\/wp\/v2\/users\/1"}],"replies":[{"embeddable":true,"href":"https:\/\/www.prijedordanas.com\/index.php?rest_route=%2Fwp%2Fv2%2Fcomments&post=154655"}],"version-history":[{"count":4,"href":"https:\/\/www.prijedordanas.com\/index.php?rest_route=\/wp\/v2\/posts\/154655\/revisions"}],"predecessor-version":[{"id":154665,"href":"https:\/\/www.prijedordanas.com\/index.php?rest_route=\/wp\/v2\/posts\/154655\/revisions\/154665"}],"wp:attachment":[{"href":"https:\/\/www.prijedordanas.com\/index.php?rest_route=%2Fwp%2Fv2%2Fmedia&parent=154655"}],"wp:term":[{"taxonomy":"category","embeddable":true,"href":"https:\/\/www.prijedordanas.com\/index.php?rest_route=%2Fwp%2Fv2%2Fcategories&post=154655"},{"taxonomy":"post_tag","embeddable":true,"href":"https:\/\/www.prijedordanas.com\/index.php?rest_route=%2Fwp%2Fv2%2Ftags&post=154655"}],"curies":[{"name":"wp","href":"https:\/\/api.w.org\/{rel}","templated":true}]}}