{"id":154415,"date":"2020-09-26T13:23:36","date_gmt":"2020-09-26T11:23:36","guid":{"rendered":"https:\/\/www.prijedordanas.com\/?p=154415"},"modified":"2020-09-26T13:23:36","modified_gmt":"2020-09-26T11:23:36","slug":"u-prostorijama-kola-srpskih-sestara-prijedor-otvorena-humanitarna-izlozba-dragana-stupara-foto","status":"publish","type":"post","link":"https:\/\/www.prijedordanas.com\/?p=154415","title":{"rendered":"U prostorijama Kola srpskih sestara Prijedor otvorena humanitarna izlo\u017eba Dragana Stupara &#8211; FOTO"},"content":{"rendered":"<p><a href=\"https:\/\/www.prijedordanas.com\/wp-content\/uploads\/2020\/09\/humanitarna-izlozba-slika-stupar-2.jpg\"><img loading=\"lazy\" decoding=\"async\" class=\"alignleft size-medium wp-image-154432\" src=\"https:\/\/www.prijedordanas.com\/wp-content\/uploads\/2020\/09\/humanitarna-izlozba-slika-stupar-2-300x231.jpg\" alt=\"\" width=\"300\" height=\"231\" srcset=\"https:\/\/www.prijedordanas.com\/wp-content\/uploads\/2020\/09\/humanitarna-izlozba-slika-stupar-2-300x231.jpg 300w, https:\/\/www.prijedordanas.com\/wp-content\/uploads\/2020\/09\/humanitarna-izlozba-slika-stupar-2.jpg 650w\" sizes=\"(max-width: 300px) 100vw, 300px\" \/><\/a>U Prijedoru je otvorena humanitarno-prodajna izlo\u017eba 14 radova prijedorskog samoukog slikara Dragana Stupara, \u010dija je namjera da pola prihoda od prodaje ustupi Kolu srpskih sestara.<\/p>\n<p>&#8220;Polovina sredstava od prodaje slika osta\u0107e na ra\u010dunu Kola i mi \u0107emo to onda dalje distribuisati u humanitarne svrhe&#8221;, rekla je Jadranka Miji\u0107, predsjednik Kola srpskih sestara, u \u010dijim je prostorijama otvorena izlo\u017eba.<\/p>\n<p>Ona je navela da su prostor za izlo\u017ebu ustupili na prijedlog autora, te da je izbor slika izvr\u0161io direktor Muzeja Kozare Zoran Radonji\u0107 budu\u0107i da su ve\u0107 bile izlo\u017eene u toj ustanovi.<\/p>\n<p>&#8220;Slike \u0107e mo\u0107i da se pogledaju i posredstvom dru\u0161tvenih mre\u017ea, a u\u017eivo srijedom od 13.00 do 17.00 \u010dasova&#8221;, rekla je Miji\u0107eva.<\/p>\n<p><a href=\"https:\/\/www.prijedordanas.com\/wp-content\/uploads\/2020\/09\/humanitarna-izlozba-slika-stupar-1.jpg\"><img loading=\"lazy\" decoding=\"async\" class=\"alignleft size-medium wp-image-154433\" src=\"https:\/\/www.prijedordanas.com\/wp-content\/uploads\/2020\/09\/humanitarna-izlozba-slika-stupar-1-300x231.jpg\" alt=\"\" width=\"300\" height=\"231\" srcset=\"https:\/\/www.prijedordanas.com\/wp-content\/uploads\/2020\/09\/humanitarna-izlozba-slika-stupar-1-300x231.jpg 300w, https:\/\/www.prijedordanas.com\/wp-content\/uploads\/2020\/09\/humanitarna-izlozba-slika-stupar-1.jpg 650w\" sizes=\"(max-width: 300px) 100vw, 300px\" \/><\/a>Dragan Stupar ka\u017ee da se od malih nogu bavi slikarstvom koje mu je sve &#8211; \u017eivot, razonoda, terapija.<\/p>\n<p>&#8220;Samouki sam slikar i svojim slikama slavim ljepotu naroda, prirode, na\u0161ih obi\u010daja i svega lijepog \u0161to moje oko vidi&#8221;, rekao je Stupar, dodaju\u0107i da \u017eivi od male penzije i da je ovo na\u010din da pobolj\u0161a ku\u0107ni bud\u017eet.<\/p>\n<p>Iako je porijeklom iz Sanskog Mosta, Stupar ka\u017ee da je poslije rata na\u0161ao drugi dom u Prijedoru, gdje je upoznao ljude koji cijene njegov talenat i rad, na \u010demu im je neizmjerno zahvalan.<\/p>\n<p>Stupar je i \u010dlan Udru\u017eenja likovnih umjetnika Prijedor.<\/p>\n<p>Cijena njegovih izlo\u017eenih slika je od 200 do 600 KM.<\/p>\n<p>SRNA<\/p>\n<p><a href=\"https:\/\/www.prijedordanas.com\/wp-content\/uploads\/2020\/09\/humanitarna-izlozba-slika-stupar-3.jpg\"><img loading=\"lazy\" decoding=\"async\" src=\"https:\/\/www.prijedordanas.com\/wp-content\/uploads\/2020\/09\/humanitarna-izlozba-slika-stupar-3-300x231.jpg\" alt=\"\" width=\"300\" height=\"231\" class=\"alignleft size-medium wp-image-154434\" srcset=\"https:\/\/www.prijedordanas.com\/wp-content\/uploads\/2020\/09\/humanitarna-izlozba-slika-stupar-3-300x231.jpg 300w, https:\/\/www.prijedordanas.com\/wp-content\/uploads\/2020\/09\/humanitarna-izlozba-slika-stupar-3.jpg 650w\" sizes=\"(max-width: 300px) 100vw, 300px\" \/><\/a> <a href=\"https:\/\/www.prijedordanas.com\/wp-content\/uploads\/2020\/09\/humanitarna-izlozba-slika-stupar-4.jpg\"><img loading=\"lazy\" decoding=\"async\" src=\"https:\/\/www.prijedordanas.com\/wp-content\/uploads\/2020\/09\/humanitarna-izlozba-slika-stupar-4-300x231.jpg\" alt=\"\" width=\"300\" height=\"231\" class=\"alignleft size-medium wp-image-154435\" srcset=\"https:\/\/www.prijedordanas.com\/wp-content\/uploads\/2020\/09\/humanitarna-izlozba-slika-stupar-4-300x231.jpg 300w, https:\/\/www.prijedordanas.com\/wp-content\/uploads\/2020\/09\/humanitarna-izlozba-slika-stupar-4.jpg 650w\" sizes=\"(max-width: 300px) 100vw, 300px\" \/><\/a> <a href=\"https:\/\/www.prijedordanas.com\/wp-content\/uploads\/2020\/09\/humanitarna-izlozba-slika-stupar-5.jpg\"><img loading=\"lazy\" decoding=\"async\" src=\"https:\/\/www.prijedordanas.com\/wp-content\/uploads\/2020\/09\/humanitarna-izlozba-slika-stupar-5-300x200.jpg\" alt=\"\" width=\"300\" height=\"200\" class=\"alignleft size-medium wp-image-154436\" srcset=\"https:\/\/www.prijedordanas.com\/wp-content\/uploads\/2020\/09\/humanitarna-izlozba-slika-stupar-5-300x200.jpg 300w, https:\/\/www.prijedordanas.com\/wp-content\/uploads\/2020\/09\/humanitarna-izlozba-slika-stupar-5-480x320.jpg 480w, https:\/\/www.prijedordanas.com\/wp-content\/uploads\/2020\/09\/humanitarna-izlozba-slika-stupar-5.jpg 600w\" sizes=\"(max-width: 300px) 100vw, 300px\" \/><\/a><\/p>\n","protected":false},"excerpt":{"rendered":"<p>U Prijedoru je otvorena humanitarno-prodajna izlo\u017eba 14 radova prijedorskog samoukog slikara Dragana Stupara, \u010dija je namjera da pola prihoda od prodaje ustupi Kolu srpskih sestara. &#8220;Polovina sredstava od prodaje slika [&hellip;]<\/p>\n","protected":false},"author":1,"featured_media":0,"comment_status":"closed","ping_status":"open","sticky":false,"template":"","format":"standard","meta":{"_monsterinsights_skip_tracking":false,"_monsterinsights_sitenote_active":false,"_monsterinsights_sitenote_note":"","_monsterinsights_sitenote_category":0,"footnotes":""},"categories":[6],"tags":[1808,11350,3960],"yoast_head":"<!-- This site is optimized with the Yoast SEO plugin v21.6 - https:\/\/yoast.com\/wordpress\/plugins\/seo\/ -->\n<title>U prostorijama Kola srpskih sestara Prijedor otvorena humanitarna izlo\u017eba Dragana Stupara - FOTO - PrijedorDanas.com - Prijedorski gradski portal<\/title>\n<meta name=\"robots\" content=\"index, follow, max-snippet:-1, max-image-preview:large, max-video-preview:-1\" \/>\n<link rel=\"canonical\" href=\"https:\/\/www.prijedordanas.com\/?p=154415\" \/>\n<meta property=\"og:locale\" content=\"en_US\" \/>\n<meta property=\"og:type\" content=\"article\" \/>\n<meta property=\"og:title\" content=\"U prostorijama Kola srpskih sestara Prijedor otvorena humanitarna izlo\u017eba Dragana Stupara - FOTO - PrijedorDanas.com - Prijedorski gradski portal\" \/>\n<meta property=\"og:description\" content=\"U Prijedoru je otvorena humanitarno-prodajna izlo\u017eba 14 radova prijedorskog samoukog slikara Dragana Stupara, \u010dija je namjera da pola prihoda od prodaje ustupi Kolu srpskih sestara. &#8220;Polovina sredstava od prodaje slika [&hellip;]\" \/>\n<meta property=\"og:url\" content=\"https:\/\/www.prijedordanas.com\/?p=154415\" \/>\n<meta property=\"og:site_name\" content=\"PrijedorDanas.com - Prijedorski gradski portal\" \/>\n<meta property=\"article:publisher\" content=\"https:\/\/www.facebook.com\/PrijedorDanasCom\/\" \/>\n<meta property=\"article:published_time\" content=\"2020-09-26T11:23:36+00:00\" \/>\n<meta property=\"og:image\" content=\"https:\/\/www.prijedordanas.com\/wp-content\/uploads\/2020\/09\/humanitarna-izlozba-slika-stupar-2-300x231.jpg\" \/>\n<meta name=\"author\" content=\"admin\" \/>\n<meta name=\"twitter:card\" content=\"summary_large_image\" \/>\n<meta name=\"twitter:label1\" content=\"Written by\" \/>\n\t<meta name=\"twitter:data1\" content=\"admin\" \/>\n\t<meta name=\"twitter:label2\" content=\"Est. reading time\" \/>\n\t<meta name=\"twitter:data2\" content=\"1 minute\" \/>\n<script type=\"application\/ld+json\" class=\"yoast-schema-graph\">{\"@context\":\"https:\/\/schema.org\",\"@graph\":[{\"@type\":\"Article\",\"@id\":\"https:\/\/www.prijedordanas.com\/?p=154415#article\",\"isPartOf\":{\"@id\":\"https:\/\/www.prijedordanas.com\/?p=154415\"},\"author\":{\"name\":\"admin\",\"@id\":\"https:\/\/www.prijedordanas.com\/#\/schema\/person\/4e08ccf29b506ca916ff86d46bb700e6\"},\"headline\":\"U prostorijama Kola srpskih sestara Prijedor otvorena humanitarna izlo\u017eba Dragana Stupara &#8211; FOTO\",\"datePublished\":\"2020-09-26T11:23:36+00:00\",\"dateModified\":\"2020-09-26T11:23:36+00:00\",\"mainEntityOfPage\":{\"@id\":\"https:\/\/www.prijedordanas.com\/?p=154415\"},\"wordCount\":252,\"publisher\":{\"@id\":\"https:\/\/www.prijedordanas.com\/#organization\"},\"keywords\":[\"Dragan Stupar\",\"humanitarna izlo\u017eba slika\",\"Kolo srpskih sestara Prijedor\"],\"articleSection\":[\"Kultura\"],\"inLanguage\":\"en-US\"},{\"@type\":\"WebPage\",\"@id\":\"https:\/\/www.prijedordanas.com\/?p=154415\",\"url\":\"https:\/\/www.prijedordanas.com\/?p=154415\",\"name\":\"U prostorijama Kola srpskih sestara Prijedor otvorena humanitarna izlo\u017eba Dragana Stupara - FOTO - PrijedorDanas.com - Prijedorski gradski portal\",\"isPartOf\":{\"@id\":\"https:\/\/www.prijedordanas.com\/#website\"},\"datePublished\":\"2020-09-26T11:23:36+00:00\",\"dateModified\":\"2020-09-26T11:23:36+00:00\",\"breadcrumb\":{\"@id\":\"https:\/\/www.prijedordanas.com\/?p=154415#breadcrumb\"},\"inLanguage\":\"en-US\",\"potentialAction\":[{\"@type\":\"ReadAction\",\"target\":[\"https:\/\/www.prijedordanas.com\/?p=154415\"]}]},{\"@type\":\"BreadcrumbList\",\"@id\":\"https:\/\/www.prijedordanas.com\/?p=154415#breadcrumb\",\"itemListElement\":[{\"@type\":\"ListItem\",\"position\":1,\"name\":\"Home\",\"item\":\"https:\/\/www.prijedordanas.com\/\"},{\"@type\":\"ListItem\",\"position\":2,\"name\":\"U prostorijama Kola srpskih sestara Prijedor otvorena humanitarna izlo\u017eba Dragana Stupara &#8211; FOTO\"}]},{\"@type\":\"WebSite\",\"@id\":\"https:\/\/www.prijedordanas.com\/#website\",\"url\":\"https:\/\/www.prijedordanas.com\/\",\"name\":\"PrijedorDanas.com - Prijedorski gradski portal\",\"description\":\"Portal o doga\u0111anjima u gradu Prijedoru\",\"publisher\":{\"@id\":\"https:\/\/www.prijedordanas.com\/#organization\"},\"potentialAction\":[{\"@type\":\"SearchAction\",\"target\":{\"@type\":\"EntryPoint\",\"urlTemplate\":\"https:\/\/www.prijedordanas.com\/?s={search_term_string}\"},\"query-input\":\"required name=search_term_string\"}],\"inLanguage\":\"en-US\"},{\"@type\":\"Organization\",\"@id\":\"https:\/\/www.prijedordanas.com\/#organization\",\"name\":\"PrijedorDanas.com\",\"url\":\"https:\/\/www.prijedordanas.com\/\",\"logo\":{\"@type\":\"ImageObject\",\"inLanguage\":\"en-US\",\"@id\":\"https:\/\/www.prijedordanas.com\/#\/schema\/logo\/image\/\",\"url\":\"http:\/\/www.prijedordanas.com\/wp-content\/uploads\/2021\/12\/logopng.png\",\"contentUrl\":\"http:\/\/www.prijedordanas.com\/wp-content\/uploads\/2021\/12\/logopng.png\",\"width\":1019,\"height\":776,\"caption\":\"PrijedorDanas.com\"},\"image\":{\"@id\":\"https:\/\/www.prijedordanas.com\/#\/schema\/logo\/image\/\"},\"sameAs\":[\"https:\/\/www.facebook.com\/PrijedorDanasCom\/\"]},{\"@type\":\"Person\",\"@id\":\"https:\/\/www.prijedordanas.com\/#\/schema\/person\/4e08ccf29b506ca916ff86d46bb700e6\",\"name\":\"admin\",\"image\":{\"@type\":\"ImageObject\",\"inLanguage\":\"en-US\",\"@id\":\"https:\/\/www.prijedordanas.com\/#\/schema\/person\/image\/\",\"url\":\"https:\/\/secure.gravatar.com\/avatar\/1d3fc949d550f0b53a5f0d51e06dfd79?s=96&d=mm&r=g\",\"contentUrl\":\"https:\/\/secure.gravatar.com\/avatar\/1d3fc949d550f0b53a5f0d51e06dfd79?s=96&d=mm&r=g\",\"caption\":\"admin\"},\"url\":\"https:\/\/www.prijedordanas.com\/?author=1\"}]}<\/script>\n<!-- \/ Yoast SEO plugin. -->","yoast_head_json":{"title":"U prostorijama Kola srpskih sestara Prijedor otvorena humanitarna izlo\u017eba Dragana Stupara - FOTO - PrijedorDanas.com - Prijedorski gradski portal","robots":{"index":"index","follow":"follow","max-snippet":"max-snippet:-1","max-image-preview":"max-image-preview:large","max-video-preview":"max-video-preview:-1"},"canonical":"https:\/\/www.prijedordanas.com\/?p=154415","og_locale":"en_US","og_type":"article","og_title":"U prostorijama Kola srpskih sestara Prijedor otvorena humanitarna izlo\u017eba Dragana Stupara - FOTO - PrijedorDanas.com - Prijedorski gradski portal","og_description":"U Prijedoru je otvorena humanitarno-prodajna izlo\u017eba 14 radova prijedorskog samoukog slikara Dragana Stupara, \u010dija je namjera da pola prihoda od prodaje ustupi Kolu srpskih sestara. &#8220;Polovina sredstava od prodaje slika [&hellip;]","og_url":"https:\/\/www.prijedordanas.com\/?p=154415","og_site_name":"PrijedorDanas.com - Prijedorski gradski portal","article_publisher":"https:\/\/www.facebook.com\/PrijedorDanasCom\/","article_published_time":"2020-09-26T11:23:36+00:00","og_image":[{"url":"https:\/\/www.prijedordanas.com\/wp-content\/uploads\/2020\/09\/humanitarna-izlozba-slika-stupar-2-300x231.jpg"}],"author":"admin","twitter_card":"summary_large_image","twitter_misc":{"Written by":"admin","Est. reading time":"1 minute"},"schema":{"@context":"https:\/\/schema.org","@graph":[{"@type":"Article","@id":"https:\/\/www.prijedordanas.com\/?p=154415#article","isPartOf":{"@id":"https:\/\/www.prijedordanas.com\/?p=154415"},"author":{"name":"admin","@id":"https:\/\/www.prijedordanas.com\/#\/schema\/person\/4e08ccf29b506ca916ff86d46bb700e6"},"headline":"U prostorijama Kola srpskih sestara Prijedor otvorena humanitarna izlo\u017eba Dragana Stupara &#8211; FOTO","datePublished":"2020-09-26T11:23:36+00:00","dateModified":"2020-09-26T11:23:36+00:00","mainEntityOfPage":{"@id":"https:\/\/www.prijedordanas.com\/?p=154415"},"wordCount":252,"publisher":{"@id":"https:\/\/www.prijedordanas.com\/#organization"},"keywords":["Dragan Stupar","humanitarna izlo\u017eba slika","Kolo srpskih sestara Prijedor"],"articleSection":["Kultura"],"inLanguage":"en-US"},{"@type":"WebPage","@id":"https:\/\/www.prijedordanas.com\/?p=154415","url":"https:\/\/www.prijedordanas.com\/?p=154415","name":"U prostorijama Kola srpskih sestara Prijedor otvorena humanitarna izlo\u017eba Dragana Stupara - FOTO - PrijedorDanas.com - Prijedorski gradski portal","isPartOf":{"@id":"https:\/\/www.prijedordanas.com\/#website"},"datePublished":"2020-09-26T11:23:36+00:00","dateModified":"2020-09-26T11:23:36+00:00","breadcrumb":{"@id":"https:\/\/www.prijedordanas.com\/?p=154415#breadcrumb"},"inLanguage":"en-US","potentialAction":[{"@type":"ReadAction","target":["https:\/\/www.prijedordanas.com\/?p=154415"]}]},{"@type":"BreadcrumbList","@id":"https:\/\/www.prijedordanas.com\/?p=154415#breadcrumb","itemListElement":[{"@type":"ListItem","position":1,"name":"Home","item":"https:\/\/www.prijedordanas.com\/"},{"@type":"ListItem","position":2,"name":"U prostorijama Kola srpskih sestara Prijedor otvorena humanitarna izlo\u017eba Dragana Stupara &#8211; FOTO"}]},{"@type":"WebSite","@id":"https:\/\/www.prijedordanas.com\/#website","url":"https:\/\/www.prijedordanas.com\/","name":"PrijedorDanas.com - Prijedorski gradski portal","description":"Portal o doga\u0111anjima u gradu Prijedoru","publisher":{"@id":"https:\/\/www.prijedordanas.com\/#organization"},"potentialAction":[{"@type":"SearchAction","target":{"@type":"EntryPoint","urlTemplate":"https:\/\/www.prijedordanas.com\/?s={search_term_string}"},"query-input":"required name=search_term_string"}],"inLanguage":"en-US"},{"@type":"Organization","@id":"https:\/\/www.prijedordanas.com\/#organization","name":"PrijedorDanas.com","url":"https:\/\/www.prijedordanas.com\/","logo":{"@type":"ImageObject","inLanguage":"en-US","@id":"https:\/\/www.prijedordanas.com\/#\/schema\/logo\/image\/","url":"http:\/\/www.prijedordanas.com\/wp-content\/uploads\/2021\/12\/logopng.png","contentUrl":"http:\/\/www.prijedordanas.com\/wp-content\/uploads\/2021\/12\/logopng.png","width":1019,"height":776,"caption":"PrijedorDanas.com"},"image":{"@id":"https:\/\/www.prijedordanas.com\/#\/schema\/logo\/image\/"},"sameAs":["https:\/\/www.facebook.com\/PrijedorDanasCom\/"]},{"@type":"Person","@id":"https:\/\/www.prijedordanas.com\/#\/schema\/person\/4e08ccf29b506ca916ff86d46bb700e6","name":"admin","image":{"@type":"ImageObject","inLanguage":"en-US","@id":"https:\/\/www.prijedordanas.com\/#\/schema\/person\/image\/","url":"https:\/\/secure.gravatar.com\/avatar\/1d3fc949d550f0b53a5f0d51e06dfd79?s=96&d=mm&r=g","contentUrl":"https:\/\/secure.gravatar.com\/avatar\/1d3fc949d550f0b53a5f0d51e06dfd79?s=96&d=mm&r=g","caption":"admin"},"url":"https:\/\/www.prijedordanas.com\/?author=1"}]}},"_links":{"self":[{"href":"https:\/\/www.prijedordanas.com\/index.php?rest_route=\/wp\/v2\/posts\/154415"}],"collection":[{"href":"https:\/\/www.prijedordanas.com\/index.php?rest_route=\/wp\/v2\/posts"}],"about":[{"href":"https:\/\/www.prijedordanas.com\/index.php?rest_route=\/wp\/v2\/types\/post"}],"author":[{"embeddable":true,"href":"https:\/\/www.prijedordanas.com\/index.php?rest_route=\/wp\/v2\/users\/1"}],"replies":[{"embeddable":true,"href":"https:\/\/www.prijedordanas.com\/index.php?rest_route=%2Fwp%2Fv2%2Fcomments&post=154415"}],"version-history":[{"count":2,"href":"https:\/\/www.prijedordanas.com\/index.php?rest_route=\/wp\/v2\/posts\/154415\/revisions"}],"predecessor-version":[{"id":154437,"href":"https:\/\/www.prijedordanas.com\/index.php?rest_route=\/wp\/v2\/posts\/154415\/revisions\/154437"}],"wp:attachment":[{"href":"https:\/\/www.prijedordanas.com\/index.php?rest_route=%2Fwp%2Fv2%2Fmedia&parent=154415"}],"wp:term":[{"taxonomy":"category","embeddable":true,"href":"https:\/\/www.prijedordanas.com\/index.php?rest_route=%2Fwp%2Fv2%2Fcategories&post=154415"},{"taxonomy":"post_tag","embeddable":true,"href":"https:\/\/www.prijedordanas.com\/index.php?rest_route=%2Fwp%2Fv2%2Ftags&post=154415"}],"curies":[{"name":"wp","href":"https:\/\/api.w.org\/{rel}","templated":true}]}}