{"id":154399,"date":"2020-09-25T17:44:35","date_gmt":"2020-09-25T15:44:35","guid":{"rendered":"https:\/\/www.prijedordanas.com\/?p=154399"},"modified":"2020-09-25T17:44:35","modified_gmt":"2020-09-25T15:44:35","slug":"snsd-prijedor-cvijanovic-imamo-veliku-podrsku-naroda-foto","status":"publish","type":"post","link":"https:\/\/www.prijedordanas.com\/?p=154399","title":{"rendered":"SNSD Prijedor-Cvijanovi\u0107: Imamo veliku podr\u0161ku naroda &#8211; FOTO"},"content":{"rendered":"<p><a href=\"https:\/\/www.prijedordanas.com\/wp-content\/uploads\/2020\/09\/snsd-prijedor-cvijanovic-1.jpg\"><img loading=\"lazy\" decoding=\"async\" class=\"alignleft size-medium wp-image-154400\" src=\"https:\/\/www.prijedordanas.com\/wp-content\/uploads\/2020\/09\/snsd-prijedor-cvijanovic-1-300x231.jpg\" alt=\"\" width=\"300\" height=\"231\" srcset=\"https:\/\/www.prijedordanas.com\/wp-content\/uploads\/2020\/09\/snsd-prijedor-cvijanovic-1-300x231.jpg 300w, https:\/\/www.prijedordanas.com\/wp-content\/uploads\/2020\/09\/snsd-prijedor-cvijanovic-1.jpg 650w\" sizes=\"(max-width: 300px) 100vw, 300px\" \/><\/a>Potpredsjednik SNSD-a \u017deljka Cvijanovi\u0107 izjavila je danas u Prijedoru da sve politi\u010dke partije vode ra\u010duna o odre\u0111enim zadacima koje su same sebi postavile, a da je, \u0161to se ti\u010de SNSD-a, plan uvijek bio ambiciozan.<\/p>\n<p>&#8220;Bio je ambiciozan zato \u0161to imamo veliku podr\u0161ku naroda, sa kojim smo zajedno i napravili toliko toga u Republici Srpskoj i \u0161to ta veza postaje sve ja\u010da. Vjerujem da \u0107e Prijedor biti uklju\u010den u red lokalnih zajednica koje \u0107e mo\u0107i da se, bez bilo kakvog zastajanja u bilo kojoj oblasti, kre\u0107e naprijed onako kako se kre\u0107e cijela Srpska&#8221;, rekla je Cvijanovi\u0107eva, koja je u Prijedoru prisustvovala predstavljanju odborni\u010dke liste kandidata SNSD-a za predstoje\u0107e lokalne izbore.<\/p>\n<p>Ona je istakla da u ovdje prepoznaje novu energiju mladih ljudi koji su se okupili oko zajedni\u010dkog cilja &#8211; bolji Prijedor i bolja Republika Srpska.<\/p>\n<p><a href=\"https:\/\/www.prijedordanas.com\/wp-content\/uploads\/2020\/09\/snsd-prijedor-cvijanovic-2.jpg\"><img loading=\"lazy\" decoding=\"async\" class=\"alignleft size-medium wp-image-154401\" src=\"https:\/\/www.prijedordanas.com\/wp-content\/uploads\/2020\/09\/snsd-prijedor-cvijanovic-2-300x231.jpg\" alt=\"\" width=\"300\" height=\"231\" srcset=\"https:\/\/www.prijedordanas.com\/wp-content\/uploads\/2020\/09\/snsd-prijedor-cvijanovic-2-300x231.jpg 300w, https:\/\/www.prijedordanas.com\/wp-content\/uploads\/2020\/09\/snsd-prijedor-cvijanovic-2.jpg 650w\" sizes=\"(max-width: 300px) 100vw, 300px\" \/><\/a>&#8220;Ovdje sam da saslu\u0161am i \u0161ta su to prioriteti koji su za njih va\u017eni u narednom periodu znaju\u0107i da \u0107e za mnoge od tih prioriteta biti va\u017eno na koji na\u010din se uklju\u010duju republi\u010dke institucije da bi ih podr\u017eali&#8221;, navela je Cvijanovi\u0107eva.<\/p>\n<p>Ona je naglasila da pru\u017ea podr\u0161ku ovim ljudima koji su napravili vrlo ambiciozan plan.<\/p>\n<p>&#8220;Taj plan je isto tako i konzistentan, u kojem se zna \u0161ta treba da se radi u narednom periodu. Sigurna sam da \u0107e i ova, kao \u0161to je to slu\u010daj i sa drugim sredinama, nastaviti da u\u017eiva podr\u0161ku republi\u010dkih vlasti&#8221;, istakla je Cvijanovi\u0107eva.<\/p>\n<p>Predsjednik Gradskog odbora SNSD-a Sa\u0161a Bursa\u0107 rekao je da je ovo prilika za predstavljanje liste kandidata za odbornike i za dalje razgovore u vezi sa predstoje\u0107om kampanjom.<\/p>\n<p><a href=\"https:\/\/www.prijedordanas.com\/wp-content\/uploads\/2020\/09\/snsd-prijedor-cvijanovic-3.jpg\"><img loading=\"lazy\" decoding=\"async\" class=\"alignleft size-medium wp-image-154402\" src=\"https:\/\/www.prijedordanas.com\/wp-content\/uploads\/2020\/09\/snsd-prijedor-cvijanovic-3-300x200.jpg\" alt=\"\" width=\"300\" height=\"200\" srcset=\"https:\/\/www.prijedordanas.com\/wp-content\/uploads\/2020\/09\/snsd-prijedor-cvijanovic-3-300x200.jpg 300w, https:\/\/www.prijedordanas.com\/wp-content\/uploads\/2020\/09\/snsd-prijedor-cvijanovic-3-480x320.jpg 480w, https:\/\/www.prijedordanas.com\/wp-content\/uploads\/2020\/09\/snsd-prijedor-cvijanovic-3.jpg 600w\" sizes=\"(max-width: 300px) 100vw, 300px\" \/><\/a>&#8220;Ovdje smo da tra\u017eimo jo\u0161 podr\u0161ke od potpredsjednice, koje je i u prethodnom periodu podr\u017eavala i na\u0161 gradski odbor, i politiku koju smo mi ovdje sprovodili, i naravno, da podr\u017ei na\u0161eg kandidata za gradona\u010delnika i budu\u0107eg gradona\u010delnika&#8221;, naveo je Bursa\u0107.<\/p>\n<p>Kandidat SNSD-a za gradona\u010delnika Dalibor Pavlovi\u0107 istakao je da je ovo tim stru\u010dnih, iskusnih, ali i mladih ljudi koji \u0107e vratiti Prijedor na mjesto koje zaslu\u017euje.<\/p>\n<p>&#8220;Imamo plan, program i sve \u0161to je neophodno da poka\u017eemo na\u0161im gra\u0111anima da mo\u017eemo puno bolje da se brinemo o ovom gradu i to na onaj na\u010din na koji on to zaslu\u017euje&#8221;, rekao je Pavlovi\u0107.<\/p>\n<p>Na ovom radnom sastanku predstavljena je lista od 35 kandidata za odbornike u Skup\u0161tini grada Prijedor i kandidat ove stranke sa liste nacionalnih manjina.<\/p>\n<p>SRNA<\/p>\n<p><a href=\"https:\/\/www.prijedordanas.com\/wp-content\/uploads\/2020\/09\/snsd-prijedor-cvijanovic-4.jpg\"><img loading=\"lazy\" decoding=\"async\" src=\"https:\/\/www.prijedordanas.com\/wp-content\/uploads\/2020\/09\/snsd-prijedor-cvijanovic-4-300x200.jpg\" alt=\"\" width=\"300\" height=\"200\" class=\"alignleft size-medium wp-image-154403\" srcset=\"https:\/\/www.prijedordanas.com\/wp-content\/uploads\/2020\/09\/snsd-prijedor-cvijanovic-4-300x200.jpg 300w, https:\/\/www.prijedordanas.com\/wp-content\/uploads\/2020\/09\/snsd-prijedor-cvijanovic-4-480x320.jpg 480w, https:\/\/www.prijedordanas.com\/wp-content\/uploads\/2020\/09\/snsd-prijedor-cvijanovic-4.jpg 600w\" sizes=\"(max-width: 300px) 100vw, 300px\" \/><\/a> <a href=\"https:\/\/www.prijedordanas.com\/wp-content\/uploads\/2020\/09\/snsd-prijedor-cvijanovic-5.jpg\"><img loading=\"lazy\" decoding=\"async\" src=\"https:\/\/www.prijedordanas.com\/wp-content\/uploads\/2020\/09\/snsd-prijedor-cvijanovic-5-300x200.jpg\" alt=\"\" width=\"300\" height=\"200\" class=\"alignleft size-medium wp-image-154404\" srcset=\"https:\/\/www.prijedordanas.com\/wp-content\/uploads\/2020\/09\/snsd-prijedor-cvijanovic-5-300x200.jpg 300w, https:\/\/www.prijedordanas.com\/wp-content\/uploads\/2020\/09\/snsd-prijedor-cvijanovic-5-480x320.jpg 480w, https:\/\/www.prijedordanas.com\/wp-content\/uploads\/2020\/09\/snsd-prijedor-cvijanovic-5.jpg 600w\" sizes=\"(max-width: 300px) 100vw, 300px\" \/><\/a> <a href=\"https:\/\/www.prijedordanas.com\/wp-content\/uploads\/2020\/09\/snsd-prijedor-cvijanovic-6.jpg\"><img loading=\"lazy\" decoding=\"async\" src=\"https:\/\/www.prijedordanas.com\/wp-content\/uploads\/2020\/09\/snsd-prijedor-cvijanovic-6-300x200.jpg\" alt=\"\" width=\"300\" height=\"200\" class=\"alignleft size-medium wp-image-154405\" srcset=\"https:\/\/www.prijedordanas.com\/wp-content\/uploads\/2020\/09\/snsd-prijedor-cvijanovic-6-300x200.jpg 300w, https:\/\/www.prijedordanas.com\/wp-content\/uploads\/2020\/09\/snsd-prijedor-cvijanovic-6-480x320.jpg 480w, https:\/\/www.prijedordanas.com\/wp-content\/uploads\/2020\/09\/snsd-prijedor-cvijanovic-6.jpg 600w\" sizes=\"(max-width: 300px) 100vw, 300px\" \/><\/a><\/p>\n","protected":false},"excerpt":{"rendered":"<p>Potpredsjednik SNSD-a \u017deljka Cvijanovi\u0107 izjavila je danas u Prijedoru da sve politi\u010dke partije vode ra\u010duna o odre\u0111enim zadacima koje su same sebi postavile, a da je, \u0161to se ti\u010de SNSD-a, [&hellip;]<\/p>\n","protected":false},"author":1,"featured_media":0,"comment_status":"closed","ping_status":"open","sticky":false,"template":"","format":"standard","meta":{"_monsterinsights_skip_tracking":false,"_monsterinsights_sitenote_active":false,"_monsterinsights_sitenote_note":"","_monsterinsights_sitenote_category":0,"footnotes":""},"categories":[8],"tags":[2068],"yoast_head":"<!-- This site is optimized with the Yoast SEO plugin v21.6 - https:\/\/yoast.com\/wordpress\/plugins\/seo\/ -->\n<title>SNSD Prijedor-Cvijanovi\u0107: Imamo veliku podr\u0161ku naroda - FOTO - PrijedorDanas.com - Prijedorski gradski portal<\/title>\n<meta name=\"robots\" content=\"index, follow, max-snippet:-1, max-image-preview:large, max-video-preview:-1\" \/>\n<link rel=\"canonical\" href=\"https:\/\/www.prijedordanas.com\/?p=154399\" \/>\n<meta property=\"og:locale\" content=\"en_US\" \/>\n<meta property=\"og:type\" content=\"article\" \/>\n<meta property=\"og:title\" content=\"SNSD Prijedor-Cvijanovi\u0107: Imamo veliku podr\u0161ku naroda - FOTO - PrijedorDanas.com - Prijedorski gradski portal\" \/>\n<meta property=\"og:description\" content=\"Potpredsjednik SNSD-a \u017deljka Cvijanovi\u0107 izjavila je danas u Prijedoru da sve politi\u010dke partije vode ra\u010duna o odre\u0111enim zadacima koje su same sebi postavile, a da je, \u0161to se ti\u010de SNSD-a, [&hellip;]\" \/>\n<meta property=\"og:url\" content=\"https:\/\/www.prijedordanas.com\/?p=154399\" \/>\n<meta property=\"og:site_name\" content=\"PrijedorDanas.com - Prijedorski gradski portal\" \/>\n<meta property=\"article:publisher\" content=\"https:\/\/www.facebook.com\/PrijedorDanasCom\/\" \/>\n<meta property=\"article:published_time\" content=\"2020-09-25T15:44:35+00:00\" \/>\n<meta property=\"og:image\" content=\"https:\/\/www.prijedordanas.com\/wp-content\/uploads\/2020\/09\/snsd-prijedor-cvijanovic-1-300x231.jpg\" \/>\n<meta name=\"author\" content=\"admin\" \/>\n<meta name=\"twitter:card\" content=\"summary_large_image\" \/>\n<meta name=\"twitter:label1\" content=\"Written by\" \/>\n\t<meta name=\"twitter:data1\" content=\"admin\" \/>\n\t<meta name=\"twitter:label2\" content=\"Est. reading time\" \/>\n\t<meta name=\"twitter:data2\" content=\"2 minutes\" \/>\n<script type=\"application\/ld+json\" class=\"yoast-schema-graph\">{\"@context\":\"https:\/\/schema.org\",\"@graph\":[{\"@type\":\"Article\",\"@id\":\"https:\/\/www.prijedordanas.com\/?p=154399#article\",\"isPartOf\":{\"@id\":\"https:\/\/www.prijedordanas.com\/?p=154399\"},\"author\":{\"name\":\"admin\",\"@id\":\"https:\/\/www.prijedordanas.com\/#\/schema\/person\/4e08ccf29b506ca916ff86d46bb700e6\"},\"headline\":\"SNSD Prijedor-Cvijanovi\u0107: Imamo veliku podr\u0161ku naroda &#8211; FOTO\",\"datePublished\":\"2020-09-25T15:44:35+00:00\",\"dateModified\":\"2020-09-25T15:44:35+00:00\",\"mainEntityOfPage\":{\"@id\":\"https:\/\/www.prijedordanas.com\/?p=154399\"},\"wordCount\":443,\"publisher\":{\"@id\":\"https:\/\/www.prijedordanas.com\/#organization\"},\"keywords\":[\"SNSD Prijedor\"],\"articleSection\":[\"Svakodnevno\"],\"inLanguage\":\"en-US\"},{\"@type\":\"WebPage\",\"@id\":\"https:\/\/www.prijedordanas.com\/?p=154399\",\"url\":\"https:\/\/www.prijedordanas.com\/?p=154399\",\"name\":\"SNSD Prijedor-Cvijanovi\u0107: Imamo veliku podr\u0161ku naroda - FOTO - PrijedorDanas.com - Prijedorski gradski portal\",\"isPartOf\":{\"@id\":\"https:\/\/www.prijedordanas.com\/#website\"},\"datePublished\":\"2020-09-25T15:44:35+00:00\",\"dateModified\":\"2020-09-25T15:44:35+00:00\",\"breadcrumb\":{\"@id\":\"https:\/\/www.prijedordanas.com\/?p=154399#breadcrumb\"},\"inLanguage\":\"en-US\",\"potentialAction\":[{\"@type\":\"ReadAction\",\"target\":[\"https:\/\/www.prijedordanas.com\/?p=154399\"]}]},{\"@type\":\"BreadcrumbList\",\"@id\":\"https:\/\/www.prijedordanas.com\/?p=154399#breadcrumb\",\"itemListElement\":[{\"@type\":\"ListItem\",\"position\":1,\"name\":\"Home\",\"item\":\"https:\/\/www.prijedordanas.com\/\"},{\"@type\":\"ListItem\",\"position\":2,\"name\":\"SNSD Prijedor-Cvijanovi\u0107: Imamo veliku podr\u0161ku naroda &#8211; FOTO\"}]},{\"@type\":\"WebSite\",\"@id\":\"https:\/\/www.prijedordanas.com\/#website\",\"url\":\"https:\/\/www.prijedordanas.com\/\",\"name\":\"PrijedorDanas.com - Prijedorski gradski portal\",\"description\":\"Portal o doga\u0111anjima u gradu Prijedoru\",\"publisher\":{\"@id\":\"https:\/\/www.prijedordanas.com\/#organization\"},\"potentialAction\":[{\"@type\":\"SearchAction\",\"target\":{\"@type\":\"EntryPoint\",\"urlTemplate\":\"https:\/\/www.prijedordanas.com\/?s={search_term_string}\"},\"query-input\":\"required name=search_term_string\"}],\"inLanguage\":\"en-US\"},{\"@type\":\"Organization\",\"@id\":\"https:\/\/www.prijedordanas.com\/#organization\",\"name\":\"PrijedorDanas.com\",\"url\":\"https:\/\/www.prijedordanas.com\/\",\"logo\":{\"@type\":\"ImageObject\",\"inLanguage\":\"en-US\",\"@id\":\"https:\/\/www.prijedordanas.com\/#\/schema\/logo\/image\/\",\"url\":\"http:\/\/www.prijedordanas.com\/wp-content\/uploads\/2021\/12\/logopng.png\",\"contentUrl\":\"http:\/\/www.prijedordanas.com\/wp-content\/uploads\/2021\/12\/logopng.png\",\"width\":1019,\"height\":776,\"caption\":\"PrijedorDanas.com\"},\"image\":{\"@id\":\"https:\/\/www.prijedordanas.com\/#\/schema\/logo\/image\/\"},\"sameAs\":[\"https:\/\/www.facebook.com\/PrijedorDanasCom\/\"]},{\"@type\":\"Person\",\"@id\":\"https:\/\/www.prijedordanas.com\/#\/schema\/person\/4e08ccf29b506ca916ff86d46bb700e6\",\"name\":\"admin\",\"image\":{\"@type\":\"ImageObject\",\"inLanguage\":\"en-US\",\"@id\":\"https:\/\/www.prijedordanas.com\/#\/schema\/person\/image\/\",\"url\":\"https:\/\/secure.gravatar.com\/avatar\/1d3fc949d550f0b53a5f0d51e06dfd79?s=96&d=mm&r=g\",\"contentUrl\":\"https:\/\/secure.gravatar.com\/avatar\/1d3fc949d550f0b53a5f0d51e06dfd79?s=96&d=mm&r=g\",\"caption\":\"admin\"},\"url\":\"https:\/\/www.prijedordanas.com\/?author=1\"}]}<\/script>\n<!-- \/ Yoast SEO plugin. -->","yoast_head_json":{"title":"SNSD Prijedor-Cvijanovi\u0107: Imamo veliku podr\u0161ku naroda - FOTO - PrijedorDanas.com - Prijedorski gradski portal","robots":{"index":"index","follow":"follow","max-snippet":"max-snippet:-1","max-image-preview":"max-image-preview:large","max-video-preview":"max-video-preview:-1"},"canonical":"https:\/\/www.prijedordanas.com\/?p=154399","og_locale":"en_US","og_type":"article","og_title":"SNSD Prijedor-Cvijanovi\u0107: Imamo veliku podr\u0161ku naroda - FOTO - PrijedorDanas.com - Prijedorski gradski portal","og_description":"Potpredsjednik SNSD-a \u017deljka Cvijanovi\u0107 izjavila je danas u Prijedoru da sve politi\u010dke partije vode ra\u010duna o odre\u0111enim zadacima koje su same sebi postavile, a da je, \u0161to se ti\u010de SNSD-a, [&hellip;]","og_url":"https:\/\/www.prijedordanas.com\/?p=154399","og_site_name":"PrijedorDanas.com - Prijedorski gradski portal","article_publisher":"https:\/\/www.facebook.com\/PrijedorDanasCom\/","article_published_time":"2020-09-25T15:44:35+00:00","og_image":[{"url":"https:\/\/www.prijedordanas.com\/wp-content\/uploads\/2020\/09\/snsd-prijedor-cvijanovic-1-300x231.jpg"}],"author":"admin","twitter_card":"summary_large_image","twitter_misc":{"Written by":"admin","Est. reading time":"2 minutes"},"schema":{"@context":"https:\/\/schema.org","@graph":[{"@type":"Article","@id":"https:\/\/www.prijedordanas.com\/?p=154399#article","isPartOf":{"@id":"https:\/\/www.prijedordanas.com\/?p=154399"},"author":{"name":"admin","@id":"https:\/\/www.prijedordanas.com\/#\/schema\/person\/4e08ccf29b506ca916ff86d46bb700e6"},"headline":"SNSD Prijedor-Cvijanovi\u0107: Imamo veliku podr\u0161ku naroda &#8211; FOTO","datePublished":"2020-09-25T15:44:35+00:00","dateModified":"2020-09-25T15:44:35+00:00","mainEntityOfPage":{"@id":"https:\/\/www.prijedordanas.com\/?p=154399"},"wordCount":443,"publisher":{"@id":"https:\/\/www.prijedordanas.com\/#organization"},"keywords":["SNSD Prijedor"],"articleSection":["Svakodnevno"],"inLanguage":"en-US"},{"@type":"WebPage","@id":"https:\/\/www.prijedordanas.com\/?p=154399","url":"https:\/\/www.prijedordanas.com\/?p=154399","name":"SNSD Prijedor-Cvijanovi\u0107: Imamo veliku podr\u0161ku naroda - FOTO - PrijedorDanas.com - Prijedorski gradski portal","isPartOf":{"@id":"https:\/\/www.prijedordanas.com\/#website"},"datePublished":"2020-09-25T15:44:35+00:00","dateModified":"2020-09-25T15:44:35+00:00","breadcrumb":{"@id":"https:\/\/www.prijedordanas.com\/?p=154399#breadcrumb"},"inLanguage":"en-US","potentialAction":[{"@type":"ReadAction","target":["https:\/\/www.prijedordanas.com\/?p=154399"]}]},{"@type":"BreadcrumbList","@id":"https:\/\/www.prijedordanas.com\/?p=154399#breadcrumb","itemListElement":[{"@type":"ListItem","position":1,"name":"Home","item":"https:\/\/www.prijedordanas.com\/"},{"@type":"ListItem","position":2,"name":"SNSD Prijedor-Cvijanovi\u0107: Imamo veliku podr\u0161ku naroda &#8211; FOTO"}]},{"@type":"WebSite","@id":"https:\/\/www.prijedordanas.com\/#website","url":"https:\/\/www.prijedordanas.com\/","name":"PrijedorDanas.com - Prijedorski gradski portal","description":"Portal o doga\u0111anjima u gradu Prijedoru","publisher":{"@id":"https:\/\/www.prijedordanas.com\/#organization"},"potentialAction":[{"@type":"SearchAction","target":{"@type":"EntryPoint","urlTemplate":"https:\/\/www.prijedordanas.com\/?s={search_term_string}"},"query-input":"required name=search_term_string"}],"inLanguage":"en-US"},{"@type":"Organization","@id":"https:\/\/www.prijedordanas.com\/#organization","name":"PrijedorDanas.com","url":"https:\/\/www.prijedordanas.com\/","logo":{"@type":"ImageObject","inLanguage":"en-US","@id":"https:\/\/www.prijedordanas.com\/#\/schema\/logo\/image\/","url":"http:\/\/www.prijedordanas.com\/wp-content\/uploads\/2021\/12\/logopng.png","contentUrl":"http:\/\/www.prijedordanas.com\/wp-content\/uploads\/2021\/12\/logopng.png","width":1019,"height":776,"caption":"PrijedorDanas.com"},"image":{"@id":"https:\/\/www.prijedordanas.com\/#\/schema\/logo\/image\/"},"sameAs":["https:\/\/www.facebook.com\/PrijedorDanasCom\/"]},{"@type":"Person","@id":"https:\/\/www.prijedordanas.com\/#\/schema\/person\/4e08ccf29b506ca916ff86d46bb700e6","name":"admin","image":{"@type":"ImageObject","inLanguage":"en-US","@id":"https:\/\/www.prijedordanas.com\/#\/schema\/person\/image\/","url":"https:\/\/secure.gravatar.com\/avatar\/1d3fc949d550f0b53a5f0d51e06dfd79?s=96&d=mm&r=g","contentUrl":"https:\/\/secure.gravatar.com\/avatar\/1d3fc949d550f0b53a5f0d51e06dfd79?s=96&d=mm&r=g","caption":"admin"},"url":"https:\/\/www.prijedordanas.com\/?author=1"}]}},"_links":{"self":[{"href":"https:\/\/www.prijedordanas.com\/index.php?rest_route=\/wp\/v2\/posts\/154399"}],"collection":[{"href":"https:\/\/www.prijedordanas.com\/index.php?rest_route=\/wp\/v2\/posts"}],"about":[{"href":"https:\/\/www.prijedordanas.com\/index.php?rest_route=\/wp\/v2\/types\/post"}],"author":[{"embeddable":true,"href":"https:\/\/www.prijedordanas.com\/index.php?rest_route=\/wp\/v2\/users\/1"}],"replies":[{"embeddable":true,"href":"https:\/\/www.prijedordanas.com\/index.php?rest_route=%2Fwp%2Fv2%2Fcomments&post=154399"}],"version-history":[{"count":1,"href":"https:\/\/www.prijedordanas.com\/index.php?rest_route=\/wp\/v2\/posts\/154399\/revisions"}],"predecessor-version":[{"id":154406,"href":"https:\/\/www.prijedordanas.com\/index.php?rest_route=\/wp\/v2\/posts\/154399\/revisions\/154406"}],"wp:attachment":[{"href":"https:\/\/www.prijedordanas.com\/index.php?rest_route=%2Fwp%2Fv2%2Fmedia&parent=154399"}],"wp:term":[{"taxonomy":"category","embeddable":true,"href":"https:\/\/www.prijedordanas.com\/index.php?rest_route=%2Fwp%2Fv2%2Fcategories&post=154399"},{"taxonomy":"post_tag","embeddable":true,"href":"https:\/\/www.prijedordanas.com\/index.php?rest_route=%2Fwp%2Fv2%2Ftags&post=154399"}],"curies":[{"name":"wp","href":"https:\/\/api.w.org\/{rel}","templated":true}]}}