{"id":15437,"date":"2015-02-05T14:03:17","date_gmt":"2015-02-05T13:03:17","guid":{"rendered":"https:\/\/www.prijedordanas.com\/?p=15437"},"modified":"2015-02-05T14:03:17","modified_gmt":"2015-02-05T13:03:17","slug":"intervju-dragutin-rodic-nedovoljna-upucenost-u-reformske-procese-u-oblasti-pio-u-republici-srpskoj","status":"publish","type":"post","link":"https:\/\/www.prijedordanas.com\/?p=15437","title":{"rendered":"INTERVJU-DRAGUTIN RODI\u0106: NEDOVOLJNA UPU\u0106ENOST U REFORMSKE PROCESE U OBLASTI PIO U REPUBLICI SRPSKOJ"},"content":{"rendered":"<p><a href=\"https:\/\/www.prijedordanas.com\/wp-content\/uploads\/2015\/02\/dragutin-rodic.jpg\"><img loading=\"lazy\" decoding=\"async\" src=\"https:\/\/www.prijedordanas.com\/wp-content\/uploads\/2015\/02\/dragutin-rodic-300x202.jpg\" alt=\"dragutin rodic\" width=\"300\" height=\"202\" class=\"alignleft size-medium wp-image-15428\" srcset=\"https:\/\/www.prijedordanas.com\/wp-content\/uploads\/2015\/02\/dragutin-rodic-300x202.jpg 300w, https:\/\/www.prijedordanas.com\/wp-content\/uploads\/2015\/02\/dragutin-rodic.jpg 600w\" sizes=\"(max-width: 300px) 100vw, 300px\" \/><\/a>Svaka pomoc\u0301 Evropske unije \/EU\/ i iskustva njenih \u010dlanica dobrodo\u0161li su domac\u0301im institucijama u svih 35 poglavlja koja Bosni i Hercegovini predstoje, ali se mora znati ko je za \u0161ta u BiH nadle\u017ean, rekao je delegat u Domu naroda Parlamentarne skup\u0161tine BiH i generalni sekretar Demokratskog narodnog saveza \/DNS\/ Dragutin Rodic\u0301.<\/p>\n<p>\u201eAko privredni milje, socijalnu i politiku penzijskog osiguranja kreiraju entiteti, onda i izjava Predsjedni\u0161tva BiH o opredijeljenosti politi\u010dkih lidera za preduzimanje neophodnih reformi u okviru procesa pristupanja EU mora biti s tim u skladu\u201c, rekao je Rodic\u0301.<\/p>\n<p>On je napomenuo da je to moguc\u0301e ostvariti kroz uspostavljanje efikasnog mehanizma koordinacije svih nivoa vlasti u BiH.<\/p>\n<p>\u201eMnoge nadle\u017enosti su u ranijem periodu prenesene na nivo BiH pod pla\u0161tom funkcionalnosti i racionalnosti, ali su te\u0161ka \u017eivotna i socijalna pitanja ostala lokalnim zajednicama i entitetima\u201c, konstatovao je Rodic\u0301.<\/p>\n<p>Rodic\u0301, koji je 20 godina radio u Fondu PIO, a od 2006. do 2010. godine bio predsjednik Odbora za prac\u0301enje stanja u oblasti PIO Narodne skup\u0161tine Republike Srpske, ocjenjuje da se prilikom izrade prijedloga Sporazuma o rastu i zapo\u0161ljavnju nije vodilo dovoljno na\u010dina o dostignutom nivou reformi u oblasti PIO i socijalne za\u0161tite, s obzirom na to da je veliki dio predlo\u017eenih mjera vec\u0301 ugra\u0111en u strate\u0161ke dokumente Republike Srpske.<\/p>\n<p>\u201eKada smo razgovarali o pitanjima, kako ih oni zovu, privilegovanih penzija, pokazalo se da u\u010desnici u izradi dokumenta nisu dovoljno upuc\u0301eni u \u010ditav niz reformi koje je Republika Srpska u penzionom i sistemu socijalne za\u0161tite uradila od 2000. godine do danas, a sve su one i\u0161le u pravcu mjesta i uloge Fonda i njegove odr\u017eivosti, prije svega kao finansijske, a ne socijalne ustanove. Zato je \u010ditav niz prava, kojima je bio opterec\u0301en penzijski sistem, a koja nisu proistekla iz sta\u017ea osiguranja i uplac\u0301enog doprinos, brisan iz Zakona o PIO\u201c, naveo je Rodic\u0301.<\/p>\n<p>Penzioni i sistem socijalne za\u0161tite, kao jedan od \u0161est prijedloga EU ekonomskih reformi sadr\u017eanih u Sporazumu za rast i zapo\u0161ljavanje, \u010desto se u javnom diskursu izjedna\u010davaju, ali sistem PIO nije kao takav zami\u0161ljen, iako je po iznosima penzija \u010desto blizak socijali.<\/p>\n<p>\u201eBlagi rast i postepeno uskla\u0111ivanje penzija u Republici Srpskoj, od kojih c\u0301e najnoviji biti realizovani i u ovom mjesecu, upravo je i omoguc\u0301eno zato \u0161to je Fond PIO rasterec\u0301en nekih drugih davanja, a isplac\u0301uje samo starosne, invalidske i porodi\u010dne penzije\u201c, istakao je Rodic\u0301.<\/p>\n<p>Prema njegovim rije\u010dima, od idealnih sedam radnika na jednog penzionera, na bazi \u010dega je uveden sistem me\u0111ugeneracijske solidarnosti, preko \u010detiri prema jedan u biv\u0161oj Jugoslaviji, do\u0161lo se do dana\u0161njih 1,13 prema jedan u Republici Srpskoj, a poremec\u0301aj sistema proisti\u010de iz nepovoljne demografske strukture, porasta broja penzionera i pada broja osiguranika od \u010dijih 18,50 odsto bruto zarade Fond PIO \u017eivi.<\/p>\n<p>\u201eStartegija reforme penzijskog sistema u Republici Srpskoj, osim me\u0111ugeneracijske solidarnosti, predvi\u0111eni su drugi i trec\u0301i stub PIO odnosno kapitalizovana \u0161tednja i dobrovoljni penzijski fond, doneseni su i odgovarajuc\u0301i zakoni. Penzijski rezervni fond pokazao se funkcionalnim u rje\u0161avanju debalansa, ali dobrovoljni fond nije za\u017eivio jer, na\u017ealost, malo ko, od onih koji imaju srec\u0301u da su zaposleni, ima vi\u0161ka novca\u201c, naglasio je Rodic\u0301.<\/p>\n<p>On je istakao da je prisutno povjerenje gra\u0111ana u strana \u017eivotna osiguranja, a nije u domac\u0301e, na \u010demu se tako\u0111e treba raditi, a da je istovremeno Fond PIO u izvjesnoj monopolisiti\u010dkoj poziciji.<\/p>\n<p>\u201eOsiguranik ne mo\u017ee birati gdje c\u0301e ulo\u017eiti 18,50 odsto koliko iznose doprinosi za Fond PIO Republike Srpske od plate svakog zaposlenog radnika. Ukoliko bi se u ovom trenutku taj izbor omoguc\u0301io, moglo bi doc\u0301i do uru\u0161avanja postojec\u0301eg sistema, a to bi trpjele generacije koje jesu ulagale u taj fond, \u0161to je neprihvatljivo. Zato se u reformama penzijskog sistema uvijek moraju tra\u017eiti dugoro\u010dna rje\u0161enja\u201c, poru\u010dio je Rodic\u0301.<\/p>\n<p>On je podsjetio da su dosada\u0161njim reformskim potezima u Republici Srpskoj ukinute desetine beneficija iz prethodnog sistema i poo\u0161treni uslovi za sticanje prava u oblasti PIO, \u0161to vec\u0301 daje odre\u0111ene rezultate i spre\u010dava ekspanziju onih prava koja su uvec\u0301ana i koja su po drugim osnovama uklju\u010dena u PIO.<\/p>\n<p>\u201ePredstoji jedna veoma zahtjevna obaveza, a to je da se usklade normativno i stvarno, kako bi se sistem PIO pribli\u017eio samoodr\u017eivosti kao svom krajnjem cilju. Mi imamo solidne zakone, ali nije sve svedeno u zakonske okvire. Restriktivnom i rigoroznom politikom potrebno je disciplinovati naplatu doprinosa, smanjiti rad na crno, svesti sivu ekonomiju na minimum i konstantno revidirati ste\u010dena prava, a sve u cilju spre\u010davanja svih moguc\u0301ih zloupotreba\u201c, pojasnio je Rodic\u0301.<\/p>\n<p>On je zaklju\u010dio da je va\u017eec\u0301a procjena da je sistem me\u0111ureligijske solidarnosti i dalje najoptimalnije rje\u0161enje kada je u pitanju briga dr\u017eave o gra\u0111anima trec\u0301e \u017eivotne dobi, bez obzira na to \u0161to je rije\u010d o veoma te\u0161koj oblasti, opterec\u0301enoj nagomilanim problemima koji se ne mogu rije\u0161iti preko noc\u0301i, nego je potreban dug vremenski period i studiozan pristup kakav je Republika Srpska odavno pokrenula.<\/p>\n<p>Katarina Panic\u0301<\/p>\n","protected":false},"excerpt":{"rendered":"<p>Svaka pomoc\u0301 Evropske unije \/EU\/ i iskustva njenih \u010dlanica dobrodo\u0161li su domac\u0301im institucijama u svih 35 poglavlja koja Bosni i Hercegovini predstoje, ali se mora znati ko je za \u0161ta [&hellip;]<\/p>\n","protected":false},"author":1,"featured_media":0,"comment_status":"closed","ping_status":"open","sticky":false,"template":"","format":"standard","meta":{"_monsterinsights_skip_tracking":false,"_monsterinsights_sitenote_active":false,"_monsterinsights_sitenote_note":"","_monsterinsights_sitenote_category":0,"footnotes":""},"categories":[4],"tags":[],"yoast_head":"<!-- This site is optimized with the Yoast SEO plugin v21.6 - https:\/\/yoast.com\/wordpress\/plugins\/seo\/ -->\n<title>INTERVJU-DRAGUTIN RODI\u0106: NEDOVOLJNA UPU\u0106ENOST U REFORMSKE PROCESE U OBLASTI PIO U REPUBLICI SRPSKOJ - PrijedorDanas.com - Prijedorski gradski portal<\/title>\n<meta name=\"robots\" content=\"index, follow, max-snippet:-1, max-image-preview:large, max-video-preview:-1\" \/>\n<link rel=\"canonical\" href=\"https:\/\/www.prijedordanas.com\/?p=15437\" \/>\n<meta property=\"og:locale\" content=\"en_US\" \/>\n<meta property=\"og:type\" content=\"article\" \/>\n<meta property=\"og:title\" content=\"INTERVJU-DRAGUTIN RODI\u0106: NEDOVOLJNA UPU\u0106ENOST U REFORMSKE PROCESE U OBLASTI PIO U REPUBLICI SRPSKOJ - PrijedorDanas.com - Prijedorski gradski portal\" \/>\n<meta property=\"og:description\" content=\"Svaka pomoc\u0301 Evropske unije \/EU\/ i iskustva njenih \u010dlanica dobrodo\u0161li su domac\u0301im institucijama u svih 35 poglavlja koja Bosni i Hercegovini predstoje, ali se mora znati ko je za \u0161ta [&hellip;]\" \/>\n<meta property=\"og:url\" content=\"https:\/\/www.prijedordanas.com\/?p=15437\" \/>\n<meta property=\"og:site_name\" content=\"PrijedorDanas.com - Prijedorski gradski portal\" \/>\n<meta property=\"article:publisher\" content=\"https:\/\/www.facebook.com\/PrijedorDanasCom\/\" \/>\n<meta property=\"article:published_time\" content=\"2015-02-05T13:03:17+00:00\" \/>\n<meta property=\"og:image\" content=\"https:\/\/www.prijedordanas.com\/wp-content\/uploads\/2015\/02\/dragutin-rodic-300x202.jpg\" \/>\n<meta name=\"author\" content=\"admin\" \/>\n<meta name=\"twitter:card\" content=\"summary_large_image\" \/>\n<meta name=\"twitter:label1\" content=\"Written by\" \/>\n\t<meta name=\"twitter:data1\" content=\"admin\" \/>\n\t<meta name=\"twitter:label2\" content=\"Est. reading time\" \/>\n\t<meta name=\"twitter:data2\" content=\"4 minutes\" \/>\n<script type=\"application\/ld+json\" class=\"yoast-schema-graph\">{\"@context\":\"https:\/\/schema.org\",\"@graph\":[{\"@type\":\"Article\",\"@id\":\"https:\/\/www.prijedordanas.com\/?p=15437#article\",\"isPartOf\":{\"@id\":\"https:\/\/www.prijedordanas.com\/?p=15437\"},\"author\":{\"name\":\"admin\",\"@id\":\"https:\/\/www.prijedordanas.com\/#\/schema\/person\/4e08ccf29b506ca916ff86d46bb700e6\"},\"headline\":\"INTERVJU-DRAGUTIN RODI\u0106: NEDOVOLJNA UPU\u0106ENOST U REFORMSKE PROCESE U OBLASTI PIO U REPUBLICI SRPSKOJ\",\"datePublished\":\"2015-02-05T13:03:17+00:00\",\"dateModified\":\"2015-02-05T13:03:17+00:00\",\"mainEntityOfPage\":{\"@id\":\"https:\/\/www.prijedordanas.com\/?p=15437\"},\"wordCount\":880,\"publisher\":{\"@id\":\"https:\/\/www.prijedordanas.com\/#organization\"},\"articleSection\":[\"Dru\u0161tvo\"],\"inLanguage\":\"en-US\"},{\"@type\":\"WebPage\",\"@id\":\"https:\/\/www.prijedordanas.com\/?p=15437\",\"url\":\"https:\/\/www.prijedordanas.com\/?p=15437\",\"name\":\"INTERVJU-DRAGUTIN RODI\u0106: NEDOVOLJNA UPU\u0106ENOST U REFORMSKE PROCESE U OBLASTI PIO U REPUBLICI SRPSKOJ - PrijedorDanas.com - Prijedorski gradski portal\",\"isPartOf\":{\"@id\":\"https:\/\/www.prijedordanas.com\/#website\"},\"datePublished\":\"2015-02-05T13:03:17+00:00\",\"dateModified\":\"2015-02-05T13:03:17+00:00\",\"breadcrumb\":{\"@id\":\"https:\/\/www.prijedordanas.com\/?p=15437#breadcrumb\"},\"inLanguage\":\"en-US\",\"potentialAction\":[{\"@type\":\"ReadAction\",\"target\":[\"https:\/\/www.prijedordanas.com\/?p=15437\"]}]},{\"@type\":\"BreadcrumbList\",\"@id\":\"https:\/\/www.prijedordanas.com\/?p=15437#breadcrumb\",\"itemListElement\":[{\"@type\":\"ListItem\",\"position\":1,\"name\":\"Home\",\"item\":\"https:\/\/www.prijedordanas.com\/\"},{\"@type\":\"ListItem\",\"position\":2,\"name\":\"INTERVJU-DRAGUTIN RODI\u0106: NEDOVOLJNA UPU\u0106ENOST U REFORMSKE PROCESE U OBLASTI PIO U REPUBLICI SRPSKOJ\"}]},{\"@type\":\"WebSite\",\"@id\":\"https:\/\/www.prijedordanas.com\/#website\",\"url\":\"https:\/\/www.prijedordanas.com\/\",\"name\":\"PrijedorDanas.com - Prijedorski gradski portal\",\"description\":\"Portal o doga\u0111anjima u gradu Prijedoru\",\"publisher\":{\"@id\":\"https:\/\/www.prijedordanas.com\/#organization\"},\"potentialAction\":[{\"@type\":\"SearchAction\",\"target\":{\"@type\":\"EntryPoint\",\"urlTemplate\":\"https:\/\/www.prijedordanas.com\/?s={search_term_string}\"},\"query-input\":\"required name=search_term_string\"}],\"inLanguage\":\"en-US\"},{\"@type\":\"Organization\",\"@id\":\"https:\/\/www.prijedordanas.com\/#organization\",\"name\":\"PrijedorDanas.com\",\"url\":\"https:\/\/www.prijedordanas.com\/\",\"logo\":{\"@type\":\"ImageObject\",\"inLanguage\":\"en-US\",\"@id\":\"https:\/\/www.prijedordanas.com\/#\/schema\/logo\/image\/\",\"url\":\"http:\/\/www.prijedordanas.com\/wp-content\/uploads\/2021\/12\/logopng.png\",\"contentUrl\":\"http:\/\/www.prijedordanas.com\/wp-content\/uploads\/2021\/12\/logopng.png\",\"width\":1019,\"height\":776,\"caption\":\"PrijedorDanas.com\"},\"image\":{\"@id\":\"https:\/\/www.prijedordanas.com\/#\/schema\/logo\/image\/\"},\"sameAs\":[\"https:\/\/www.facebook.com\/PrijedorDanasCom\/\"]},{\"@type\":\"Person\",\"@id\":\"https:\/\/www.prijedordanas.com\/#\/schema\/person\/4e08ccf29b506ca916ff86d46bb700e6\",\"name\":\"admin\",\"image\":{\"@type\":\"ImageObject\",\"inLanguage\":\"en-US\",\"@id\":\"https:\/\/www.prijedordanas.com\/#\/schema\/person\/image\/\",\"url\":\"https:\/\/secure.gravatar.com\/avatar\/1d3fc949d550f0b53a5f0d51e06dfd79?s=96&d=mm&r=g\",\"contentUrl\":\"https:\/\/secure.gravatar.com\/avatar\/1d3fc949d550f0b53a5f0d51e06dfd79?s=96&d=mm&r=g\",\"caption\":\"admin\"},\"url\":\"https:\/\/www.prijedordanas.com\/?author=1\"}]}<\/script>\n<!-- \/ Yoast SEO plugin. -->","yoast_head_json":{"title":"INTERVJU-DRAGUTIN RODI\u0106: NEDOVOLJNA UPU\u0106ENOST U REFORMSKE PROCESE U OBLASTI PIO U REPUBLICI SRPSKOJ - PrijedorDanas.com - Prijedorski gradski portal","robots":{"index":"index","follow":"follow","max-snippet":"max-snippet:-1","max-image-preview":"max-image-preview:large","max-video-preview":"max-video-preview:-1"},"canonical":"https:\/\/www.prijedordanas.com\/?p=15437","og_locale":"en_US","og_type":"article","og_title":"INTERVJU-DRAGUTIN RODI\u0106: NEDOVOLJNA UPU\u0106ENOST U REFORMSKE PROCESE U OBLASTI PIO U REPUBLICI SRPSKOJ - PrijedorDanas.com - Prijedorski gradski portal","og_description":"Svaka pomoc\u0301 Evropske unije \/EU\/ i iskustva njenih \u010dlanica dobrodo\u0161li su domac\u0301im institucijama u svih 35 poglavlja koja Bosni i Hercegovini predstoje, ali se mora znati ko je za \u0161ta [&hellip;]","og_url":"https:\/\/www.prijedordanas.com\/?p=15437","og_site_name":"PrijedorDanas.com - Prijedorski gradski portal","article_publisher":"https:\/\/www.facebook.com\/PrijedorDanasCom\/","article_published_time":"2015-02-05T13:03:17+00:00","og_image":[{"url":"https:\/\/www.prijedordanas.com\/wp-content\/uploads\/2015\/02\/dragutin-rodic-300x202.jpg"}],"author":"admin","twitter_card":"summary_large_image","twitter_misc":{"Written by":"admin","Est. reading time":"4 minutes"},"schema":{"@context":"https:\/\/schema.org","@graph":[{"@type":"Article","@id":"https:\/\/www.prijedordanas.com\/?p=15437#article","isPartOf":{"@id":"https:\/\/www.prijedordanas.com\/?p=15437"},"author":{"name":"admin","@id":"https:\/\/www.prijedordanas.com\/#\/schema\/person\/4e08ccf29b506ca916ff86d46bb700e6"},"headline":"INTERVJU-DRAGUTIN RODI\u0106: NEDOVOLJNA UPU\u0106ENOST U REFORMSKE PROCESE U OBLASTI PIO U REPUBLICI SRPSKOJ","datePublished":"2015-02-05T13:03:17+00:00","dateModified":"2015-02-05T13:03:17+00:00","mainEntityOfPage":{"@id":"https:\/\/www.prijedordanas.com\/?p=15437"},"wordCount":880,"publisher":{"@id":"https:\/\/www.prijedordanas.com\/#organization"},"articleSection":["Dru\u0161tvo"],"inLanguage":"en-US"},{"@type":"WebPage","@id":"https:\/\/www.prijedordanas.com\/?p=15437","url":"https:\/\/www.prijedordanas.com\/?p=15437","name":"INTERVJU-DRAGUTIN RODI\u0106: NEDOVOLJNA UPU\u0106ENOST U REFORMSKE PROCESE U OBLASTI PIO U REPUBLICI SRPSKOJ - PrijedorDanas.com - Prijedorski gradski portal","isPartOf":{"@id":"https:\/\/www.prijedordanas.com\/#website"},"datePublished":"2015-02-05T13:03:17+00:00","dateModified":"2015-02-05T13:03:17+00:00","breadcrumb":{"@id":"https:\/\/www.prijedordanas.com\/?p=15437#breadcrumb"},"inLanguage":"en-US","potentialAction":[{"@type":"ReadAction","target":["https:\/\/www.prijedordanas.com\/?p=15437"]}]},{"@type":"BreadcrumbList","@id":"https:\/\/www.prijedordanas.com\/?p=15437#breadcrumb","itemListElement":[{"@type":"ListItem","position":1,"name":"Home","item":"https:\/\/www.prijedordanas.com\/"},{"@type":"ListItem","position":2,"name":"INTERVJU-DRAGUTIN RODI\u0106: NEDOVOLJNA UPU\u0106ENOST U REFORMSKE PROCESE U OBLASTI PIO U REPUBLICI SRPSKOJ"}]},{"@type":"WebSite","@id":"https:\/\/www.prijedordanas.com\/#website","url":"https:\/\/www.prijedordanas.com\/","name":"PrijedorDanas.com - Prijedorski gradski portal","description":"Portal o doga\u0111anjima u gradu Prijedoru","publisher":{"@id":"https:\/\/www.prijedordanas.com\/#organization"},"potentialAction":[{"@type":"SearchAction","target":{"@type":"EntryPoint","urlTemplate":"https:\/\/www.prijedordanas.com\/?s={search_term_string}"},"query-input":"required name=search_term_string"}],"inLanguage":"en-US"},{"@type":"Organization","@id":"https:\/\/www.prijedordanas.com\/#organization","name":"PrijedorDanas.com","url":"https:\/\/www.prijedordanas.com\/","logo":{"@type":"ImageObject","inLanguage":"en-US","@id":"https:\/\/www.prijedordanas.com\/#\/schema\/logo\/image\/","url":"http:\/\/www.prijedordanas.com\/wp-content\/uploads\/2021\/12\/logopng.png","contentUrl":"http:\/\/www.prijedordanas.com\/wp-content\/uploads\/2021\/12\/logopng.png","width":1019,"height":776,"caption":"PrijedorDanas.com"},"image":{"@id":"https:\/\/www.prijedordanas.com\/#\/schema\/logo\/image\/"},"sameAs":["https:\/\/www.facebook.com\/PrijedorDanasCom\/"]},{"@type":"Person","@id":"https:\/\/www.prijedordanas.com\/#\/schema\/person\/4e08ccf29b506ca916ff86d46bb700e6","name":"admin","image":{"@type":"ImageObject","inLanguage":"en-US","@id":"https:\/\/www.prijedordanas.com\/#\/schema\/person\/image\/","url":"https:\/\/secure.gravatar.com\/avatar\/1d3fc949d550f0b53a5f0d51e06dfd79?s=96&d=mm&r=g","contentUrl":"https:\/\/secure.gravatar.com\/avatar\/1d3fc949d550f0b53a5f0d51e06dfd79?s=96&d=mm&r=g","caption":"admin"},"url":"https:\/\/www.prijedordanas.com\/?author=1"}]}},"_links":{"self":[{"href":"https:\/\/www.prijedordanas.com\/index.php?rest_route=\/wp\/v2\/posts\/15437"}],"collection":[{"href":"https:\/\/www.prijedordanas.com\/index.php?rest_route=\/wp\/v2\/posts"}],"about":[{"href":"https:\/\/www.prijedordanas.com\/index.php?rest_route=\/wp\/v2\/types\/post"}],"author":[{"embeddable":true,"href":"https:\/\/www.prijedordanas.com\/index.php?rest_route=\/wp\/v2\/users\/1"}],"replies":[{"embeddable":true,"href":"https:\/\/www.prijedordanas.com\/index.php?rest_route=%2Fwp%2Fv2%2Fcomments&post=15437"}],"version-history":[{"count":1,"href":"https:\/\/www.prijedordanas.com\/index.php?rest_route=\/wp\/v2\/posts\/15437\/revisions"}],"predecessor-version":[{"id":15438,"href":"https:\/\/www.prijedordanas.com\/index.php?rest_route=\/wp\/v2\/posts\/15437\/revisions\/15438"}],"wp:attachment":[{"href":"https:\/\/www.prijedordanas.com\/index.php?rest_route=%2Fwp%2Fv2%2Fmedia&parent=15437"}],"wp:term":[{"taxonomy":"category","embeddable":true,"href":"https:\/\/www.prijedordanas.com\/index.php?rest_route=%2Fwp%2Fv2%2Fcategories&post=15437"},{"taxonomy":"post_tag","embeddable":true,"href":"https:\/\/www.prijedordanas.com\/index.php?rest_route=%2Fwp%2Fv2%2Ftags&post=15437"}],"curies":[{"name":"wp","href":"https:\/\/api.w.org\/{rel}","templated":true}]}}