{"id":154330,"date":"2020-09-24T14:32:54","date_gmt":"2020-09-24T12:32:54","guid":{"rendered":"https:\/\/www.prijedordanas.com\/?p=154330"},"modified":"2020-09-24T14:32:54","modified_gmt":"2020-09-24T12:32:54","slug":"dns-prijedor-malbasic-budzet-grada-proslu-godinu-nije-zavrsio-u-deficitu","status":"publish","type":"post","link":"https:\/\/www.prijedordanas.com\/?p=154330","title":{"rendered":"DNS Prijedor-Malba\u0161i\u0107: Bud\u017eet grada pro\u0161lu godinu nije zavr\u0161io u deficitu"},"content":{"rendered":"<p><a href=\"https:\/\/www.prijedordanas.com\/wp-content\/uploads\/2020\/09\/dns-prijedor-pres-24septembar-1.jpg\"><img loading=\"lazy\" decoding=\"async\" class=\"alignleft size-medium wp-image-154331\" src=\"https:\/\/www.prijedordanas.com\/wp-content\/uploads\/2020\/09\/dns-prijedor-pres-24septembar-1-300x231.jpg\" alt=\"\" width=\"300\" height=\"231\" srcset=\"https:\/\/www.prijedordanas.com\/wp-content\/uploads\/2020\/09\/dns-prijedor-pres-24septembar-1-300x231.jpg 300w, https:\/\/www.prijedordanas.com\/wp-content\/uploads\/2020\/09\/dns-prijedor-pres-24septembar-1.jpg 650w\" sizes=\"(max-width: 300px) 100vw, 300px\" \/><\/a>\u010clan Predsjedni\u0161tva Gradske organizacije DNS-a Prijedor Biljana Malba\u0161i\u0107 izjavila je da bud\u017eet grada pro\u0161lu godinu nije zavr\u0161io u deficitu i da se sve obaveze izvr\u0161avaju na vrijeme.<\/p>\n<p>&#8220;Mi smo se svih ovih godina ponosili stabilno\u0161\u0107u na\u0161eg bud\u017eeta i s tim \u0161to smo sve svoje obaveze na vrijeme izmirivali i po tome smo bili prepoznatljivi i u mnogim drugim op\u0161tinama&#8221;, rekla je Malba\u0161i\u0107eva na konferenciji za novinare prijedorske Gradske organizacije DNS-a.<\/p>\n<p>Ona je istakla da su svi imali priliku da izvje\u0161taj o izvr\u0161enju bud\u017eeta prate na skup\u0161tinskom zasjedanju, na kojem je i usvojen.<\/p>\n<p><a href=\"https:\/\/www.prijedordanas.com\/wp-content\/uploads\/2020\/09\/dns-prijedor-pres-24septembar-4.jpg\"><img loading=\"lazy\" decoding=\"async\" src=\"https:\/\/www.prijedordanas.com\/wp-content\/uploads\/2020\/09\/dns-prijedor-pres-24septembar-4-300x200.jpg\" alt=\"\" width=\"300\" height=\"200\" class=\"alignleft size-medium wp-image-154332\" srcset=\"https:\/\/www.prijedordanas.com\/wp-content\/uploads\/2020\/09\/dns-prijedor-pres-24septembar-4-300x200.jpg 300w, https:\/\/www.prijedordanas.com\/wp-content\/uploads\/2020\/09\/dns-prijedor-pres-24septembar-4-480x320.jpg 480w, https:\/\/www.prijedordanas.com\/wp-content\/uploads\/2020\/09\/dns-prijedor-pres-24septembar-4.jpg 600w\" sizes=\"(max-width: 300px) 100vw, 300px\" \/><\/a>Zamjenik predsjednika Odbora \u017eena Gradske organizacije DNS-a Prijedor Sanja Munjiza ocijenila je da je taj odbor svojim radom i zalaganjem doprinio da DNS bude prepoznatljiv kao odgovorna politi\u010dka partija.<\/p>\n<p>&#8220;\u017dene su nesebi\u010dno u\u010destvovale u brojnim aktivnostima i podr\u017eavale dru\u0161tveno koristan i humanitarni rad. Brojne su aktivnosti na pru\u017eanju pomo\u0107i socijalno ugro\u017eenim porodicama, darovanju krvi, obilje\u017eavanju raznih manifestacija i praznika&#8221;, rekla je ona i dodala da je ja\u010danje demokratskih principa, te podizanje svijest o zna\u010daju kulturnog, obrazovnog i sportskog segmenta, tako\u0111e jedan od ciljeva Odbora \u017eena prijedorskog DNS-a.<\/p>\n<p>Potpredsjednik Odbora \u017eena Gradske organizacije DNS-a Prijedor Dijana \u0160obot navela je da preduze\u0107a i javne ustanove na \u010dijem \u010delu se nalaze \u010dlanice DNS-a posluju uspje\u0161no i mogu da slu\u017ee kao primjer svim drugim kako se uspje\u0161no rukovodi.<\/p>\n<p>SRNA<\/p>\n<p><a href=\"https:\/\/www.prijedordanas.com\/wp-content\/uploads\/2020\/09\/dns-prijedor-pres-24septembar-2.jpg\"><img loading=\"lazy\" decoding=\"async\" src=\"https:\/\/www.prijedordanas.com\/wp-content\/uploads\/2020\/09\/dns-prijedor-pres-24septembar-2-300x200.jpg\" alt=\"\" width=\"300\" height=\"200\" class=\"alignleft size-medium wp-image-154333\" srcset=\"https:\/\/www.prijedordanas.com\/wp-content\/uploads\/2020\/09\/dns-prijedor-pres-24septembar-2-300x200.jpg 300w, https:\/\/www.prijedordanas.com\/wp-content\/uploads\/2020\/09\/dns-prijedor-pres-24septembar-2-480x320.jpg 480w, https:\/\/www.prijedordanas.com\/wp-content\/uploads\/2020\/09\/dns-prijedor-pres-24septembar-2.jpg 600w\" sizes=\"(max-width: 300px) 100vw, 300px\" \/><\/a> <a href=\"https:\/\/www.prijedordanas.com\/wp-content\/uploads\/2020\/09\/dns-prijedor-pres-24septembar-3.jpg\"><img loading=\"lazy\" decoding=\"async\" src=\"https:\/\/www.prijedordanas.com\/wp-content\/uploads\/2020\/09\/dns-prijedor-pres-24septembar-3-300x200.jpg\" alt=\"\" width=\"300\" height=\"200\" class=\"alignleft size-medium wp-image-154334\" srcset=\"https:\/\/www.prijedordanas.com\/wp-content\/uploads\/2020\/09\/dns-prijedor-pres-24septembar-3-300x200.jpg 300w, https:\/\/www.prijedordanas.com\/wp-content\/uploads\/2020\/09\/dns-prijedor-pres-24septembar-3-480x320.jpg 480w, https:\/\/www.prijedordanas.com\/wp-content\/uploads\/2020\/09\/dns-prijedor-pres-24septembar-3.jpg 600w\" sizes=\"(max-width: 300px) 100vw, 300px\" \/><\/a> <a href=\"https:\/\/www.prijedordanas.com\/wp-content\/uploads\/2020\/09\/dns-prijedor-pres-24septembar-5.jpg\"><img loading=\"lazy\" decoding=\"async\" src=\"https:\/\/www.prijedordanas.com\/wp-content\/uploads\/2020\/09\/dns-prijedor-pres-24septembar-5-300x231.jpg\" alt=\"\" width=\"300\" height=\"231\" class=\"alignleft size-medium wp-image-154335\" srcset=\"https:\/\/www.prijedordanas.com\/wp-content\/uploads\/2020\/09\/dns-prijedor-pres-24septembar-5-300x231.jpg 300w, https:\/\/www.prijedordanas.com\/wp-content\/uploads\/2020\/09\/dns-prijedor-pres-24septembar-5.jpg 650w\" sizes=\"(max-width: 300px) 100vw, 300px\" \/><\/a><\/p>\n","protected":false},"excerpt":{"rendered":"<p>\u010clan Predsjedni\u0161tva Gradske organizacije DNS-a Prijedor Biljana Malba\u0161i\u0107 izjavila je da bud\u017eet grada pro\u0161lu godinu nije zavr\u0161io u deficitu i da se sve obaveze izvr\u0161avaju na vrijeme. &#8220;Mi smo se [&hellip;]<\/p>\n","protected":false},"author":1,"featured_media":0,"comment_status":"closed","ping_status":"open","sticky":false,"template":"","format":"standard","meta":{"_monsterinsights_skip_tracking":false,"_monsterinsights_sitenote_active":false,"_monsterinsights_sitenote_note":"","_monsterinsights_sitenote_category":0,"footnotes":""},"categories":[8],"tags":[1253],"yoast_head":"<!-- This site is optimized with the Yoast SEO plugin v21.6 - https:\/\/yoast.com\/wordpress\/plugins\/seo\/ -->\n<title>DNS Prijedor-Malba\u0161i\u0107: Bud\u017eet grada pro\u0161lu godinu nije zavr\u0161io u deficitu - PrijedorDanas.com - Prijedorski gradski portal<\/title>\n<meta name=\"robots\" content=\"index, follow, max-snippet:-1, max-image-preview:large, max-video-preview:-1\" \/>\n<link rel=\"canonical\" href=\"https:\/\/www.prijedordanas.com\/?p=154330\" \/>\n<meta property=\"og:locale\" content=\"en_US\" \/>\n<meta property=\"og:type\" content=\"article\" \/>\n<meta property=\"og:title\" content=\"DNS Prijedor-Malba\u0161i\u0107: Bud\u017eet grada pro\u0161lu godinu nije zavr\u0161io u deficitu - PrijedorDanas.com - Prijedorski gradski portal\" \/>\n<meta property=\"og:description\" content=\"\u010clan Predsjedni\u0161tva Gradske organizacije DNS-a Prijedor Biljana Malba\u0161i\u0107 izjavila je da bud\u017eet grada pro\u0161lu godinu nije zavr\u0161io u deficitu i da se sve obaveze izvr\u0161avaju na vrijeme. &#8220;Mi smo se [&hellip;]\" \/>\n<meta property=\"og:url\" content=\"https:\/\/www.prijedordanas.com\/?p=154330\" \/>\n<meta property=\"og:site_name\" content=\"PrijedorDanas.com - Prijedorski gradski portal\" \/>\n<meta property=\"article:publisher\" content=\"https:\/\/www.facebook.com\/PrijedorDanasCom\/\" \/>\n<meta property=\"article:published_time\" content=\"2020-09-24T12:32:54+00:00\" \/>\n<meta property=\"og:image\" content=\"https:\/\/www.prijedordanas.com\/wp-content\/uploads\/2020\/09\/dns-prijedor-pres-24septembar-1-300x231.jpg\" \/>\n<meta name=\"author\" content=\"admin\" \/>\n<meta name=\"twitter:card\" content=\"summary_large_image\" \/>\n<meta name=\"twitter:label1\" content=\"Written by\" \/>\n\t<meta name=\"twitter:data1\" content=\"admin\" \/>\n\t<meta name=\"twitter:label2\" content=\"Est. reading time\" \/>\n\t<meta name=\"twitter:data2\" content=\"1 minute\" \/>\n<script type=\"application\/ld+json\" class=\"yoast-schema-graph\">{\"@context\":\"https:\/\/schema.org\",\"@graph\":[{\"@type\":\"Article\",\"@id\":\"https:\/\/www.prijedordanas.com\/?p=154330#article\",\"isPartOf\":{\"@id\":\"https:\/\/www.prijedordanas.com\/?p=154330\"},\"author\":{\"name\":\"admin\",\"@id\":\"https:\/\/www.prijedordanas.com\/#\/schema\/person\/4e08ccf29b506ca916ff86d46bb700e6\"},\"headline\":\"DNS Prijedor-Malba\u0161i\u0107: Bud\u017eet grada pro\u0161lu godinu nije zavr\u0161io u deficitu\",\"datePublished\":\"2020-09-24T12:32:54+00:00\",\"dateModified\":\"2020-09-24T12:32:54+00:00\",\"mainEntityOfPage\":{\"@id\":\"https:\/\/www.prijedordanas.com\/?p=154330\"},\"wordCount\":263,\"publisher\":{\"@id\":\"https:\/\/www.prijedordanas.com\/#organization\"},\"keywords\":[\"DNS Prijedor\"],\"articleSection\":[\"Svakodnevno\"],\"inLanguage\":\"en-US\"},{\"@type\":\"WebPage\",\"@id\":\"https:\/\/www.prijedordanas.com\/?p=154330\",\"url\":\"https:\/\/www.prijedordanas.com\/?p=154330\",\"name\":\"DNS Prijedor-Malba\u0161i\u0107: Bud\u017eet grada pro\u0161lu godinu nije zavr\u0161io u deficitu - PrijedorDanas.com - Prijedorski gradski portal\",\"isPartOf\":{\"@id\":\"https:\/\/www.prijedordanas.com\/#website\"},\"datePublished\":\"2020-09-24T12:32:54+00:00\",\"dateModified\":\"2020-09-24T12:32:54+00:00\",\"breadcrumb\":{\"@id\":\"https:\/\/www.prijedordanas.com\/?p=154330#breadcrumb\"},\"inLanguage\":\"en-US\",\"potentialAction\":[{\"@type\":\"ReadAction\",\"target\":[\"https:\/\/www.prijedordanas.com\/?p=154330\"]}]},{\"@type\":\"BreadcrumbList\",\"@id\":\"https:\/\/www.prijedordanas.com\/?p=154330#breadcrumb\",\"itemListElement\":[{\"@type\":\"ListItem\",\"position\":1,\"name\":\"Home\",\"item\":\"https:\/\/www.prijedordanas.com\/\"},{\"@type\":\"ListItem\",\"position\":2,\"name\":\"DNS Prijedor-Malba\u0161i\u0107: Bud\u017eet grada pro\u0161lu godinu nije zavr\u0161io u deficitu\"}]},{\"@type\":\"WebSite\",\"@id\":\"https:\/\/www.prijedordanas.com\/#website\",\"url\":\"https:\/\/www.prijedordanas.com\/\",\"name\":\"PrijedorDanas.com - Prijedorski gradski portal\",\"description\":\"Portal o doga\u0111anjima u gradu Prijedoru\",\"publisher\":{\"@id\":\"https:\/\/www.prijedordanas.com\/#organization\"},\"potentialAction\":[{\"@type\":\"SearchAction\",\"target\":{\"@type\":\"EntryPoint\",\"urlTemplate\":\"https:\/\/www.prijedordanas.com\/?s={search_term_string}\"},\"query-input\":\"required name=search_term_string\"}],\"inLanguage\":\"en-US\"},{\"@type\":\"Organization\",\"@id\":\"https:\/\/www.prijedordanas.com\/#organization\",\"name\":\"PrijedorDanas.com\",\"url\":\"https:\/\/www.prijedordanas.com\/\",\"logo\":{\"@type\":\"ImageObject\",\"inLanguage\":\"en-US\",\"@id\":\"https:\/\/www.prijedordanas.com\/#\/schema\/logo\/image\/\",\"url\":\"http:\/\/www.prijedordanas.com\/wp-content\/uploads\/2021\/12\/logopng.png\",\"contentUrl\":\"http:\/\/www.prijedordanas.com\/wp-content\/uploads\/2021\/12\/logopng.png\",\"width\":1019,\"height\":776,\"caption\":\"PrijedorDanas.com\"},\"image\":{\"@id\":\"https:\/\/www.prijedordanas.com\/#\/schema\/logo\/image\/\"},\"sameAs\":[\"https:\/\/www.facebook.com\/PrijedorDanasCom\/\"]},{\"@type\":\"Person\",\"@id\":\"https:\/\/www.prijedordanas.com\/#\/schema\/person\/4e08ccf29b506ca916ff86d46bb700e6\",\"name\":\"admin\",\"image\":{\"@type\":\"ImageObject\",\"inLanguage\":\"en-US\",\"@id\":\"https:\/\/www.prijedordanas.com\/#\/schema\/person\/image\/\",\"url\":\"https:\/\/secure.gravatar.com\/avatar\/1d3fc949d550f0b53a5f0d51e06dfd79?s=96&d=mm&r=g\",\"contentUrl\":\"https:\/\/secure.gravatar.com\/avatar\/1d3fc949d550f0b53a5f0d51e06dfd79?s=96&d=mm&r=g\",\"caption\":\"admin\"},\"url\":\"https:\/\/www.prijedordanas.com\/?author=1\"}]}<\/script>\n<!-- \/ Yoast SEO plugin. -->","yoast_head_json":{"title":"DNS Prijedor-Malba\u0161i\u0107: Bud\u017eet grada pro\u0161lu godinu nije zavr\u0161io u deficitu - PrijedorDanas.com - Prijedorski gradski portal","robots":{"index":"index","follow":"follow","max-snippet":"max-snippet:-1","max-image-preview":"max-image-preview:large","max-video-preview":"max-video-preview:-1"},"canonical":"https:\/\/www.prijedordanas.com\/?p=154330","og_locale":"en_US","og_type":"article","og_title":"DNS Prijedor-Malba\u0161i\u0107: Bud\u017eet grada pro\u0161lu godinu nije zavr\u0161io u deficitu - PrijedorDanas.com - Prijedorski gradski portal","og_description":"\u010clan Predsjedni\u0161tva Gradske organizacije DNS-a Prijedor Biljana Malba\u0161i\u0107 izjavila je da bud\u017eet grada pro\u0161lu godinu nije zavr\u0161io u deficitu i da se sve obaveze izvr\u0161avaju na vrijeme. &#8220;Mi smo se [&hellip;]","og_url":"https:\/\/www.prijedordanas.com\/?p=154330","og_site_name":"PrijedorDanas.com - Prijedorski gradski portal","article_publisher":"https:\/\/www.facebook.com\/PrijedorDanasCom\/","article_published_time":"2020-09-24T12:32:54+00:00","og_image":[{"url":"https:\/\/www.prijedordanas.com\/wp-content\/uploads\/2020\/09\/dns-prijedor-pres-24septembar-1-300x231.jpg"}],"author":"admin","twitter_card":"summary_large_image","twitter_misc":{"Written by":"admin","Est. reading time":"1 minute"},"schema":{"@context":"https:\/\/schema.org","@graph":[{"@type":"Article","@id":"https:\/\/www.prijedordanas.com\/?p=154330#article","isPartOf":{"@id":"https:\/\/www.prijedordanas.com\/?p=154330"},"author":{"name":"admin","@id":"https:\/\/www.prijedordanas.com\/#\/schema\/person\/4e08ccf29b506ca916ff86d46bb700e6"},"headline":"DNS Prijedor-Malba\u0161i\u0107: Bud\u017eet grada pro\u0161lu godinu nije zavr\u0161io u deficitu","datePublished":"2020-09-24T12:32:54+00:00","dateModified":"2020-09-24T12:32:54+00:00","mainEntityOfPage":{"@id":"https:\/\/www.prijedordanas.com\/?p=154330"},"wordCount":263,"publisher":{"@id":"https:\/\/www.prijedordanas.com\/#organization"},"keywords":["DNS Prijedor"],"articleSection":["Svakodnevno"],"inLanguage":"en-US"},{"@type":"WebPage","@id":"https:\/\/www.prijedordanas.com\/?p=154330","url":"https:\/\/www.prijedordanas.com\/?p=154330","name":"DNS Prijedor-Malba\u0161i\u0107: Bud\u017eet grada pro\u0161lu godinu nije zavr\u0161io u deficitu - PrijedorDanas.com - Prijedorski gradski portal","isPartOf":{"@id":"https:\/\/www.prijedordanas.com\/#website"},"datePublished":"2020-09-24T12:32:54+00:00","dateModified":"2020-09-24T12:32:54+00:00","breadcrumb":{"@id":"https:\/\/www.prijedordanas.com\/?p=154330#breadcrumb"},"inLanguage":"en-US","potentialAction":[{"@type":"ReadAction","target":["https:\/\/www.prijedordanas.com\/?p=154330"]}]},{"@type":"BreadcrumbList","@id":"https:\/\/www.prijedordanas.com\/?p=154330#breadcrumb","itemListElement":[{"@type":"ListItem","position":1,"name":"Home","item":"https:\/\/www.prijedordanas.com\/"},{"@type":"ListItem","position":2,"name":"DNS Prijedor-Malba\u0161i\u0107: Bud\u017eet grada pro\u0161lu godinu nije zavr\u0161io u deficitu"}]},{"@type":"WebSite","@id":"https:\/\/www.prijedordanas.com\/#website","url":"https:\/\/www.prijedordanas.com\/","name":"PrijedorDanas.com - Prijedorski gradski portal","description":"Portal o doga\u0111anjima u gradu Prijedoru","publisher":{"@id":"https:\/\/www.prijedordanas.com\/#organization"},"potentialAction":[{"@type":"SearchAction","target":{"@type":"EntryPoint","urlTemplate":"https:\/\/www.prijedordanas.com\/?s={search_term_string}"},"query-input":"required name=search_term_string"}],"inLanguage":"en-US"},{"@type":"Organization","@id":"https:\/\/www.prijedordanas.com\/#organization","name":"PrijedorDanas.com","url":"https:\/\/www.prijedordanas.com\/","logo":{"@type":"ImageObject","inLanguage":"en-US","@id":"https:\/\/www.prijedordanas.com\/#\/schema\/logo\/image\/","url":"http:\/\/www.prijedordanas.com\/wp-content\/uploads\/2021\/12\/logopng.png","contentUrl":"http:\/\/www.prijedordanas.com\/wp-content\/uploads\/2021\/12\/logopng.png","width":1019,"height":776,"caption":"PrijedorDanas.com"},"image":{"@id":"https:\/\/www.prijedordanas.com\/#\/schema\/logo\/image\/"},"sameAs":["https:\/\/www.facebook.com\/PrijedorDanasCom\/"]},{"@type":"Person","@id":"https:\/\/www.prijedordanas.com\/#\/schema\/person\/4e08ccf29b506ca916ff86d46bb700e6","name":"admin","image":{"@type":"ImageObject","inLanguage":"en-US","@id":"https:\/\/www.prijedordanas.com\/#\/schema\/person\/image\/","url":"https:\/\/secure.gravatar.com\/avatar\/1d3fc949d550f0b53a5f0d51e06dfd79?s=96&d=mm&r=g","contentUrl":"https:\/\/secure.gravatar.com\/avatar\/1d3fc949d550f0b53a5f0d51e06dfd79?s=96&d=mm&r=g","caption":"admin"},"url":"https:\/\/www.prijedordanas.com\/?author=1"}]}},"_links":{"self":[{"href":"https:\/\/www.prijedordanas.com\/index.php?rest_route=\/wp\/v2\/posts\/154330"}],"collection":[{"href":"https:\/\/www.prijedordanas.com\/index.php?rest_route=\/wp\/v2\/posts"}],"about":[{"href":"https:\/\/www.prijedordanas.com\/index.php?rest_route=\/wp\/v2\/types\/post"}],"author":[{"embeddable":true,"href":"https:\/\/www.prijedordanas.com\/index.php?rest_route=\/wp\/v2\/users\/1"}],"replies":[{"embeddable":true,"href":"https:\/\/www.prijedordanas.com\/index.php?rest_route=%2Fwp%2Fv2%2Fcomments&post=154330"}],"version-history":[{"count":2,"href":"https:\/\/www.prijedordanas.com\/index.php?rest_route=\/wp\/v2\/posts\/154330\/revisions"}],"predecessor-version":[{"id":154337,"href":"https:\/\/www.prijedordanas.com\/index.php?rest_route=\/wp\/v2\/posts\/154330\/revisions\/154337"}],"wp:attachment":[{"href":"https:\/\/www.prijedordanas.com\/index.php?rest_route=%2Fwp%2Fv2%2Fmedia&parent=154330"}],"wp:term":[{"taxonomy":"category","embeddable":true,"href":"https:\/\/www.prijedordanas.com\/index.php?rest_route=%2Fwp%2Fv2%2Fcategories&post=154330"},{"taxonomy":"post_tag","embeddable":true,"href":"https:\/\/www.prijedordanas.com\/index.php?rest_route=%2Fwp%2Fv2%2Ftags&post=154330"}],"curies":[{"name":"wp","href":"https:\/\/api.w.org\/{rel}","templated":true}]}}