{"id":154288,"date":"2020-09-23T17:12:56","date_gmt":"2020-09-23T15:12:56","guid":{"rendered":"https:\/\/www.prijedordanas.com\/?p=154288"},"modified":"2020-09-23T17:12:56","modified_gmt":"2020-09-23T15:12:56","slug":"sastanak-regionalnog-monitoring-tima-za-borbu-protiv-trgovine-ljudima-prijedor-unaprijediti-krivicno-gonjenje-pocinilaca-trgovine-ljudima","status":"publish","type":"post","link":"https:\/\/www.prijedordanas.com\/?p=154288","title":{"rendered":"Sastanak Regionalnog monitoring tima za borbu protiv trgovine ljudima Prijedor: Unaprijediti krivi\u010dno gonjenje po\u010dinilaca trgovine ljudima"},"content":{"rendered":"<p><a href=\"https:\/\/www.prijedordanas.com\/wp-content\/uploads\/2020\/03\/muprs-grb.jpg\"><img loading=\"lazy\" decoding=\"async\" src=\"https:\/\/www.prijedordanas.com\/wp-content\/uploads\/2020\/03\/muprs-grb-300x225.jpg\" alt=\"\" width=\"300\" height=\"225\" class=\"alignleft size-medium wp-image-144135\" srcset=\"https:\/\/www.prijedordanas.com\/wp-content\/uploads\/2020\/03\/muprs-grb-300x225.jpg 300w, https:\/\/www.prijedordanas.com\/wp-content\/uploads\/2020\/03\/muprs-grb-640x480.jpg 640w, https:\/\/www.prijedordanas.com\/wp-content\/uploads\/2020\/03\/muprs-grb.jpg 666w\" sizes=\"(max-width: 300px) 100vw, 300px\" \/><\/a>U organizaciji Koordinatora za borbu protiv trgovine ljudima u Republici Srpskoj u prostorijama Policijske uprave Prijedor odr\u017ean je prvi sastanak Regionalnog monitoring tima za borbu protiv trgovine ljudima Prijedor.<\/p>\n<p>Regionalni monitoring tim za borbu protiv trgovine ljudima Prijedor je koordiniraju\u0107a struktura osnovana u cilju unapre\u0111enje funkcionalnih veza izme\u0111u javnih tu\u017eila\u0161tava, policije, inspekcije rada i ustanova socijalne za\u0161tite i drugih nadle\u017enih institucija koje u\u010destvuju u sprovo\u0111enju aktivnosti na suzbijanju i spre\u010davanju trgovine ljudima. Osim Regionalnog tima Prijedor, Odlukom Vlade Republike Srpske osnovani su i timovi u Banja Luci, Doboju, Bijeljini, Isto\u010dnom Sarajevu i Trebinju.<\/p>\n<p>Stalni \u010dlanovi regionalnih timova su policijski slu\u017ebenik nadle\u017ene policijske uprave, okru\u017eni tu\u017eilac mjesno nadle\u017enog okru\u017enog tu\u017eila\u0161tva, inspektor rada nadle\u017ene organizacione jedinice Republi\u010dke uprave za inspekcijske poslove i predstavnik centra za socijalni rad.<\/p>\n<p>Na sastanku je analiziran pravni, state\u0161ki okvir i institucionalni okvir za suprotstavljanje trgovini ljudima, kao i aktuelna problematika i trendovi trgovine ljudima na podru\u010dju regionalnog tima Prijedor.<\/p>\n<p> Usvojeni sljede\u0107i zaklju\u010dci:<br \/>\n-U potpunosti staviti u funkciju regionalne monitoring timove za borbu protiv trgovine ljudima,<br \/>\n-Unaprijediti krivi\u010dno gonjenje krivi\u010dnih djela trgovine ljudima i srodnih krivi\u010dnih djela, a naro\u010dito u okviru mre\u017ee tu\u017eilaca i istra\u017eilaca u Republici Srpskoj,<br \/>\n-Razviti kapacitete institucija uklju\u010denih u suzbijanje trgovine ljudima,<br \/>\n-Unaprijediti za\u0161titu \u017ertava trgovine ljudima.<\/p>\n<p>Sastanci regionalnih timova odr\u017eani su u Trebinju, Isto\u010dnom Sarajevu, Banja Luci, i Bijeljini, dok \u0107e prvi sastanak regionalnog monitoring tima Doboj biti odr\u017ean naredne sedmice.<\/p>\n<p>MUP RS<\/p>\n","protected":false},"excerpt":{"rendered":"<p>U organizaciji Koordinatora za borbu protiv trgovine ljudima u Republici Srpskoj u prostorijama Policijske uprave Prijedor odr\u017ean je prvi sastanak Regionalnog monitoring tima za borbu protiv trgovine ljudima Prijedor. Regionalni [&hellip;]<\/p>\n","protected":false},"author":1,"featured_media":0,"comment_status":"closed","ping_status":"open","sticky":false,"template":"","format":"standard","meta":{"_monsterinsights_skip_tracking":false,"_monsterinsights_sitenote_active":false,"_monsterinsights_sitenote_note":"","_monsterinsights_sitenote_category":0,"footnotes":""},"categories":[5],"tags":[],"yoast_head":"<!-- This site is optimized with the Yoast SEO plugin v21.6 - https:\/\/yoast.com\/wordpress\/plugins\/seo\/ -->\n<title>Sastanak Regionalnog monitoring tima za borbu protiv trgovine ljudima Prijedor: Unaprijediti krivi\u010dno gonjenje po\u010dinilaca trgovine ljudima - PrijedorDanas.com - Prijedorski gradski portal<\/title>\n<meta name=\"robots\" content=\"index, follow, max-snippet:-1, max-image-preview:large, max-video-preview:-1\" \/>\n<link rel=\"canonical\" href=\"https:\/\/www.prijedordanas.com\/?p=154288\" \/>\n<meta property=\"og:locale\" content=\"en_US\" \/>\n<meta property=\"og:type\" content=\"article\" \/>\n<meta property=\"og:title\" content=\"Sastanak Regionalnog monitoring tima za borbu protiv trgovine ljudima Prijedor: Unaprijediti krivi\u010dno gonjenje po\u010dinilaca trgovine ljudima - PrijedorDanas.com - Prijedorski gradski portal\" \/>\n<meta property=\"og:description\" content=\"U organizaciji Koordinatora za borbu protiv trgovine ljudima u Republici Srpskoj u prostorijama Policijske uprave Prijedor odr\u017ean je prvi sastanak Regionalnog monitoring tima za borbu protiv trgovine ljudima Prijedor. Regionalni [&hellip;]\" \/>\n<meta property=\"og:url\" content=\"https:\/\/www.prijedordanas.com\/?p=154288\" \/>\n<meta property=\"og:site_name\" content=\"PrijedorDanas.com - Prijedorski gradski portal\" \/>\n<meta property=\"article:publisher\" content=\"https:\/\/www.facebook.com\/PrijedorDanasCom\/\" \/>\n<meta property=\"article:published_time\" content=\"2020-09-23T15:12:56+00:00\" \/>\n<meta property=\"og:image\" content=\"https:\/\/www.prijedordanas.com\/wp-content\/uploads\/2020\/03\/muprs-grb-300x225.jpg\" \/>\n<meta name=\"author\" content=\"admin\" \/>\n<meta name=\"twitter:card\" content=\"summary_large_image\" \/>\n<meta name=\"twitter:label1\" content=\"Written by\" \/>\n\t<meta name=\"twitter:data1\" content=\"admin\" \/>\n\t<meta name=\"twitter:label2\" content=\"Est. reading time\" \/>\n\t<meta name=\"twitter:data2\" content=\"1 minute\" \/>\n<script type=\"application\/ld+json\" class=\"yoast-schema-graph\">{\"@context\":\"https:\/\/schema.org\",\"@graph\":[{\"@type\":\"Article\",\"@id\":\"https:\/\/www.prijedordanas.com\/?p=154288#article\",\"isPartOf\":{\"@id\":\"https:\/\/www.prijedordanas.com\/?p=154288\"},\"author\":{\"name\":\"admin\",\"@id\":\"https:\/\/www.prijedordanas.com\/#\/schema\/person\/4e08ccf29b506ca916ff86d46bb700e6\"},\"headline\":\"Sastanak Regionalnog monitoring tima za borbu protiv trgovine ljudima Prijedor: Unaprijediti krivi\u010dno gonjenje po\u010dinilaca trgovine ljudima\",\"datePublished\":\"2020-09-23T15:12:56+00:00\",\"dateModified\":\"2020-09-23T15:12:56+00:00\",\"mainEntityOfPage\":{\"@id\":\"https:\/\/www.prijedordanas.com\/?p=154288\"},\"wordCount\":286,\"publisher\":{\"@id\":\"https:\/\/www.prijedordanas.com\/#organization\"},\"articleSection\":[\"Hronika\"],\"inLanguage\":\"en-US\"},{\"@type\":\"WebPage\",\"@id\":\"https:\/\/www.prijedordanas.com\/?p=154288\",\"url\":\"https:\/\/www.prijedordanas.com\/?p=154288\",\"name\":\"Sastanak Regionalnog monitoring tima za borbu protiv trgovine ljudima Prijedor: Unaprijediti krivi\u010dno gonjenje po\u010dinilaca trgovine ljudima - PrijedorDanas.com - Prijedorski gradski portal\",\"isPartOf\":{\"@id\":\"https:\/\/www.prijedordanas.com\/#website\"},\"datePublished\":\"2020-09-23T15:12:56+00:00\",\"dateModified\":\"2020-09-23T15:12:56+00:00\",\"breadcrumb\":{\"@id\":\"https:\/\/www.prijedordanas.com\/?p=154288#breadcrumb\"},\"inLanguage\":\"en-US\",\"potentialAction\":[{\"@type\":\"ReadAction\",\"target\":[\"https:\/\/www.prijedordanas.com\/?p=154288\"]}]},{\"@type\":\"BreadcrumbList\",\"@id\":\"https:\/\/www.prijedordanas.com\/?p=154288#breadcrumb\",\"itemListElement\":[{\"@type\":\"ListItem\",\"position\":1,\"name\":\"Home\",\"item\":\"https:\/\/www.prijedordanas.com\/\"},{\"@type\":\"ListItem\",\"position\":2,\"name\":\"Sastanak Regionalnog monitoring tima za borbu protiv trgovine ljudima Prijedor: Unaprijediti krivi\u010dno gonjenje po\u010dinilaca trgovine ljudima\"}]},{\"@type\":\"WebSite\",\"@id\":\"https:\/\/www.prijedordanas.com\/#website\",\"url\":\"https:\/\/www.prijedordanas.com\/\",\"name\":\"PrijedorDanas.com - Prijedorski gradski portal\",\"description\":\"Portal o doga\u0111anjima u gradu Prijedoru\",\"publisher\":{\"@id\":\"https:\/\/www.prijedordanas.com\/#organization\"},\"potentialAction\":[{\"@type\":\"SearchAction\",\"target\":{\"@type\":\"EntryPoint\",\"urlTemplate\":\"https:\/\/www.prijedordanas.com\/?s={search_term_string}\"},\"query-input\":\"required name=search_term_string\"}],\"inLanguage\":\"en-US\"},{\"@type\":\"Organization\",\"@id\":\"https:\/\/www.prijedordanas.com\/#organization\",\"name\":\"PrijedorDanas.com\",\"url\":\"https:\/\/www.prijedordanas.com\/\",\"logo\":{\"@type\":\"ImageObject\",\"inLanguage\":\"en-US\",\"@id\":\"https:\/\/www.prijedordanas.com\/#\/schema\/logo\/image\/\",\"url\":\"http:\/\/www.prijedordanas.com\/wp-content\/uploads\/2021\/12\/logopng.png\",\"contentUrl\":\"http:\/\/www.prijedordanas.com\/wp-content\/uploads\/2021\/12\/logopng.png\",\"width\":1019,\"height\":776,\"caption\":\"PrijedorDanas.com\"},\"image\":{\"@id\":\"https:\/\/www.prijedordanas.com\/#\/schema\/logo\/image\/\"},\"sameAs\":[\"https:\/\/www.facebook.com\/PrijedorDanasCom\/\"]},{\"@type\":\"Person\",\"@id\":\"https:\/\/www.prijedordanas.com\/#\/schema\/person\/4e08ccf29b506ca916ff86d46bb700e6\",\"name\":\"admin\",\"image\":{\"@type\":\"ImageObject\",\"inLanguage\":\"en-US\",\"@id\":\"https:\/\/www.prijedordanas.com\/#\/schema\/person\/image\/\",\"url\":\"https:\/\/secure.gravatar.com\/avatar\/1d3fc949d550f0b53a5f0d51e06dfd79?s=96&d=mm&r=g\",\"contentUrl\":\"https:\/\/secure.gravatar.com\/avatar\/1d3fc949d550f0b53a5f0d51e06dfd79?s=96&d=mm&r=g\",\"caption\":\"admin\"},\"url\":\"https:\/\/www.prijedordanas.com\/?author=1\"}]}<\/script>\n<!-- \/ Yoast SEO plugin. -->","yoast_head_json":{"title":"Sastanak Regionalnog monitoring tima za borbu protiv trgovine ljudima Prijedor: Unaprijediti krivi\u010dno gonjenje po\u010dinilaca trgovine ljudima - PrijedorDanas.com - Prijedorski gradski portal","robots":{"index":"index","follow":"follow","max-snippet":"max-snippet:-1","max-image-preview":"max-image-preview:large","max-video-preview":"max-video-preview:-1"},"canonical":"https:\/\/www.prijedordanas.com\/?p=154288","og_locale":"en_US","og_type":"article","og_title":"Sastanak Regionalnog monitoring tima za borbu protiv trgovine ljudima Prijedor: Unaprijediti krivi\u010dno gonjenje po\u010dinilaca trgovine ljudima - PrijedorDanas.com - Prijedorski gradski portal","og_description":"U organizaciji Koordinatora za borbu protiv trgovine ljudima u Republici Srpskoj u prostorijama Policijske uprave Prijedor odr\u017ean je prvi sastanak Regionalnog monitoring tima za borbu protiv trgovine ljudima Prijedor. Regionalni [&hellip;]","og_url":"https:\/\/www.prijedordanas.com\/?p=154288","og_site_name":"PrijedorDanas.com - Prijedorski gradski portal","article_publisher":"https:\/\/www.facebook.com\/PrijedorDanasCom\/","article_published_time":"2020-09-23T15:12:56+00:00","og_image":[{"url":"https:\/\/www.prijedordanas.com\/wp-content\/uploads\/2020\/03\/muprs-grb-300x225.jpg"}],"author":"admin","twitter_card":"summary_large_image","twitter_misc":{"Written by":"admin","Est. reading time":"1 minute"},"schema":{"@context":"https:\/\/schema.org","@graph":[{"@type":"Article","@id":"https:\/\/www.prijedordanas.com\/?p=154288#article","isPartOf":{"@id":"https:\/\/www.prijedordanas.com\/?p=154288"},"author":{"name":"admin","@id":"https:\/\/www.prijedordanas.com\/#\/schema\/person\/4e08ccf29b506ca916ff86d46bb700e6"},"headline":"Sastanak Regionalnog monitoring tima za borbu protiv trgovine ljudima Prijedor: Unaprijediti krivi\u010dno gonjenje po\u010dinilaca trgovine ljudima","datePublished":"2020-09-23T15:12:56+00:00","dateModified":"2020-09-23T15:12:56+00:00","mainEntityOfPage":{"@id":"https:\/\/www.prijedordanas.com\/?p=154288"},"wordCount":286,"publisher":{"@id":"https:\/\/www.prijedordanas.com\/#organization"},"articleSection":["Hronika"],"inLanguage":"en-US"},{"@type":"WebPage","@id":"https:\/\/www.prijedordanas.com\/?p=154288","url":"https:\/\/www.prijedordanas.com\/?p=154288","name":"Sastanak Regionalnog monitoring tima za borbu protiv trgovine ljudima Prijedor: Unaprijediti krivi\u010dno gonjenje po\u010dinilaca trgovine ljudima - PrijedorDanas.com - Prijedorski gradski portal","isPartOf":{"@id":"https:\/\/www.prijedordanas.com\/#website"},"datePublished":"2020-09-23T15:12:56+00:00","dateModified":"2020-09-23T15:12:56+00:00","breadcrumb":{"@id":"https:\/\/www.prijedordanas.com\/?p=154288#breadcrumb"},"inLanguage":"en-US","potentialAction":[{"@type":"ReadAction","target":["https:\/\/www.prijedordanas.com\/?p=154288"]}]},{"@type":"BreadcrumbList","@id":"https:\/\/www.prijedordanas.com\/?p=154288#breadcrumb","itemListElement":[{"@type":"ListItem","position":1,"name":"Home","item":"https:\/\/www.prijedordanas.com\/"},{"@type":"ListItem","position":2,"name":"Sastanak Regionalnog monitoring tima za borbu protiv trgovine ljudima Prijedor: Unaprijediti krivi\u010dno gonjenje po\u010dinilaca trgovine ljudima"}]},{"@type":"WebSite","@id":"https:\/\/www.prijedordanas.com\/#website","url":"https:\/\/www.prijedordanas.com\/","name":"PrijedorDanas.com - Prijedorski gradski portal","description":"Portal o doga\u0111anjima u gradu Prijedoru","publisher":{"@id":"https:\/\/www.prijedordanas.com\/#organization"},"potentialAction":[{"@type":"SearchAction","target":{"@type":"EntryPoint","urlTemplate":"https:\/\/www.prijedordanas.com\/?s={search_term_string}"},"query-input":"required name=search_term_string"}],"inLanguage":"en-US"},{"@type":"Organization","@id":"https:\/\/www.prijedordanas.com\/#organization","name":"PrijedorDanas.com","url":"https:\/\/www.prijedordanas.com\/","logo":{"@type":"ImageObject","inLanguage":"en-US","@id":"https:\/\/www.prijedordanas.com\/#\/schema\/logo\/image\/","url":"http:\/\/www.prijedordanas.com\/wp-content\/uploads\/2021\/12\/logopng.png","contentUrl":"http:\/\/www.prijedordanas.com\/wp-content\/uploads\/2021\/12\/logopng.png","width":1019,"height":776,"caption":"PrijedorDanas.com"},"image":{"@id":"https:\/\/www.prijedordanas.com\/#\/schema\/logo\/image\/"},"sameAs":["https:\/\/www.facebook.com\/PrijedorDanasCom\/"]},{"@type":"Person","@id":"https:\/\/www.prijedordanas.com\/#\/schema\/person\/4e08ccf29b506ca916ff86d46bb700e6","name":"admin","image":{"@type":"ImageObject","inLanguage":"en-US","@id":"https:\/\/www.prijedordanas.com\/#\/schema\/person\/image\/","url":"https:\/\/secure.gravatar.com\/avatar\/1d3fc949d550f0b53a5f0d51e06dfd79?s=96&d=mm&r=g","contentUrl":"https:\/\/secure.gravatar.com\/avatar\/1d3fc949d550f0b53a5f0d51e06dfd79?s=96&d=mm&r=g","caption":"admin"},"url":"https:\/\/www.prijedordanas.com\/?author=1"}]}},"_links":{"self":[{"href":"https:\/\/www.prijedordanas.com\/index.php?rest_route=\/wp\/v2\/posts\/154288"}],"collection":[{"href":"https:\/\/www.prijedordanas.com\/index.php?rest_route=\/wp\/v2\/posts"}],"about":[{"href":"https:\/\/www.prijedordanas.com\/index.php?rest_route=\/wp\/v2\/types\/post"}],"author":[{"embeddable":true,"href":"https:\/\/www.prijedordanas.com\/index.php?rest_route=\/wp\/v2\/users\/1"}],"replies":[{"embeddable":true,"href":"https:\/\/www.prijedordanas.com\/index.php?rest_route=%2Fwp%2Fv2%2Fcomments&post=154288"}],"version-history":[{"count":1,"href":"https:\/\/www.prijedordanas.com\/index.php?rest_route=\/wp\/v2\/posts\/154288\/revisions"}],"predecessor-version":[{"id":154289,"href":"https:\/\/www.prijedordanas.com\/index.php?rest_route=\/wp\/v2\/posts\/154288\/revisions\/154289"}],"wp:attachment":[{"href":"https:\/\/www.prijedordanas.com\/index.php?rest_route=%2Fwp%2Fv2%2Fmedia&parent=154288"}],"wp:term":[{"taxonomy":"category","embeddable":true,"href":"https:\/\/www.prijedordanas.com\/index.php?rest_route=%2Fwp%2Fv2%2Fcategories&post=154288"},{"taxonomy":"post_tag","embeddable":true,"href":"https:\/\/www.prijedordanas.com\/index.php?rest_route=%2Fwp%2Fv2%2Ftags&post=154288"}],"curies":[{"name":"wp","href":"https:\/\/api.w.org\/{rel}","templated":true}]}}