{"id":154244,"date":"2020-09-22T23:44:33","date_gmt":"2020-09-22T21:44:33","guid":{"rendered":"https:\/\/www.prijedordanas.com\/?p=154244"},"modified":"2020-09-22T23:44:33","modified_gmt":"2020-09-22T21:44:33","slug":"obiljezen-dan-bez-automobila-saobracaj-u-centru-prijedora-obustavljen-na-tri-casa-foto","status":"publish","type":"post","link":"https:\/\/www.prijedordanas.com\/?p=154244","title":{"rendered":"Obilje\u017een &#8220;Dan bez automobila&#8221;: Saobra\u0107aj u centru Prijedora obustavljen na tri \u010dasa &#8211; FOTO"},"content":{"rendered":"<p><a href=\"https:\/\/www.prijedordanas.com\/wp-content\/uploads\/2020\/09\/dan-bez-automobila-2020-1.jpg\"><img loading=\"lazy\" decoding=\"async\" class=\"alignleft size-medium wp-image-154236\" src=\"https:\/\/www.prijedordanas.com\/wp-content\/uploads\/2020\/09\/dan-bez-automobila-2020-1-300x231.jpg\" alt=\"\" width=\"300\" height=\"231\" srcset=\"https:\/\/www.prijedordanas.com\/wp-content\/uploads\/2020\/09\/dan-bez-automobila-2020-1-300x231.jpg 300w, https:\/\/www.prijedordanas.com\/wp-content\/uploads\/2020\/09\/dan-bez-automobila-2020-1.jpg 650w\" sizes=\"(max-width: 300px) 100vw, 300px\" \/><\/a>Grad Prijedor je povodom obilje\u017eavanja evropske kampanje &#8220;Dan bez automobila 2020&#8221; danas obustavio saobra\u0107aj za sva motorna vozila u u\u017eoj gradskoj zoni u vremenu od 11- 14 \u010dasova<\/p>\n<p>Cilj ove kampanje je promovisanje alternativnih vidova saobra\u0107aja kao \u0161to su javni prevozi, bicikl i \u0161etnje, a u svrhu o\u010duvanja \u017eivotne sredine.<\/p>\n<p>Obilje\u017eavanje ovog zna\u010dajnog ekolo\u0161kog datuma ove godine je bilo simboli\u010dno zbog situacije izazvanom korona virusom, tako da nije bilo organizovanog izlaska u\u010denika i sportista na ulice grada.<\/p>\n<p>Me\u0111utim to nije sprije\u010dilo mali\u0161ane svih uzrasta da se spontano provozaju biciklima i rolerima prijedorskim ulicama, koje su oslobo\u0111ene od automobila,na nekoliko \u010dasova bile pretvorene u pje\u0161a\u010dku zonu.<\/p>\n<p>Me\u0111u njima je bila i saobra\u0107ajna u\u010deni\u010dka patrola Osnovne \u0161kole &#8220;Desanka Maksimovi\u0107&#8221;.<\/p>\n<p>Ova kampanja, \u010dije je obilje\u017eavanje pokrenuto kao evropska inicijativa 1998.godine u Francuskoj, a od 2002.godine i kod nas, ove godine se provodi pod motom &#8220;Mobilnost bez zaga\u0111enja za sve&#8221;.<\/p>\n<p>www.prijedorgrad.org<\/p>\n<p><a href=\"https:\/\/www.prijedordanas.com\/wp-content\/uploads\/2020\/09\/dan-bez-automobila-2020-2.jpg\"><img loading=\"lazy\" decoding=\"async\" src=\"https:\/\/www.prijedordanas.com\/wp-content\/uploads\/2020\/09\/dan-bez-automobila-2020-2-300x199.jpg\" alt=\"\" width=\"300\" height=\"199\" class=\"alignleft size-medium wp-image-154237\" srcset=\"https:\/\/www.prijedordanas.com\/wp-content\/uploads\/2020\/09\/dan-bez-automobila-2020-2-300x199.jpg 300w, https:\/\/www.prijedordanas.com\/wp-content\/uploads\/2020\/09\/dan-bez-automobila-2020-2-480x320.jpg 480w, https:\/\/www.prijedordanas.com\/wp-content\/uploads\/2020\/09\/dan-bez-automobila-2020-2.jpg 600w\" sizes=\"(max-width: 300px) 100vw, 300px\" \/><\/a> <a href=\"https:\/\/www.prijedordanas.com\/wp-content\/uploads\/2020\/09\/dan-bez-automobila-2020-3.jpg\"><img loading=\"lazy\" decoding=\"async\" src=\"https:\/\/www.prijedordanas.com\/wp-content\/uploads\/2020\/09\/dan-bez-automobila-2020-3-300x199.jpg\" alt=\"\" width=\"300\" height=\"199\" class=\"alignleft size-medium wp-image-154238\" srcset=\"https:\/\/www.prijedordanas.com\/wp-content\/uploads\/2020\/09\/dan-bez-automobila-2020-3-300x199.jpg 300w, https:\/\/www.prijedordanas.com\/wp-content\/uploads\/2020\/09\/dan-bez-automobila-2020-3-480x320.jpg 480w, https:\/\/www.prijedordanas.com\/wp-content\/uploads\/2020\/09\/dan-bez-automobila-2020-3.jpg 600w\" sizes=\"(max-width: 300px) 100vw, 300px\" \/><\/a> <a href=\"https:\/\/www.prijedordanas.com\/wp-content\/uploads\/2020\/09\/dan-bez-automobila-2020-4.jpg\"><img loading=\"lazy\" decoding=\"async\" src=\"https:\/\/www.prijedordanas.com\/wp-content\/uploads\/2020\/09\/dan-bez-automobila-2020-4-300x300.jpg\" alt=\"\" width=\"300\" height=\"300\" class=\"alignleft size-medium wp-image-154239\" srcset=\"https:\/\/www.prijedordanas.com\/wp-content\/uploads\/2020\/09\/dan-bez-automobila-2020-4-300x300.jpg 300w, https:\/\/www.prijedordanas.com\/wp-content\/uploads\/2020\/09\/dan-bez-automobila-2020-4-150x150.jpg 150w, https:\/\/www.prijedordanas.com\/wp-content\/uploads\/2020\/09\/dan-bez-automobila-2020-4-50x50.jpg 50w, https:\/\/www.prijedordanas.com\/wp-content\/uploads\/2020\/09\/dan-bez-automobila-2020-4.jpg 500w\" sizes=\"(max-width: 300px) 100vw, 300px\" \/><\/a> <a href=\"https:\/\/www.prijedordanas.com\/wp-content\/uploads\/2020\/09\/dan-bez-automobila-2020-5.jpg\"><img loading=\"lazy\" decoding=\"async\" src=\"https:\/\/www.prijedordanas.com\/wp-content\/uploads\/2020\/09\/dan-bez-automobila-2020-5-300x300.jpg\" alt=\"\" width=\"300\" height=\"300\" class=\"alignleft size-medium wp-image-154240\" srcset=\"https:\/\/www.prijedordanas.com\/wp-content\/uploads\/2020\/09\/dan-bez-automobila-2020-5-300x300.jpg 300w, https:\/\/www.prijedordanas.com\/wp-content\/uploads\/2020\/09\/dan-bez-automobila-2020-5-150x150.jpg 150w, https:\/\/www.prijedordanas.com\/wp-content\/uploads\/2020\/09\/dan-bez-automobila-2020-5-50x50.jpg 50w, https:\/\/www.prijedordanas.com\/wp-content\/uploads\/2020\/09\/dan-bez-automobila-2020-5.jpg 500w\" sizes=\"(max-width: 300px) 100vw, 300px\" \/><\/a> <a href=\"https:\/\/www.prijedordanas.com\/wp-content\/uploads\/2020\/09\/dan-bez-automobila-2020-6.jpg\"><img loading=\"lazy\" decoding=\"async\" src=\"https:\/\/www.prijedordanas.com\/wp-content\/uploads\/2020\/09\/dan-bez-automobila-2020-6-300x300.jpg\" alt=\"\" width=\"300\" height=\"300\" class=\"alignleft size-medium wp-image-154241\" srcset=\"https:\/\/www.prijedordanas.com\/wp-content\/uploads\/2020\/09\/dan-bez-automobila-2020-6-300x300.jpg 300w, https:\/\/www.prijedordanas.com\/wp-content\/uploads\/2020\/09\/dan-bez-automobila-2020-6-150x150.jpg 150w, https:\/\/www.prijedordanas.com\/wp-content\/uploads\/2020\/09\/dan-bez-automobila-2020-6-50x50.jpg 50w, https:\/\/www.prijedordanas.com\/wp-content\/uploads\/2020\/09\/dan-bez-automobila-2020-6.jpg 500w\" sizes=\"(max-width: 300px) 100vw, 300px\" \/><\/a> <a href=\"https:\/\/www.prijedordanas.com\/wp-content\/uploads\/2020\/09\/dan-bez-automobila-2020-7.jpg\"><img loading=\"lazy\" decoding=\"async\" src=\"https:\/\/www.prijedordanas.com\/wp-content\/uploads\/2020\/09\/dan-bez-automobila-2020-7-300x300.jpg\" alt=\"\" width=\"300\" height=\"300\" class=\"alignleft size-medium wp-image-154242\" srcset=\"https:\/\/www.prijedordanas.com\/wp-content\/uploads\/2020\/09\/dan-bez-automobila-2020-7-300x300.jpg 300w, https:\/\/www.prijedordanas.com\/wp-content\/uploads\/2020\/09\/dan-bez-automobila-2020-7-150x150.jpg 150w, https:\/\/www.prijedordanas.com\/wp-content\/uploads\/2020\/09\/dan-bez-automobila-2020-7-50x50.jpg 50w, https:\/\/www.prijedordanas.com\/wp-content\/uploads\/2020\/09\/dan-bez-automobila-2020-7.jpg 500w\" sizes=\"(max-width: 300px) 100vw, 300px\" \/><\/a><\/p>\n","protected":false},"excerpt":{"rendered":"<p>Grad Prijedor je povodom obilje\u017eavanja evropske kampanje &#8220;Dan bez automobila 2020&#8221; danas obustavio saobra\u0107aj za sva motorna vozila u u\u017eoj gradskoj zoni u vremenu od 11- 14 \u010dasova Cilj ove [&hellip;]<\/p>\n","protected":false},"author":1,"featured_media":0,"comment_status":"closed","ping_status":"open","sticky":false,"template":"","format":"standard","meta":{"_monsterinsights_skip_tracking":false,"_monsterinsights_sitenote_active":false,"_monsterinsights_sitenote_note":"","_monsterinsights_sitenote_category":0,"footnotes":""},"categories":[4],"tags":[11348],"yoast_head":"<!-- This site is optimized with the Yoast SEO plugin v21.6 - https:\/\/yoast.com\/wordpress\/plugins\/seo\/ -->\n<title>Obilje\u017een &quot;Dan bez automobila&quot;: Saobra\u0107aj u centru Prijedora obustavljen na tri \u010dasa - FOTO - PrijedorDanas.com - Prijedorski gradski portal<\/title>\n<meta name=\"robots\" content=\"index, follow, max-snippet:-1, max-image-preview:large, max-video-preview:-1\" \/>\n<link rel=\"canonical\" href=\"https:\/\/www.prijedordanas.com\/?p=154244\" \/>\n<meta property=\"og:locale\" content=\"en_US\" \/>\n<meta property=\"og:type\" content=\"article\" \/>\n<meta property=\"og:title\" content=\"Obilje\u017een &quot;Dan bez automobila&quot;: Saobra\u0107aj u centru Prijedora obustavljen na tri \u010dasa - FOTO - PrijedorDanas.com - Prijedorski gradski portal\" \/>\n<meta property=\"og:description\" content=\"Grad Prijedor je povodom obilje\u017eavanja evropske kampanje &#8220;Dan bez automobila 2020&#8221; danas obustavio saobra\u0107aj za sva motorna vozila u u\u017eoj gradskoj zoni u vremenu od 11- 14 \u010dasova Cilj ove [&hellip;]\" \/>\n<meta property=\"og:url\" content=\"https:\/\/www.prijedordanas.com\/?p=154244\" \/>\n<meta property=\"og:site_name\" content=\"PrijedorDanas.com - Prijedorski gradski portal\" \/>\n<meta property=\"article:publisher\" content=\"https:\/\/www.facebook.com\/PrijedorDanasCom\/\" \/>\n<meta property=\"article:published_time\" content=\"2020-09-22T21:44:33+00:00\" \/>\n<meta property=\"og:image\" content=\"https:\/\/www.prijedordanas.com\/wp-content\/uploads\/2020\/09\/dan-bez-automobila-2020-1-300x231.jpg\" \/>\n<meta name=\"author\" content=\"admin\" \/>\n<meta name=\"twitter:card\" content=\"summary_large_image\" \/>\n<meta name=\"twitter:label1\" content=\"Written by\" \/>\n\t<meta name=\"twitter:data1\" content=\"admin\" \/>\n\t<meta name=\"twitter:label2\" content=\"Est. reading time\" \/>\n\t<meta name=\"twitter:data2\" content=\"1 minute\" \/>\n<script type=\"application\/ld+json\" class=\"yoast-schema-graph\">{\"@context\":\"https:\/\/schema.org\",\"@graph\":[{\"@type\":\"Article\",\"@id\":\"https:\/\/www.prijedordanas.com\/?p=154244#article\",\"isPartOf\":{\"@id\":\"https:\/\/www.prijedordanas.com\/?p=154244\"},\"author\":{\"name\":\"admin\",\"@id\":\"https:\/\/www.prijedordanas.com\/#\/schema\/person\/4e08ccf29b506ca916ff86d46bb700e6\"},\"headline\":\"Obilje\u017een &#8220;Dan bez automobila&#8221;: Saobra\u0107aj u centru Prijedora obustavljen na tri \u010dasa &#8211; FOTO\",\"datePublished\":\"2020-09-22T21:44:33+00:00\",\"dateModified\":\"2020-09-22T21:44:33+00:00\",\"mainEntityOfPage\":{\"@id\":\"https:\/\/www.prijedordanas.com\/?p=154244\"},\"wordCount\":186,\"publisher\":{\"@id\":\"https:\/\/www.prijedordanas.com\/#organization\"},\"keywords\":[\"Dan bez automobila 2020\"],\"articleSection\":[\"Dru\u0161tvo\"],\"inLanguage\":\"en-US\"},{\"@type\":\"WebPage\",\"@id\":\"https:\/\/www.prijedordanas.com\/?p=154244\",\"url\":\"https:\/\/www.prijedordanas.com\/?p=154244\",\"name\":\"Obilje\u017een \\\"Dan bez automobila\\\": Saobra\u0107aj u centru Prijedora obustavljen na tri \u010dasa - FOTO - PrijedorDanas.com - Prijedorski gradski portal\",\"isPartOf\":{\"@id\":\"https:\/\/www.prijedordanas.com\/#website\"},\"datePublished\":\"2020-09-22T21:44:33+00:00\",\"dateModified\":\"2020-09-22T21:44:33+00:00\",\"breadcrumb\":{\"@id\":\"https:\/\/www.prijedordanas.com\/?p=154244#breadcrumb\"},\"inLanguage\":\"en-US\",\"potentialAction\":[{\"@type\":\"ReadAction\",\"target\":[\"https:\/\/www.prijedordanas.com\/?p=154244\"]}]},{\"@type\":\"BreadcrumbList\",\"@id\":\"https:\/\/www.prijedordanas.com\/?p=154244#breadcrumb\",\"itemListElement\":[{\"@type\":\"ListItem\",\"position\":1,\"name\":\"Home\",\"item\":\"https:\/\/www.prijedordanas.com\/\"},{\"@type\":\"ListItem\",\"position\":2,\"name\":\"Obilje\u017een &#8220;Dan bez automobila&#8221;: Saobra\u0107aj u centru Prijedora obustavljen na tri \u010dasa &#8211; FOTO\"}]},{\"@type\":\"WebSite\",\"@id\":\"https:\/\/www.prijedordanas.com\/#website\",\"url\":\"https:\/\/www.prijedordanas.com\/\",\"name\":\"PrijedorDanas.com - Prijedorski gradski portal\",\"description\":\"Portal o doga\u0111anjima u gradu Prijedoru\",\"publisher\":{\"@id\":\"https:\/\/www.prijedordanas.com\/#organization\"},\"potentialAction\":[{\"@type\":\"SearchAction\",\"target\":{\"@type\":\"EntryPoint\",\"urlTemplate\":\"https:\/\/www.prijedordanas.com\/?s={search_term_string}\"},\"query-input\":\"required name=search_term_string\"}],\"inLanguage\":\"en-US\"},{\"@type\":\"Organization\",\"@id\":\"https:\/\/www.prijedordanas.com\/#organization\",\"name\":\"PrijedorDanas.com\",\"url\":\"https:\/\/www.prijedordanas.com\/\",\"logo\":{\"@type\":\"ImageObject\",\"inLanguage\":\"en-US\",\"@id\":\"https:\/\/www.prijedordanas.com\/#\/schema\/logo\/image\/\",\"url\":\"http:\/\/www.prijedordanas.com\/wp-content\/uploads\/2021\/12\/logopng.png\",\"contentUrl\":\"http:\/\/www.prijedordanas.com\/wp-content\/uploads\/2021\/12\/logopng.png\",\"width\":1019,\"height\":776,\"caption\":\"PrijedorDanas.com\"},\"image\":{\"@id\":\"https:\/\/www.prijedordanas.com\/#\/schema\/logo\/image\/\"},\"sameAs\":[\"https:\/\/www.facebook.com\/PrijedorDanasCom\/\"]},{\"@type\":\"Person\",\"@id\":\"https:\/\/www.prijedordanas.com\/#\/schema\/person\/4e08ccf29b506ca916ff86d46bb700e6\",\"name\":\"admin\",\"image\":{\"@type\":\"ImageObject\",\"inLanguage\":\"en-US\",\"@id\":\"https:\/\/www.prijedordanas.com\/#\/schema\/person\/image\/\",\"url\":\"https:\/\/secure.gravatar.com\/avatar\/1d3fc949d550f0b53a5f0d51e06dfd79?s=96&d=mm&r=g\",\"contentUrl\":\"https:\/\/secure.gravatar.com\/avatar\/1d3fc949d550f0b53a5f0d51e06dfd79?s=96&d=mm&r=g\",\"caption\":\"admin\"},\"url\":\"https:\/\/www.prijedordanas.com\/?author=1\"}]}<\/script>\n<!-- \/ Yoast SEO plugin. -->","yoast_head_json":{"title":"Obilje\u017een \"Dan bez automobila\": Saobra\u0107aj u centru Prijedora obustavljen na tri \u010dasa - FOTO - PrijedorDanas.com - Prijedorski gradski portal","robots":{"index":"index","follow":"follow","max-snippet":"max-snippet:-1","max-image-preview":"max-image-preview:large","max-video-preview":"max-video-preview:-1"},"canonical":"https:\/\/www.prijedordanas.com\/?p=154244","og_locale":"en_US","og_type":"article","og_title":"Obilje\u017een \"Dan bez automobila\": Saobra\u0107aj u centru Prijedora obustavljen na tri \u010dasa - FOTO - PrijedorDanas.com - Prijedorski gradski portal","og_description":"Grad Prijedor je povodom obilje\u017eavanja evropske kampanje &#8220;Dan bez automobila 2020&#8221; danas obustavio saobra\u0107aj za sva motorna vozila u u\u017eoj gradskoj zoni u vremenu od 11- 14 \u010dasova Cilj ove [&hellip;]","og_url":"https:\/\/www.prijedordanas.com\/?p=154244","og_site_name":"PrijedorDanas.com - Prijedorski gradski portal","article_publisher":"https:\/\/www.facebook.com\/PrijedorDanasCom\/","article_published_time":"2020-09-22T21:44:33+00:00","og_image":[{"url":"https:\/\/www.prijedordanas.com\/wp-content\/uploads\/2020\/09\/dan-bez-automobila-2020-1-300x231.jpg"}],"author":"admin","twitter_card":"summary_large_image","twitter_misc":{"Written by":"admin","Est. reading time":"1 minute"},"schema":{"@context":"https:\/\/schema.org","@graph":[{"@type":"Article","@id":"https:\/\/www.prijedordanas.com\/?p=154244#article","isPartOf":{"@id":"https:\/\/www.prijedordanas.com\/?p=154244"},"author":{"name":"admin","@id":"https:\/\/www.prijedordanas.com\/#\/schema\/person\/4e08ccf29b506ca916ff86d46bb700e6"},"headline":"Obilje\u017een &#8220;Dan bez automobila&#8221;: Saobra\u0107aj u centru Prijedora obustavljen na tri \u010dasa &#8211; FOTO","datePublished":"2020-09-22T21:44:33+00:00","dateModified":"2020-09-22T21:44:33+00:00","mainEntityOfPage":{"@id":"https:\/\/www.prijedordanas.com\/?p=154244"},"wordCount":186,"publisher":{"@id":"https:\/\/www.prijedordanas.com\/#organization"},"keywords":["Dan bez automobila 2020"],"articleSection":["Dru\u0161tvo"],"inLanguage":"en-US"},{"@type":"WebPage","@id":"https:\/\/www.prijedordanas.com\/?p=154244","url":"https:\/\/www.prijedordanas.com\/?p=154244","name":"Obilje\u017een \"Dan bez automobila\": Saobra\u0107aj u centru Prijedora obustavljen na tri \u010dasa - FOTO - PrijedorDanas.com - Prijedorski gradski portal","isPartOf":{"@id":"https:\/\/www.prijedordanas.com\/#website"},"datePublished":"2020-09-22T21:44:33+00:00","dateModified":"2020-09-22T21:44:33+00:00","breadcrumb":{"@id":"https:\/\/www.prijedordanas.com\/?p=154244#breadcrumb"},"inLanguage":"en-US","potentialAction":[{"@type":"ReadAction","target":["https:\/\/www.prijedordanas.com\/?p=154244"]}]},{"@type":"BreadcrumbList","@id":"https:\/\/www.prijedordanas.com\/?p=154244#breadcrumb","itemListElement":[{"@type":"ListItem","position":1,"name":"Home","item":"https:\/\/www.prijedordanas.com\/"},{"@type":"ListItem","position":2,"name":"Obilje\u017een &#8220;Dan bez automobila&#8221;: Saobra\u0107aj u centru Prijedora obustavljen na tri \u010dasa &#8211; FOTO"}]},{"@type":"WebSite","@id":"https:\/\/www.prijedordanas.com\/#website","url":"https:\/\/www.prijedordanas.com\/","name":"PrijedorDanas.com - Prijedorski gradski portal","description":"Portal o doga\u0111anjima u gradu Prijedoru","publisher":{"@id":"https:\/\/www.prijedordanas.com\/#organization"},"potentialAction":[{"@type":"SearchAction","target":{"@type":"EntryPoint","urlTemplate":"https:\/\/www.prijedordanas.com\/?s={search_term_string}"},"query-input":"required name=search_term_string"}],"inLanguage":"en-US"},{"@type":"Organization","@id":"https:\/\/www.prijedordanas.com\/#organization","name":"PrijedorDanas.com","url":"https:\/\/www.prijedordanas.com\/","logo":{"@type":"ImageObject","inLanguage":"en-US","@id":"https:\/\/www.prijedordanas.com\/#\/schema\/logo\/image\/","url":"http:\/\/www.prijedordanas.com\/wp-content\/uploads\/2021\/12\/logopng.png","contentUrl":"http:\/\/www.prijedordanas.com\/wp-content\/uploads\/2021\/12\/logopng.png","width":1019,"height":776,"caption":"PrijedorDanas.com"},"image":{"@id":"https:\/\/www.prijedordanas.com\/#\/schema\/logo\/image\/"},"sameAs":["https:\/\/www.facebook.com\/PrijedorDanasCom\/"]},{"@type":"Person","@id":"https:\/\/www.prijedordanas.com\/#\/schema\/person\/4e08ccf29b506ca916ff86d46bb700e6","name":"admin","image":{"@type":"ImageObject","inLanguage":"en-US","@id":"https:\/\/www.prijedordanas.com\/#\/schema\/person\/image\/","url":"https:\/\/secure.gravatar.com\/avatar\/1d3fc949d550f0b53a5f0d51e06dfd79?s=96&d=mm&r=g","contentUrl":"https:\/\/secure.gravatar.com\/avatar\/1d3fc949d550f0b53a5f0d51e06dfd79?s=96&d=mm&r=g","caption":"admin"},"url":"https:\/\/www.prijedordanas.com\/?author=1"}]}},"_links":{"self":[{"href":"https:\/\/www.prijedordanas.com\/index.php?rest_route=\/wp\/v2\/posts\/154244"}],"collection":[{"href":"https:\/\/www.prijedordanas.com\/index.php?rest_route=\/wp\/v2\/posts"}],"about":[{"href":"https:\/\/www.prijedordanas.com\/index.php?rest_route=\/wp\/v2\/types\/post"}],"author":[{"embeddable":true,"href":"https:\/\/www.prijedordanas.com\/index.php?rest_route=\/wp\/v2\/users\/1"}],"replies":[{"embeddable":true,"href":"https:\/\/www.prijedordanas.com\/index.php?rest_route=%2Fwp%2Fv2%2Fcomments&post=154244"}],"version-history":[{"count":1,"href":"https:\/\/www.prijedordanas.com\/index.php?rest_route=\/wp\/v2\/posts\/154244\/revisions"}],"predecessor-version":[{"id":154245,"href":"https:\/\/www.prijedordanas.com\/index.php?rest_route=\/wp\/v2\/posts\/154244\/revisions\/154245"}],"wp:attachment":[{"href":"https:\/\/www.prijedordanas.com\/index.php?rest_route=%2Fwp%2Fv2%2Fmedia&parent=154244"}],"wp:term":[{"taxonomy":"category","embeddable":true,"href":"https:\/\/www.prijedordanas.com\/index.php?rest_route=%2Fwp%2Fv2%2Fcategories&post=154244"},{"taxonomy":"post_tag","embeddable":true,"href":"https:\/\/www.prijedordanas.com\/index.php?rest_route=%2Fwp%2Fv2%2Ftags&post=154244"}],"curies":[{"name":"wp","href":"https:\/\/api.w.org\/{rel}","templated":true}]}}