{"id":154231,"date":"2020-09-23T09:28:27","date_gmt":"2020-09-23T07:28:27","guid":{"rendered":"https:\/\/www.prijedordanas.com\/?p=154231"},"modified":"2020-09-23T09:28:27","modified_gmt":"2020-09-23T07:28:27","slug":"oglasio-se-halid-muslimovic-povodom-krivicne-prijave-to-je-glupost-zna-se-ko-to-radi","status":"publish","type":"post","link":"https:\/\/www.prijedordanas.com\/?p=154231","title":{"rendered":"Oglasio se Halid Muslimovi\u0107 povodom krivi\u010dne prijave: To je glupost, zna se ko to radi"},"content":{"rendered":"<p><a href=\"https:\/\/www.prijedordanas.com\/wp-content\/uploads\/2020\/09\/avaz-muslimovic-1.jpg\"><img loading=\"lazy\" decoding=\"async\" class=\"alignleft size-medium wp-image-154232\" src=\"https:\/\/www.prijedordanas.com\/wp-content\/uploads\/2020\/09\/avaz-muslimovic-1-300x227.jpg\" alt=\"\" width=\"300\" height=\"227\" srcset=\"https:\/\/www.prijedordanas.com\/wp-content\/uploads\/2020\/09\/avaz-muslimovic-1-300x227.jpg 300w, https:\/\/www.prijedordanas.com\/wp-content\/uploads\/2020\/09\/avaz-muslimovic-1.jpg 660w\" sizes=\"(max-width: 300px) 100vw, 300px\" \/><\/a>Nakon \u0161to je Agencija za istrage i za\u0161titu BiH (SIPA) podnijela krivi\u010dnu prijavu Tu\u017eila\u0161tvu BiH protiv Halida Muslimovi\u0107a, oglasio se poznati pjeva\u010d iz Prijedora.<\/p>\n<p>&#8220;To je glupost. \u0160upljiranje. Zna se ko to radi. I taj advokat, koji to radi, blefira&#8221;, rekao je Muslimovi\u0107 za Avaz.<\/p>\n<p>Muslimovi\u0107 se tereti da je po\u010dinio krivi\u010dna djela pranje novca i prevara i da je stekao protivpravnu imovinsku korist od najmanje 209.273 KM.<\/p>\n<p><strong><a href=\"https:\/\/www.prijedordanas.com\/?p=154202\" target=\"_blank\" rel=\"noopener noreferrer\">SIPA podnijela krivi\u010dnu prijavu protiv Halida Muslimovi\u0107a zbog pranja novca i prevare<\/a><\/strong><\/p>\n<p><a href=\"https:\/\/www.prijedordanas.com\/wp-content\/uploads\/2020\/09\/avaz-muslimovic-2.jpg\"><img loading=\"lazy\" decoding=\"async\" class=\"alignleft size-medium wp-image-154233\" src=\"https:\/\/www.prijedordanas.com\/wp-content\/uploads\/2020\/09\/avaz-muslimovic-2-236x300.jpg\" alt=\"\" width=\"236\" height=\"300\" srcset=\"https:\/\/www.prijedordanas.com\/wp-content\/uploads\/2020\/09\/avaz-muslimovic-2-236x300.jpg 236w, https:\/\/www.prijedordanas.com\/wp-content\/uploads\/2020\/09\/avaz-muslimovic-2.jpg 472w\" sizes=\"(max-width: 236px) 100vw, 236px\" \/><\/a>&#8220;Izvje\u0161taj o po\u010dinjenom krivi\u010dnom djelu protiv H. M. podnesen je 21. septembra. O\u0161te\u0107eno je lice iz Australije na na\u010din da je dovedeno u zabludu i da je osumnji\u010denom u vi\u0161e navrata na svoju \u0161tetu putem nov\u010danih transfera ili u gotovini predalo najmanje 209.273 marke. Osumnji\u010deni H.M. se tereti da je sa ciljem prikrivanja izvora i omogu\u0107avanja daljeg kori\u0161\u0107enja, sredstva podizao u gotovini, znaju\u0107i da su ste\u010dena na nezakonit na\u010din, odnosno \u010dinjenjem krivi\u010dnog djela prevara&#8221;, potvrdili su u SIPA.<\/p>\n<p>Prema saznanjima Glasa Srpske, o\u0161te\u0107ena je Sonja Ba\u0161i\u0107 iz Melburna koja je ranije u javnost iznijela tvrdnje da ju je Muslimovi\u0107 o\u0161tetio za oko 400.000 dolara.<\/p>\n<p>Nezavisne novine-Dnevni avaz<\/p>\n","protected":false},"excerpt":{"rendered":"<p>Nakon \u0161to je Agencija za istrage i za\u0161titu BiH (SIPA) podnijela krivi\u010dnu prijavu Tu\u017eila\u0161tvu BiH protiv Halida Muslimovi\u0107a, oglasio se poznati pjeva\u010d iz Prijedora. &#8220;To je glupost. \u0160upljiranje. Zna se [&hellip;]<\/p>\n","protected":false},"author":1,"featured_media":0,"comment_status":"closed","ping_status":"open","sticky":false,"template":"","format":"standard","meta":{"_monsterinsights_skip_tracking":false,"_monsterinsights_sitenote_active":false,"_monsterinsights_sitenote_note":"","_monsterinsights_sitenote_category":0,"footnotes":""},"categories":[3],"tags":[2878],"yoast_head":"<!-- This site is optimized with the Yoast SEO plugin v21.6 - https:\/\/yoast.com\/wordpress\/plugins\/seo\/ -->\n<title>Oglasio se Halid Muslimovi\u0107 povodom krivi\u010dne prijave: To je glupost, zna se ko to radi - PrijedorDanas.com - Prijedorski gradski portal<\/title>\n<meta name=\"robots\" content=\"index, follow, max-snippet:-1, max-image-preview:large, max-video-preview:-1\" \/>\n<link rel=\"canonical\" href=\"https:\/\/www.prijedordanas.com\/?p=154231\" \/>\n<meta property=\"og:locale\" content=\"en_US\" \/>\n<meta property=\"og:type\" content=\"article\" \/>\n<meta property=\"og:title\" content=\"Oglasio se Halid Muslimovi\u0107 povodom krivi\u010dne prijave: To je glupost, zna se ko to radi - PrijedorDanas.com - Prijedorski gradski portal\" \/>\n<meta property=\"og:description\" content=\"Nakon \u0161to je Agencija za istrage i za\u0161titu BiH (SIPA) podnijela krivi\u010dnu prijavu Tu\u017eila\u0161tvu BiH protiv Halida Muslimovi\u0107a, oglasio se poznati pjeva\u010d iz Prijedora. &#8220;To je glupost. \u0160upljiranje. Zna se [&hellip;]\" \/>\n<meta property=\"og:url\" content=\"https:\/\/www.prijedordanas.com\/?p=154231\" \/>\n<meta property=\"og:site_name\" content=\"PrijedorDanas.com - Prijedorski gradski portal\" \/>\n<meta property=\"article:publisher\" content=\"https:\/\/www.facebook.com\/PrijedorDanasCom\/\" \/>\n<meta property=\"article:published_time\" content=\"2020-09-23T07:28:27+00:00\" \/>\n<meta property=\"og:image\" content=\"https:\/\/www.prijedordanas.com\/wp-content\/uploads\/2020\/09\/avaz-muslimovic-1-300x227.jpg\" \/>\n<meta name=\"author\" content=\"admin\" \/>\n<meta name=\"twitter:card\" content=\"summary_large_image\" \/>\n<meta name=\"twitter:label1\" content=\"Written by\" \/>\n\t<meta name=\"twitter:data1\" content=\"admin\" \/>\n\t<meta name=\"twitter:label2\" content=\"Est. reading time\" \/>\n\t<meta name=\"twitter:data2\" content=\"1 minute\" \/>\n<script type=\"application\/ld+json\" class=\"yoast-schema-graph\">{\"@context\":\"https:\/\/schema.org\",\"@graph\":[{\"@type\":\"Article\",\"@id\":\"https:\/\/www.prijedordanas.com\/?p=154231#article\",\"isPartOf\":{\"@id\":\"https:\/\/www.prijedordanas.com\/?p=154231\"},\"author\":{\"name\":\"admin\",\"@id\":\"https:\/\/www.prijedordanas.com\/#\/schema\/person\/4e08ccf29b506ca916ff86d46bb700e6\"},\"headline\":\"Oglasio se Halid Muslimovi\u0107 povodom krivi\u010dne prijave: To je glupost, zna se ko to radi\",\"datePublished\":\"2020-09-23T07:28:27+00:00\",\"dateModified\":\"2020-09-23T07:28:27+00:00\",\"mainEntityOfPage\":{\"@id\":\"https:\/\/www.prijedordanas.com\/?p=154231\"},\"wordCount\":229,\"publisher\":{\"@id\":\"https:\/\/www.prijedordanas.com\/#organization\"},\"keywords\":[\"Halid Muslimovi\u0107\"],\"articleSection\":[\"\u017divot\"],\"inLanguage\":\"en-US\"},{\"@type\":\"WebPage\",\"@id\":\"https:\/\/www.prijedordanas.com\/?p=154231\",\"url\":\"https:\/\/www.prijedordanas.com\/?p=154231\",\"name\":\"Oglasio se Halid Muslimovi\u0107 povodom krivi\u010dne prijave: To je glupost, zna se ko to radi - PrijedorDanas.com - Prijedorski gradski portal\",\"isPartOf\":{\"@id\":\"https:\/\/www.prijedordanas.com\/#website\"},\"datePublished\":\"2020-09-23T07:28:27+00:00\",\"dateModified\":\"2020-09-23T07:28:27+00:00\",\"breadcrumb\":{\"@id\":\"https:\/\/www.prijedordanas.com\/?p=154231#breadcrumb\"},\"inLanguage\":\"en-US\",\"potentialAction\":[{\"@type\":\"ReadAction\",\"target\":[\"https:\/\/www.prijedordanas.com\/?p=154231\"]}]},{\"@type\":\"BreadcrumbList\",\"@id\":\"https:\/\/www.prijedordanas.com\/?p=154231#breadcrumb\",\"itemListElement\":[{\"@type\":\"ListItem\",\"position\":1,\"name\":\"Home\",\"item\":\"https:\/\/www.prijedordanas.com\/\"},{\"@type\":\"ListItem\",\"position\":2,\"name\":\"Oglasio se Halid Muslimovi\u0107 povodom krivi\u010dne prijave: To je glupost, zna se ko to radi\"}]},{\"@type\":\"WebSite\",\"@id\":\"https:\/\/www.prijedordanas.com\/#website\",\"url\":\"https:\/\/www.prijedordanas.com\/\",\"name\":\"PrijedorDanas.com - Prijedorski gradski portal\",\"description\":\"Portal o doga\u0111anjima u gradu Prijedoru\",\"publisher\":{\"@id\":\"https:\/\/www.prijedordanas.com\/#organization\"},\"potentialAction\":[{\"@type\":\"SearchAction\",\"target\":{\"@type\":\"EntryPoint\",\"urlTemplate\":\"https:\/\/www.prijedordanas.com\/?s={search_term_string}\"},\"query-input\":\"required name=search_term_string\"}],\"inLanguage\":\"en-US\"},{\"@type\":\"Organization\",\"@id\":\"https:\/\/www.prijedordanas.com\/#organization\",\"name\":\"PrijedorDanas.com\",\"url\":\"https:\/\/www.prijedordanas.com\/\",\"logo\":{\"@type\":\"ImageObject\",\"inLanguage\":\"en-US\",\"@id\":\"https:\/\/www.prijedordanas.com\/#\/schema\/logo\/image\/\",\"url\":\"http:\/\/www.prijedordanas.com\/wp-content\/uploads\/2021\/12\/logopng.png\",\"contentUrl\":\"http:\/\/www.prijedordanas.com\/wp-content\/uploads\/2021\/12\/logopng.png\",\"width\":1019,\"height\":776,\"caption\":\"PrijedorDanas.com\"},\"image\":{\"@id\":\"https:\/\/www.prijedordanas.com\/#\/schema\/logo\/image\/\"},\"sameAs\":[\"https:\/\/www.facebook.com\/PrijedorDanasCom\/\"]},{\"@type\":\"Person\",\"@id\":\"https:\/\/www.prijedordanas.com\/#\/schema\/person\/4e08ccf29b506ca916ff86d46bb700e6\",\"name\":\"admin\",\"image\":{\"@type\":\"ImageObject\",\"inLanguage\":\"en-US\",\"@id\":\"https:\/\/www.prijedordanas.com\/#\/schema\/person\/image\/\",\"url\":\"https:\/\/secure.gravatar.com\/avatar\/1d3fc949d550f0b53a5f0d51e06dfd79?s=96&d=mm&r=g\",\"contentUrl\":\"https:\/\/secure.gravatar.com\/avatar\/1d3fc949d550f0b53a5f0d51e06dfd79?s=96&d=mm&r=g\",\"caption\":\"admin\"},\"url\":\"https:\/\/www.prijedordanas.com\/?author=1\"}]}<\/script>\n<!-- \/ Yoast SEO plugin. -->","yoast_head_json":{"title":"Oglasio se Halid Muslimovi\u0107 povodom krivi\u010dne prijave: To je glupost, zna se ko to radi - PrijedorDanas.com - Prijedorski gradski portal","robots":{"index":"index","follow":"follow","max-snippet":"max-snippet:-1","max-image-preview":"max-image-preview:large","max-video-preview":"max-video-preview:-1"},"canonical":"https:\/\/www.prijedordanas.com\/?p=154231","og_locale":"en_US","og_type":"article","og_title":"Oglasio se Halid Muslimovi\u0107 povodom krivi\u010dne prijave: To je glupost, zna se ko to radi - PrijedorDanas.com - Prijedorski gradski portal","og_description":"Nakon \u0161to je Agencija za istrage i za\u0161titu BiH (SIPA) podnijela krivi\u010dnu prijavu Tu\u017eila\u0161tvu BiH protiv Halida Muslimovi\u0107a, oglasio se poznati pjeva\u010d iz Prijedora. &#8220;To je glupost. \u0160upljiranje. Zna se [&hellip;]","og_url":"https:\/\/www.prijedordanas.com\/?p=154231","og_site_name":"PrijedorDanas.com - Prijedorski gradski portal","article_publisher":"https:\/\/www.facebook.com\/PrijedorDanasCom\/","article_published_time":"2020-09-23T07:28:27+00:00","og_image":[{"url":"https:\/\/www.prijedordanas.com\/wp-content\/uploads\/2020\/09\/avaz-muslimovic-1-300x227.jpg"}],"author":"admin","twitter_card":"summary_large_image","twitter_misc":{"Written by":"admin","Est. reading time":"1 minute"},"schema":{"@context":"https:\/\/schema.org","@graph":[{"@type":"Article","@id":"https:\/\/www.prijedordanas.com\/?p=154231#article","isPartOf":{"@id":"https:\/\/www.prijedordanas.com\/?p=154231"},"author":{"name":"admin","@id":"https:\/\/www.prijedordanas.com\/#\/schema\/person\/4e08ccf29b506ca916ff86d46bb700e6"},"headline":"Oglasio se Halid Muslimovi\u0107 povodom krivi\u010dne prijave: To je glupost, zna se ko to radi","datePublished":"2020-09-23T07:28:27+00:00","dateModified":"2020-09-23T07:28:27+00:00","mainEntityOfPage":{"@id":"https:\/\/www.prijedordanas.com\/?p=154231"},"wordCount":229,"publisher":{"@id":"https:\/\/www.prijedordanas.com\/#organization"},"keywords":["Halid Muslimovi\u0107"],"articleSection":["\u017divot"],"inLanguage":"en-US"},{"@type":"WebPage","@id":"https:\/\/www.prijedordanas.com\/?p=154231","url":"https:\/\/www.prijedordanas.com\/?p=154231","name":"Oglasio se Halid Muslimovi\u0107 povodom krivi\u010dne prijave: To je glupost, zna se ko to radi - PrijedorDanas.com - Prijedorski gradski portal","isPartOf":{"@id":"https:\/\/www.prijedordanas.com\/#website"},"datePublished":"2020-09-23T07:28:27+00:00","dateModified":"2020-09-23T07:28:27+00:00","breadcrumb":{"@id":"https:\/\/www.prijedordanas.com\/?p=154231#breadcrumb"},"inLanguage":"en-US","potentialAction":[{"@type":"ReadAction","target":["https:\/\/www.prijedordanas.com\/?p=154231"]}]},{"@type":"BreadcrumbList","@id":"https:\/\/www.prijedordanas.com\/?p=154231#breadcrumb","itemListElement":[{"@type":"ListItem","position":1,"name":"Home","item":"https:\/\/www.prijedordanas.com\/"},{"@type":"ListItem","position":2,"name":"Oglasio se Halid Muslimovi\u0107 povodom krivi\u010dne prijave: To je glupost, zna se ko to radi"}]},{"@type":"WebSite","@id":"https:\/\/www.prijedordanas.com\/#website","url":"https:\/\/www.prijedordanas.com\/","name":"PrijedorDanas.com - Prijedorski gradski portal","description":"Portal o doga\u0111anjima u gradu Prijedoru","publisher":{"@id":"https:\/\/www.prijedordanas.com\/#organization"},"potentialAction":[{"@type":"SearchAction","target":{"@type":"EntryPoint","urlTemplate":"https:\/\/www.prijedordanas.com\/?s={search_term_string}"},"query-input":"required name=search_term_string"}],"inLanguage":"en-US"},{"@type":"Organization","@id":"https:\/\/www.prijedordanas.com\/#organization","name":"PrijedorDanas.com","url":"https:\/\/www.prijedordanas.com\/","logo":{"@type":"ImageObject","inLanguage":"en-US","@id":"https:\/\/www.prijedordanas.com\/#\/schema\/logo\/image\/","url":"http:\/\/www.prijedordanas.com\/wp-content\/uploads\/2021\/12\/logopng.png","contentUrl":"http:\/\/www.prijedordanas.com\/wp-content\/uploads\/2021\/12\/logopng.png","width":1019,"height":776,"caption":"PrijedorDanas.com"},"image":{"@id":"https:\/\/www.prijedordanas.com\/#\/schema\/logo\/image\/"},"sameAs":["https:\/\/www.facebook.com\/PrijedorDanasCom\/"]},{"@type":"Person","@id":"https:\/\/www.prijedordanas.com\/#\/schema\/person\/4e08ccf29b506ca916ff86d46bb700e6","name":"admin","image":{"@type":"ImageObject","inLanguage":"en-US","@id":"https:\/\/www.prijedordanas.com\/#\/schema\/person\/image\/","url":"https:\/\/secure.gravatar.com\/avatar\/1d3fc949d550f0b53a5f0d51e06dfd79?s=96&d=mm&r=g","contentUrl":"https:\/\/secure.gravatar.com\/avatar\/1d3fc949d550f0b53a5f0d51e06dfd79?s=96&d=mm&r=g","caption":"admin"},"url":"https:\/\/www.prijedordanas.com\/?author=1"}]}},"_links":{"self":[{"href":"https:\/\/www.prijedordanas.com\/index.php?rest_route=\/wp\/v2\/posts\/154231"}],"collection":[{"href":"https:\/\/www.prijedordanas.com\/index.php?rest_route=\/wp\/v2\/posts"}],"about":[{"href":"https:\/\/www.prijedordanas.com\/index.php?rest_route=\/wp\/v2\/types\/post"}],"author":[{"embeddable":true,"href":"https:\/\/www.prijedordanas.com\/index.php?rest_route=\/wp\/v2\/users\/1"}],"replies":[{"embeddable":true,"href":"https:\/\/www.prijedordanas.com\/index.php?rest_route=%2Fwp%2Fv2%2Fcomments&post=154231"}],"version-history":[{"count":2,"href":"https:\/\/www.prijedordanas.com\/index.php?rest_route=\/wp\/v2\/posts\/154231\/revisions"}],"predecessor-version":[{"id":154265,"href":"https:\/\/www.prijedordanas.com\/index.php?rest_route=\/wp\/v2\/posts\/154231\/revisions\/154265"}],"wp:attachment":[{"href":"https:\/\/www.prijedordanas.com\/index.php?rest_route=%2Fwp%2Fv2%2Fmedia&parent=154231"}],"wp:term":[{"taxonomy":"category","embeddable":true,"href":"https:\/\/www.prijedordanas.com\/index.php?rest_route=%2Fwp%2Fv2%2Fcategories&post=154231"},{"taxonomy":"post_tag","embeddable":true,"href":"https:\/\/www.prijedordanas.com\/index.php?rest_route=%2Fwp%2Fv2%2Ftags&post=154231"}],"curies":[{"name":"wp","href":"https:\/\/api.w.org\/{rel}","templated":true}]}}