{"id":154229,"date":"2020-09-22T22:26:33","date_gmt":"2020-09-22T20:26:33","guid":{"rendered":"https:\/\/www.prijedordanas.com\/?p=154229"},"modified":"2020-09-22T22:26:33","modified_gmt":"2020-09-22T20:26:33","slug":"na-lijecenju-u-bolnici-dr-mladen-stojanovic-devet-prijedorcana-pozitivnih-na-korona-virus-zakljucci-staba-za-vanredne-situacije-za-22-septembar","status":"publish","type":"post","link":"https:\/\/www.prijedordanas.com\/?p=154229","title":{"rendered":"Na lije\u010denju u bolnici \u201cDr Mladen Stojanovi\u0107\u201d devet Prijedor\u010dana pozitivnih na korona virus: Zaklju\u010dci \u0160taba za vanredne situacije za 22. septembar"},"content":{"rendered":"<p><a href=\"https:\/\/www.prijedordanas.com\/wp-content\/uploads\/2020\/09\/stab-22septembar-4.jpg\"><img loading=\"lazy\" decoding=\"async\" src=\"https:\/\/www.prijedordanas.com\/wp-content\/uploads\/2020\/09\/stab-22septembar-4-300x225.jpg\" alt=\"\" width=\"300\" height=\"225\" class=\"alignleft size-medium wp-image-154225\" srcset=\"https:\/\/www.prijedordanas.com\/wp-content\/uploads\/2020\/09\/stab-22septembar-4-300x225.jpg 300w, https:\/\/www.prijedordanas.com\/wp-content\/uploads\/2020\/09\/stab-22septembar-4-640x480.jpg 640w, https:\/\/www.prijedordanas.com\/wp-content\/uploads\/2020\/09\/stab-22septembar-4.jpg 667w\" sizes=\"(max-width: 300px) 100vw, 300px\" \/><\/a>Na osnovu \u010dlana 39. stav 3. i \u010dlana 40. stav b., Zakona o za\u0161titi i spasavanju u vanrednim situacijama (&#8220;Slu\u017ebeni glasnik Republike Srpske&#8221;, broj: 121\/12) i \u010dlana 12. stav 3., Odluke o organizovanju i funkcionisanju civilne za\u0161tite u oblasti za\u0161tite i spasavanja Grada Prijedora (&#8220;Slu\u017ebeni glasnik Grada Prijedora&#8221;, broj: 7\/13), na sjednici odr\u017eanoj dana 22.09.2020. godine Gradski \u0161tab za vanredne situacije Grada Prijedora, donosi slijede\u0107e:<\/p>\n<p>ZAKLJU\u010cKE<\/p>\n<p>Gradski \u0161tab za vanredne situacije konstatuje:<\/p>\n<p>1. Na podru\u010dju grada Prijedora trenutno je registrovano 20 lica sa pozitivnim testom na novi virus korona . Do sada se 195 lica oporavilo od oboljenja uzrokovanog virusom korona, a 18 lica je preminulo. Pod zdravstvenim nadzorom &#8211; u ku\u0107noj izolaciji je 27 lica, a zdravstveni nadzor je prestao za 2495 lica.<br \/>\nU JZU Bolnicu &#8220;Dr Mladen Stojanovi\u0107&#8221; Prijedor &#8211; COVID odjeljenje radi lije\u010denja lica sa pozitivnim testom na virus korona smje\u0161teno je 10 lica od kojih su 9 lica iz Prijedora i jedno lice iz Kozarske Dubice.<\/p>\n<p>2. Dana 21.09.2020.godine Republi\u010dki \u0161tab za vanredne situacije donio je zaklju\u010dak br.56-1\/20 kojim se do 12. 10. 2020.godine zabranjuju sva javna okupljanja u grupama ve\u0107im od 50 lica,\u0161to uklju\u010duje i okupljanja kao \u0161to su svadbe i sli\u010dna organizovana okupljanja. Ovim zaklju\u010dkom se do 12.10.2020.godine ograni\u010dava radno vrijeme ugostiteljskim objektima za ishranu i pi\u0107e od 06,00 do 24,00 \u010dasova. Do 12.10.2020.godine dozvoljavaju se takmi\u010darske aktivnosti sportskih organizacija i sportista isklju\u010divo bez prisustva publike.<\/p>\n<p>Subjekti koji pru\u017eaju usluge iz oblasti ugostiteljstva, umjetnosti i zabave (bioskopi, pozori\u0161ta,muzeji i sl) du\u017eni su organizovati svoj rad uz primjenu propisanih epidemiolo\u0161kih mjera sa posebnom pa\u017enjom na ograni\u010denje broja lica u objektu u zavisnosti od povr\u0161ine prostora i uz obavezno po\u0161tivanje propisane fizi\u010dke distance i uz postavljanje obavje\u0161tenja na ulazu u objekat o ukupnom broju lica koja mogu boraviti u objektu u odnosu na njegovu povr\u0161inu.<\/p>\n<p><a href=\"https:\/\/www.prijedordanas.com\/wp-content\/uploads\/2020\/09\/stab-22septembar-3.jpg\"><img loading=\"lazy\" decoding=\"async\" src=\"https:\/\/www.prijedordanas.com\/wp-content\/uploads\/2020\/09\/stab-22septembar-3-300x225.jpg\" alt=\"\" width=\"300\" height=\"225\" class=\"alignleft size-medium wp-image-154226\" srcset=\"https:\/\/www.prijedordanas.com\/wp-content\/uploads\/2020\/09\/stab-22septembar-3-300x225.jpg 300w, https:\/\/www.prijedordanas.com\/wp-content\/uploads\/2020\/09\/stab-22septembar-3-640x480.jpg 640w, https:\/\/www.prijedordanas.com\/wp-content\/uploads\/2020\/09\/stab-22septembar-3.jpg 667w\" sizes=\"(max-width: 300px) 100vw, 300px\" \/><\/a>3. Republi\u010dki \u0161tab za vanredne situacije je dana 21.09.2020. godine donio zaklju\u010dak br.56-2\/20 o donaciji li\u010dne za\u0161titne opreme javnim zdravstvenim ustanovama kojim se JZU Bolnica &#8220;Dr Mladen Stojanovi\u0107&#8221; Prijedor dodjeljuje 100.000 jednokratnih &#8211; za\u0161titnih rukavica, a JZU Dom zdravlja Prijedor se dodjeljuje 10.000 jednokratnih &#8211; za\u0161titnih rukavica.<\/p>\n<p>4. Tim za dezinfekciju Gradske uprave Prijedor u saradnji sa Udru\u017eenjem vo\u0107ara Prijedor , Teritorijalnom vatrogasnom jedinicom i anga\u017eovanim volonterima izvr\u0161io je dezinfekciju javnih povr\u0161ina na podru\u010dju grada Prijedora, a dana 18.09.2020.godine od strane ovog tima izvr\u0161ena je dezinfekcija svih javnih ustanova na podru\u010dju grada Prijedora<\/p>\n<p>5. Gradski \u0161tab za vanredne situacije \u0107e i dalje aktivno pratiti razvoj situacije u vezi sa pojavom i \u0161irenjem korona virusa i u skladu sa razvojem doga\u0111aja blagovremeno donositi zaklju\u010dke i usmjeravati rad nadle\u017enih slu\u017ebi.<\/p>\n<p>Naredbe, zadu\u017eenja i preporuke<\/p>\n<p>1. Obavezuju se sva pravna lica, preduzetnici i fizi\u010dka lica na podru\u010dju grada Prijedora da se u potpunosti pridr\u017eavaju mjera utvr\u0111enih zaklju\u010dkom Republi\u010dkog \u0161taba za vanredne situacije br. 56-1\/20 od 21.09.2020. godine uz obavezno preduzimanje mjera propisanih u Uputstvu JZU &#8221; Institut za javno zdravstvo Republike Srpske&#8221; za spre\u010davanje pojave i \u0161irenja COVID -19 bolesti na radnom mjestu.<\/p>\n<p>2. Obavezuju se nadzorni i kontrolni organi na podru\u010dju grada Prijedora da u saradnji sa predstavnicima Ministarstva unutra\u0161njih poslova i u skladu sa Instrukcijom Ministarstva uprave i lokalne samouprave vr\u0161e nadzor nad sprovo\u0111enjem mjera utvr\u0111enih zaklju\u010dkom Republi\u010dkog \u0161taba za vanredne situacije br.56-1\/20 od 21.09.2020.godine.<\/p>\n<p>3. Gradski \u0161tab za vanredne situacije apeluje na stanovnike grada Prijedor da se pridr\u017eavaju propisanih mjera za spre\u010davanje pojave i \u0161irenja novog virusa korona, a prije svega da odr\u017eavaju fizi\u010dku distancu od 2 metra, nose za\u0161titne maske, odr\u017eavaju mjere li\u010dne higijene, te da vr\u0161e redovno \u010di\u0161\u0107enje i dezinfekciju prostorija u kojima borave i rade.<\/p>\n<p>Za realizaciju ovih zaklju\u010daka zadu\u017euju se organi i slu\u017ebe Gradske uprave Prijedor, privredna dru\u0161tva , javne ustanove i institucije na podru\u010dju grada Prijedora.<\/p>\n<p>Broj: 02-sl-80\/20<br \/>\nDatum: 22.09.2020. godine<\/p>\n<p>KOMANDANT<br \/>\nMilenko \u0110akovi\u0107<\/p>\n","protected":false},"excerpt":{"rendered":"<p>Na osnovu \u010dlana 39. stav 3. i \u010dlana 40. stav b., Zakona o za\u0161titi i spasavanju u vanrednim situacijama (&#8220;Slu\u017ebeni glasnik Republike Srpske&#8221;, broj: 121\/12) i \u010dlana 12. stav 3., [&hellip;]<\/p>\n","protected":false},"author":1,"featured_media":0,"comment_status":"closed","ping_status":"open","sticky":false,"template":"","format":"standard","meta":{"_monsterinsights_skip_tracking":false,"_monsterinsights_sitenote_active":false,"_monsterinsights_sitenote_note":"","_monsterinsights_sitenote_category":0,"footnotes":""},"categories":[8],"tags":[11081,11120],"yoast_head":"<!-- This site is optimized with the Yoast SEO plugin v21.6 - https:\/\/yoast.com\/wordpress\/plugins\/seo\/ -->\n<title>Na lije\u010denju u bolnici \u201cDr Mladen Stojanovi\u0107\u201d devet Prijedor\u010dana pozitivnih na korona virus: Zaklju\u010dci \u0160taba za vanredne situacije za 22. septembar - PrijedorDanas.com - Prijedorski gradski portal<\/title>\n<meta name=\"robots\" content=\"index, follow, max-snippet:-1, max-image-preview:large, max-video-preview:-1\" \/>\n<link rel=\"canonical\" href=\"https:\/\/www.prijedordanas.com\/?p=154229\" \/>\n<meta property=\"og:locale\" content=\"en_US\" \/>\n<meta property=\"og:type\" content=\"article\" \/>\n<meta property=\"og:title\" content=\"Na lije\u010denju u bolnici \u201cDr Mladen Stojanovi\u0107\u201d devet Prijedor\u010dana pozitivnih na korona virus: Zaklju\u010dci \u0160taba za vanredne situacije za 22. septembar - PrijedorDanas.com - Prijedorski gradski portal\" \/>\n<meta property=\"og:description\" content=\"Na osnovu \u010dlana 39. stav 3. i \u010dlana 40. stav b., Zakona o za\u0161titi i spasavanju u vanrednim situacijama (&#8220;Slu\u017ebeni glasnik Republike Srpske&#8221;, broj: 121\/12) i \u010dlana 12. stav 3., [&hellip;]\" \/>\n<meta property=\"og:url\" content=\"https:\/\/www.prijedordanas.com\/?p=154229\" \/>\n<meta property=\"og:site_name\" content=\"PrijedorDanas.com - Prijedorski gradski portal\" \/>\n<meta property=\"article:publisher\" content=\"https:\/\/www.facebook.com\/PrijedorDanasCom\/\" \/>\n<meta property=\"article:published_time\" content=\"2020-09-22T20:26:33+00:00\" \/>\n<meta property=\"og:image\" content=\"https:\/\/www.prijedordanas.com\/wp-content\/uploads\/2020\/09\/stab-22septembar-4-300x225.jpg\" \/>\n<meta name=\"author\" content=\"admin\" \/>\n<meta name=\"twitter:card\" content=\"summary_large_image\" \/>\n<meta name=\"twitter:label1\" content=\"Written by\" \/>\n\t<meta name=\"twitter:data1\" content=\"admin\" \/>\n\t<meta name=\"twitter:label2\" content=\"Est. reading time\" \/>\n\t<meta name=\"twitter:data2\" content=\"3 minutes\" \/>\n<script type=\"application\/ld+json\" class=\"yoast-schema-graph\">{\"@context\":\"https:\/\/schema.org\",\"@graph\":[{\"@type\":\"Article\",\"@id\":\"https:\/\/www.prijedordanas.com\/?p=154229#article\",\"isPartOf\":{\"@id\":\"https:\/\/www.prijedordanas.com\/?p=154229\"},\"author\":{\"name\":\"admin\",\"@id\":\"https:\/\/www.prijedordanas.com\/#\/schema\/person\/4e08ccf29b506ca916ff86d46bb700e6\"},\"headline\":\"Na lije\u010denju u bolnici \u201cDr Mladen Stojanovi\u0107\u201d devet Prijedor\u010dana pozitivnih na korona virus: Zaklju\u010dci \u0160taba za vanredne situacije za 22. septembar\",\"datePublished\":\"2020-09-22T20:26:33+00:00\",\"dateModified\":\"2020-09-22T20:26:33+00:00\",\"mainEntityOfPage\":{\"@id\":\"https:\/\/www.prijedordanas.com\/?p=154229\"},\"wordCount\":688,\"publisher\":{\"@id\":\"https:\/\/www.prijedordanas.com\/#organization\"},\"keywords\":[\"korona\",\"\u0160tab za vanredne situacije grada Prijedora\"],\"articleSection\":[\"Svakodnevno\"],\"inLanguage\":\"en-US\"},{\"@type\":\"WebPage\",\"@id\":\"https:\/\/www.prijedordanas.com\/?p=154229\",\"url\":\"https:\/\/www.prijedordanas.com\/?p=154229\",\"name\":\"Na lije\u010denju u bolnici \u201cDr Mladen Stojanovi\u0107\u201d devet Prijedor\u010dana pozitivnih na korona virus: Zaklju\u010dci \u0160taba za vanredne situacije za 22. septembar - PrijedorDanas.com - Prijedorski gradski portal\",\"isPartOf\":{\"@id\":\"https:\/\/www.prijedordanas.com\/#website\"},\"datePublished\":\"2020-09-22T20:26:33+00:00\",\"dateModified\":\"2020-09-22T20:26:33+00:00\",\"breadcrumb\":{\"@id\":\"https:\/\/www.prijedordanas.com\/?p=154229#breadcrumb\"},\"inLanguage\":\"en-US\",\"potentialAction\":[{\"@type\":\"ReadAction\",\"target\":[\"https:\/\/www.prijedordanas.com\/?p=154229\"]}]},{\"@type\":\"BreadcrumbList\",\"@id\":\"https:\/\/www.prijedordanas.com\/?p=154229#breadcrumb\",\"itemListElement\":[{\"@type\":\"ListItem\",\"position\":1,\"name\":\"Home\",\"item\":\"https:\/\/www.prijedordanas.com\/\"},{\"@type\":\"ListItem\",\"position\":2,\"name\":\"Na lije\u010denju u bolnici \u201cDr Mladen Stojanovi\u0107\u201d devet Prijedor\u010dana pozitivnih na korona virus: Zaklju\u010dci \u0160taba za vanredne situacije za 22. septembar\"}]},{\"@type\":\"WebSite\",\"@id\":\"https:\/\/www.prijedordanas.com\/#website\",\"url\":\"https:\/\/www.prijedordanas.com\/\",\"name\":\"PrijedorDanas.com - Prijedorski gradski portal\",\"description\":\"Portal o doga\u0111anjima u gradu Prijedoru\",\"publisher\":{\"@id\":\"https:\/\/www.prijedordanas.com\/#organization\"},\"potentialAction\":[{\"@type\":\"SearchAction\",\"target\":{\"@type\":\"EntryPoint\",\"urlTemplate\":\"https:\/\/www.prijedordanas.com\/?s={search_term_string}\"},\"query-input\":\"required name=search_term_string\"}],\"inLanguage\":\"en-US\"},{\"@type\":\"Organization\",\"@id\":\"https:\/\/www.prijedordanas.com\/#organization\",\"name\":\"PrijedorDanas.com\",\"url\":\"https:\/\/www.prijedordanas.com\/\",\"logo\":{\"@type\":\"ImageObject\",\"inLanguage\":\"en-US\",\"@id\":\"https:\/\/www.prijedordanas.com\/#\/schema\/logo\/image\/\",\"url\":\"http:\/\/www.prijedordanas.com\/wp-content\/uploads\/2021\/12\/logopng.png\",\"contentUrl\":\"http:\/\/www.prijedordanas.com\/wp-content\/uploads\/2021\/12\/logopng.png\",\"width\":1019,\"height\":776,\"caption\":\"PrijedorDanas.com\"},\"image\":{\"@id\":\"https:\/\/www.prijedordanas.com\/#\/schema\/logo\/image\/\"},\"sameAs\":[\"https:\/\/www.facebook.com\/PrijedorDanasCom\/\"]},{\"@type\":\"Person\",\"@id\":\"https:\/\/www.prijedordanas.com\/#\/schema\/person\/4e08ccf29b506ca916ff86d46bb700e6\",\"name\":\"admin\",\"image\":{\"@type\":\"ImageObject\",\"inLanguage\":\"en-US\",\"@id\":\"https:\/\/www.prijedordanas.com\/#\/schema\/person\/image\/\",\"url\":\"https:\/\/secure.gravatar.com\/avatar\/1d3fc949d550f0b53a5f0d51e06dfd79?s=96&d=mm&r=g\",\"contentUrl\":\"https:\/\/secure.gravatar.com\/avatar\/1d3fc949d550f0b53a5f0d51e06dfd79?s=96&d=mm&r=g\",\"caption\":\"admin\"},\"url\":\"https:\/\/www.prijedordanas.com\/?author=1\"}]}<\/script>\n<!-- \/ Yoast SEO plugin. -->","yoast_head_json":{"title":"Na lije\u010denju u bolnici \u201cDr Mladen Stojanovi\u0107\u201d devet Prijedor\u010dana pozitivnih na korona virus: Zaklju\u010dci \u0160taba za vanredne situacije za 22. septembar - PrijedorDanas.com - Prijedorski gradski portal","robots":{"index":"index","follow":"follow","max-snippet":"max-snippet:-1","max-image-preview":"max-image-preview:large","max-video-preview":"max-video-preview:-1"},"canonical":"https:\/\/www.prijedordanas.com\/?p=154229","og_locale":"en_US","og_type":"article","og_title":"Na lije\u010denju u bolnici \u201cDr Mladen Stojanovi\u0107\u201d devet Prijedor\u010dana pozitivnih na korona virus: Zaklju\u010dci \u0160taba za vanredne situacije za 22. septembar - PrijedorDanas.com - Prijedorski gradski portal","og_description":"Na osnovu \u010dlana 39. stav 3. i \u010dlana 40. stav b., Zakona o za\u0161titi i spasavanju u vanrednim situacijama (&#8220;Slu\u017ebeni glasnik Republike Srpske&#8221;, broj: 121\/12) i \u010dlana 12. stav 3., [&hellip;]","og_url":"https:\/\/www.prijedordanas.com\/?p=154229","og_site_name":"PrijedorDanas.com - Prijedorski gradski portal","article_publisher":"https:\/\/www.facebook.com\/PrijedorDanasCom\/","article_published_time":"2020-09-22T20:26:33+00:00","og_image":[{"url":"https:\/\/www.prijedordanas.com\/wp-content\/uploads\/2020\/09\/stab-22septembar-4-300x225.jpg"}],"author":"admin","twitter_card":"summary_large_image","twitter_misc":{"Written by":"admin","Est. reading time":"3 minutes"},"schema":{"@context":"https:\/\/schema.org","@graph":[{"@type":"Article","@id":"https:\/\/www.prijedordanas.com\/?p=154229#article","isPartOf":{"@id":"https:\/\/www.prijedordanas.com\/?p=154229"},"author":{"name":"admin","@id":"https:\/\/www.prijedordanas.com\/#\/schema\/person\/4e08ccf29b506ca916ff86d46bb700e6"},"headline":"Na lije\u010denju u bolnici \u201cDr Mladen Stojanovi\u0107\u201d devet Prijedor\u010dana pozitivnih na korona virus: Zaklju\u010dci \u0160taba za vanredne situacije za 22. septembar","datePublished":"2020-09-22T20:26:33+00:00","dateModified":"2020-09-22T20:26:33+00:00","mainEntityOfPage":{"@id":"https:\/\/www.prijedordanas.com\/?p=154229"},"wordCount":688,"publisher":{"@id":"https:\/\/www.prijedordanas.com\/#organization"},"keywords":["korona","\u0160tab za vanredne situacije grada Prijedora"],"articleSection":["Svakodnevno"],"inLanguage":"en-US"},{"@type":"WebPage","@id":"https:\/\/www.prijedordanas.com\/?p=154229","url":"https:\/\/www.prijedordanas.com\/?p=154229","name":"Na lije\u010denju u bolnici \u201cDr Mladen Stojanovi\u0107\u201d devet Prijedor\u010dana pozitivnih na korona virus: Zaklju\u010dci \u0160taba za vanredne situacije za 22. septembar - PrijedorDanas.com - Prijedorski gradski portal","isPartOf":{"@id":"https:\/\/www.prijedordanas.com\/#website"},"datePublished":"2020-09-22T20:26:33+00:00","dateModified":"2020-09-22T20:26:33+00:00","breadcrumb":{"@id":"https:\/\/www.prijedordanas.com\/?p=154229#breadcrumb"},"inLanguage":"en-US","potentialAction":[{"@type":"ReadAction","target":["https:\/\/www.prijedordanas.com\/?p=154229"]}]},{"@type":"BreadcrumbList","@id":"https:\/\/www.prijedordanas.com\/?p=154229#breadcrumb","itemListElement":[{"@type":"ListItem","position":1,"name":"Home","item":"https:\/\/www.prijedordanas.com\/"},{"@type":"ListItem","position":2,"name":"Na lije\u010denju u bolnici \u201cDr Mladen Stojanovi\u0107\u201d devet Prijedor\u010dana pozitivnih na korona virus: Zaklju\u010dci \u0160taba za vanredne situacije za 22. septembar"}]},{"@type":"WebSite","@id":"https:\/\/www.prijedordanas.com\/#website","url":"https:\/\/www.prijedordanas.com\/","name":"PrijedorDanas.com - Prijedorski gradski portal","description":"Portal o doga\u0111anjima u gradu Prijedoru","publisher":{"@id":"https:\/\/www.prijedordanas.com\/#organization"},"potentialAction":[{"@type":"SearchAction","target":{"@type":"EntryPoint","urlTemplate":"https:\/\/www.prijedordanas.com\/?s={search_term_string}"},"query-input":"required name=search_term_string"}],"inLanguage":"en-US"},{"@type":"Organization","@id":"https:\/\/www.prijedordanas.com\/#organization","name":"PrijedorDanas.com","url":"https:\/\/www.prijedordanas.com\/","logo":{"@type":"ImageObject","inLanguage":"en-US","@id":"https:\/\/www.prijedordanas.com\/#\/schema\/logo\/image\/","url":"http:\/\/www.prijedordanas.com\/wp-content\/uploads\/2021\/12\/logopng.png","contentUrl":"http:\/\/www.prijedordanas.com\/wp-content\/uploads\/2021\/12\/logopng.png","width":1019,"height":776,"caption":"PrijedorDanas.com"},"image":{"@id":"https:\/\/www.prijedordanas.com\/#\/schema\/logo\/image\/"},"sameAs":["https:\/\/www.facebook.com\/PrijedorDanasCom\/"]},{"@type":"Person","@id":"https:\/\/www.prijedordanas.com\/#\/schema\/person\/4e08ccf29b506ca916ff86d46bb700e6","name":"admin","image":{"@type":"ImageObject","inLanguage":"en-US","@id":"https:\/\/www.prijedordanas.com\/#\/schema\/person\/image\/","url":"https:\/\/secure.gravatar.com\/avatar\/1d3fc949d550f0b53a5f0d51e06dfd79?s=96&d=mm&r=g","contentUrl":"https:\/\/secure.gravatar.com\/avatar\/1d3fc949d550f0b53a5f0d51e06dfd79?s=96&d=mm&r=g","caption":"admin"},"url":"https:\/\/www.prijedordanas.com\/?author=1"}]}},"_links":{"self":[{"href":"https:\/\/www.prijedordanas.com\/index.php?rest_route=\/wp\/v2\/posts\/154229"}],"collection":[{"href":"https:\/\/www.prijedordanas.com\/index.php?rest_route=\/wp\/v2\/posts"}],"about":[{"href":"https:\/\/www.prijedordanas.com\/index.php?rest_route=\/wp\/v2\/types\/post"}],"author":[{"embeddable":true,"href":"https:\/\/www.prijedordanas.com\/index.php?rest_route=\/wp\/v2\/users\/1"}],"replies":[{"embeddable":true,"href":"https:\/\/www.prijedordanas.com\/index.php?rest_route=%2Fwp%2Fv2%2Fcomments&post=154229"}],"version-history":[{"count":1,"href":"https:\/\/www.prijedordanas.com\/index.php?rest_route=\/wp\/v2\/posts\/154229\/revisions"}],"predecessor-version":[{"id":154230,"href":"https:\/\/www.prijedordanas.com\/index.php?rest_route=\/wp\/v2\/posts\/154229\/revisions\/154230"}],"wp:attachment":[{"href":"https:\/\/www.prijedordanas.com\/index.php?rest_route=%2Fwp%2Fv2%2Fmedia&parent=154229"}],"wp:term":[{"taxonomy":"category","embeddable":true,"href":"https:\/\/www.prijedordanas.com\/index.php?rest_route=%2Fwp%2Fv2%2Fcategories&post=154229"},{"taxonomy":"post_tag","embeddable":true,"href":"https:\/\/www.prijedordanas.com\/index.php?rest_route=%2Fwp%2Fv2%2Ftags&post=154229"}],"curies":[{"name":"wp","href":"https:\/\/api.w.org\/{rel}","templated":true}]}}