{"id":154213,"date":"2020-09-24T21:05:01","date_gmt":"2020-09-24T19:05:01","guid":{"rendered":"https:\/\/www.prijedordanas.com\/?p=154213"},"modified":"2020-09-24T21:05:01","modified_gmt":"2020-09-24T19:05:01","slug":"homeland-%d0%b4%d0%be%d1%80%d0%b0%d1%81-video","status":"publish","type":"post","link":"https:\/\/www.prijedordanas.com\/?p=154213","title":{"rendered":"Homeland-\u0414\u043e\u0440\u0430\u0441 &#8211; VIDEO"},"content":{"rendered":"<p><a href=\"https:\/\/www.prijedordanas.com\/wp-content\/uploads\/2020\/09\/ognjen-vlacina-prvi-s-lijeva.jpg\"><img loading=\"lazy\" decoding=\"async\" src=\"https:\/\/www.prijedordanas.com\/wp-content\/uploads\/2020\/09\/ognjen-vlacina-prvi-s-lijeva-300x222.jpg\" alt=\"\" width=\"300\" height=\"222\" class=\"alignleft size-medium wp-image-154347\" srcset=\"https:\/\/www.prijedordanas.com\/wp-content\/uploads\/2020\/09\/ognjen-vlacina-prvi-s-lijeva-300x222.jpg 300w, https:\/\/www.prijedordanas.com\/wp-content\/uploads\/2020\/09\/ognjen-vlacina-prvi-s-lijeva.jpg 675w\" sizes=\"(max-width: 300px) 100vw, 300px\" \/><\/a>Prijedor je oduvijek imao \u0161ta da poka\u017ee. <\/p>\n<p>Bilo da se radi o njegovim prirodnim ljepotama ili ljudima koji su \u017eivjeli u njemu ili negdje po &#8220;bijelom svijetu&#8221;.<\/p>\n<p>Bilo da se radi o nauci, sportu, kulturi, umjetnosti&#8230;<\/p>\n<p>U nastavku vam donosimo jedan video zapis nastao po ideji Ognjena Vla\u010dine i njegove pjesme &#8220;San&#8221; koju tako\u0111e mo\u017eete pro\u010ditati.<\/p>\n<p>Ako vam je neobi\u010dna kombinacija latinice i \u0107irilice, engleske rije\u010di i slenga, i mo\u017eda \u017eelite da prevedete naslov Homeland &#8211; \u0414\u043e\u0440\u0430\u0441, to u\u010dinite po svom slobodnom naho\u0111enju. <\/p>\n<p>Ognjen Vla\u010dina je ro\u0111en u Prijedoru 1978. godine i du\u017ee vremena \u017eivi u Beogradu, nego \u0161to je proveo pod Kozarom. <\/p>\n<p>Diplomirani je ekonomista i zaposlen je u IKEA-i.<\/p>\n<p>Njegove veze za zavi\u010dajem su sna\u017ene, oivi\u010dene porodicom i prijateljstvima du\u017eim od 25 godina, te ljubavi prema Sani, FK Rudar-Prijedoru, prijedorskoj Gimnaziji, \u0160A Festu, ljudima, ojka\u010di, prirodi&#8230;<\/p>\n<p>U slobodno vrijeme pi\u0161e poeziju, pjeva, komponuje, igra jo\u0161 uvijek mali fudbal (kralj beogradskih balona, kako ga je u \u0161ali jednom prilikom \u201ekrstio\u201c biv\u0161i kolega Milan Tomic\u0301), pije kraft pivo, povremeno pi\u0161e za portal BUKA, te voli i \u010duva svoje najdra\u017ee.<\/p>\n<p>U ekranizaciji ovog videa su mu zna\u010dajno pomogli drugar Igor Bajic\u0301 i prijatelj Igor Motl. Hvala im na tome.<\/p>\n<p>Homeland &#8211; \u0414\u043e\u0440\u0430\u0441 je video nastao po ideji Ognjena Vla\u010dine i njegove pjesme &#8220;San&#8221;.<br \/>\nsnimanje i monta\u017ea videa &#8211; Igor Baji\u0107<br \/>\nmuzika &#8211; www.bensound.com<\/p>\n<p>San<\/p>\n<p>Sanjao sam da letim<br \/>\niznad starog partizanskog groblja.<br \/>\nPogledam lijevo \u2013 neobi\u010dne gra\u0111e bolnica,<br \/>\npogledam desno \u2013 krovovi prijedorske Be\u017eanije.<br \/>\nBrzopotezno se preru\u0161avam u p\u010delu i brzim radom krila spu\u0161tam niz Kozarsku ulicu.<\/p>\n<p>Pro\u0111em tako novu crkvu i zgradu \u201eVodovoda\u201c, Te\u0161inic\u0301 i moderni \u201eTropik\u201c<br \/>\npa do\u0111em do doma u Kozarskoj 21a.<br \/>\nTu se vinem u nebo, da malo osmotrim stanje.<br \/>\nSpu\u0161tam se zatim strelovito, na prvi kru\u017eni tok i<br \/>\nProlazim ispod podvo\u017enjaka,<br \/>\nkao da izranjam iz vode, izvijam le\u0111a,<br \/>\nu bezbroj puta do sada.<\/p>\n<p>Dolazim do drugog kru\u017enog toka,<br \/>\npa nastavim ka zgradama suda i policije.<br \/>\nNa prvoj raskrsnici o\u0161tro skrec\u0301em lijevo,<br \/>\npored tr\u017enice, pa sve do \u201eMa\u0111arice\u201c.<br \/>\nTu se opet zanesem i uzletim visno.<br \/>\nVrac\u0301am se brzo, ka \u201ePatriji\u201c i odlazim do najdra\u017eeg gradskog stadiona na svijetu, prijedorskog \u201eTeatra snova\u201c,<br \/>\nparkiram u oblak,<br \/>\ngledam \u201ePec\u0301ane\u201c, park i \u201eRudni\u010dke zgrade\u201c.<br \/>\nPonovo \u201ePatrija\u201c i tu uzja\u0161em bicikl,<br \/>\ntog modernog konja,<br \/>\npa laganim kasom niz glavnu d\u017eadu.<\/p>\n<p>Ni\u017eu se ljudi,<br \/>\nni\u017eu se neljudi,<br \/>\nni\u017eu se izlozi,<br \/>\n\u201ekino Radnik\u201c, nekada\u0161nji \u201eEurosplet\u201c,<br \/>\npijem kafu \u201ekod Time\u201c,<br \/>\n\u201eBor\u010deva\u201c robna kuc\u0301a, pa gradska d\u017eamija i dom oficira,<br \/>\nslasti\u010darna kod \u201eRame\u201c i poslednji boem, ukusan k&#8217;o tetka Nenin.<br \/>\n\u0160aljem poljubac \u201eRadetic\u0301a Kuli\u201c i<br \/>\nstajem na gradski most sa \u017eutom ogradom.<br \/>\nProljetno sunce me miluje po licu i di\u0161em duboko.<br \/>\nSmje\u0161kam se bez napora i \u017emirim.<\/p>\n<p>Uzlec\u0301em sa mosta u bri\u0161uc\u0301em letu.<br \/>\nIza mene ostaju hotel Prijedor i urnisani teniski tereni preko puta Sane.<br \/>\nProlazim \u201eKic\u0301in Brod\u201c i \u0161ljunkaru,<br \/>\ndolazim na u\u0161c\u0301e Gomjenice u Sanu.<br \/>\nTu smo se beskona\u010dno kupali, mladi,<br \/>\ntu smo sanjali snove mladic\u0301a,<br \/>\ntu smo ..<\/p>\n<p>Letim \u017eurno dalje, iznad zeleno modre Sane,<br \/>\nkupam se u odsjajima topola i vrba,<br \/>\npa se prac\u0301akam kao pokoja preostala mladica.<br \/>\nProlazim pjenu\u0161ave brzake na \u017degeru i crveni most,<br \/>\nsa kog smo na noge skakali,<br \/>\nuzmahujem i brodim predivnim koritom i koloritom,<br \/>\nsve do manastira Klisine,<br \/>\ngdje sa visine nadzirem vrijedan rad monaha,<br \/>\n\u0161to krotko rukom miluju stoku.<br \/>\nVrac\u0301am se do Ni\u0161tavaca,<br \/>\ngdje neki klinci \u201epikaju\u201c lopte na obali i tu slec\u0301em,<br \/>\numoran i sretan,<br \/>\nda samo malo odrijemam,<br \/>\n\u017eelec\u0301i poslije jo\u0161 jedan krug vo\u017enje \u017eivota ..<\/p>\n<p>Vla\u010dina,<br \/>\n08.04.2019. godine<\/p>\n<p><iframe loading=\"lazy\" title=\"Homeland - \u0414\u043e\u0440\u0430\u0441\" width=\"500\" height=\"281\" src=\"https:\/\/www.youtube.com\/embed\/QfEvYPX_3D8?feature=oembed\" frameborder=\"0\" allow=\"accelerometer; autoplay; clipboard-write; encrypted-media; gyroscope; picture-in-picture\" allowfullscreen><\/iframe><\/p>\n","protected":false},"excerpt":{"rendered":"<p>Prijedor je oduvijek imao \u0161ta da poka\u017ee. Bilo da se radi o njegovim prirodnim ljepotama ili ljudima koji su \u017eivjeli u njemu ili negdje po &#8220;bijelom svijetu&#8221;. Bilo da se [&hellip;]<\/p>\n","protected":false},"author":1,"featured_media":0,"comment_status":"closed","ping_status":"open","sticky":false,"template":"","format":"standard","meta":{"_monsterinsights_skip_tracking":false,"_monsterinsights_sitenote_active":false,"_monsterinsights_sitenote_note":"","_monsterinsights_sitenote_category":0,"footnotes":""},"categories":[7517,3],"tags":[11347],"yoast_head":"<!-- This site is optimized with the Yoast SEO plugin v21.6 - https:\/\/yoast.com\/wordpress\/plugins\/seo\/ -->\n<title>Homeland-\u0414\u043e\u0440\u0430\u0441 - VIDEO - PrijedorDanas.com - Prijedorski gradski portal<\/title>\n<meta name=\"robots\" content=\"index, follow, max-snippet:-1, max-image-preview:large, max-video-preview:-1\" \/>\n<link rel=\"canonical\" href=\"https:\/\/www.prijedordanas.com\/?p=154213\" \/>\n<meta property=\"og:locale\" content=\"en_US\" \/>\n<meta property=\"og:type\" content=\"article\" \/>\n<meta property=\"og:title\" content=\"Homeland-\u0414\u043e\u0440\u0430\u0441 - VIDEO - PrijedorDanas.com - Prijedorski gradski portal\" \/>\n<meta property=\"og:description\" content=\"Prijedor je oduvijek imao \u0161ta da poka\u017ee. Bilo da se radi o njegovim prirodnim ljepotama ili ljudima koji su \u017eivjeli u njemu ili negdje po &#8220;bijelom svijetu&#8221;. Bilo da se [&hellip;]\" \/>\n<meta property=\"og:url\" content=\"https:\/\/www.prijedordanas.com\/?p=154213\" \/>\n<meta property=\"og:site_name\" content=\"PrijedorDanas.com - Prijedorski gradski portal\" \/>\n<meta property=\"article:publisher\" content=\"https:\/\/www.facebook.com\/PrijedorDanasCom\/\" \/>\n<meta property=\"article:published_time\" content=\"2020-09-24T19:05:01+00:00\" \/>\n<meta property=\"og:image\" content=\"https:\/\/www.prijedordanas.com\/wp-content\/uploads\/2020\/09\/ognjen-vlacina-prvi-s-lijeva-300x222.jpg\" \/>\n<meta name=\"author\" content=\"admin\" \/>\n<meta name=\"twitter:card\" content=\"summary_large_image\" \/>\n<meta name=\"twitter:label1\" content=\"Written by\" \/>\n\t<meta name=\"twitter:data1\" content=\"admin\" \/>\n\t<meta name=\"twitter:label2\" content=\"Est. reading time\" \/>\n\t<meta name=\"twitter:data2\" content=\"3 minutes\" \/>\n<script type=\"application\/ld+json\" class=\"yoast-schema-graph\">{\"@context\":\"https:\/\/schema.org\",\"@graph\":[{\"@type\":\"Article\",\"@id\":\"https:\/\/www.prijedordanas.com\/?p=154213#article\",\"isPartOf\":{\"@id\":\"https:\/\/www.prijedordanas.com\/?p=154213\"},\"author\":{\"name\":\"admin\",\"@id\":\"https:\/\/www.prijedordanas.com\/#\/schema\/person\/4e08ccf29b506ca916ff86d46bb700e6\"},\"headline\":\"Homeland-\u0414\u043e\u0440\u0430\u0441 &#8211; VIDEO\",\"datePublished\":\"2020-09-24T19:05:01+00:00\",\"dateModified\":\"2020-09-24T19:05:01+00:00\",\"mainEntityOfPage\":{\"@id\":\"https:\/\/www.prijedordanas.com\/?p=154213\"},\"wordCount\":657,\"publisher\":{\"@id\":\"https:\/\/www.prijedordanas.com\/#organization\"},\"keywords\":[\"Ognjen Vla\u010dina\"],\"articleSection\":[\"Video dana\",\"\u017divot\"],\"inLanguage\":\"en-US\"},{\"@type\":\"WebPage\",\"@id\":\"https:\/\/www.prijedordanas.com\/?p=154213\",\"url\":\"https:\/\/www.prijedordanas.com\/?p=154213\",\"name\":\"Homeland-\u0414\u043e\u0440\u0430\u0441 - VIDEO - PrijedorDanas.com - Prijedorski gradski portal\",\"isPartOf\":{\"@id\":\"https:\/\/www.prijedordanas.com\/#website\"},\"datePublished\":\"2020-09-24T19:05:01+00:00\",\"dateModified\":\"2020-09-24T19:05:01+00:00\",\"breadcrumb\":{\"@id\":\"https:\/\/www.prijedordanas.com\/?p=154213#breadcrumb\"},\"inLanguage\":\"en-US\",\"potentialAction\":[{\"@type\":\"ReadAction\",\"target\":[\"https:\/\/www.prijedordanas.com\/?p=154213\"]}]},{\"@type\":\"BreadcrumbList\",\"@id\":\"https:\/\/www.prijedordanas.com\/?p=154213#breadcrumb\",\"itemListElement\":[{\"@type\":\"ListItem\",\"position\":1,\"name\":\"Home\",\"item\":\"https:\/\/www.prijedordanas.com\/\"},{\"@type\":\"ListItem\",\"position\":2,\"name\":\"Homeland-\u0414\u043e\u0440\u0430\u0441 &#8211; VIDEO\"}]},{\"@type\":\"WebSite\",\"@id\":\"https:\/\/www.prijedordanas.com\/#website\",\"url\":\"https:\/\/www.prijedordanas.com\/\",\"name\":\"PrijedorDanas.com - Prijedorski gradski portal\",\"description\":\"Portal o doga\u0111anjima u gradu Prijedoru\",\"publisher\":{\"@id\":\"https:\/\/www.prijedordanas.com\/#organization\"},\"potentialAction\":[{\"@type\":\"SearchAction\",\"target\":{\"@type\":\"EntryPoint\",\"urlTemplate\":\"https:\/\/www.prijedordanas.com\/?s={search_term_string}\"},\"query-input\":\"required name=search_term_string\"}],\"inLanguage\":\"en-US\"},{\"@type\":\"Organization\",\"@id\":\"https:\/\/www.prijedordanas.com\/#organization\",\"name\":\"PrijedorDanas.com\",\"url\":\"https:\/\/www.prijedordanas.com\/\",\"logo\":{\"@type\":\"ImageObject\",\"inLanguage\":\"en-US\",\"@id\":\"https:\/\/www.prijedordanas.com\/#\/schema\/logo\/image\/\",\"url\":\"http:\/\/www.prijedordanas.com\/wp-content\/uploads\/2021\/12\/logopng.png\",\"contentUrl\":\"http:\/\/www.prijedordanas.com\/wp-content\/uploads\/2021\/12\/logopng.png\",\"width\":1019,\"height\":776,\"caption\":\"PrijedorDanas.com\"},\"image\":{\"@id\":\"https:\/\/www.prijedordanas.com\/#\/schema\/logo\/image\/\"},\"sameAs\":[\"https:\/\/www.facebook.com\/PrijedorDanasCom\/\"]},{\"@type\":\"Person\",\"@id\":\"https:\/\/www.prijedordanas.com\/#\/schema\/person\/4e08ccf29b506ca916ff86d46bb700e6\",\"name\":\"admin\",\"image\":{\"@type\":\"ImageObject\",\"inLanguage\":\"en-US\",\"@id\":\"https:\/\/www.prijedordanas.com\/#\/schema\/person\/image\/\",\"url\":\"https:\/\/secure.gravatar.com\/avatar\/1d3fc949d550f0b53a5f0d51e06dfd79?s=96&d=mm&r=g\",\"contentUrl\":\"https:\/\/secure.gravatar.com\/avatar\/1d3fc949d550f0b53a5f0d51e06dfd79?s=96&d=mm&r=g\",\"caption\":\"admin\"},\"url\":\"https:\/\/www.prijedordanas.com\/?author=1\"}]}<\/script>\n<!-- \/ Yoast SEO plugin. -->","yoast_head_json":{"title":"Homeland-\u0414\u043e\u0440\u0430\u0441 - VIDEO - PrijedorDanas.com - Prijedorski gradski portal","robots":{"index":"index","follow":"follow","max-snippet":"max-snippet:-1","max-image-preview":"max-image-preview:large","max-video-preview":"max-video-preview:-1"},"canonical":"https:\/\/www.prijedordanas.com\/?p=154213","og_locale":"en_US","og_type":"article","og_title":"Homeland-\u0414\u043e\u0440\u0430\u0441 - VIDEO - PrijedorDanas.com - Prijedorski gradski portal","og_description":"Prijedor je oduvijek imao \u0161ta da poka\u017ee. Bilo da se radi o njegovim prirodnim ljepotama ili ljudima koji su \u017eivjeli u njemu ili negdje po &#8220;bijelom svijetu&#8221;. Bilo da se [&hellip;]","og_url":"https:\/\/www.prijedordanas.com\/?p=154213","og_site_name":"PrijedorDanas.com - Prijedorski gradski portal","article_publisher":"https:\/\/www.facebook.com\/PrijedorDanasCom\/","article_published_time":"2020-09-24T19:05:01+00:00","og_image":[{"url":"https:\/\/www.prijedordanas.com\/wp-content\/uploads\/2020\/09\/ognjen-vlacina-prvi-s-lijeva-300x222.jpg"}],"author":"admin","twitter_card":"summary_large_image","twitter_misc":{"Written by":"admin","Est. reading time":"3 minutes"},"schema":{"@context":"https:\/\/schema.org","@graph":[{"@type":"Article","@id":"https:\/\/www.prijedordanas.com\/?p=154213#article","isPartOf":{"@id":"https:\/\/www.prijedordanas.com\/?p=154213"},"author":{"name":"admin","@id":"https:\/\/www.prijedordanas.com\/#\/schema\/person\/4e08ccf29b506ca916ff86d46bb700e6"},"headline":"Homeland-\u0414\u043e\u0440\u0430\u0441 &#8211; VIDEO","datePublished":"2020-09-24T19:05:01+00:00","dateModified":"2020-09-24T19:05:01+00:00","mainEntityOfPage":{"@id":"https:\/\/www.prijedordanas.com\/?p=154213"},"wordCount":657,"publisher":{"@id":"https:\/\/www.prijedordanas.com\/#organization"},"keywords":["Ognjen Vla\u010dina"],"articleSection":["Video dana","\u017divot"],"inLanguage":"en-US"},{"@type":"WebPage","@id":"https:\/\/www.prijedordanas.com\/?p=154213","url":"https:\/\/www.prijedordanas.com\/?p=154213","name":"Homeland-\u0414\u043e\u0440\u0430\u0441 - VIDEO - PrijedorDanas.com - Prijedorski gradski portal","isPartOf":{"@id":"https:\/\/www.prijedordanas.com\/#website"},"datePublished":"2020-09-24T19:05:01+00:00","dateModified":"2020-09-24T19:05:01+00:00","breadcrumb":{"@id":"https:\/\/www.prijedordanas.com\/?p=154213#breadcrumb"},"inLanguage":"en-US","potentialAction":[{"@type":"ReadAction","target":["https:\/\/www.prijedordanas.com\/?p=154213"]}]},{"@type":"BreadcrumbList","@id":"https:\/\/www.prijedordanas.com\/?p=154213#breadcrumb","itemListElement":[{"@type":"ListItem","position":1,"name":"Home","item":"https:\/\/www.prijedordanas.com\/"},{"@type":"ListItem","position":2,"name":"Homeland-\u0414\u043e\u0440\u0430\u0441 &#8211; VIDEO"}]},{"@type":"WebSite","@id":"https:\/\/www.prijedordanas.com\/#website","url":"https:\/\/www.prijedordanas.com\/","name":"PrijedorDanas.com - Prijedorski gradski portal","description":"Portal o doga\u0111anjima u gradu Prijedoru","publisher":{"@id":"https:\/\/www.prijedordanas.com\/#organization"},"potentialAction":[{"@type":"SearchAction","target":{"@type":"EntryPoint","urlTemplate":"https:\/\/www.prijedordanas.com\/?s={search_term_string}"},"query-input":"required name=search_term_string"}],"inLanguage":"en-US"},{"@type":"Organization","@id":"https:\/\/www.prijedordanas.com\/#organization","name":"PrijedorDanas.com","url":"https:\/\/www.prijedordanas.com\/","logo":{"@type":"ImageObject","inLanguage":"en-US","@id":"https:\/\/www.prijedordanas.com\/#\/schema\/logo\/image\/","url":"http:\/\/www.prijedordanas.com\/wp-content\/uploads\/2021\/12\/logopng.png","contentUrl":"http:\/\/www.prijedordanas.com\/wp-content\/uploads\/2021\/12\/logopng.png","width":1019,"height":776,"caption":"PrijedorDanas.com"},"image":{"@id":"https:\/\/www.prijedordanas.com\/#\/schema\/logo\/image\/"},"sameAs":["https:\/\/www.facebook.com\/PrijedorDanasCom\/"]},{"@type":"Person","@id":"https:\/\/www.prijedordanas.com\/#\/schema\/person\/4e08ccf29b506ca916ff86d46bb700e6","name":"admin","image":{"@type":"ImageObject","inLanguage":"en-US","@id":"https:\/\/www.prijedordanas.com\/#\/schema\/person\/image\/","url":"https:\/\/secure.gravatar.com\/avatar\/1d3fc949d550f0b53a5f0d51e06dfd79?s=96&d=mm&r=g","contentUrl":"https:\/\/secure.gravatar.com\/avatar\/1d3fc949d550f0b53a5f0d51e06dfd79?s=96&d=mm&r=g","caption":"admin"},"url":"https:\/\/www.prijedordanas.com\/?author=1"}]}},"_links":{"self":[{"href":"https:\/\/www.prijedordanas.com\/index.php?rest_route=\/wp\/v2\/posts\/154213"}],"collection":[{"href":"https:\/\/www.prijedordanas.com\/index.php?rest_route=\/wp\/v2\/posts"}],"about":[{"href":"https:\/\/www.prijedordanas.com\/index.php?rest_route=\/wp\/v2\/types\/post"}],"author":[{"embeddable":true,"href":"https:\/\/www.prijedordanas.com\/index.php?rest_route=\/wp\/v2\/users\/1"}],"replies":[{"embeddable":true,"href":"https:\/\/www.prijedordanas.com\/index.php?rest_route=%2Fwp%2Fv2%2Fcomments&post=154213"}],"version-history":[{"count":3,"href":"https:\/\/www.prijedordanas.com\/index.php?rest_route=\/wp\/v2\/posts\/154213\/revisions"}],"predecessor-version":[{"id":154358,"href":"https:\/\/www.prijedordanas.com\/index.php?rest_route=\/wp\/v2\/posts\/154213\/revisions\/154358"}],"wp:attachment":[{"href":"https:\/\/www.prijedordanas.com\/index.php?rest_route=%2Fwp%2Fv2%2Fmedia&parent=154213"}],"wp:term":[{"taxonomy":"category","embeddable":true,"href":"https:\/\/www.prijedordanas.com\/index.php?rest_route=%2Fwp%2Fv2%2Fcategories&post=154213"},{"taxonomy":"post_tag","embeddable":true,"href":"https:\/\/www.prijedordanas.com\/index.php?rest_route=%2Fwp%2Fv2%2Ftags&post=154213"}],"curies":[{"name":"wp","href":"https:\/\/api.w.org\/{rel}","templated":true}]}}