{"id":154145,"date":"2020-09-21T14:41:55","date_gmt":"2020-09-21T12:41:55","guid":{"rendered":"https:\/\/www.prijedordanas.com\/?p=154145"},"modified":"2020-09-21T14:41:55","modified_gmt":"2020-09-21T12:41:55","slug":"obiljezen-dan-prijedorskih-ratnih-brigada-foto","status":"publish","type":"post","link":"https:\/\/www.prijedordanas.com\/?p=154145","title":{"rendered":"Obilje\u017een Dan prijedorskih ratnih brigada &#8211; FOTO"},"content":{"rendered":"<p><a href=\"https:\/\/www.prijedordanas.com\/wp-content\/uploads\/2020\/09\/dan-prijedorskih-brigada-2020-1.jpg\"><img loading=\"lazy\" decoding=\"async\" class=\"alignleft size-medium wp-image-154147\" src=\"https:\/\/www.prijedordanas.com\/wp-content\/uploads\/2020\/09\/dan-prijedorskih-brigada-2020-1-215x300.jpg\" alt=\"\" width=\"215\" height=\"300\" srcset=\"https:\/\/www.prijedordanas.com\/wp-content\/uploads\/2020\/09\/dan-prijedorskih-brigada-2020-1-215x300.jpg 215w, https:\/\/www.prijedordanas.com\/wp-content\/uploads\/2020\/09\/dan-prijedorskih-brigada-2020-1.jpg 455w\" sizes=\"(max-width: 215px) 100vw, 215px\" \/><\/a>Slu\u017eenjem parastosa i polaganjem vijenaca ispred spomenika poginulim borcima odbrambeno-otad\u017ebinskog rata &#8220;Za krst \u010dasni&#8221; obilje\u017eena je 29. godi\u0161njica formiranja prijedorskih ratnih jedinica.<\/p>\n<p>Predsjednik Bora\u010dke organizacije Prijedora Zoran Predojevi\u0107 izjavio je da je ovo 19.godina kako se na Malu Gospojinu odnosno 21.septembra obilje\u017eava Dan formiranja Pete kozarske lake pje\u0161adijske i 43.motorizovane brigade.<\/p>\n<p>&#8220;Prije toga su formirane jedinice Ministarstva unutra\u0161njih poslova i danas evociramo uspomene na na\u0161e ratne drugove iz svih ovih jedinica i zaklinjemo se da nikada ne\u0107emo zaboraviti za\u0161to su oni poginuli&#8221;, rekao je Predojevi\u0107.<\/p>\n<p>On je dodao da su nakon 17.000 pre\u0111enih kilometara ratnog puta ove brigade u septembru 1995.godine odbranile grad Prijedor od napada paravojnih formacija.<\/p>\n<p><a href=\"https:\/\/www.prijedordanas.com\/wp-content\/uploads\/2020\/09\/dan-prijedorskih-brigada-2020-2.jpg\"><img loading=\"lazy\" decoding=\"async\" class=\"alignleft size-medium wp-image-154148\" src=\"https:\/\/www.prijedordanas.com\/wp-content\/uploads\/2020\/09\/dan-prijedorskih-brigada-2020-2-221x300.jpg\" alt=\"\" width=\"221\" height=\"300\" srcset=\"https:\/\/www.prijedordanas.com\/wp-content\/uploads\/2020\/09\/dan-prijedorskih-brigada-2020-2-221x300.jpg 221w, https:\/\/www.prijedordanas.com\/wp-content\/uploads\/2020\/09\/dan-prijedorskih-brigada-2020-2.jpg 457w\" sizes=\"(max-width: 221px) 100vw, 221px\" \/><\/a>&#8220;Prijedorske ratne birgade i jedinice policije su za stvaranje Republike Srpske dale 574 \u017eivota prijedorskih boraca i jo\u0161 68 boraca iz drugih gradova koji su bili u sastavu ovih jedinica&#8221;, istakao je Predojevi\u0107.<\/p>\n<p>Gradona\u010delnik Prijedora Milenko \u0110akovi\u0107 je izjavio da je ovo dan kada se sje\u0107amo \u010dasne i juna\u010dke borbe najhrabrijih srpskih sinova \u0161irom BiH, a brane\u0107i svoj narod i u Hrvatskoj.<\/p>\n<p>&#8220;Danas govorimo o slavi prijedorskih vojnih jedinica, ali i \u010dasti koja je pokazana na rati\u0161tima i ratni put ovih jedinica je ovjen\u010dan slavom, ali je na tom putu ostalo jako puno boraca i ratnih vojnih invalida &#8220;, rekao je \u0110akovi\u0107.<\/p>\n<p>Ovoj sve\u010danosti prisustvovao je i Slavko \u0160vraka borac prve kategorije 43 motorizovane brigade koji je istakao da je za prijedorske borce ovo izuzetan dan te da je ponosan \u0161to je dao doprinos djelovanju svoje brigade.<\/p>\n<p><a href=\"https:\/\/www.prijedordanas.com\/wp-content\/uploads\/2020\/09\/dan-prijedorskih-brigada-2020-5.jpg\"><img loading=\"lazy\" decoding=\"async\" src=\"https:\/\/www.prijedordanas.com\/wp-content\/uploads\/2020\/09\/dan-prijedorskih-brigada-2020-5-300x200.jpg\" alt=\"\" width=\"300\" height=\"200\" class=\"alignleft size-medium wp-image-154151\" srcset=\"https:\/\/www.prijedordanas.com\/wp-content\/uploads\/2020\/09\/dan-prijedorskih-brigada-2020-5-300x200.jpg 300w, https:\/\/www.prijedordanas.com\/wp-content\/uploads\/2020\/09\/dan-prijedorskih-brigada-2020-5-480x320.jpg 480w, https:\/\/www.prijedordanas.com\/wp-content\/uploads\/2020\/09\/dan-prijedorskih-brigada-2020-5.jpg 600w\" sizes=\"(max-width: 300px) 100vw, 300px\" \/><\/a>&#8220;Ovi dani treba da omladini i na\u0161im mladim nara\u0161tajima slu\u017ee za primjer jednog dobrog i organizovanog sastava brigada koje su kroz taj ratni period iznijele slobodu srpskom narodu na ovom podru\u010dju i da to po\u0161tuju&#8221;, rekao je \u0160vraka.<\/p>\n<p>Da je sje\u0107anje na poginule drugove i sugra\u0111ane ne\u0161to \u0161to treba da se prenosi na mlade isti\u010du i Bogdan Guski\u0107, pripadnik 5.kozarske brigade i Goran Gavranovi\u0107, kao pripadnik Policijske uprave Prijedor.<\/p>\n<p>&#8220;Veliki je doprinos i pripadnika policije ,a samo prijedorska policija je bila na 36 rati\u0161ta gdje je poginulo 36 policajaca i 126 ranjeno&#8221;, rekao je Gavranovi\u0107.<\/p>\n<p>Vijenci su potom polo\u017eeni i u spomen sobi u kasarni &#8220;\u017darko Zgonjanin&#8221;, a zbog aktuelne epidemiolo\u0161ke situacije ove godine izostalo je tradicionalno dru\u017eenje boraca i naroda na izleti\u0161tu kod crkve Ro\u0111enja Presvete Bogorodice na Pa\u0161incu.<\/p>\n<p>www.prijedorgrad.org<\/p>\n<p><a href=\"https:\/\/www.prijedordanas.com\/wp-content\/uploads\/2020\/09\/dan-prijedorskih-brigada-2020-3.jpg\"><img loading=\"lazy\" decoding=\"async\" class=\"alignleft size-medium wp-image-154149\" src=\"https:\/\/www.prijedordanas.com\/wp-content\/uploads\/2020\/09\/dan-prijedorskih-brigada-2020-3-300x222.jpg\" alt=\"\" width=\"300\" height=\"222\" srcset=\"https:\/\/www.prijedordanas.com\/wp-content\/uploads\/2020\/09\/dan-prijedorskih-brigada-2020-3-300x222.jpg 300w, https:\/\/www.prijedordanas.com\/wp-content\/uploads\/2020\/09\/dan-prijedorskih-brigada-2020-3.jpg 675w\" sizes=\"(max-width: 300px) 100vw, 300px\" \/><\/a> <a href=\"https:\/\/www.prijedordanas.com\/wp-content\/uploads\/2020\/09\/dan-prijedorskih-brigada-2020-4.jpg\"><img loading=\"lazy\" decoding=\"async\" class=\"alignleft size-medium wp-image-154150\" src=\"https:\/\/www.prijedordanas.com\/wp-content\/uploads\/2020\/09\/dan-prijedorskih-brigada-2020-4-300x222.jpg\" alt=\"\" width=\"300\" height=\"222\" srcset=\"https:\/\/www.prijedordanas.com\/wp-content\/uploads\/2020\/09\/dan-prijedorskih-brigada-2020-4-300x222.jpg 300w, https:\/\/www.prijedordanas.com\/wp-content\/uploads\/2020\/09\/dan-prijedorskih-brigada-2020-4.jpg 675w\" sizes=\"(max-width: 300px) 100vw, 300px\" \/><\/a> <a href=\"https:\/\/www.prijedordanas.com\/wp-content\/uploads\/2020\/09\/dan-prijedorskih-brigada-2020-6.jpg\"><img loading=\"lazy\" decoding=\"async\" src=\"https:\/\/www.prijedordanas.com\/wp-content\/uploads\/2020\/09\/dan-prijedorskih-brigada-2020-6-300x200.jpg\" alt=\"\" width=\"300\" height=\"200\" class=\"alignleft size-medium wp-image-154152\" srcset=\"https:\/\/www.prijedordanas.com\/wp-content\/uploads\/2020\/09\/dan-prijedorskih-brigada-2020-6-300x200.jpg 300w, https:\/\/www.prijedordanas.com\/wp-content\/uploads\/2020\/09\/dan-prijedorskih-brigada-2020-6-480x320.jpg 480w, https:\/\/www.prijedordanas.com\/wp-content\/uploads\/2020\/09\/dan-prijedorskih-brigada-2020-6.jpg 600w\" sizes=\"(max-width: 300px) 100vw, 300px\" \/><\/a> <a href=\"https:\/\/www.prijedordanas.com\/wp-content\/uploads\/2020\/09\/dan-prijedorskih-brigada-2020-7.jpg\"><img loading=\"lazy\" decoding=\"async\" src=\"https:\/\/www.prijedordanas.com\/wp-content\/uploads\/2020\/09\/dan-prijedorskih-brigada-2020-7-300x200.jpg\" alt=\"\" width=\"300\" height=\"200\" class=\"alignleft size-medium wp-image-154153\" srcset=\"https:\/\/www.prijedordanas.com\/wp-content\/uploads\/2020\/09\/dan-prijedorskih-brigada-2020-7-300x200.jpg 300w, https:\/\/www.prijedordanas.com\/wp-content\/uploads\/2020\/09\/dan-prijedorskih-brigada-2020-7-480x320.jpg 480w, https:\/\/www.prijedordanas.com\/wp-content\/uploads\/2020\/09\/dan-prijedorskih-brigada-2020-7.jpg 600w\" sizes=\"(max-width: 300px) 100vw, 300px\" \/><\/a> <a href=\"https:\/\/www.prijedordanas.com\/wp-content\/uploads\/2020\/09\/dan-prijedorskih-brigada-2020-9.jpg\"><img loading=\"lazy\" decoding=\"async\" src=\"https:\/\/www.prijedordanas.com\/wp-content\/uploads\/2020\/09\/dan-prijedorskih-brigada-2020-9-300x200.jpg\" alt=\"\" width=\"300\" height=\"200\" class=\"alignleft size-medium wp-image-154154\" srcset=\"https:\/\/www.prijedordanas.com\/wp-content\/uploads\/2020\/09\/dan-prijedorskih-brigada-2020-9-300x200.jpg 300w, https:\/\/www.prijedordanas.com\/wp-content\/uploads\/2020\/09\/dan-prijedorskih-brigada-2020-9-480x320.jpg 480w, https:\/\/www.prijedordanas.com\/wp-content\/uploads\/2020\/09\/dan-prijedorskih-brigada-2020-9.jpg 600w\" sizes=\"(max-width: 300px) 100vw, 300px\" \/><\/a> <a href=\"https:\/\/www.prijedordanas.com\/wp-content\/uploads\/2020\/09\/dan-prijedorskih-brigada-2020-10.jpg\"><img loading=\"lazy\" decoding=\"async\" src=\"https:\/\/www.prijedordanas.com\/wp-content\/uploads\/2020\/09\/dan-prijedorskih-brigada-2020-10-300x200.jpg\" alt=\"\" width=\"300\" height=\"200\" class=\"alignleft size-medium wp-image-154155\" srcset=\"https:\/\/www.prijedordanas.com\/wp-content\/uploads\/2020\/09\/dan-prijedorskih-brigada-2020-10-300x200.jpg 300w, https:\/\/www.prijedordanas.com\/wp-content\/uploads\/2020\/09\/dan-prijedorskih-brigada-2020-10-480x320.jpg 480w, https:\/\/www.prijedordanas.com\/wp-content\/uploads\/2020\/09\/dan-prijedorskih-brigada-2020-10.jpg 600w\" sizes=\"(max-width: 300px) 100vw, 300px\" \/><\/a> <a href=\"https:\/\/www.prijedordanas.com\/wp-content\/uploads\/2020\/09\/dan-prijedorskih-brigada-2020-8.jpg\"><img loading=\"lazy\" decoding=\"async\" src=\"https:\/\/www.prijedordanas.com\/wp-content\/uploads\/2020\/09\/dan-prijedorskih-brigada-2020-8-300x200.jpg\" alt=\"\" width=\"300\" height=\"200\" class=\"alignleft size-medium wp-image-154156\" srcset=\"https:\/\/www.prijedordanas.com\/wp-content\/uploads\/2020\/09\/dan-prijedorskih-brigada-2020-8-300x200.jpg 300w, https:\/\/www.prijedordanas.com\/wp-content\/uploads\/2020\/09\/dan-prijedorskih-brigada-2020-8-480x320.jpg 480w, https:\/\/www.prijedordanas.com\/wp-content\/uploads\/2020\/09\/dan-prijedorskih-brigada-2020-8.jpg 600w\" sizes=\"(max-width: 300px) 100vw, 300px\" \/><\/a> <a href=\"https:\/\/www.prijedordanas.com\/wp-content\/uploads\/2020\/09\/dan-prijedorskih-brigada-2020-11.jpg\"><img loading=\"lazy\" decoding=\"async\" src=\"https:\/\/www.prijedordanas.com\/wp-content\/uploads\/2020\/09\/dan-prijedorskih-brigada-2020-11-300x200.jpg\" alt=\"\" width=\"300\" height=\"200\" class=\"alignleft size-medium wp-image-154157\" srcset=\"https:\/\/www.prijedordanas.com\/wp-content\/uploads\/2020\/09\/dan-prijedorskih-brigada-2020-11-300x200.jpg 300w, https:\/\/www.prijedordanas.com\/wp-content\/uploads\/2020\/09\/dan-prijedorskih-brigada-2020-11-480x320.jpg 480w, https:\/\/www.prijedordanas.com\/wp-content\/uploads\/2020\/09\/dan-prijedorskih-brigada-2020-11.jpg 600w\" sizes=\"(max-width: 300px) 100vw, 300px\" \/><\/a> <a href=\"https:\/\/www.prijedordanas.com\/wp-content\/uploads\/2020\/09\/dan-prijedorskih-brigada-2020-13.jpg\"><img loading=\"lazy\" decoding=\"async\" src=\"https:\/\/www.prijedordanas.com\/wp-content\/uploads\/2020\/09\/dan-prijedorskih-brigada-2020-13-300x200.jpg\" alt=\"\" width=\"300\" height=\"200\" class=\"alignleft size-medium wp-image-154158\" srcset=\"https:\/\/www.prijedordanas.com\/wp-content\/uploads\/2020\/09\/dan-prijedorskih-brigada-2020-13-300x200.jpg 300w, https:\/\/www.prijedordanas.com\/wp-content\/uploads\/2020\/09\/dan-prijedorskih-brigada-2020-13-480x320.jpg 480w, https:\/\/www.prijedordanas.com\/wp-content\/uploads\/2020\/09\/dan-prijedorskih-brigada-2020-13.jpg 600w\" sizes=\"(max-width: 300px) 100vw, 300px\" \/><\/a> <a href=\"https:\/\/www.prijedordanas.com\/wp-content\/uploads\/2020\/09\/dan-prijedorskih-brigada-2020-12.jpg\"><img loading=\"lazy\" decoding=\"async\" src=\"https:\/\/www.prijedordanas.com\/wp-content\/uploads\/2020\/09\/dan-prijedorskih-brigada-2020-12-300x200.jpg\" alt=\"\" width=\"300\" height=\"200\" class=\"alignleft size-medium wp-image-154159\" srcset=\"https:\/\/www.prijedordanas.com\/wp-content\/uploads\/2020\/09\/dan-prijedorskih-brigada-2020-12-300x200.jpg 300w, https:\/\/www.prijedordanas.com\/wp-content\/uploads\/2020\/09\/dan-prijedorskih-brigada-2020-12-480x320.jpg 480w, https:\/\/www.prijedordanas.com\/wp-content\/uploads\/2020\/09\/dan-prijedorskih-brigada-2020-12.jpg 600w\" sizes=\"(max-width: 300px) 100vw, 300px\" \/><\/a> <a href=\"https:\/\/www.prijedordanas.com\/wp-content\/uploads\/2020\/09\/dan-prijedorskih-brigada-2020-14.jpg\"><img loading=\"lazy\" decoding=\"async\" src=\"https:\/\/www.prijedordanas.com\/wp-content\/uploads\/2020\/09\/dan-prijedorskih-brigada-2020-14-300x200.jpg\" alt=\"\" width=\"300\" height=\"200\" class=\"alignleft size-medium wp-image-154160\" srcset=\"https:\/\/www.prijedordanas.com\/wp-content\/uploads\/2020\/09\/dan-prijedorskih-brigada-2020-14-300x200.jpg 300w, https:\/\/www.prijedordanas.com\/wp-content\/uploads\/2020\/09\/dan-prijedorskih-brigada-2020-14-480x320.jpg 480w, https:\/\/www.prijedordanas.com\/wp-content\/uploads\/2020\/09\/dan-prijedorskih-brigada-2020-14.jpg 600w\" sizes=\"(max-width: 300px) 100vw, 300px\" \/><\/a><\/p>\n","protected":false},"excerpt":{"rendered":"<p>Slu\u017eenjem parastosa i polaganjem vijenaca ispred spomenika poginulim borcima odbrambeno-otad\u017ebinskog rata &#8220;Za krst \u010dasni&#8221; obilje\u017eena je 29. godi\u0161njica formiranja prijedorskih ratnih jedinica. Predsjednik Bora\u010dke organizacije Prijedora Zoran Predojevi\u0107 izjavio je [&hellip;]<\/p>\n","protected":false},"author":1,"featured_media":0,"comment_status":"closed","ping_status":"open","sticky":false,"template":"","format":"standard","meta":{"_monsterinsights_skip_tracking":false,"_monsterinsights_sitenote_active":false,"_monsterinsights_sitenote_note":"","_monsterinsights_sitenote_category":0,"footnotes":""},"categories":[8],"tags":[],"yoast_head":"<!-- This site is optimized with the Yoast SEO plugin v21.6 - https:\/\/yoast.com\/wordpress\/plugins\/seo\/ -->\n<title>Obilje\u017een Dan prijedorskih ratnih brigada - FOTO - PrijedorDanas.com - Prijedorski gradski portal<\/title>\n<meta name=\"robots\" content=\"index, follow, max-snippet:-1, max-image-preview:large, max-video-preview:-1\" \/>\n<link rel=\"canonical\" href=\"https:\/\/www.prijedordanas.com\/?p=154145\" \/>\n<meta property=\"og:locale\" content=\"en_US\" \/>\n<meta property=\"og:type\" content=\"article\" \/>\n<meta property=\"og:title\" content=\"Obilje\u017een Dan prijedorskih ratnih brigada - FOTO - PrijedorDanas.com - Prijedorski gradski portal\" \/>\n<meta property=\"og:description\" content=\"Slu\u017eenjem parastosa i polaganjem vijenaca ispred spomenika poginulim borcima odbrambeno-otad\u017ebinskog rata &#8220;Za krst \u010dasni&#8221; obilje\u017eena je 29. godi\u0161njica formiranja prijedorskih ratnih jedinica. Predsjednik Bora\u010dke organizacije Prijedora Zoran Predojevi\u0107 izjavio je [&hellip;]\" \/>\n<meta property=\"og:url\" content=\"https:\/\/www.prijedordanas.com\/?p=154145\" \/>\n<meta property=\"og:site_name\" content=\"PrijedorDanas.com - Prijedorski gradski portal\" \/>\n<meta property=\"article:publisher\" content=\"https:\/\/www.facebook.com\/PrijedorDanasCom\/\" \/>\n<meta property=\"article:published_time\" content=\"2020-09-21T12:41:55+00:00\" \/>\n<meta property=\"og:image\" content=\"https:\/\/www.prijedordanas.com\/wp-content\/uploads\/2020\/09\/dan-prijedorskih-brigada-2020-1-215x300.jpg\" \/>\n<meta name=\"author\" content=\"admin\" \/>\n<meta name=\"twitter:card\" content=\"summary_large_image\" \/>\n<meta name=\"twitter:label1\" content=\"Written by\" \/>\n\t<meta name=\"twitter:data1\" content=\"admin\" \/>\n\t<meta name=\"twitter:label2\" content=\"Est. reading time\" \/>\n\t<meta name=\"twitter:data2\" content=\"2 minutes\" \/>\n<script type=\"application\/ld+json\" class=\"yoast-schema-graph\">{\"@context\":\"https:\/\/schema.org\",\"@graph\":[{\"@type\":\"Article\",\"@id\":\"https:\/\/www.prijedordanas.com\/?p=154145#article\",\"isPartOf\":{\"@id\":\"https:\/\/www.prijedordanas.com\/?p=154145\"},\"author\":{\"name\":\"admin\",\"@id\":\"https:\/\/www.prijedordanas.com\/#\/schema\/person\/4e08ccf29b506ca916ff86d46bb700e6\"},\"headline\":\"Obilje\u017een Dan prijedorskih ratnih brigada &#8211; FOTO\",\"datePublished\":\"2020-09-21T12:41:55+00:00\",\"dateModified\":\"2020-09-21T12:41:55+00:00\",\"mainEntityOfPage\":{\"@id\":\"https:\/\/www.prijedordanas.com\/?p=154145\"},\"wordCount\":412,\"publisher\":{\"@id\":\"https:\/\/www.prijedordanas.com\/#organization\"},\"articleSection\":[\"Svakodnevno\"],\"inLanguage\":\"en-US\"},{\"@type\":\"WebPage\",\"@id\":\"https:\/\/www.prijedordanas.com\/?p=154145\",\"url\":\"https:\/\/www.prijedordanas.com\/?p=154145\",\"name\":\"Obilje\u017een Dan prijedorskih ratnih brigada - FOTO - PrijedorDanas.com - Prijedorski gradski portal\",\"isPartOf\":{\"@id\":\"https:\/\/www.prijedordanas.com\/#website\"},\"datePublished\":\"2020-09-21T12:41:55+00:00\",\"dateModified\":\"2020-09-21T12:41:55+00:00\",\"breadcrumb\":{\"@id\":\"https:\/\/www.prijedordanas.com\/?p=154145#breadcrumb\"},\"inLanguage\":\"en-US\",\"potentialAction\":[{\"@type\":\"ReadAction\",\"target\":[\"https:\/\/www.prijedordanas.com\/?p=154145\"]}]},{\"@type\":\"BreadcrumbList\",\"@id\":\"https:\/\/www.prijedordanas.com\/?p=154145#breadcrumb\",\"itemListElement\":[{\"@type\":\"ListItem\",\"position\":1,\"name\":\"Home\",\"item\":\"https:\/\/www.prijedordanas.com\/\"},{\"@type\":\"ListItem\",\"position\":2,\"name\":\"Obilje\u017een Dan prijedorskih ratnih brigada &#8211; FOTO\"}]},{\"@type\":\"WebSite\",\"@id\":\"https:\/\/www.prijedordanas.com\/#website\",\"url\":\"https:\/\/www.prijedordanas.com\/\",\"name\":\"PrijedorDanas.com - Prijedorski gradski portal\",\"description\":\"Portal o doga\u0111anjima u gradu Prijedoru\",\"publisher\":{\"@id\":\"https:\/\/www.prijedordanas.com\/#organization\"},\"potentialAction\":[{\"@type\":\"SearchAction\",\"target\":{\"@type\":\"EntryPoint\",\"urlTemplate\":\"https:\/\/www.prijedordanas.com\/?s={search_term_string}\"},\"query-input\":\"required name=search_term_string\"}],\"inLanguage\":\"en-US\"},{\"@type\":\"Organization\",\"@id\":\"https:\/\/www.prijedordanas.com\/#organization\",\"name\":\"PrijedorDanas.com\",\"url\":\"https:\/\/www.prijedordanas.com\/\",\"logo\":{\"@type\":\"ImageObject\",\"inLanguage\":\"en-US\",\"@id\":\"https:\/\/www.prijedordanas.com\/#\/schema\/logo\/image\/\",\"url\":\"http:\/\/www.prijedordanas.com\/wp-content\/uploads\/2021\/12\/logopng.png\",\"contentUrl\":\"http:\/\/www.prijedordanas.com\/wp-content\/uploads\/2021\/12\/logopng.png\",\"width\":1019,\"height\":776,\"caption\":\"PrijedorDanas.com\"},\"image\":{\"@id\":\"https:\/\/www.prijedordanas.com\/#\/schema\/logo\/image\/\"},\"sameAs\":[\"https:\/\/www.facebook.com\/PrijedorDanasCom\/\"]},{\"@type\":\"Person\",\"@id\":\"https:\/\/www.prijedordanas.com\/#\/schema\/person\/4e08ccf29b506ca916ff86d46bb700e6\",\"name\":\"admin\",\"image\":{\"@type\":\"ImageObject\",\"inLanguage\":\"en-US\",\"@id\":\"https:\/\/www.prijedordanas.com\/#\/schema\/person\/image\/\",\"url\":\"https:\/\/secure.gravatar.com\/avatar\/1d3fc949d550f0b53a5f0d51e06dfd79?s=96&d=mm&r=g\",\"contentUrl\":\"https:\/\/secure.gravatar.com\/avatar\/1d3fc949d550f0b53a5f0d51e06dfd79?s=96&d=mm&r=g\",\"caption\":\"admin\"},\"url\":\"https:\/\/www.prijedordanas.com\/?author=1\"}]}<\/script>\n<!-- \/ Yoast SEO plugin. -->","yoast_head_json":{"title":"Obilje\u017een Dan prijedorskih ratnih brigada - FOTO - PrijedorDanas.com - Prijedorski gradski portal","robots":{"index":"index","follow":"follow","max-snippet":"max-snippet:-1","max-image-preview":"max-image-preview:large","max-video-preview":"max-video-preview:-1"},"canonical":"https:\/\/www.prijedordanas.com\/?p=154145","og_locale":"en_US","og_type":"article","og_title":"Obilje\u017een Dan prijedorskih ratnih brigada - FOTO - PrijedorDanas.com - Prijedorski gradski portal","og_description":"Slu\u017eenjem parastosa i polaganjem vijenaca ispred spomenika poginulim borcima odbrambeno-otad\u017ebinskog rata &#8220;Za krst \u010dasni&#8221; obilje\u017eena je 29. godi\u0161njica formiranja prijedorskih ratnih jedinica. Predsjednik Bora\u010dke organizacije Prijedora Zoran Predojevi\u0107 izjavio je [&hellip;]","og_url":"https:\/\/www.prijedordanas.com\/?p=154145","og_site_name":"PrijedorDanas.com - Prijedorski gradski portal","article_publisher":"https:\/\/www.facebook.com\/PrijedorDanasCom\/","article_published_time":"2020-09-21T12:41:55+00:00","og_image":[{"url":"https:\/\/www.prijedordanas.com\/wp-content\/uploads\/2020\/09\/dan-prijedorskih-brigada-2020-1-215x300.jpg"}],"author":"admin","twitter_card":"summary_large_image","twitter_misc":{"Written by":"admin","Est. reading time":"2 minutes"},"schema":{"@context":"https:\/\/schema.org","@graph":[{"@type":"Article","@id":"https:\/\/www.prijedordanas.com\/?p=154145#article","isPartOf":{"@id":"https:\/\/www.prijedordanas.com\/?p=154145"},"author":{"name":"admin","@id":"https:\/\/www.prijedordanas.com\/#\/schema\/person\/4e08ccf29b506ca916ff86d46bb700e6"},"headline":"Obilje\u017een Dan prijedorskih ratnih brigada &#8211; FOTO","datePublished":"2020-09-21T12:41:55+00:00","dateModified":"2020-09-21T12:41:55+00:00","mainEntityOfPage":{"@id":"https:\/\/www.prijedordanas.com\/?p=154145"},"wordCount":412,"publisher":{"@id":"https:\/\/www.prijedordanas.com\/#organization"},"articleSection":["Svakodnevno"],"inLanguage":"en-US"},{"@type":"WebPage","@id":"https:\/\/www.prijedordanas.com\/?p=154145","url":"https:\/\/www.prijedordanas.com\/?p=154145","name":"Obilje\u017een Dan prijedorskih ratnih brigada - FOTO - PrijedorDanas.com - Prijedorski gradski portal","isPartOf":{"@id":"https:\/\/www.prijedordanas.com\/#website"},"datePublished":"2020-09-21T12:41:55+00:00","dateModified":"2020-09-21T12:41:55+00:00","breadcrumb":{"@id":"https:\/\/www.prijedordanas.com\/?p=154145#breadcrumb"},"inLanguage":"en-US","potentialAction":[{"@type":"ReadAction","target":["https:\/\/www.prijedordanas.com\/?p=154145"]}]},{"@type":"BreadcrumbList","@id":"https:\/\/www.prijedordanas.com\/?p=154145#breadcrumb","itemListElement":[{"@type":"ListItem","position":1,"name":"Home","item":"https:\/\/www.prijedordanas.com\/"},{"@type":"ListItem","position":2,"name":"Obilje\u017een Dan prijedorskih ratnih brigada &#8211; FOTO"}]},{"@type":"WebSite","@id":"https:\/\/www.prijedordanas.com\/#website","url":"https:\/\/www.prijedordanas.com\/","name":"PrijedorDanas.com - Prijedorski gradski portal","description":"Portal o doga\u0111anjima u gradu Prijedoru","publisher":{"@id":"https:\/\/www.prijedordanas.com\/#organization"},"potentialAction":[{"@type":"SearchAction","target":{"@type":"EntryPoint","urlTemplate":"https:\/\/www.prijedordanas.com\/?s={search_term_string}"},"query-input":"required name=search_term_string"}],"inLanguage":"en-US"},{"@type":"Organization","@id":"https:\/\/www.prijedordanas.com\/#organization","name":"PrijedorDanas.com","url":"https:\/\/www.prijedordanas.com\/","logo":{"@type":"ImageObject","inLanguage":"en-US","@id":"https:\/\/www.prijedordanas.com\/#\/schema\/logo\/image\/","url":"http:\/\/www.prijedordanas.com\/wp-content\/uploads\/2021\/12\/logopng.png","contentUrl":"http:\/\/www.prijedordanas.com\/wp-content\/uploads\/2021\/12\/logopng.png","width":1019,"height":776,"caption":"PrijedorDanas.com"},"image":{"@id":"https:\/\/www.prijedordanas.com\/#\/schema\/logo\/image\/"},"sameAs":["https:\/\/www.facebook.com\/PrijedorDanasCom\/"]},{"@type":"Person","@id":"https:\/\/www.prijedordanas.com\/#\/schema\/person\/4e08ccf29b506ca916ff86d46bb700e6","name":"admin","image":{"@type":"ImageObject","inLanguage":"en-US","@id":"https:\/\/www.prijedordanas.com\/#\/schema\/person\/image\/","url":"https:\/\/secure.gravatar.com\/avatar\/1d3fc949d550f0b53a5f0d51e06dfd79?s=96&d=mm&r=g","contentUrl":"https:\/\/secure.gravatar.com\/avatar\/1d3fc949d550f0b53a5f0d51e06dfd79?s=96&d=mm&r=g","caption":"admin"},"url":"https:\/\/www.prijedordanas.com\/?author=1"}]}},"_links":{"self":[{"href":"https:\/\/www.prijedordanas.com\/index.php?rest_route=\/wp\/v2\/posts\/154145"}],"collection":[{"href":"https:\/\/www.prijedordanas.com\/index.php?rest_route=\/wp\/v2\/posts"}],"about":[{"href":"https:\/\/www.prijedordanas.com\/index.php?rest_route=\/wp\/v2\/types\/post"}],"author":[{"embeddable":true,"href":"https:\/\/www.prijedordanas.com\/index.php?rest_route=\/wp\/v2\/users\/1"}],"replies":[{"embeddable":true,"href":"https:\/\/www.prijedordanas.com\/index.php?rest_route=%2Fwp%2Fv2%2Fcomments&post=154145"}],"version-history":[{"count":2,"href":"https:\/\/www.prijedordanas.com\/index.php?rest_route=\/wp\/v2\/posts\/154145\/revisions"}],"predecessor-version":[{"id":154161,"href":"https:\/\/www.prijedordanas.com\/index.php?rest_route=\/wp\/v2\/posts\/154145\/revisions\/154161"}],"wp:attachment":[{"href":"https:\/\/www.prijedordanas.com\/index.php?rest_route=%2Fwp%2Fv2%2Fmedia&parent=154145"}],"wp:term":[{"taxonomy":"category","embeddable":true,"href":"https:\/\/www.prijedordanas.com\/index.php?rest_route=%2Fwp%2Fv2%2Fcategories&post=154145"},{"taxonomy":"post_tag","embeddable":true,"href":"https:\/\/www.prijedordanas.com\/index.php?rest_route=%2Fwp%2Fv2%2Ftags&post=154145"}],"curies":[{"name":"wp","href":"https:\/\/api.w.org\/{rel}","templated":true}]}}