{"id":154086,"date":"2020-09-30T13:45:24","date_gmt":"2020-09-30T11:45:24","guid":{"rendered":"https:\/\/www.prijedordanas.com\/?p=154086"},"modified":"2020-09-30T13:45:24","modified_gmt":"2020-09-30T11:45:24","slug":"radionica-sta-se-krije-iza-maske-odrzana-u-prijedoru-foto","status":"publish","type":"post","link":"https:\/\/www.prijedordanas.com\/?p=154086","title":{"rendered":"Radionica &#8220;\u0160ta se krije iza maske&#8221; odr\u017eana u Prijedoru &#8211; FOTO"},"content":{"rendered":"<p><a href=\"https:\/\/www.prijedordanas.com\/wp-content\/uploads\/2020\/09\/sta-se-krije-iza-maske-1.jpg\"><img loading=\"lazy\" decoding=\"async\" class=\"alignleft size-medium wp-image-154589\" src=\"https:\/\/www.prijedordanas.com\/wp-content\/uploads\/2020\/09\/sta-se-krije-iza-maske-1-227x300.jpg\" alt=\"\" width=\"227\" height=\"300\" srcset=\"https:\/\/www.prijedordanas.com\/wp-content\/uploads\/2020\/09\/sta-se-krije-iza-maske-1-227x300.jpg 227w, https:\/\/www.prijedordanas.com\/wp-content\/uploads\/2020\/09\/sta-se-krije-iza-maske-1.jpg 454w\" sizes=\"(max-width: 227px) 100vw, 227px\" \/><\/a>U lapidarijumu Muzeja Kozare u Prijedoru je odr\u017eana radionica pod nazivom &#8220;\u0160ta se krije iza maske&#8221;.<\/p>\n<p>Radionicu su realizovali Muzej Kozare i Udru\u017eenje za o\u010duvanje tradicije Prijedor povodom obilje\u017eavanja Dana evropskog kulturnog naslje\u0111a.<\/p>\n<p>Vi\u0161i kustos za etnologiju u Muzeju Kozare Marija Radakovi\u0107 izjavila je da to kulturno naslje\u0111e treba da se prenese na sljede\u0107e generacije, te je upravo zbog tog razloga ova mala radionica okupila najmla\u0111e Prijedor\u010dane pred\u0161kolskog uzrasta.<\/p>\n<p>&#8220;Mislimo da vrlo rano treba po\u010deti s tim da djeca znaju ko su, odakle su, a maske su nam bile opredjeljenje najvi\u0161e zato \u0161to ne treba puno materijala i \u0161to u karakteristi\u010dne za neke narodne obi\u010daje&#8221;, navela je Radakovi\u0107eva koja je danas bila jedan od tri rukovodioca radionice.<\/p>\n<p>Diplomirani vaspita\u010d za tradicionalne igre Marina Krneta rekla je da se Dan evropskog kulturnog naslje\u0111a obilje\u017eava od 1985. godine u Francuskoj, a od 1999. godine ovo je postala tradicionalna jesenja manifestacija i ove godine tema je naslje\u0111e i obrazovanje.<\/p>\n<p><a href=\"https:\/\/www.prijedordanas.com\/wp-content\/uploads\/2020\/09\/sta-se-krije-iza-maske-6.jpg\"><img loading=\"lazy\" decoding=\"async\" src=\"https:\/\/www.prijedordanas.com\/wp-content\/uploads\/2020\/09\/sta-se-krije-iza-maske-6-300x231.jpg\" alt=\"\" width=\"300\" height=\"231\" class=\"alignleft size-medium wp-image-154590\" srcset=\"https:\/\/www.prijedordanas.com\/wp-content\/uploads\/2020\/09\/sta-se-krije-iza-maske-6-300x231.jpg 300w, https:\/\/www.prijedordanas.com\/wp-content\/uploads\/2020\/09\/sta-se-krije-iza-maske-6.jpg 650w\" sizes=\"(max-width: 300px) 100vw, 300px\" \/><\/a>&#8220;Mi smo odlu\u010dili da temu usmjerimo ka maskama i maskiranju povezano sa tradicionanim maskama i dana\u0161njicom, a za izradu maski koristilo smo stare novine, bra\u0161no i vodu&#8221;, rekla je Krneta.<\/p>\n<p>Direktor Udru\u017eenja za o\u010duvanje tradicije Prijedor \u017deljko \u0160ormaz izjavio je da je udru\u017eenje osnovano sa ciljem preno\u0161enja tradicije i obi\u010daja na mla\u0111a pokoljenja.<\/p>\n<p>&#8220;Nema ni\u0161ta ljep\u0161e od ovog dana kada djecu od pet-\u0161est godina u\u010dimo jednoj interesantnoj aktivnosti pravljenja ili oslikavanja maski koje su dio obi\u010daja vezanih za tradiciju na\u0161eg naroda&#8221;, rekao je \u0160ormaz.<\/p>\n<p>On je dodao da je ovo bila jedna od aktivnosti u ovom tradicionalno vaspitno- obrazovnom centru \u010dija je \u010dlanica Milana \u0106ulibrk bila tre\u0107i rukovodilac ove radionice.<\/p>\n<p>SRNA<\/p>\n<p><a href=\"https:\/\/www.prijedordanas.com\/wp-content\/uploads\/2020\/09\/sta-se-krije-iza-maske-2.jpg\"><img loading=\"lazy\" decoding=\"async\" src=\"https:\/\/www.prijedordanas.com\/wp-content\/uploads\/2020\/09\/sta-se-krije-iza-maske-2-300x141.jpg\" alt=\"\" width=\"300\" height=\"141\" class=\"alignleft size-medium wp-image-154591\" srcset=\"https:\/\/www.prijedordanas.com\/wp-content\/uploads\/2020\/09\/sta-se-krije-iza-maske-2-300x141.jpg 300w, https:\/\/www.prijedordanas.com\/wp-content\/uploads\/2020\/09\/sta-se-krije-iza-maske-2.jpg 600w\" sizes=\"(max-width: 300px) 100vw, 300px\" \/><\/a> <a href=\"https:\/\/www.prijedordanas.com\/wp-content\/uploads\/2020\/09\/sta-se-krije-iza-maske-3.jpg\"><img loading=\"lazy\" decoding=\"async\" src=\"https:\/\/www.prijedordanas.com\/wp-content\/uploads\/2020\/09\/sta-se-krije-iza-maske-3-300x141.jpg\" alt=\"\" width=\"300\" height=\"141\" class=\"alignleft size-medium wp-image-154592\" srcset=\"https:\/\/www.prijedordanas.com\/wp-content\/uploads\/2020\/09\/sta-se-krije-iza-maske-3-300x141.jpg 300w, https:\/\/www.prijedordanas.com\/wp-content\/uploads\/2020\/09\/sta-se-krije-iza-maske-3.jpg 600w\" sizes=\"(max-width: 300px) 100vw, 300px\" \/><\/a> <a href=\"https:\/\/www.prijedordanas.com\/wp-content\/uploads\/2020\/09\/sta-se-krije-iza-maske-4.jpg\"><img loading=\"lazy\" decoding=\"async\" src=\"https:\/\/www.prijedordanas.com\/wp-content\/uploads\/2020\/09\/sta-se-krije-iza-maske-4-300x141.jpg\" alt=\"\" width=\"300\" height=\"141\" class=\"alignleft size-medium wp-image-154593\" srcset=\"https:\/\/www.prijedordanas.com\/wp-content\/uploads\/2020\/09\/sta-se-krije-iza-maske-4-300x141.jpg 300w, https:\/\/www.prijedordanas.com\/wp-content\/uploads\/2020\/09\/sta-se-krije-iza-maske-4.jpg 600w\" sizes=\"(max-width: 300px) 100vw, 300px\" \/><\/a> <a href=\"https:\/\/www.prijedordanas.com\/wp-content\/uploads\/2020\/09\/sta-se-krije-iza-maske-5.jpg\"><img loading=\"lazy\" decoding=\"async\" src=\"https:\/\/www.prijedordanas.com\/wp-content\/uploads\/2020\/09\/sta-se-krije-iza-maske-5-300x141.jpg\" alt=\"\" width=\"300\" height=\"141\" class=\"alignleft size-medium wp-image-154594\" srcset=\"https:\/\/www.prijedordanas.com\/wp-content\/uploads\/2020\/09\/sta-se-krije-iza-maske-5-300x141.jpg 300w, https:\/\/www.prijedordanas.com\/wp-content\/uploads\/2020\/09\/sta-se-krije-iza-maske-5.jpg 600w\" sizes=\"(max-width: 300px) 100vw, 300px\" \/><\/a><\/p>\n","protected":false},"excerpt":{"rendered":"<p>U lapidarijumu Muzeja Kozare u Prijedoru je odr\u017eana radionica pod nazivom &#8220;\u0160ta se krije iza maske&#8221;. Radionicu su realizovali Muzej Kozare i Udru\u017eenje za o\u010duvanje tradicije Prijedor povodom obilje\u017eavanja Dana [&hellip;]<\/p>\n","protected":false},"author":1,"featured_media":0,"comment_status":"closed","ping_status":"open","sticky":false,"template":"","format":"standard","meta":{"_monsterinsights_skip_tracking":false,"_monsterinsights_sitenote_active":false,"_monsterinsights_sitenote_note":"","_monsterinsights_sitenote_category":0,"footnotes":""},"categories":[6],"tags":[11353,10678],"yoast_head":"<!-- This site is optimized with the Yoast SEO plugin v21.6 - https:\/\/yoast.com\/wordpress\/plugins\/seo\/ -->\n<title>Radionica &quot;\u0160ta se krije iza maske&quot; odr\u017eana u Prijedoru - FOTO - PrijedorDanas.com - Prijedorski gradski portal<\/title>\n<meta name=\"robots\" content=\"index, follow, max-snippet:-1, max-image-preview:large, max-video-preview:-1\" \/>\n<link rel=\"canonical\" href=\"https:\/\/www.prijedordanas.com\/?p=154086\" \/>\n<meta property=\"og:locale\" content=\"en_US\" \/>\n<meta property=\"og:type\" content=\"article\" \/>\n<meta property=\"og:title\" content=\"Radionica &quot;\u0160ta se krije iza maske&quot; odr\u017eana u Prijedoru - FOTO - PrijedorDanas.com - Prijedorski gradski portal\" \/>\n<meta property=\"og:description\" content=\"U lapidarijumu Muzeja Kozare u Prijedoru je odr\u017eana radionica pod nazivom &#8220;\u0160ta se krije iza maske&#8221;. Radionicu su realizovali Muzej Kozare i Udru\u017eenje za o\u010duvanje tradicije Prijedor povodom obilje\u017eavanja Dana [&hellip;]\" \/>\n<meta property=\"og:url\" content=\"https:\/\/www.prijedordanas.com\/?p=154086\" \/>\n<meta property=\"og:site_name\" content=\"PrijedorDanas.com - Prijedorski gradski portal\" \/>\n<meta property=\"article:publisher\" content=\"https:\/\/www.facebook.com\/PrijedorDanasCom\/\" \/>\n<meta property=\"article:published_time\" content=\"2020-09-30T11:45:24+00:00\" \/>\n<meta property=\"og:image\" content=\"https:\/\/www.prijedordanas.com\/wp-content\/uploads\/2020\/09\/sta-se-krije-iza-maske-1-227x300.jpg\" \/>\n<meta name=\"author\" content=\"admin\" \/>\n<meta name=\"twitter:card\" content=\"summary_large_image\" \/>\n<meta name=\"twitter:label1\" content=\"Written by\" \/>\n\t<meta name=\"twitter:data1\" content=\"admin\" \/>\n\t<meta name=\"twitter:label2\" content=\"Est. reading time\" \/>\n\t<meta name=\"twitter:data2\" content=\"2 minutes\" \/>\n<script type=\"application\/ld+json\" class=\"yoast-schema-graph\">{\"@context\":\"https:\/\/schema.org\",\"@graph\":[{\"@type\":\"Article\",\"@id\":\"https:\/\/www.prijedordanas.com\/?p=154086#article\",\"isPartOf\":{\"@id\":\"https:\/\/www.prijedordanas.com\/?p=154086\"},\"author\":{\"name\":\"admin\",\"@id\":\"https:\/\/www.prijedordanas.com\/#\/schema\/person\/4e08ccf29b506ca916ff86d46bb700e6\"},\"headline\":\"Radionica &#8220;\u0160ta se krije iza maske&#8221; odr\u017eana u Prijedoru &#8211; FOTO\",\"datePublished\":\"2020-09-30T11:45:24+00:00\",\"dateModified\":\"2020-09-30T11:45:24+00:00\",\"mainEntityOfPage\":{\"@id\":\"https:\/\/www.prijedordanas.com\/?p=154086\"},\"wordCount\":312,\"publisher\":{\"@id\":\"https:\/\/www.prijedordanas.com\/#organization\"},\"keywords\":[\"\u0160ta se krije iza maske\",\"Udru\u017eenje za o\u010duvanje tradicije Prijedor\"],\"articleSection\":[\"Kultura\"],\"inLanguage\":\"en-US\"},{\"@type\":\"WebPage\",\"@id\":\"https:\/\/www.prijedordanas.com\/?p=154086\",\"url\":\"https:\/\/www.prijedordanas.com\/?p=154086\",\"name\":\"Radionica \\\"\u0160ta se krije iza maske\\\" odr\u017eana u Prijedoru - FOTO - PrijedorDanas.com - Prijedorski gradski portal\",\"isPartOf\":{\"@id\":\"https:\/\/www.prijedordanas.com\/#website\"},\"datePublished\":\"2020-09-30T11:45:24+00:00\",\"dateModified\":\"2020-09-30T11:45:24+00:00\",\"breadcrumb\":{\"@id\":\"https:\/\/www.prijedordanas.com\/?p=154086#breadcrumb\"},\"inLanguage\":\"en-US\",\"potentialAction\":[{\"@type\":\"ReadAction\",\"target\":[\"https:\/\/www.prijedordanas.com\/?p=154086\"]}]},{\"@type\":\"BreadcrumbList\",\"@id\":\"https:\/\/www.prijedordanas.com\/?p=154086#breadcrumb\",\"itemListElement\":[{\"@type\":\"ListItem\",\"position\":1,\"name\":\"Home\",\"item\":\"https:\/\/www.prijedordanas.com\/\"},{\"@type\":\"ListItem\",\"position\":2,\"name\":\"Radionica &#8220;\u0160ta se krije iza maske&#8221; odr\u017eana u Prijedoru &#8211; FOTO\"}]},{\"@type\":\"WebSite\",\"@id\":\"https:\/\/www.prijedordanas.com\/#website\",\"url\":\"https:\/\/www.prijedordanas.com\/\",\"name\":\"PrijedorDanas.com - Prijedorski gradski portal\",\"description\":\"Portal o doga\u0111anjima u gradu Prijedoru\",\"publisher\":{\"@id\":\"https:\/\/www.prijedordanas.com\/#organization\"},\"potentialAction\":[{\"@type\":\"SearchAction\",\"target\":{\"@type\":\"EntryPoint\",\"urlTemplate\":\"https:\/\/www.prijedordanas.com\/?s={search_term_string}\"},\"query-input\":\"required name=search_term_string\"}],\"inLanguage\":\"en-US\"},{\"@type\":\"Organization\",\"@id\":\"https:\/\/www.prijedordanas.com\/#organization\",\"name\":\"PrijedorDanas.com\",\"url\":\"https:\/\/www.prijedordanas.com\/\",\"logo\":{\"@type\":\"ImageObject\",\"inLanguage\":\"en-US\",\"@id\":\"https:\/\/www.prijedordanas.com\/#\/schema\/logo\/image\/\",\"url\":\"http:\/\/www.prijedordanas.com\/wp-content\/uploads\/2021\/12\/logopng.png\",\"contentUrl\":\"http:\/\/www.prijedordanas.com\/wp-content\/uploads\/2021\/12\/logopng.png\",\"width\":1019,\"height\":776,\"caption\":\"PrijedorDanas.com\"},\"image\":{\"@id\":\"https:\/\/www.prijedordanas.com\/#\/schema\/logo\/image\/\"},\"sameAs\":[\"https:\/\/www.facebook.com\/PrijedorDanasCom\/\"]},{\"@type\":\"Person\",\"@id\":\"https:\/\/www.prijedordanas.com\/#\/schema\/person\/4e08ccf29b506ca916ff86d46bb700e6\",\"name\":\"admin\",\"image\":{\"@type\":\"ImageObject\",\"inLanguage\":\"en-US\",\"@id\":\"https:\/\/www.prijedordanas.com\/#\/schema\/person\/image\/\",\"url\":\"https:\/\/secure.gravatar.com\/avatar\/1d3fc949d550f0b53a5f0d51e06dfd79?s=96&d=mm&r=g\",\"contentUrl\":\"https:\/\/secure.gravatar.com\/avatar\/1d3fc949d550f0b53a5f0d51e06dfd79?s=96&d=mm&r=g\",\"caption\":\"admin\"},\"url\":\"https:\/\/www.prijedordanas.com\/?author=1\"}]}<\/script>\n<!-- \/ Yoast SEO plugin. -->","yoast_head_json":{"title":"Radionica \"\u0160ta se krije iza maske\" odr\u017eana u Prijedoru - FOTO - PrijedorDanas.com - Prijedorski gradski portal","robots":{"index":"index","follow":"follow","max-snippet":"max-snippet:-1","max-image-preview":"max-image-preview:large","max-video-preview":"max-video-preview:-1"},"canonical":"https:\/\/www.prijedordanas.com\/?p=154086","og_locale":"en_US","og_type":"article","og_title":"Radionica \"\u0160ta se krije iza maske\" odr\u017eana u Prijedoru - FOTO - PrijedorDanas.com - Prijedorski gradski portal","og_description":"U lapidarijumu Muzeja Kozare u Prijedoru je odr\u017eana radionica pod nazivom &#8220;\u0160ta se krije iza maske&#8221;. Radionicu su realizovali Muzej Kozare i Udru\u017eenje za o\u010duvanje tradicije Prijedor povodom obilje\u017eavanja Dana [&hellip;]","og_url":"https:\/\/www.prijedordanas.com\/?p=154086","og_site_name":"PrijedorDanas.com - Prijedorski gradski portal","article_publisher":"https:\/\/www.facebook.com\/PrijedorDanasCom\/","article_published_time":"2020-09-30T11:45:24+00:00","og_image":[{"url":"https:\/\/www.prijedordanas.com\/wp-content\/uploads\/2020\/09\/sta-se-krije-iza-maske-1-227x300.jpg"}],"author":"admin","twitter_card":"summary_large_image","twitter_misc":{"Written by":"admin","Est. reading time":"2 minutes"},"schema":{"@context":"https:\/\/schema.org","@graph":[{"@type":"Article","@id":"https:\/\/www.prijedordanas.com\/?p=154086#article","isPartOf":{"@id":"https:\/\/www.prijedordanas.com\/?p=154086"},"author":{"name":"admin","@id":"https:\/\/www.prijedordanas.com\/#\/schema\/person\/4e08ccf29b506ca916ff86d46bb700e6"},"headline":"Radionica &#8220;\u0160ta se krije iza maske&#8221; odr\u017eana u Prijedoru &#8211; FOTO","datePublished":"2020-09-30T11:45:24+00:00","dateModified":"2020-09-30T11:45:24+00:00","mainEntityOfPage":{"@id":"https:\/\/www.prijedordanas.com\/?p=154086"},"wordCount":312,"publisher":{"@id":"https:\/\/www.prijedordanas.com\/#organization"},"keywords":["\u0160ta se krije iza maske","Udru\u017eenje za o\u010duvanje tradicije Prijedor"],"articleSection":["Kultura"],"inLanguage":"en-US"},{"@type":"WebPage","@id":"https:\/\/www.prijedordanas.com\/?p=154086","url":"https:\/\/www.prijedordanas.com\/?p=154086","name":"Radionica \"\u0160ta se krije iza maske\" odr\u017eana u Prijedoru - FOTO - PrijedorDanas.com - Prijedorski gradski portal","isPartOf":{"@id":"https:\/\/www.prijedordanas.com\/#website"},"datePublished":"2020-09-30T11:45:24+00:00","dateModified":"2020-09-30T11:45:24+00:00","breadcrumb":{"@id":"https:\/\/www.prijedordanas.com\/?p=154086#breadcrumb"},"inLanguage":"en-US","potentialAction":[{"@type":"ReadAction","target":["https:\/\/www.prijedordanas.com\/?p=154086"]}]},{"@type":"BreadcrumbList","@id":"https:\/\/www.prijedordanas.com\/?p=154086#breadcrumb","itemListElement":[{"@type":"ListItem","position":1,"name":"Home","item":"https:\/\/www.prijedordanas.com\/"},{"@type":"ListItem","position":2,"name":"Radionica &#8220;\u0160ta se krije iza maske&#8221; odr\u017eana u Prijedoru &#8211; FOTO"}]},{"@type":"WebSite","@id":"https:\/\/www.prijedordanas.com\/#website","url":"https:\/\/www.prijedordanas.com\/","name":"PrijedorDanas.com - Prijedorski gradski portal","description":"Portal o doga\u0111anjima u gradu Prijedoru","publisher":{"@id":"https:\/\/www.prijedordanas.com\/#organization"},"potentialAction":[{"@type":"SearchAction","target":{"@type":"EntryPoint","urlTemplate":"https:\/\/www.prijedordanas.com\/?s={search_term_string}"},"query-input":"required name=search_term_string"}],"inLanguage":"en-US"},{"@type":"Organization","@id":"https:\/\/www.prijedordanas.com\/#organization","name":"PrijedorDanas.com","url":"https:\/\/www.prijedordanas.com\/","logo":{"@type":"ImageObject","inLanguage":"en-US","@id":"https:\/\/www.prijedordanas.com\/#\/schema\/logo\/image\/","url":"http:\/\/www.prijedordanas.com\/wp-content\/uploads\/2021\/12\/logopng.png","contentUrl":"http:\/\/www.prijedordanas.com\/wp-content\/uploads\/2021\/12\/logopng.png","width":1019,"height":776,"caption":"PrijedorDanas.com"},"image":{"@id":"https:\/\/www.prijedordanas.com\/#\/schema\/logo\/image\/"},"sameAs":["https:\/\/www.facebook.com\/PrijedorDanasCom\/"]},{"@type":"Person","@id":"https:\/\/www.prijedordanas.com\/#\/schema\/person\/4e08ccf29b506ca916ff86d46bb700e6","name":"admin","image":{"@type":"ImageObject","inLanguage":"en-US","@id":"https:\/\/www.prijedordanas.com\/#\/schema\/person\/image\/","url":"https:\/\/secure.gravatar.com\/avatar\/1d3fc949d550f0b53a5f0d51e06dfd79?s=96&d=mm&r=g","contentUrl":"https:\/\/secure.gravatar.com\/avatar\/1d3fc949d550f0b53a5f0d51e06dfd79?s=96&d=mm&r=g","caption":"admin"},"url":"https:\/\/www.prijedordanas.com\/?author=1"}]}},"_links":{"self":[{"href":"https:\/\/www.prijedordanas.com\/index.php?rest_route=\/wp\/v2\/posts\/154086"}],"collection":[{"href":"https:\/\/www.prijedordanas.com\/index.php?rest_route=\/wp\/v2\/posts"}],"about":[{"href":"https:\/\/www.prijedordanas.com\/index.php?rest_route=\/wp\/v2\/types\/post"}],"author":[{"embeddable":true,"href":"https:\/\/www.prijedordanas.com\/index.php?rest_route=\/wp\/v2\/users\/1"}],"replies":[{"embeddable":true,"href":"https:\/\/www.prijedordanas.com\/index.php?rest_route=%2Fwp%2Fv2%2Fcomments&post=154086"}],"version-history":[{"count":2,"href":"https:\/\/www.prijedordanas.com\/index.php?rest_route=\/wp\/v2\/posts\/154086\/revisions"}],"predecessor-version":[{"id":154595,"href":"https:\/\/www.prijedordanas.com\/index.php?rest_route=\/wp\/v2\/posts\/154086\/revisions\/154595"}],"wp:attachment":[{"href":"https:\/\/www.prijedordanas.com\/index.php?rest_route=%2Fwp%2Fv2%2Fmedia&parent=154086"}],"wp:term":[{"taxonomy":"category","embeddable":true,"href":"https:\/\/www.prijedordanas.com\/index.php?rest_route=%2Fwp%2Fv2%2Fcategories&post=154086"},{"taxonomy":"post_tag","embeddable":true,"href":"https:\/\/www.prijedordanas.com\/index.php?rest_route=%2Fwp%2Fv2%2Ftags&post=154086"}],"curies":[{"name":"wp","href":"https:\/\/api.w.org\/{rel}","templated":true}]}}