{"id":153952,"date":"2020-09-16T16:58:00","date_gmt":"2020-09-16T14:58:00","guid":{"rendered":"https:\/\/www.prijedordanas.com\/?p=153952"},"modified":"2020-09-16T16:58:00","modified_gmt":"2020-09-16T14:58:00","slug":"prijedor-eko-bel-ce-vrsiti-dezinsekciju-uze-gradske-zone","status":"publish","type":"post","link":"https:\/\/www.prijedordanas.com\/?p=153952","title":{"rendered":"Prijedor: &#8220;Eko-bel&#8221; \u0107e vr\u0161iti dezinsekciju u\u017ee gradske zone"},"content":{"rendered":"<p><a href=\"https:\/\/www.prijedordanas.com\/wp-content\/uploads\/2019\/07\/prijedor-iz-vazduha-proljece-2019-7.jpg\"><img loading=\"lazy\" decoding=\"async\" class=\"alignleft size-medium wp-image-130900\" src=\"https:\/\/www.prijedordanas.com\/wp-content\/uploads\/2019\/07\/prijedor-iz-vazduha-proljece-2019-7-300x217.jpg\" alt=\"\" width=\"300\" height=\"217\" srcset=\"https:\/\/www.prijedordanas.com\/wp-content\/uploads\/2019\/07\/prijedor-iz-vazduha-proljece-2019-7-300x217.jpg 300w, https:\/\/www.prijedordanas.com\/wp-content\/uploads\/2019\/07\/prijedor-iz-vazduha-proljece-2019-7-100x72.jpg 100w, https:\/\/www.prijedordanas.com\/wp-content\/uploads\/2019\/07\/prijedor-iz-vazduha-proljece-2019-7.jpg 690w\" sizes=\"(max-width: 300px) 100vw, 300px\" \/><\/a>Grad Prijedor izabrao je preduze\u0107e &#8220;Eko-bel&#8221; iz Lakta\u0161a kao najpovoljnijeg ponu\u0111a\u010da za provo\u0111enje sistematske dezinsekcije na podru\u010dju u\u017ee gradske zone, objavljeno je na sajtu Gradske uprave.<\/p>\n<p>Ponuda &#8220;Eko-bela&#8221; od 14.661 KM bez PDV-a bila je najpovoljnija i eliminisala je druga dva ponu\u0111a\u010da bijeljinsku &#8220;Dezinsekciju&#8221; \/14.694 KM\/ i zvorni\u010dku &#8220;Sanitaciju&#8221; \/30.500 KM\/.<\/p>\n<p>Izbor ponu\u0111a\u010da obavljen je putem konkurentskog zahtjeva i e-aukcije.<\/p>\n<p>SRNA<br \/>\nFoto &#8211; ilustracija<\/p>\n","protected":false},"excerpt":{"rendered":"<p>Grad Prijedor izabrao je preduze\u0107e &#8220;Eko-bel&#8221; iz Lakta\u0161a kao najpovoljnijeg ponu\u0111a\u010da za provo\u0111enje sistematske dezinsekcije na podru\u010dju u\u017ee gradske zone, objavljeno je na sajtu Gradske uprave. Ponuda &#8220;Eko-bela&#8221; od 14.661 [&hellip;]<\/p>\n","protected":false},"author":1,"featured_media":0,"comment_status":"closed","ping_status":"open","sticky":false,"template":"","format":"standard","meta":{"_monsterinsights_skip_tracking":false,"_monsterinsights_sitenote_active":false,"_monsterinsights_sitenote_note":"","_monsterinsights_sitenote_category":0,"footnotes":""},"categories":[4],"tags":[],"yoast_head":"<!-- This site is optimized with the Yoast SEO plugin v21.6 - https:\/\/yoast.com\/wordpress\/plugins\/seo\/ -->\n<title>Prijedor: &quot;Eko-bel&quot; \u0107e vr\u0161iti dezinsekciju u\u017ee gradske zone - PrijedorDanas.com - Prijedorski gradski portal<\/title>\n<meta name=\"robots\" content=\"index, follow, max-snippet:-1, max-image-preview:large, max-video-preview:-1\" \/>\n<link rel=\"canonical\" href=\"https:\/\/www.prijedordanas.com\/?p=153952\" \/>\n<meta property=\"og:locale\" content=\"en_US\" \/>\n<meta property=\"og:type\" content=\"article\" \/>\n<meta property=\"og:title\" content=\"Prijedor: &quot;Eko-bel&quot; \u0107e vr\u0161iti dezinsekciju u\u017ee gradske zone - PrijedorDanas.com - Prijedorski gradski portal\" \/>\n<meta property=\"og:description\" content=\"Grad Prijedor izabrao je preduze\u0107e &#8220;Eko-bel&#8221; iz Lakta\u0161a kao najpovoljnijeg ponu\u0111a\u010da za provo\u0111enje sistematske dezinsekcije na podru\u010dju u\u017ee gradske zone, objavljeno je na sajtu Gradske uprave. Ponuda &#8220;Eko-bela&#8221; od 14.661 [&hellip;]\" \/>\n<meta property=\"og:url\" content=\"https:\/\/www.prijedordanas.com\/?p=153952\" \/>\n<meta property=\"og:site_name\" content=\"PrijedorDanas.com - Prijedorski gradski portal\" \/>\n<meta property=\"article:publisher\" content=\"https:\/\/www.facebook.com\/PrijedorDanasCom\/\" \/>\n<meta property=\"article:published_time\" content=\"2020-09-16T14:58:00+00:00\" \/>\n<meta property=\"og:image\" content=\"https:\/\/www.prijedordanas.com\/wp-content\/uploads\/2019\/07\/prijedor-iz-vazduha-proljece-2019-7-300x217.jpg\" \/>\n<meta name=\"author\" content=\"admin\" \/>\n<meta name=\"twitter:card\" content=\"summary_large_image\" \/>\n<meta name=\"twitter:label1\" content=\"Written by\" \/>\n\t<meta name=\"twitter:data1\" content=\"admin\" \/>\n<script type=\"application\/ld+json\" class=\"yoast-schema-graph\">{\"@context\":\"https:\/\/schema.org\",\"@graph\":[{\"@type\":\"Article\",\"@id\":\"https:\/\/www.prijedordanas.com\/?p=153952#article\",\"isPartOf\":{\"@id\":\"https:\/\/www.prijedordanas.com\/?p=153952\"},\"author\":{\"name\":\"admin\",\"@id\":\"https:\/\/www.prijedordanas.com\/#\/schema\/person\/4e08ccf29b506ca916ff86d46bb700e6\"},\"headline\":\"Prijedor: &#8220;Eko-bel&#8221; \u0107e vr\u0161iti dezinsekciju u\u017ee gradske zone\",\"datePublished\":\"2020-09-16T14:58:00+00:00\",\"dateModified\":\"2020-09-16T14:58:00+00:00\",\"mainEntityOfPage\":{\"@id\":\"https:\/\/www.prijedordanas.com\/?p=153952\"},\"wordCount\":83,\"publisher\":{\"@id\":\"https:\/\/www.prijedordanas.com\/#organization\"},\"articleSection\":[\"Dru\u0161tvo\"],\"inLanguage\":\"en-US\"},{\"@type\":\"WebPage\",\"@id\":\"https:\/\/www.prijedordanas.com\/?p=153952\",\"url\":\"https:\/\/www.prijedordanas.com\/?p=153952\",\"name\":\"Prijedor: \\\"Eko-bel\\\" \u0107e vr\u0161iti dezinsekciju u\u017ee gradske zone - PrijedorDanas.com - Prijedorski gradski portal\",\"isPartOf\":{\"@id\":\"https:\/\/www.prijedordanas.com\/#website\"},\"datePublished\":\"2020-09-16T14:58:00+00:00\",\"dateModified\":\"2020-09-16T14:58:00+00:00\",\"breadcrumb\":{\"@id\":\"https:\/\/www.prijedordanas.com\/?p=153952#breadcrumb\"},\"inLanguage\":\"en-US\",\"potentialAction\":[{\"@type\":\"ReadAction\",\"target\":[\"https:\/\/www.prijedordanas.com\/?p=153952\"]}]},{\"@type\":\"BreadcrumbList\",\"@id\":\"https:\/\/www.prijedordanas.com\/?p=153952#breadcrumb\",\"itemListElement\":[{\"@type\":\"ListItem\",\"position\":1,\"name\":\"Home\",\"item\":\"https:\/\/www.prijedordanas.com\/\"},{\"@type\":\"ListItem\",\"position\":2,\"name\":\"Prijedor: &#8220;Eko-bel&#8221; \u0107e vr\u0161iti dezinsekciju u\u017ee gradske zone\"}]},{\"@type\":\"WebSite\",\"@id\":\"https:\/\/www.prijedordanas.com\/#website\",\"url\":\"https:\/\/www.prijedordanas.com\/\",\"name\":\"PrijedorDanas.com - Prijedorski gradski portal\",\"description\":\"Portal o doga\u0111anjima u gradu Prijedoru\",\"publisher\":{\"@id\":\"https:\/\/www.prijedordanas.com\/#organization\"},\"potentialAction\":[{\"@type\":\"SearchAction\",\"target\":{\"@type\":\"EntryPoint\",\"urlTemplate\":\"https:\/\/www.prijedordanas.com\/?s={search_term_string}\"},\"query-input\":\"required name=search_term_string\"}],\"inLanguage\":\"en-US\"},{\"@type\":\"Organization\",\"@id\":\"https:\/\/www.prijedordanas.com\/#organization\",\"name\":\"PrijedorDanas.com\",\"url\":\"https:\/\/www.prijedordanas.com\/\",\"logo\":{\"@type\":\"ImageObject\",\"inLanguage\":\"en-US\",\"@id\":\"https:\/\/www.prijedordanas.com\/#\/schema\/logo\/image\/\",\"url\":\"http:\/\/www.prijedordanas.com\/wp-content\/uploads\/2021\/12\/logopng.png\",\"contentUrl\":\"http:\/\/www.prijedordanas.com\/wp-content\/uploads\/2021\/12\/logopng.png\",\"width\":1019,\"height\":776,\"caption\":\"PrijedorDanas.com\"},\"image\":{\"@id\":\"https:\/\/www.prijedordanas.com\/#\/schema\/logo\/image\/\"},\"sameAs\":[\"https:\/\/www.facebook.com\/PrijedorDanasCom\/\"]},{\"@type\":\"Person\",\"@id\":\"https:\/\/www.prijedordanas.com\/#\/schema\/person\/4e08ccf29b506ca916ff86d46bb700e6\",\"name\":\"admin\",\"image\":{\"@type\":\"ImageObject\",\"inLanguage\":\"en-US\",\"@id\":\"https:\/\/www.prijedordanas.com\/#\/schema\/person\/image\/\",\"url\":\"https:\/\/secure.gravatar.com\/avatar\/1d3fc949d550f0b53a5f0d51e06dfd79?s=96&d=mm&r=g\",\"contentUrl\":\"https:\/\/secure.gravatar.com\/avatar\/1d3fc949d550f0b53a5f0d51e06dfd79?s=96&d=mm&r=g\",\"caption\":\"admin\"},\"url\":\"https:\/\/www.prijedordanas.com\/?author=1\"}]}<\/script>\n<!-- \/ Yoast SEO plugin. -->","yoast_head_json":{"title":"Prijedor: \"Eko-bel\" \u0107e vr\u0161iti dezinsekciju u\u017ee gradske zone - PrijedorDanas.com - Prijedorski gradski portal","robots":{"index":"index","follow":"follow","max-snippet":"max-snippet:-1","max-image-preview":"max-image-preview:large","max-video-preview":"max-video-preview:-1"},"canonical":"https:\/\/www.prijedordanas.com\/?p=153952","og_locale":"en_US","og_type":"article","og_title":"Prijedor: \"Eko-bel\" \u0107e vr\u0161iti dezinsekciju u\u017ee gradske zone - PrijedorDanas.com - Prijedorski gradski portal","og_description":"Grad Prijedor izabrao je preduze\u0107e &#8220;Eko-bel&#8221; iz Lakta\u0161a kao najpovoljnijeg ponu\u0111a\u010da za provo\u0111enje sistematske dezinsekcije na podru\u010dju u\u017ee gradske zone, objavljeno je na sajtu Gradske uprave. Ponuda &#8220;Eko-bela&#8221; od 14.661 [&hellip;]","og_url":"https:\/\/www.prijedordanas.com\/?p=153952","og_site_name":"PrijedorDanas.com - Prijedorski gradski portal","article_publisher":"https:\/\/www.facebook.com\/PrijedorDanasCom\/","article_published_time":"2020-09-16T14:58:00+00:00","og_image":[{"url":"https:\/\/www.prijedordanas.com\/wp-content\/uploads\/2019\/07\/prijedor-iz-vazduha-proljece-2019-7-300x217.jpg"}],"author":"admin","twitter_card":"summary_large_image","twitter_misc":{"Written by":"admin"},"schema":{"@context":"https:\/\/schema.org","@graph":[{"@type":"Article","@id":"https:\/\/www.prijedordanas.com\/?p=153952#article","isPartOf":{"@id":"https:\/\/www.prijedordanas.com\/?p=153952"},"author":{"name":"admin","@id":"https:\/\/www.prijedordanas.com\/#\/schema\/person\/4e08ccf29b506ca916ff86d46bb700e6"},"headline":"Prijedor: &#8220;Eko-bel&#8221; \u0107e vr\u0161iti dezinsekciju u\u017ee gradske zone","datePublished":"2020-09-16T14:58:00+00:00","dateModified":"2020-09-16T14:58:00+00:00","mainEntityOfPage":{"@id":"https:\/\/www.prijedordanas.com\/?p=153952"},"wordCount":83,"publisher":{"@id":"https:\/\/www.prijedordanas.com\/#organization"},"articleSection":["Dru\u0161tvo"],"inLanguage":"en-US"},{"@type":"WebPage","@id":"https:\/\/www.prijedordanas.com\/?p=153952","url":"https:\/\/www.prijedordanas.com\/?p=153952","name":"Prijedor: \"Eko-bel\" \u0107e vr\u0161iti dezinsekciju u\u017ee gradske zone - PrijedorDanas.com - Prijedorski gradski portal","isPartOf":{"@id":"https:\/\/www.prijedordanas.com\/#website"},"datePublished":"2020-09-16T14:58:00+00:00","dateModified":"2020-09-16T14:58:00+00:00","breadcrumb":{"@id":"https:\/\/www.prijedordanas.com\/?p=153952#breadcrumb"},"inLanguage":"en-US","potentialAction":[{"@type":"ReadAction","target":["https:\/\/www.prijedordanas.com\/?p=153952"]}]},{"@type":"BreadcrumbList","@id":"https:\/\/www.prijedordanas.com\/?p=153952#breadcrumb","itemListElement":[{"@type":"ListItem","position":1,"name":"Home","item":"https:\/\/www.prijedordanas.com\/"},{"@type":"ListItem","position":2,"name":"Prijedor: &#8220;Eko-bel&#8221; \u0107e vr\u0161iti dezinsekciju u\u017ee gradske zone"}]},{"@type":"WebSite","@id":"https:\/\/www.prijedordanas.com\/#website","url":"https:\/\/www.prijedordanas.com\/","name":"PrijedorDanas.com - Prijedorski gradski portal","description":"Portal o doga\u0111anjima u gradu Prijedoru","publisher":{"@id":"https:\/\/www.prijedordanas.com\/#organization"},"potentialAction":[{"@type":"SearchAction","target":{"@type":"EntryPoint","urlTemplate":"https:\/\/www.prijedordanas.com\/?s={search_term_string}"},"query-input":"required name=search_term_string"}],"inLanguage":"en-US"},{"@type":"Organization","@id":"https:\/\/www.prijedordanas.com\/#organization","name":"PrijedorDanas.com","url":"https:\/\/www.prijedordanas.com\/","logo":{"@type":"ImageObject","inLanguage":"en-US","@id":"https:\/\/www.prijedordanas.com\/#\/schema\/logo\/image\/","url":"http:\/\/www.prijedordanas.com\/wp-content\/uploads\/2021\/12\/logopng.png","contentUrl":"http:\/\/www.prijedordanas.com\/wp-content\/uploads\/2021\/12\/logopng.png","width":1019,"height":776,"caption":"PrijedorDanas.com"},"image":{"@id":"https:\/\/www.prijedordanas.com\/#\/schema\/logo\/image\/"},"sameAs":["https:\/\/www.facebook.com\/PrijedorDanasCom\/"]},{"@type":"Person","@id":"https:\/\/www.prijedordanas.com\/#\/schema\/person\/4e08ccf29b506ca916ff86d46bb700e6","name":"admin","image":{"@type":"ImageObject","inLanguage":"en-US","@id":"https:\/\/www.prijedordanas.com\/#\/schema\/person\/image\/","url":"https:\/\/secure.gravatar.com\/avatar\/1d3fc949d550f0b53a5f0d51e06dfd79?s=96&d=mm&r=g","contentUrl":"https:\/\/secure.gravatar.com\/avatar\/1d3fc949d550f0b53a5f0d51e06dfd79?s=96&d=mm&r=g","caption":"admin"},"url":"https:\/\/www.prijedordanas.com\/?author=1"}]}},"_links":{"self":[{"href":"https:\/\/www.prijedordanas.com\/index.php?rest_route=\/wp\/v2\/posts\/153952"}],"collection":[{"href":"https:\/\/www.prijedordanas.com\/index.php?rest_route=\/wp\/v2\/posts"}],"about":[{"href":"https:\/\/www.prijedordanas.com\/index.php?rest_route=\/wp\/v2\/types\/post"}],"author":[{"embeddable":true,"href":"https:\/\/www.prijedordanas.com\/index.php?rest_route=\/wp\/v2\/users\/1"}],"replies":[{"embeddable":true,"href":"https:\/\/www.prijedordanas.com\/index.php?rest_route=%2Fwp%2Fv2%2Fcomments&post=153952"}],"version-history":[{"count":1,"href":"https:\/\/www.prijedordanas.com\/index.php?rest_route=\/wp\/v2\/posts\/153952\/revisions"}],"predecessor-version":[{"id":153953,"href":"https:\/\/www.prijedordanas.com\/index.php?rest_route=\/wp\/v2\/posts\/153952\/revisions\/153953"}],"wp:attachment":[{"href":"https:\/\/www.prijedordanas.com\/index.php?rest_route=%2Fwp%2Fv2%2Fmedia&parent=153952"}],"wp:term":[{"taxonomy":"category","embeddable":true,"href":"https:\/\/www.prijedordanas.com\/index.php?rest_route=%2Fwp%2Fv2%2Fcategories&post=153952"},{"taxonomy":"post_tag","embeddable":true,"href":"https:\/\/www.prijedordanas.com\/index.php?rest_route=%2Fwp%2Fv2%2Ftags&post=153952"}],"curies":[{"name":"wp","href":"https:\/\/api.w.org\/{rel}","templated":true}]}}