{"id":15394,"date":"2015-02-04T14:52:47","date_gmt":"2015-02-04T13:52:47","guid":{"rendered":"https:\/\/www.prijedordanas.com\/?p=15394"},"modified":"2015-02-04T14:52:47","modified_gmt":"2015-02-04T13:52:47","slug":"ministarstvo-ne-dozvoljava-da-se-pripremni-program-za-buduce-prvacice-naplacuje-od-roditelja","status":"publish","type":"post","link":"https:\/\/www.prijedordanas.com\/?p=15394","title":{"rendered":"MINISTARSTVO NE DOZVOLJAVA DA SE PRIPREMNI PROGRAM ZA BUDU\u0106E PRVA\u010cI\u0106E NAPLA\u0106UJE OD RODITELJA"},"content":{"rendered":"<p><a href=\"https:\/\/www.prijedordanas.com\/wp-content\/uploads\/2015\/02\/os-branko-copic.jpg\"><img loading=\"lazy\" decoding=\"async\" src=\"https:\/\/www.prijedordanas.com\/wp-content\/uploads\/2015\/02\/os-branko-copic-300x199.jpg\" alt=\"os branko copic\" width=\"300\" height=\"199\" class=\"alignleft size-medium wp-image-15392\" srcset=\"https:\/\/www.prijedordanas.com\/wp-content\/uploads\/2015\/02\/os-branko-copic-300x199.jpg 300w, https:\/\/www.prijedordanas.com\/wp-content\/uploads\/2015\/02\/os-branko-copic.jpg 600w\" sizes=\"(max-width: 300px) 100vw, 300px\" \/><\/a>Osnovna \u0161kola &#8220;Branko \u0106opi\u0107&#8221; iz Prijedora nije dobila saglasnost Ministarstva prosvjete i kulture Republike Srpske da roditelji sufinasiraju pripremni program za budu\u0107e prva\u010di\u0107e, rekla je danas Srni direktor ove ustanove Sanja Munjiza.<\/p>\n<p>Munjiza je navela da je i ove godine velika zainteresovanost roditelja da se pripremni program organizuje i u centralnoj \u0161koli, ali da ova \u0161kola nije uvr\u0161tena u grupu \u0161kola u kojima \u0107e Ministarstvo finansirati rad vaspita\u010da i didakti\u010dki materijal. <\/p>\n<p>&#8220;U centralnoj \u0161koli ima dovoljno didakti\u010dkog materijala, ali je sporno finansiranje vaspita\u010da. Iako su nam roditelji tra\u017eili da oni sami finansiraju rad vaspita\u010da, \u0161to bi bilo 15 KM mjese\u010dno po djetetu, u Ministarstvu nam nisu dali saglasnost da roditelji snose bilo koji tro\u0161ak u bilo kojem iznosu&#8221;, navela je Munjiza. <\/p>\n<p>Ona je najavila da \u0107e se obratiti za pomo\u0107 potencijalnim sponzorima i prijateljima \u0161kole za finansiranje rada vaspita\u010da, \u0161to nije veliki tro\u0161ak, ali \u0161kola nema pravo da ga snosi iz vlastitih sredstava, \u010dak ni uprkos znatnim u\u0161tedama u vlastitom bud\u017eetu. <\/p>\n<p>&#8220;Sigurna sam da \u0107emo na\u0107i izvor finansiranja i da \u0107emo, osim u podru\u010dnoj, imati jednu grupu za pripremni program i u centralnoj \u0161koli&#8221;, dodala je Munjiza. <\/p>\n<p>Ona je pozvala roditelje budu\u0107ih prva\u010di\u0107a iz upisnog podru\u010dja Gomjenica da prijave djecu za pripremni program za pred\u0161kolce koji \u0107e se odvijati u podru\u010dnoj \u0161koli u Gomjenici od 2. marta do 29. juna uz podr\u0161ku Ministarstva prosvjete i kulture Republike Srpske i organizacije &#8220;Spasimo djecu&#8221; \/Save the Children\/. <\/p>\n<p>&#8220;Ovim putem iz O\u0160 `Branko \u0106opi\u0107` apeluju da se svi roditelji iz Gomjenice \u0161to prije jave radi evidentiranja budu\u0107ih \u0111aka prvaka. Pripremni program je, kao i svih prethodnih godina, besplatan&#8221;, saop\u0161teno je danas iz ove \u0161kole. <\/p>\n<p>Za razliku od pet osnovnih \u0161kola iz Prijedora i O\u0161tre Luke, gdje \u0107e pripremni program biti besplatan za roditelje, Dje\u010diji vrti\u0107 &#8220;Radost&#8221; iz Prijedora objavio je da \u0107e program pripreme za \u0161kolu budu\u0107ih prva\u010di\u0107a finansirati roditelji s 40 KM mjese\u010dno, navode\u0107i da \u0107e time, izme\u0111u ostalog, biti pokrivene plate vaspita\u010da i didakti\u010dki materijal, iako te tro\u0161kove u cijelosti pokriva Ministarstvo prosvjete i kulture Republike Srpske za tri mjeseca programa. <\/p>\n<p>SRNA<\/p>\n","protected":false},"excerpt":{"rendered":"<p>Osnovna \u0161kola &#8220;Branko \u0106opi\u0107&#8221; iz Prijedora nije dobila saglasnost Ministarstva prosvjete i kulture Republike Srpske da roditelji sufinasiraju pripremni program za budu\u0107e prva\u010di\u0107e, rekla je danas Srni direktor ove ustanove [&hellip;]<\/p>\n","protected":false},"author":1,"featured_media":0,"comment_status":"closed","ping_status":"open","sticky":false,"template":"","format":"standard","meta":{"_monsterinsights_skip_tracking":false,"_monsterinsights_sitenote_active":false,"_monsterinsights_sitenote_note":"","_monsterinsights_sitenote_category":0,"footnotes":""},"categories":[4],"tags":[],"yoast_head":"<!-- This site is optimized with the Yoast SEO plugin v21.6 - https:\/\/yoast.com\/wordpress\/plugins\/seo\/ -->\n<title>MINISTARSTVO NE DOZVOLJAVA DA SE PRIPREMNI PROGRAM ZA BUDU\u0106E PRVA\u010cI\u0106E NAPLA\u0106UJE OD RODITELJA - PrijedorDanas.com - Prijedorski gradski portal<\/title>\n<meta name=\"robots\" content=\"index, follow, max-snippet:-1, max-image-preview:large, max-video-preview:-1\" \/>\n<link rel=\"canonical\" href=\"https:\/\/www.prijedordanas.com\/?p=15394\" \/>\n<meta property=\"og:locale\" content=\"en_US\" \/>\n<meta property=\"og:type\" content=\"article\" \/>\n<meta property=\"og:title\" content=\"MINISTARSTVO NE DOZVOLJAVA DA SE PRIPREMNI PROGRAM ZA BUDU\u0106E PRVA\u010cI\u0106E NAPLA\u0106UJE OD RODITELJA - PrijedorDanas.com - Prijedorski gradski portal\" \/>\n<meta property=\"og:description\" content=\"Osnovna \u0161kola &#8220;Branko \u0106opi\u0107&#8221; iz Prijedora nije dobila saglasnost Ministarstva prosvjete i kulture Republike Srpske da roditelji sufinasiraju pripremni program za budu\u0107e prva\u010di\u0107e, rekla je danas Srni direktor ove ustanove [&hellip;]\" \/>\n<meta property=\"og:url\" content=\"https:\/\/www.prijedordanas.com\/?p=15394\" \/>\n<meta property=\"og:site_name\" content=\"PrijedorDanas.com - Prijedorski gradski portal\" \/>\n<meta property=\"article:publisher\" content=\"https:\/\/www.facebook.com\/PrijedorDanasCom\/\" \/>\n<meta property=\"article:published_time\" content=\"2015-02-04T13:52:47+00:00\" \/>\n<meta property=\"og:image\" content=\"https:\/\/www.prijedordanas.com\/wp-content\/uploads\/2015\/02\/os-branko-copic-300x199.jpg\" \/>\n<meta name=\"author\" content=\"admin\" \/>\n<meta name=\"twitter:card\" content=\"summary_large_image\" \/>\n<meta name=\"twitter:label1\" content=\"Written by\" \/>\n\t<meta name=\"twitter:data1\" content=\"admin\" \/>\n\t<meta name=\"twitter:label2\" content=\"Est. reading time\" \/>\n\t<meta name=\"twitter:data2\" content=\"2 minutes\" \/>\n<script type=\"application\/ld+json\" class=\"yoast-schema-graph\">{\"@context\":\"https:\/\/schema.org\",\"@graph\":[{\"@type\":\"Article\",\"@id\":\"https:\/\/www.prijedordanas.com\/?p=15394#article\",\"isPartOf\":{\"@id\":\"https:\/\/www.prijedordanas.com\/?p=15394\"},\"author\":{\"name\":\"admin\",\"@id\":\"https:\/\/www.prijedordanas.com\/#\/schema\/person\/4e08ccf29b506ca916ff86d46bb700e6\"},\"headline\":\"MINISTARSTVO NE DOZVOLJAVA DA SE PRIPREMNI PROGRAM ZA BUDU\u0106E PRVA\u010cI\u0106E NAPLA\u0106UJE OD RODITELJA\",\"datePublished\":\"2015-02-04T13:52:47+00:00\",\"dateModified\":\"2015-02-04T13:52:47+00:00\",\"mainEntityOfPage\":{\"@id\":\"https:\/\/www.prijedordanas.com\/?p=15394\"},\"wordCount\":392,\"publisher\":{\"@id\":\"https:\/\/www.prijedordanas.com\/#organization\"},\"articleSection\":[\"Dru\u0161tvo\"],\"inLanguage\":\"en-US\"},{\"@type\":\"WebPage\",\"@id\":\"https:\/\/www.prijedordanas.com\/?p=15394\",\"url\":\"https:\/\/www.prijedordanas.com\/?p=15394\",\"name\":\"MINISTARSTVO NE DOZVOLJAVA DA SE PRIPREMNI PROGRAM ZA BUDU\u0106E PRVA\u010cI\u0106E NAPLA\u0106UJE OD RODITELJA - PrijedorDanas.com - Prijedorski gradski portal\",\"isPartOf\":{\"@id\":\"https:\/\/www.prijedordanas.com\/#website\"},\"datePublished\":\"2015-02-04T13:52:47+00:00\",\"dateModified\":\"2015-02-04T13:52:47+00:00\",\"breadcrumb\":{\"@id\":\"https:\/\/www.prijedordanas.com\/?p=15394#breadcrumb\"},\"inLanguage\":\"en-US\",\"potentialAction\":[{\"@type\":\"ReadAction\",\"target\":[\"https:\/\/www.prijedordanas.com\/?p=15394\"]}]},{\"@type\":\"BreadcrumbList\",\"@id\":\"https:\/\/www.prijedordanas.com\/?p=15394#breadcrumb\",\"itemListElement\":[{\"@type\":\"ListItem\",\"position\":1,\"name\":\"Home\",\"item\":\"https:\/\/www.prijedordanas.com\/\"},{\"@type\":\"ListItem\",\"position\":2,\"name\":\"MINISTARSTVO NE DOZVOLJAVA DA SE PRIPREMNI PROGRAM ZA BUDU\u0106E PRVA\u010cI\u0106E NAPLA\u0106UJE OD RODITELJA\"}]},{\"@type\":\"WebSite\",\"@id\":\"https:\/\/www.prijedordanas.com\/#website\",\"url\":\"https:\/\/www.prijedordanas.com\/\",\"name\":\"PrijedorDanas.com - Prijedorski gradski portal\",\"description\":\"Portal o doga\u0111anjima u gradu Prijedoru\",\"publisher\":{\"@id\":\"https:\/\/www.prijedordanas.com\/#organization\"},\"potentialAction\":[{\"@type\":\"SearchAction\",\"target\":{\"@type\":\"EntryPoint\",\"urlTemplate\":\"https:\/\/www.prijedordanas.com\/?s={search_term_string}\"},\"query-input\":\"required name=search_term_string\"}],\"inLanguage\":\"en-US\"},{\"@type\":\"Organization\",\"@id\":\"https:\/\/www.prijedordanas.com\/#organization\",\"name\":\"PrijedorDanas.com\",\"url\":\"https:\/\/www.prijedordanas.com\/\",\"logo\":{\"@type\":\"ImageObject\",\"inLanguage\":\"en-US\",\"@id\":\"https:\/\/www.prijedordanas.com\/#\/schema\/logo\/image\/\",\"url\":\"http:\/\/www.prijedordanas.com\/wp-content\/uploads\/2021\/12\/logopng.png\",\"contentUrl\":\"http:\/\/www.prijedordanas.com\/wp-content\/uploads\/2021\/12\/logopng.png\",\"width\":1019,\"height\":776,\"caption\":\"PrijedorDanas.com\"},\"image\":{\"@id\":\"https:\/\/www.prijedordanas.com\/#\/schema\/logo\/image\/\"},\"sameAs\":[\"https:\/\/www.facebook.com\/PrijedorDanasCom\/\"]},{\"@type\":\"Person\",\"@id\":\"https:\/\/www.prijedordanas.com\/#\/schema\/person\/4e08ccf29b506ca916ff86d46bb700e6\",\"name\":\"admin\",\"image\":{\"@type\":\"ImageObject\",\"inLanguage\":\"en-US\",\"@id\":\"https:\/\/www.prijedordanas.com\/#\/schema\/person\/image\/\",\"url\":\"https:\/\/secure.gravatar.com\/avatar\/1d3fc949d550f0b53a5f0d51e06dfd79?s=96&d=mm&r=g\",\"contentUrl\":\"https:\/\/secure.gravatar.com\/avatar\/1d3fc949d550f0b53a5f0d51e06dfd79?s=96&d=mm&r=g\",\"caption\":\"admin\"},\"url\":\"https:\/\/www.prijedordanas.com\/?author=1\"}]}<\/script>\n<!-- \/ Yoast SEO plugin. -->","yoast_head_json":{"title":"MINISTARSTVO NE DOZVOLJAVA DA SE PRIPREMNI PROGRAM ZA BUDU\u0106E PRVA\u010cI\u0106E NAPLA\u0106UJE OD RODITELJA - PrijedorDanas.com - Prijedorski gradski portal","robots":{"index":"index","follow":"follow","max-snippet":"max-snippet:-1","max-image-preview":"max-image-preview:large","max-video-preview":"max-video-preview:-1"},"canonical":"https:\/\/www.prijedordanas.com\/?p=15394","og_locale":"en_US","og_type":"article","og_title":"MINISTARSTVO NE DOZVOLJAVA DA SE PRIPREMNI PROGRAM ZA BUDU\u0106E PRVA\u010cI\u0106E NAPLA\u0106UJE OD RODITELJA - PrijedorDanas.com - Prijedorski gradski portal","og_description":"Osnovna \u0161kola &#8220;Branko \u0106opi\u0107&#8221; iz Prijedora nije dobila saglasnost Ministarstva prosvjete i kulture Republike Srpske da roditelji sufinasiraju pripremni program za budu\u0107e prva\u010di\u0107e, rekla je danas Srni direktor ove ustanove [&hellip;]","og_url":"https:\/\/www.prijedordanas.com\/?p=15394","og_site_name":"PrijedorDanas.com - Prijedorski gradski portal","article_publisher":"https:\/\/www.facebook.com\/PrijedorDanasCom\/","article_published_time":"2015-02-04T13:52:47+00:00","og_image":[{"url":"https:\/\/www.prijedordanas.com\/wp-content\/uploads\/2015\/02\/os-branko-copic-300x199.jpg"}],"author":"admin","twitter_card":"summary_large_image","twitter_misc":{"Written by":"admin","Est. reading time":"2 minutes"},"schema":{"@context":"https:\/\/schema.org","@graph":[{"@type":"Article","@id":"https:\/\/www.prijedordanas.com\/?p=15394#article","isPartOf":{"@id":"https:\/\/www.prijedordanas.com\/?p=15394"},"author":{"name":"admin","@id":"https:\/\/www.prijedordanas.com\/#\/schema\/person\/4e08ccf29b506ca916ff86d46bb700e6"},"headline":"MINISTARSTVO NE DOZVOLJAVA DA SE PRIPREMNI PROGRAM ZA BUDU\u0106E PRVA\u010cI\u0106E NAPLA\u0106UJE OD RODITELJA","datePublished":"2015-02-04T13:52:47+00:00","dateModified":"2015-02-04T13:52:47+00:00","mainEntityOfPage":{"@id":"https:\/\/www.prijedordanas.com\/?p=15394"},"wordCount":392,"publisher":{"@id":"https:\/\/www.prijedordanas.com\/#organization"},"articleSection":["Dru\u0161tvo"],"inLanguage":"en-US"},{"@type":"WebPage","@id":"https:\/\/www.prijedordanas.com\/?p=15394","url":"https:\/\/www.prijedordanas.com\/?p=15394","name":"MINISTARSTVO NE DOZVOLJAVA DA SE PRIPREMNI PROGRAM ZA BUDU\u0106E PRVA\u010cI\u0106E NAPLA\u0106UJE OD RODITELJA - PrijedorDanas.com - Prijedorski gradski portal","isPartOf":{"@id":"https:\/\/www.prijedordanas.com\/#website"},"datePublished":"2015-02-04T13:52:47+00:00","dateModified":"2015-02-04T13:52:47+00:00","breadcrumb":{"@id":"https:\/\/www.prijedordanas.com\/?p=15394#breadcrumb"},"inLanguage":"en-US","potentialAction":[{"@type":"ReadAction","target":["https:\/\/www.prijedordanas.com\/?p=15394"]}]},{"@type":"BreadcrumbList","@id":"https:\/\/www.prijedordanas.com\/?p=15394#breadcrumb","itemListElement":[{"@type":"ListItem","position":1,"name":"Home","item":"https:\/\/www.prijedordanas.com\/"},{"@type":"ListItem","position":2,"name":"MINISTARSTVO NE DOZVOLJAVA DA SE PRIPREMNI PROGRAM ZA BUDU\u0106E PRVA\u010cI\u0106E NAPLA\u0106UJE OD RODITELJA"}]},{"@type":"WebSite","@id":"https:\/\/www.prijedordanas.com\/#website","url":"https:\/\/www.prijedordanas.com\/","name":"PrijedorDanas.com - Prijedorski gradski portal","description":"Portal o doga\u0111anjima u gradu Prijedoru","publisher":{"@id":"https:\/\/www.prijedordanas.com\/#organization"},"potentialAction":[{"@type":"SearchAction","target":{"@type":"EntryPoint","urlTemplate":"https:\/\/www.prijedordanas.com\/?s={search_term_string}"},"query-input":"required name=search_term_string"}],"inLanguage":"en-US"},{"@type":"Organization","@id":"https:\/\/www.prijedordanas.com\/#organization","name":"PrijedorDanas.com","url":"https:\/\/www.prijedordanas.com\/","logo":{"@type":"ImageObject","inLanguage":"en-US","@id":"https:\/\/www.prijedordanas.com\/#\/schema\/logo\/image\/","url":"http:\/\/www.prijedordanas.com\/wp-content\/uploads\/2021\/12\/logopng.png","contentUrl":"http:\/\/www.prijedordanas.com\/wp-content\/uploads\/2021\/12\/logopng.png","width":1019,"height":776,"caption":"PrijedorDanas.com"},"image":{"@id":"https:\/\/www.prijedordanas.com\/#\/schema\/logo\/image\/"},"sameAs":["https:\/\/www.facebook.com\/PrijedorDanasCom\/"]},{"@type":"Person","@id":"https:\/\/www.prijedordanas.com\/#\/schema\/person\/4e08ccf29b506ca916ff86d46bb700e6","name":"admin","image":{"@type":"ImageObject","inLanguage":"en-US","@id":"https:\/\/www.prijedordanas.com\/#\/schema\/person\/image\/","url":"https:\/\/secure.gravatar.com\/avatar\/1d3fc949d550f0b53a5f0d51e06dfd79?s=96&d=mm&r=g","contentUrl":"https:\/\/secure.gravatar.com\/avatar\/1d3fc949d550f0b53a5f0d51e06dfd79?s=96&d=mm&r=g","caption":"admin"},"url":"https:\/\/www.prijedordanas.com\/?author=1"}]}},"_links":{"self":[{"href":"https:\/\/www.prijedordanas.com\/index.php?rest_route=\/wp\/v2\/posts\/15394"}],"collection":[{"href":"https:\/\/www.prijedordanas.com\/index.php?rest_route=\/wp\/v2\/posts"}],"about":[{"href":"https:\/\/www.prijedordanas.com\/index.php?rest_route=\/wp\/v2\/types\/post"}],"author":[{"embeddable":true,"href":"https:\/\/www.prijedordanas.com\/index.php?rest_route=\/wp\/v2\/users\/1"}],"replies":[{"embeddable":true,"href":"https:\/\/www.prijedordanas.com\/index.php?rest_route=%2Fwp%2Fv2%2Fcomments&post=15394"}],"version-history":[{"count":1,"href":"https:\/\/www.prijedordanas.com\/index.php?rest_route=\/wp\/v2\/posts\/15394\/revisions"}],"predecessor-version":[{"id":15395,"href":"https:\/\/www.prijedordanas.com\/index.php?rest_route=\/wp\/v2\/posts\/15394\/revisions\/15395"}],"wp:attachment":[{"href":"https:\/\/www.prijedordanas.com\/index.php?rest_route=%2Fwp%2Fv2%2Fmedia&parent=15394"}],"wp:term":[{"taxonomy":"category","embeddable":true,"href":"https:\/\/www.prijedordanas.com\/index.php?rest_route=%2Fwp%2Fv2%2Fcategories&post=15394"},{"taxonomy":"post_tag","embeddable":true,"href":"https:\/\/www.prijedordanas.com\/index.php?rest_route=%2Fwp%2Fv2%2Ftags&post=15394"}],"curies":[{"name":"wp","href":"https:\/\/api.w.org\/{rel}","templated":true}]}}