{"id":153614,"date":"2020-09-09T22:47:04","date_gmt":"2020-09-09T20:47:04","guid":{"rendered":"https:\/\/www.prijedordanas.com\/?p=153614"},"modified":"2020-09-09T22:47:04","modified_gmt":"2020-09-09T20:47:04","slug":"knjizevni-susreti-na-kozari-sutra-polaganje-vijenaca-na-mrakovici","status":"publish","type":"post","link":"https:\/\/www.prijedordanas.com\/?p=153614","title":{"rendered":"Knji\u017eevni susreti na Kozari: Sutra polaganje vijenaca na Mrakovici"},"content":{"rendered":"<p><a href=\"https:\/\/www.prijedordanas.com\/wp-content\/uploads\/2020\/09\/knjizevni-susreti-na-kozari.jpg\"><img loading=\"lazy\" decoding=\"async\" src=\"https:\/\/www.prijedordanas.com\/wp-content\/uploads\/2020\/09\/knjizevni-susreti-na-kozari-300x225.jpg\" alt=\"\" width=\"300\" height=\"225\" class=\"alignleft size-medium wp-image-153615\" srcset=\"https:\/\/www.prijedordanas.com\/wp-content\/uploads\/2020\/09\/knjizevni-susreti-na-kozari-300x225.jpg 300w, https:\/\/www.prijedordanas.com\/wp-content\/uploads\/2020\/09\/knjizevni-susreti-na-kozari-640x480.jpg 640w, https:\/\/www.prijedordanas.com\/wp-content\/uploads\/2020\/09\/knjizevni-susreti-na-kozari.jpg 667w\" sizes=\"(max-width: 300px) 100vw, 300px\" \/><\/a>Polaganjem vijena na spomenik palim borcima Kozare i bistu Skendera Kulenovi\u0107a na Mrakovici sutra se nastavljaju 48. Knji\u017eevni susreti na Kozari, najavljeno je danas iz Gradske uprave.<\/p>\n<p>Vijence \u0107e polo\u017eiti gradona\u010delnik Prijedora Milenko \u0110akovi\u0107, pjesnik Mile Muti\u0107 koji je bio u\u010desnik 1. Knji\u017eevnih susreta na Kozari 1964. godine i pjesnikinja Dragana Kragulj.<\/p>\n<p>Ovaj memorijalni dio Knji\u017eevnih susreta najavljen je za 11.00 \u010dasova, a pjesnici Muti\u0107 i Kraguljeva tom prilikom govori\u0107e poeziju posve\u0107enu Skenderu Kulenovi\u0107u.<\/p>\n<p>\u017diri u sastavu profesor Milo Lompar i pjesnici Miroslav Maksimovi\u0107 i \u0110or\u0111o Sladoje ranije je odlu\u010dio da akademiku Dragoslavu Mihailovi\u0107u bude dodijeljena nagrada &#8220;Skender Kulenovi\u0107 &#8211; Knji\u017eevni vijenac Kozare&#8221; za \u017eivotno djelo, a u izdava\u010dkoj djelatnosti za ovu godinu pripremljene su \u010detiri nove knjige iz edicije &#8220;Knji\u017eevni susreti na Kozari&#8221;.<\/p>\n<p>Po izbijanju epidemije virusa korona organizacioni odbor odlu\u010dio je da se Knji\u017eevni susreti realizuju u kombinaciji tradicionalne i video forme. Tri doga\u0111aja odr\u017eavaju se u\u017eivo, a sve ostale manifestacije koje su sastavni dio susreta u video formi.<\/p>\n<p>Prvi \u017eivi doga\u0111aj je pjesni\u010dki \u010das odr\u017ean 3. septembra na Pale\u017eu, mjestu gdje je Skender Kulenovi\u0107 prvi put pro\u010ditao svoju poemu &#8220;Stojanka, majka Kne\u017eopoljka&#8221;, drugi je najavljen za sutra, a tre\u0107i \u0107e biti uru\u010denje nagrade laureatu 18. septembra u sve\u010danom salonu SANU u Beogradu.<\/p>\n<p>Svi video sadr\u017eaji bi\u0107e prikazivani na sajtovima Grada Prijedora i Knji\u017eevnih susreta na Kozari, te na Televiziji Prijedor.<\/p>\n<p>Ovogodi\u0161nji Knji\u017eevni susreti odr\u017eavaju se u znaku jubileja 110 godina od ro\u0111enja Skendera Kulenovi\u0107a i 60 godina od smrti Sretena Stojanovi\u0107a.<\/p>\n<p>SRNA<\/p>\n","protected":false},"excerpt":{"rendered":"<p>Polaganjem vijena na spomenik palim borcima Kozare i bistu Skendera Kulenovi\u0107a na Mrakovici sutra se nastavljaju 48. Knji\u017eevni susreti na Kozari, najavljeno je danas iz Gradske uprave. Vijence \u0107e polo\u017eiti [&hellip;]<\/p>\n","protected":false},"author":1,"featured_media":0,"comment_status":"closed","ping_status":"open","sticky":false,"template":"","format":"standard","meta":{"_monsterinsights_skip_tracking":false,"_monsterinsights_sitenote_active":false,"_monsterinsights_sitenote_note":"","_monsterinsights_sitenote_category":0,"footnotes":""},"categories":[6],"tags":[],"yoast_head":"<!-- This site is optimized with the Yoast SEO plugin v21.6 - https:\/\/yoast.com\/wordpress\/plugins\/seo\/ -->\n<title>Knji\u017eevni susreti na Kozari: Sutra polaganje vijenaca na Mrakovici - PrijedorDanas.com - Prijedorski gradski portal<\/title>\n<meta name=\"robots\" content=\"index, follow, max-snippet:-1, max-image-preview:large, max-video-preview:-1\" \/>\n<link rel=\"canonical\" href=\"https:\/\/www.prijedordanas.com\/?p=153614\" \/>\n<meta property=\"og:locale\" content=\"en_US\" \/>\n<meta property=\"og:type\" content=\"article\" \/>\n<meta property=\"og:title\" content=\"Knji\u017eevni susreti na Kozari: Sutra polaganje vijenaca na Mrakovici - PrijedorDanas.com - Prijedorski gradski portal\" \/>\n<meta property=\"og:description\" content=\"Polaganjem vijena na spomenik palim borcima Kozare i bistu Skendera Kulenovi\u0107a na Mrakovici sutra se nastavljaju 48. Knji\u017eevni susreti na Kozari, najavljeno je danas iz Gradske uprave. Vijence \u0107e polo\u017eiti [&hellip;]\" \/>\n<meta property=\"og:url\" content=\"https:\/\/www.prijedordanas.com\/?p=153614\" \/>\n<meta property=\"og:site_name\" content=\"PrijedorDanas.com - Prijedorski gradski portal\" \/>\n<meta property=\"article:publisher\" content=\"https:\/\/www.facebook.com\/PrijedorDanasCom\/\" \/>\n<meta property=\"article:published_time\" content=\"2020-09-09T20:47:04+00:00\" \/>\n<meta property=\"og:image\" content=\"https:\/\/www.prijedordanas.com\/wp-content\/uploads\/2020\/09\/knjizevni-susreti-na-kozari-300x225.jpg\" \/>\n<meta name=\"author\" content=\"admin\" \/>\n<meta name=\"twitter:card\" content=\"summary_large_image\" \/>\n<meta name=\"twitter:label1\" content=\"Written by\" \/>\n\t<meta name=\"twitter:data1\" content=\"admin\" \/>\n\t<meta name=\"twitter:label2\" content=\"Est. reading time\" \/>\n\t<meta name=\"twitter:data2\" content=\"1 minute\" \/>\n<script type=\"application\/ld+json\" class=\"yoast-schema-graph\">{\"@context\":\"https:\/\/schema.org\",\"@graph\":[{\"@type\":\"Article\",\"@id\":\"https:\/\/www.prijedordanas.com\/?p=153614#article\",\"isPartOf\":{\"@id\":\"https:\/\/www.prijedordanas.com\/?p=153614\"},\"author\":{\"name\":\"admin\",\"@id\":\"https:\/\/www.prijedordanas.com\/#\/schema\/person\/4e08ccf29b506ca916ff86d46bb700e6\"},\"headline\":\"Knji\u017eevni susreti na Kozari: Sutra polaganje vijenaca na Mrakovici\",\"datePublished\":\"2020-09-09T20:47:04+00:00\",\"dateModified\":\"2020-09-09T20:47:04+00:00\",\"mainEntityOfPage\":{\"@id\":\"https:\/\/www.prijedordanas.com\/?p=153614\"},\"wordCount\":286,\"publisher\":{\"@id\":\"https:\/\/www.prijedordanas.com\/#organization\"},\"articleSection\":[\"Kultura\"],\"inLanguage\":\"en-US\"},{\"@type\":\"WebPage\",\"@id\":\"https:\/\/www.prijedordanas.com\/?p=153614\",\"url\":\"https:\/\/www.prijedordanas.com\/?p=153614\",\"name\":\"Knji\u017eevni susreti na Kozari: Sutra polaganje vijenaca na Mrakovici - PrijedorDanas.com - Prijedorski gradski portal\",\"isPartOf\":{\"@id\":\"https:\/\/www.prijedordanas.com\/#website\"},\"datePublished\":\"2020-09-09T20:47:04+00:00\",\"dateModified\":\"2020-09-09T20:47:04+00:00\",\"breadcrumb\":{\"@id\":\"https:\/\/www.prijedordanas.com\/?p=153614#breadcrumb\"},\"inLanguage\":\"en-US\",\"potentialAction\":[{\"@type\":\"ReadAction\",\"target\":[\"https:\/\/www.prijedordanas.com\/?p=153614\"]}]},{\"@type\":\"BreadcrumbList\",\"@id\":\"https:\/\/www.prijedordanas.com\/?p=153614#breadcrumb\",\"itemListElement\":[{\"@type\":\"ListItem\",\"position\":1,\"name\":\"Home\",\"item\":\"https:\/\/www.prijedordanas.com\/\"},{\"@type\":\"ListItem\",\"position\":2,\"name\":\"Knji\u017eevni susreti na Kozari: Sutra polaganje vijenaca na Mrakovici\"}]},{\"@type\":\"WebSite\",\"@id\":\"https:\/\/www.prijedordanas.com\/#website\",\"url\":\"https:\/\/www.prijedordanas.com\/\",\"name\":\"PrijedorDanas.com - Prijedorski gradski portal\",\"description\":\"Portal o doga\u0111anjima u gradu Prijedoru\",\"publisher\":{\"@id\":\"https:\/\/www.prijedordanas.com\/#organization\"},\"potentialAction\":[{\"@type\":\"SearchAction\",\"target\":{\"@type\":\"EntryPoint\",\"urlTemplate\":\"https:\/\/www.prijedordanas.com\/?s={search_term_string}\"},\"query-input\":\"required name=search_term_string\"}],\"inLanguage\":\"en-US\"},{\"@type\":\"Organization\",\"@id\":\"https:\/\/www.prijedordanas.com\/#organization\",\"name\":\"PrijedorDanas.com\",\"url\":\"https:\/\/www.prijedordanas.com\/\",\"logo\":{\"@type\":\"ImageObject\",\"inLanguage\":\"en-US\",\"@id\":\"https:\/\/www.prijedordanas.com\/#\/schema\/logo\/image\/\",\"url\":\"http:\/\/www.prijedordanas.com\/wp-content\/uploads\/2021\/12\/logopng.png\",\"contentUrl\":\"http:\/\/www.prijedordanas.com\/wp-content\/uploads\/2021\/12\/logopng.png\",\"width\":1019,\"height\":776,\"caption\":\"PrijedorDanas.com\"},\"image\":{\"@id\":\"https:\/\/www.prijedordanas.com\/#\/schema\/logo\/image\/\"},\"sameAs\":[\"https:\/\/www.facebook.com\/PrijedorDanasCom\/\"]},{\"@type\":\"Person\",\"@id\":\"https:\/\/www.prijedordanas.com\/#\/schema\/person\/4e08ccf29b506ca916ff86d46bb700e6\",\"name\":\"admin\",\"image\":{\"@type\":\"ImageObject\",\"inLanguage\":\"en-US\",\"@id\":\"https:\/\/www.prijedordanas.com\/#\/schema\/person\/image\/\",\"url\":\"https:\/\/secure.gravatar.com\/avatar\/1d3fc949d550f0b53a5f0d51e06dfd79?s=96&d=mm&r=g\",\"contentUrl\":\"https:\/\/secure.gravatar.com\/avatar\/1d3fc949d550f0b53a5f0d51e06dfd79?s=96&d=mm&r=g\",\"caption\":\"admin\"},\"url\":\"https:\/\/www.prijedordanas.com\/?author=1\"}]}<\/script>\n<!-- \/ Yoast SEO plugin. -->","yoast_head_json":{"title":"Knji\u017eevni susreti na Kozari: Sutra polaganje vijenaca na Mrakovici - PrijedorDanas.com - Prijedorski gradski portal","robots":{"index":"index","follow":"follow","max-snippet":"max-snippet:-1","max-image-preview":"max-image-preview:large","max-video-preview":"max-video-preview:-1"},"canonical":"https:\/\/www.prijedordanas.com\/?p=153614","og_locale":"en_US","og_type":"article","og_title":"Knji\u017eevni susreti na Kozari: Sutra polaganje vijenaca na Mrakovici - PrijedorDanas.com - Prijedorski gradski portal","og_description":"Polaganjem vijena na spomenik palim borcima Kozare i bistu Skendera Kulenovi\u0107a na Mrakovici sutra se nastavljaju 48. Knji\u017eevni susreti na Kozari, najavljeno je danas iz Gradske uprave. Vijence \u0107e polo\u017eiti [&hellip;]","og_url":"https:\/\/www.prijedordanas.com\/?p=153614","og_site_name":"PrijedorDanas.com - Prijedorski gradski portal","article_publisher":"https:\/\/www.facebook.com\/PrijedorDanasCom\/","article_published_time":"2020-09-09T20:47:04+00:00","og_image":[{"url":"https:\/\/www.prijedordanas.com\/wp-content\/uploads\/2020\/09\/knjizevni-susreti-na-kozari-300x225.jpg"}],"author":"admin","twitter_card":"summary_large_image","twitter_misc":{"Written by":"admin","Est. reading time":"1 minute"},"schema":{"@context":"https:\/\/schema.org","@graph":[{"@type":"Article","@id":"https:\/\/www.prijedordanas.com\/?p=153614#article","isPartOf":{"@id":"https:\/\/www.prijedordanas.com\/?p=153614"},"author":{"name":"admin","@id":"https:\/\/www.prijedordanas.com\/#\/schema\/person\/4e08ccf29b506ca916ff86d46bb700e6"},"headline":"Knji\u017eevni susreti na Kozari: Sutra polaganje vijenaca na Mrakovici","datePublished":"2020-09-09T20:47:04+00:00","dateModified":"2020-09-09T20:47:04+00:00","mainEntityOfPage":{"@id":"https:\/\/www.prijedordanas.com\/?p=153614"},"wordCount":286,"publisher":{"@id":"https:\/\/www.prijedordanas.com\/#organization"},"articleSection":["Kultura"],"inLanguage":"en-US"},{"@type":"WebPage","@id":"https:\/\/www.prijedordanas.com\/?p=153614","url":"https:\/\/www.prijedordanas.com\/?p=153614","name":"Knji\u017eevni susreti na Kozari: Sutra polaganje vijenaca na Mrakovici - PrijedorDanas.com - Prijedorski gradski portal","isPartOf":{"@id":"https:\/\/www.prijedordanas.com\/#website"},"datePublished":"2020-09-09T20:47:04+00:00","dateModified":"2020-09-09T20:47:04+00:00","breadcrumb":{"@id":"https:\/\/www.prijedordanas.com\/?p=153614#breadcrumb"},"inLanguage":"en-US","potentialAction":[{"@type":"ReadAction","target":["https:\/\/www.prijedordanas.com\/?p=153614"]}]},{"@type":"BreadcrumbList","@id":"https:\/\/www.prijedordanas.com\/?p=153614#breadcrumb","itemListElement":[{"@type":"ListItem","position":1,"name":"Home","item":"https:\/\/www.prijedordanas.com\/"},{"@type":"ListItem","position":2,"name":"Knji\u017eevni susreti na Kozari: Sutra polaganje vijenaca na Mrakovici"}]},{"@type":"WebSite","@id":"https:\/\/www.prijedordanas.com\/#website","url":"https:\/\/www.prijedordanas.com\/","name":"PrijedorDanas.com - Prijedorski gradski portal","description":"Portal o doga\u0111anjima u gradu Prijedoru","publisher":{"@id":"https:\/\/www.prijedordanas.com\/#organization"},"potentialAction":[{"@type":"SearchAction","target":{"@type":"EntryPoint","urlTemplate":"https:\/\/www.prijedordanas.com\/?s={search_term_string}"},"query-input":"required name=search_term_string"}],"inLanguage":"en-US"},{"@type":"Organization","@id":"https:\/\/www.prijedordanas.com\/#organization","name":"PrijedorDanas.com","url":"https:\/\/www.prijedordanas.com\/","logo":{"@type":"ImageObject","inLanguage":"en-US","@id":"https:\/\/www.prijedordanas.com\/#\/schema\/logo\/image\/","url":"http:\/\/www.prijedordanas.com\/wp-content\/uploads\/2021\/12\/logopng.png","contentUrl":"http:\/\/www.prijedordanas.com\/wp-content\/uploads\/2021\/12\/logopng.png","width":1019,"height":776,"caption":"PrijedorDanas.com"},"image":{"@id":"https:\/\/www.prijedordanas.com\/#\/schema\/logo\/image\/"},"sameAs":["https:\/\/www.facebook.com\/PrijedorDanasCom\/"]},{"@type":"Person","@id":"https:\/\/www.prijedordanas.com\/#\/schema\/person\/4e08ccf29b506ca916ff86d46bb700e6","name":"admin","image":{"@type":"ImageObject","inLanguage":"en-US","@id":"https:\/\/www.prijedordanas.com\/#\/schema\/person\/image\/","url":"https:\/\/secure.gravatar.com\/avatar\/1d3fc949d550f0b53a5f0d51e06dfd79?s=96&d=mm&r=g","contentUrl":"https:\/\/secure.gravatar.com\/avatar\/1d3fc949d550f0b53a5f0d51e06dfd79?s=96&d=mm&r=g","caption":"admin"},"url":"https:\/\/www.prijedordanas.com\/?author=1"}]}},"_links":{"self":[{"href":"https:\/\/www.prijedordanas.com\/index.php?rest_route=\/wp\/v2\/posts\/153614"}],"collection":[{"href":"https:\/\/www.prijedordanas.com\/index.php?rest_route=\/wp\/v2\/posts"}],"about":[{"href":"https:\/\/www.prijedordanas.com\/index.php?rest_route=\/wp\/v2\/types\/post"}],"author":[{"embeddable":true,"href":"https:\/\/www.prijedordanas.com\/index.php?rest_route=\/wp\/v2\/users\/1"}],"replies":[{"embeddable":true,"href":"https:\/\/www.prijedordanas.com\/index.php?rest_route=%2Fwp%2Fv2%2Fcomments&post=153614"}],"version-history":[{"count":1,"href":"https:\/\/www.prijedordanas.com\/index.php?rest_route=\/wp\/v2\/posts\/153614\/revisions"}],"predecessor-version":[{"id":153616,"href":"https:\/\/www.prijedordanas.com\/index.php?rest_route=\/wp\/v2\/posts\/153614\/revisions\/153616"}],"wp:attachment":[{"href":"https:\/\/www.prijedordanas.com\/index.php?rest_route=%2Fwp%2Fv2%2Fmedia&parent=153614"}],"wp:term":[{"taxonomy":"category","embeddable":true,"href":"https:\/\/www.prijedordanas.com\/index.php?rest_route=%2Fwp%2Fv2%2Fcategories&post=153614"},{"taxonomy":"post_tag","embeddable":true,"href":"https:\/\/www.prijedordanas.com\/index.php?rest_route=%2Fwp%2Fv2%2Ftags&post=153614"}],"curies":[{"name":"wp","href":"https:\/\/api.w.org\/{rel}","templated":true}]}}