{"id":153467,"date":"2020-09-07T22:12:57","date_gmt":"2020-09-07T20:12:57","guid":{"rendered":"https:\/\/www.prijedordanas.com\/?p=153467"},"modified":"2020-09-07T22:12:57","modified_gmt":"2020-09-07T20:12:57","slug":"prijedor-izvrsena-dezinfekcija-prostora-oko-svih-skola-i-vrtica-u-gradu-foto","status":"publish","type":"post","link":"https:\/\/www.prijedordanas.com\/?p=153467","title":{"rendered":"Prijedor: Izvr\u0161ena dezinfekcija prostora oko svih \u0161kola i vrti\u0107a u gradu &#8211; FOTO"},"content":{"rendered":"<p><a href=\"https:\/\/www.prijedordanas.com\/wp-content\/uploads\/2020\/09\/dezinfekcija-7septembar-skole-vrtic-1.jpg\"><img loading=\"lazy\" decoding=\"async\" src=\"https:\/\/www.prijedordanas.com\/wp-content\/uploads\/2020\/09\/dezinfekcija-7septembar-skole-vrtic-1-300x225.jpg\" alt=\"\" width=\"300\" height=\"225\" class=\"alignleft size-medium wp-image-153468\" srcset=\"https:\/\/www.prijedordanas.com\/wp-content\/uploads\/2020\/09\/dezinfekcija-7septembar-skole-vrtic-1-300x225.jpg 300w, https:\/\/www.prijedordanas.com\/wp-content\/uploads\/2020\/09\/dezinfekcija-7septembar-skole-vrtic-1-640x480.jpg 640w, https:\/\/www.prijedordanas.com\/wp-content\/uploads\/2020\/09\/dezinfekcija-7septembar-skole-vrtic-1.jpg 667w\" sizes=\"(max-width: 300px) 100vw, 300px\" \/><\/a>Volonteri su izvr\u0161ili dezinfekciju u zoni pred\u0161kolskih ustanova, osnovnih i srednjih \u0161kola na podru\u010dju Prijedora.<\/p>\n<p>Prema odluci Gradskog \u0161taba za vanredne situacije sa posljednje sjednice odr\u017eane 1. septembra, Tim za dezinfekcije je ove subote izvr\u0161io novu akciju na podru\u010dju na\u0161eg grada.<\/p>\n<p>Volonteri su dezinfikovali prostore u zoni osnovnih(centralni objekti i podru\u010dne \u0161kole) i srednjih \u0161kola, kao i pred\u0161kolskih ustanova na podru\u010dju Prijedora.<\/p>\n<p>S obzirom da se proteklih dana pojavila situacija da je jedan u\u010denik Ma\u0161inske \u0161kole zara\u017een korona virusom, objekat ove \u0161kole dezinfikovan je u potpunosti.<\/p>\n<p>www.prijedorgrad.org<\/p>\n<p><a href=\"https:\/\/www.prijedordanas.com\/wp-content\/uploads\/2020\/09\/dezinfekcija-7septembar-skole-vrtic-2.jpg\"><img loading=\"lazy\" decoding=\"async\" src=\"https:\/\/www.prijedordanas.com\/wp-content\/uploads\/2020\/09\/dezinfekcija-7septembar-skole-vrtic-2-300x222.jpg\" alt=\"\" width=\"300\" height=\"222\" class=\"alignleft size-medium wp-image-153469\" srcset=\"https:\/\/www.prijedordanas.com\/wp-content\/uploads\/2020\/09\/dezinfekcija-7septembar-skole-vrtic-2-300x222.jpg 300w, https:\/\/www.prijedordanas.com\/wp-content\/uploads\/2020\/09\/dezinfekcija-7septembar-skole-vrtic-2.jpg 675w\" sizes=\"(max-width: 300px) 100vw, 300px\" \/><\/a> <a href=\"https:\/\/www.prijedordanas.com\/wp-content\/uploads\/2020\/09\/dezinfekcija-7septembar-skole-vrtic-3.jpg\"><img loading=\"lazy\" decoding=\"async\" src=\"https:\/\/www.prijedordanas.com\/wp-content\/uploads\/2020\/09\/dezinfekcija-7septembar-skole-vrtic-3-300x222.jpg\" alt=\"\" width=\"300\" height=\"222\" class=\"alignleft size-medium wp-image-153470\" srcset=\"https:\/\/www.prijedordanas.com\/wp-content\/uploads\/2020\/09\/dezinfekcija-7septembar-skole-vrtic-3-300x222.jpg 300w, https:\/\/www.prijedordanas.com\/wp-content\/uploads\/2020\/09\/dezinfekcija-7septembar-skole-vrtic-3.jpg 675w\" sizes=\"(max-width: 300px) 100vw, 300px\" \/><\/a> <a href=\"https:\/\/www.prijedordanas.com\/wp-content\/uploads\/2020\/09\/dezinfekcija-7septembar-skole-vrtic-10.jpg\"><img loading=\"lazy\" decoding=\"async\" src=\"https:\/\/www.prijedordanas.com\/wp-content\/uploads\/2020\/09\/dezinfekcija-7septembar-skole-vrtic-10-300x200.jpg\" alt=\"\" width=\"300\" height=\"200\" class=\"alignleft size-medium wp-image-153471\" srcset=\"https:\/\/www.prijedordanas.com\/wp-content\/uploads\/2020\/09\/dezinfekcija-7septembar-skole-vrtic-10-300x200.jpg 300w, https:\/\/www.prijedordanas.com\/wp-content\/uploads\/2020\/09\/dezinfekcija-7septembar-skole-vrtic-10-480x320.jpg 480w, https:\/\/www.prijedordanas.com\/wp-content\/uploads\/2020\/09\/dezinfekcija-7septembar-skole-vrtic-10.jpg 600w\" sizes=\"(max-width: 300px) 100vw, 300px\" \/><\/a> <a href=\"https:\/\/www.prijedordanas.com\/wp-content\/uploads\/2020\/09\/dezinfekcija-7septembar-skole-vrtic-11.jpg\"><img loading=\"lazy\" decoding=\"async\" src=\"https:\/\/www.prijedordanas.com\/wp-content\/uploads\/2020\/09\/dezinfekcija-7septembar-skole-vrtic-11-300x200.jpg\" alt=\"\" width=\"300\" height=\"200\" class=\"alignleft size-medium wp-image-153472\" srcset=\"https:\/\/www.prijedordanas.com\/wp-content\/uploads\/2020\/09\/dezinfekcija-7septembar-skole-vrtic-11-300x200.jpg 300w, https:\/\/www.prijedordanas.com\/wp-content\/uploads\/2020\/09\/dezinfekcija-7septembar-skole-vrtic-11-480x320.jpg 480w, https:\/\/www.prijedordanas.com\/wp-content\/uploads\/2020\/09\/dezinfekcija-7septembar-skole-vrtic-11.jpg 600w\" sizes=\"(max-width: 300px) 100vw, 300px\" \/><\/a> <a href=\"https:\/\/www.prijedordanas.com\/wp-content\/uploads\/2020\/09\/dezinfekcija-7septembar-skole-vrtic-12.jpg\"><img loading=\"lazy\" decoding=\"async\" src=\"https:\/\/www.prijedordanas.com\/wp-content\/uploads\/2020\/09\/dezinfekcija-7septembar-skole-vrtic-12-300x200.jpg\" alt=\"\" width=\"300\" height=\"200\" class=\"alignleft size-medium wp-image-153473\" srcset=\"https:\/\/www.prijedordanas.com\/wp-content\/uploads\/2020\/09\/dezinfekcija-7septembar-skole-vrtic-12-300x200.jpg 300w, https:\/\/www.prijedordanas.com\/wp-content\/uploads\/2020\/09\/dezinfekcija-7septembar-skole-vrtic-12-480x320.jpg 480w, https:\/\/www.prijedordanas.com\/wp-content\/uploads\/2020\/09\/dezinfekcija-7septembar-skole-vrtic-12.jpg 600w\" sizes=\"(max-width: 300px) 100vw, 300px\" \/><\/a> <a href=\"https:\/\/www.prijedordanas.com\/wp-content\/uploads\/2020\/09\/dezinfekcija-7septembar-skole-vrtic-13.jpg\"><img loading=\"lazy\" decoding=\"async\" src=\"https:\/\/www.prijedordanas.com\/wp-content\/uploads\/2020\/09\/dezinfekcija-7septembar-skole-vrtic-13-300x200.jpg\" alt=\"\" width=\"300\" height=\"200\" class=\"alignleft size-medium wp-image-153474\" srcset=\"https:\/\/www.prijedordanas.com\/wp-content\/uploads\/2020\/09\/dezinfekcija-7septembar-skole-vrtic-13-300x200.jpg 300w, https:\/\/www.prijedordanas.com\/wp-content\/uploads\/2020\/09\/dezinfekcija-7septembar-skole-vrtic-13-480x320.jpg 480w, https:\/\/www.prijedordanas.com\/wp-content\/uploads\/2020\/09\/dezinfekcija-7septembar-skole-vrtic-13.jpg 600w\" sizes=\"(max-width: 300px) 100vw, 300px\" \/><\/a> <a href=\"https:\/\/www.prijedordanas.com\/wp-content\/uploads\/2020\/09\/dezinfekcija-7septembar-skole-vrtic-15.jpg\"><img loading=\"lazy\" decoding=\"async\" src=\"https:\/\/www.prijedordanas.com\/wp-content\/uploads\/2020\/09\/dezinfekcija-7septembar-skole-vrtic-15-300x225.jpg\" alt=\"\" width=\"300\" height=\"225\" class=\"alignleft size-medium wp-image-153475\" srcset=\"https:\/\/www.prijedordanas.com\/wp-content\/uploads\/2020\/09\/dezinfekcija-7septembar-skole-vrtic-15-300x225.jpg 300w, https:\/\/www.prijedordanas.com\/wp-content\/uploads\/2020\/09\/dezinfekcija-7septembar-skole-vrtic-15.jpg 600w\" sizes=\"(max-width: 300px) 100vw, 300px\" \/><\/a> <a href=\"https:\/\/www.prijedordanas.com\/wp-content\/uploads\/2020\/09\/dezinfekcija-7septembar-skole-vrtic-17.jpg\"><img loading=\"lazy\" decoding=\"async\" src=\"https:\/\/www.prijedordanas.com\/wp-content\/uploads\/2020\/09\/dezinfekcija-7septembar-skole-vrtic-17-300x225.jpg\" alt=\"\" width=\"300\" height=\"225\" class=\"alignleft size-medium wp-image-153476\" srcset=\"https:\/\/www.prijedordanas.com\/wp-content\/uploads\/2020\/09\/dezinfekcija-7septembar-skole-vrtic-17-300x225.jpg 300w, https:\/\/www.prijedordanas.com\/wp-content\/uploads\/2020\/09\/dezinfekcija-7septembar-skole-vrtic-17.jpg 600w\" sizes=\"(max-width: 300px) 100vw, 300px\" \/><\/a> <a href=\"https:\/\/www.prijedordanas.com\/wp-content\/uploads\/2020\/09\/dezinfekcija-7septembar-skole-vrtic-19.jpg\"><img loading=\"lazy\" decoding=\"async\" src=\"https:\/\/www.prijedordanas.com\/wp-content\/uploads\/2020\/09\/dezinfekcija-7septembar-skole-vrtic-19-300x225.jpg\" alt=\"\" width=\"300\" height=\"225\" class=\"alignleft size-medium wp-image-153478\" srcset=\"https:\/\/www.prijedordanas.com\/wp-content\/uploads\/2020\/09\/dezinfekcija-7septembar-skole-vrtic-19-300x225.jpg 300w, https:\/\/www.prijedordanas.com\/wp-content\/uploads\/2020\/09\/dezinfekcija-7septembar-skole-vrtic-19.jpg 600w\" sizes=\"(max-width: 300px) 100vw, 300px\" \/><\/a> <a href=\"https:\/\/www.prijedordanas.com\/wp-content\/uploads\/2020\/09\/dezinfekcija-7septembar-skole-vrtic-20.jpg\"><img loading=\"lazy\" decoding=\"async\" src=\"https:\/\/www.prijedordanas.com\/wp-content\/uploads\/2020\/09\/dezinfekcija-7septembar-skole-vrtic-20-300x225.jpg\" alt=\"\" width=\"300\" height=\"225\" class=\"alignleft size-medium wp-image-153479\" srcset=\"https:\/\/www.prijedordanas.com\/wp-content\/uploads\/2020\/09\/dezinfekcija-7septembar-skole-vrtic-20-300x225.jpg 300w, https:\/\/www.prijedordanas.com\/wp-content\/uploads\/2020\/09\/dezinfekcija-7septembar-skole-vrtic-20.jpg 600w\" sizes=\"(max-width: 300px) 100vw, 300px\" \/><\/a> <a href=\"https:\/\/www.prijedordanas.com\/wp-content\/uploads\/2020\/09\/dezinfekcija-7septembar-skole-vrtic-21.jpg\"><img loading=\"lazy\" decoding=\"async\" src=\"https:\/\/www.prijedordanas.com\/wp-content\/uploads\/2020\/09\/dezinfekcija-7septembar-skole-vrtic-21-300x225.jpg\" alt=\"\" width=\"300\" height=\"225\" class=\"alignleft size-medium wp-image-153480\" srcset=\"https:\/\/www.prijedordanas.com\/wp-content\/uploads\/2020\/09\/dezinfekcija-7septembar-skole-vrtic-21-300x225.jpg 300w, https:\/\/www.prijedordanas.com\/wp-content\/uploads\/2020\/09\/dezinfekcija-7septembar-skole-vrtic-21.jpg 600w\" sizes=\"(max-width: 300px) 100vw, 300px\" \/><\/a> <a href=\"https:\/\/www.prijedordanas.com\/wp-content\/uploads\/2020\/09\/dezinfekcija-7septembar-skole-vrtic-22.jpg\"><img loading=\"lazy\" decoding=\"async\" src=\"https:\/\/www.prijedordanas.com\/wp-content\/uploads\/2020\/09\/dezinfekcija-7septembar-skole-vrtic-22-300x225.jpg\" alt=\"\" width=\"300\" height=\"225\" class=\"alignleft size-medium wp-image-153481\" srcset=\"https:\/\/www.prijedordanas.com\/wp-content\/uploads\/2020\/09\/dezinfekcija-7septembar-skole-vrtic-22-300x225.jpg 300w, https:\/\/www.prijedordanas.com\/wp-content\/uploads\/2020\/09\/dezinfekcija-7septembar-skole-vrtic-22.jpg 600w\" sizes=\"(max-width: 300px) 100vw, 300px\" \/><\/a> <a href=\"https:\/\/www.prijedordanas.com\/wp-content\/uploads\/2020\/09\/dezinfekcija-7septembar-skole-vrtic-23.jpg\"><img loading=\"lazy\" decoding=\"async\" src=\"https:\/\/www.prijedordanas.com\/wp-content\/uploads\/2020\/09\/dezinfekcija-7septembar-skole-vrtic-23-300x225.jpg\" alt=\"\" width=\"300\" height=\"225\" class=\"alignleft size-medium wp-image-153482\" srcset=\"https:\/\/www.prijedordanas.com\/wp-content\/uploads\/2020\/09\/dezinfekcija-7septembar-skole-vrtic-23-300x225.jpg 300w, https:\/\/www.prijedordanas.com\/wp-content\/uploads\/2020\/09\/dezinfekcija-7septembar-skole-vrtic-23.jpg 600w\" sizes=\"(max-width: 300px) 100vw, 300px\" \/><\/a> <a href=\"https:\/\/www.prijedordanas.com\/wp-content\/uploads\/2020\/09\/dezinfekcija-7septembar-skole-vrtic-24.jpg\"><img loading=\"lazy\" decoding=\"async\" src=\"https:\/\/www.prijedordanas.com\/wp-content\/uploads\/2020\/09\/dezinfekcija-7septembar-skole-vrtic-24-300x225.jpg\" alt=\"\" width=\"300\" height=\"225\" class=\"alignleft size-medium wp-image-153483\" srcset=\"https:\/\/www.prijedordanas.com\/wp-content\/uploads\/2020\/09\/dezinfekcija-7septembar-skole-vrtic-24-300x225.jpg 300w, https:\/\/www.prijedordanas.com\/wp-content\/uploads\/2020\/09\/dezinfekcija-7septembar-skole-vrtic-24.jpg 600w\" sizes=\"(max-width: 300px) 100vw, 300px\" \/><\/a> <a href=\"https:\/\/www.prijedordanas.com\/wp-content\/uploads\/2020\/09\/dezinfekcija-7septembar-skole-vrtic-4.jpg\"><img loading=\"lazy\" decoding=\"async\" src=\"https:\/\/www.prijedordanas.com\/wp-content\/uploads\/2020\/09\/dezinfekcija-7septembar-skole-vrtic-4-225x300.jpg\" alt=\"\" width=\"225\" height=\"300\" class=\"alignleft size-medium wp-image-153484\" srcset=\"https:\/\/www.prijedordanas.com\/wp-content\/uploads\/2020\/09\/dezinfekcija-7septembar-skole-vrtic-4-225x300.jpg 225w, https:\/\/www.prijedordanas.com\/wp-content\/uploads\/2020\/09\/dezinfekcija-7septembar-skole-vrtic-4.jpg 450w\" sizes=\"(max-width: 225px) 100vw, 225px\" \/><\/a> <a href=\"https:\/\/www.prijedordanas.com\/wp-content\/uploads\/2020\/09\/dezinfekcija-7septembar-skole-vrtic-5.jpg\"><img loading=\"lazy\" decoding=\"async\" src=\"https:\/\/www.prijedordanas.com\/wp-content\/uploads\/2020\/09\/dezinfekcija-7septembar-skole-vrtic-5-225x300.jpg\" alt=\"\" width=\"225\" height=\"300\" class=\"alignleft size-medium wp-image-153485\" srcset=\"https:\/\/www.prijedordanas.com\/wp-content\/uploads\/2020\/09\/dezinfekcija-7septembar-skole-vrtic-5-225x300.jpg 225w, https:\/\/www.prijedordanas.com\/wp-content\/uploads\/2020\/09\/dezinfekcija-7septembar-skole-vrtic-5.jpg 450w\" sizes=\"(max-width: 225px) 100vw, 225px\" \/><\/a> <a href=\"https:\/\/www.prijedordanas.com\/wp-content\/uploads\/2020\/09\/dezinfekcija-7septembar-skole-vrtic-6.jpg\"><img loading=\"lazy\" decoding=\"async\" src=\"https:\/\/www.prijedordanas.com\/wp-content\/uploads\/2020\/09\/dezinfekcija-7septembar-skole-vrtic-6-225x300.jpg\" alt=\"\" width=\"225\" height=\"300\" class=\"alignleft size-medium wp-image-153486\" srcset=\"https:\/\/www.prijedordanas.com\/wp-content\/uploads\/2020\/09\/dezinfekcija-7septembar-skole-vrtic-6-225x300.jpg 225w, https:\/\/www.prijedordanas.com\/wp-content\/uploads\/2020\/09\/dezinfekcija-7septembar-skole-vrtic-6.jpg 450w\" sizes=\"(max-width: 225px) 100vw, 225px\" \/><\/a> <a href=\"https:\/\/www.prijedordanas.com\/wp-content\/uploads\/2020\/09\/dezinfekcija-7septembar-skole-vrtic-7.jpg\"><img loading=\"lazy\" decoding=\"async\" src=\"https:\/\/www.prijedordanas.com\/wp-content\/uploads\/2020\/09\/dezinfekcija-7septembar-skole-vrtic-7-225x300.jpg\" alt=\"\" width=\"225\" height=\"300\" class=\"alignleft size-medium wp-image-153487\" srcset=\"https:\/\/www.prijedordanas.com\/wp-content\/uploads\/2020\/09\/dezinfekcija-7septembar-skole-vrtic-7-225x300.jpg 225w, https:\/\/www.prijedordanas.com\/wp-content\/uploads\/2020\/09\/dezinfekcija-7septembar-skole-vrtic-7.jpg 450w\" sizes=\"(max-width: 225px) 100vw, 225px\" \/><\/a> <a href=\"https:\/\/www.prijedordanas.com\/wp-content\/uploads\/2020\/09\/dezinfekcija-7septembar-skole-vrtic-8.jpg\"><img loading=\"lazy\" decoding=\"async\" src=\"https:\/\/www.prijedordanas.com\/wp-content\/uploads\/2020\/09\/dezinfekcija-7septembar-skole-vrtic-8-225x300.jpg\" alt=\"\" width=\"225\" height=\"300\" class=\"alignleft size-medium wp-image-153488\" srcset=\"https:\/\/www.prijedordanas.com\/wp-content\/uploads\/2020\/09\/dezinfekcija-7septembar-skole-vrtic-8-225x300.jpg 225w, https:\/\/www.prijedordanas.com\/wp-content\/uploads\/2020\/09\/dezinfekcija-7septembar-skole-vrtic-8.jpg 450w\" sizes=\"(max-width: 225px) 100vw, 225px\" \/><\/a> <a href=\"https:\/\/www.prijedordanas.com\/wp-content\/uploads\/2020\/09\/dezinfekcija-7septembar-skole-vrtic-9.jpg\"><img loading=\"lazy\" decoding=\"async\" src=\"https:\/\/www.prijedordanas.com\/wp-content\/uploads\/2020\/09\/dezinfekcija-7septembar-skole-vrtic-9-225x300.jpg\" alt=\"\" width=\"225\" height=\"300\" class=\"alignleft size-medium wp-image-153489\" srcset=\"https:\/\/www.prijedordanas.com\/wp-content\/uploads\/2020\/09\/dezinfekcija-7septembar-skole-vrtic-9-225x300.jpg 225w, https:\/\/www.prijedordanas.com\/wp-content\/uploads\/2020\/09\/dezinfekcija-7septembar-skole-vrtic-9.jpg 450w\" sizes=\"(max-width: 225px) 100vw, 225px\" \/><\/a><\/p>\n","protected":false},"excerpt":{"rendered":"<p>Volonteri su izvr\u0161ili dezinfekciju u zoni pred\u0161kolskih ustanova, osnovnih i srednjih \u0161kola na podru\u010dju Prijedora. Prema odluci Gradskog \u0161taba za vanredne situacije sa posljednje sjednice odr\u017eane 1. septembra, Tim za [&hellip;]<\/p>\n","protected":false},"author":1,"featured_media":0,"comment_status":"closed","ping_status":"open","sticky":false,"template":"","format":"standard","meta":{"_monsterinsights_skip_tracking":false,"_monsterinsights_sitenote_active":false,"_monsterinsights_sitenote_note":"","_monsterinsights_sitenote_category":0,"footnotes":""},"categories":[4],"tags":[],"yoast_head":"<!-- This site is optimized with the Yoast SEO plugin v21.6 - https:\/\/yoast.com\/wordpress\/plugins\/seo\/ -->\n<title>Prijedor: Izvr\u0161ena dezinfekcija prostora oko svih \u0161kola i vrti\u0107a u gradu - FOTO - PrijedorDanas.com - Prijedorski gradski portal<\/title>\n<meta name=\"robots\" content=\"index, follow, max-snippet:-1, max-image-preview:large, max-video-preview:-1\" \/>\n<link rel=\"canonical\" href=\"https:\/\/www.prijedordanas.com\/?p=153467\" \/>\n<meta property=\"og:locale\" content=\"en_US\" \/>\n<meta property=\"og:type\" content=\"article\" \/>\n<meta property=\"og:title\" content=\"Prijedor: Izvr\u0161ena dezinfekcija prostora oko svih \u0161kola i vrti\u0107a u gradu - FOTO - PrijedorDanas.com - Prijedorski gradski portal\" \/>\n<meta property=\"og:description\" content=\"Volonteri su izvr\u0161ili dezinfekciju u zoni pred\u0161kolskih ustanova, osnovnih i srednjih \u0161kola na podru\u010dju Prijedora. Prema odluci Gradskog \u0161taba za vanredne situacije sa posljednje sjednice odr\u017eane 1. septembra, Tim za [&hellip;]\" \/>\n<meta property=\"og:url\" content=\"https:\/\/www.prijedordanas.com\/?p=153467\" \/>\n<meta property=\"og:site_name\" content=\"PrijedorDanas.com - Prijedorski gradski portal\" \/>\n<meta property=\"article:publisher\" content=\"https:\/\/www.facebook.com\/PrijedorDanasCom\/\" \/>\n<meta property=\"article:published_time\" content=\"2020-09-07T20:12:57+00:00\" \/>\n<meta property=\"og:image\" content=\"https:\/\/www.prijedordanas.com\/wp-content\/uploads\/2020\/09\/dezinfekcija-7septembar-skole-vrtic-1-300x225.jpg\" \/>\n<meta name=\"author\" content=\"admin\" \/>\n<meta name=\"twitter:card\" content=\"summary_large_image\" \/>\n<meta name=\"twitter:label1\" content=\"Written by\" \/>\n\t<meta name=\"twitter:data1\" content=\"admin\" \/>\n\t<meta name=\"twitter:label2\" content=\"Est. reading time\" \/>\n\t<meta name=\"twitter:data2\" content=\"1 minute\" \/>\n<script type=\"application\/ld+json\" class=\"yoast-schema-graph\">{\"@context\":\"https:\/\/schema.org\",\"@graph\":[{\"@type\":\"Article\",\"@id\":\"https:\/\/www.prijedordanas.com\/?p=153467#article\",\"isPartOf\":{\"@id\":\"https:\/\/www.prijedordanas.com\/?p=153467\"},\"author\":{\"name\":\"admin\",\"@id\":\"https:\/\/www.prijedordanas.com\/#\/schema\/person\/4e08ccf29b506ca916ff86d46bb700e6\"},\"headline\":\"Prijedor: Izvr\u0161ena dezinfekcija prostora oko svih \u0161kola i vrti\u0107a u gradu &#8211; FOTO\",\"datePublished\":\"2020-09-07T20:12:57+00:00\",\"dateModified\":\"2020-09-07T20:12:57+00:00\",\"mainEntityOfPage\":{\"@id\":\"https:\/\/www.prijedordanas.com\/?p=153467\"},\"wordCount\":117,\"publisher\":{\"@id\":\"https:\/\/www.prijedordanas.com\/#organization\"},\"articleSection\":[\"Dru\u0161tvo\"],\"inLanguage\":\"en-US\"},{\"@type\":\"WebPage\",\"@id\":\"https:\/\/www.prijedordanas.com\/?p=153467\",\"url\":\"https:\/\/www.prijedordanas.com\/?p=153467\",\"name\":\"Prijedor: Izvr\u0161ena dezinfekcija prostora oko svih \u0161kola i vrti\u0107a u gradu - FOTO - PrijedorDanas.com - Prijedorski gradski portal\",\"isPartOf\":{\"@id\":\"https:\/\/www.prijedordanas.com\/#website\"},\"datePublished\":\"2020-09-07T20:12:57+00:00\",\"dateModified\":\"2020-09-07T20:12:57+00:00\",\"breadcrumb\":{\"@id\":\"https:\/\/www.prijedordanas.com\/?p=153467#breadcrumb\"},\"inLanguage\":\"en-US\",\"potentialAction\":[{\"@type\":\"ReadAction\",\"target\":[\"https:\/\/www.prijedordanas.com\/?p=153467\"]}]},{\"@type\":\"BreadcrumbList\",\"@id\":\"https:\/\/www.prijedordanas.com\/?p=153467#breadcrumb\",\"itemListElement\":[{\"@type\":\"ListItem\",\"position\":1,\"name\":\"Home\",\"item\":\"https:\/\/www.prijedordanas.com\/\"},{\"@type\":\"ListItem\",\"position\":2,\"name\":\"Prijedor: Izvr\u0161ena dezinfekcija prostora oko svih \u0161kola i vrti\u0107a u gradu &#8211; FOTO\"}]},{\"@type\":\"WebSite\",\"@id\":\"https:\/\/www.prijedordanas.com\/#website\",\"url\":\"https:\/\/www.prijedordanas.com\/\",\"name\":\"PrijedorDanas.com - Prijedorski gradski portal\",\"description\":\"Portal o doga\u0111anjima u gradu Prijedoru\",\"publisher\":{\"@id\":\"https:\/\/www.prijedordanas.com\/#organization\"},\"potentialAction\":[{\"@type\":\"SearchAction\",\"target\":{\"@type\":\"EntryPoint\",\"urlTemplate\":\"https:\/\/www.prijedordanas.com\/?s={search_term_string}\"},\"query-input\":\"required name=search_term_string\"}],\"inLanguage\":\"en-US\"},{\"@type\":\"Organization\",\"@id\":\"https:\/\/www.prijedordanas.com\/#organization\",\"name\":\"PrijedorDanas.com\",\"url\":\"https:\/\/www.prijedordanas.com\/\",\"logo\":{\"@type\":\"ImageObject\",\"inLanguage\":\"en-US\",\"@id\":\"https:\/\/www.prijedordanas.com\/#\/schema\/logo\/image\/\",\"url\":\"http:\/\/www.prijedordanas.com\/wp-content\/uploads\/2021\/12\/logopng.png\",\"contentUrl\":\"http:\/\/www.prijedordanas.com\/wp-content\/uploads\/2021\/12\/logopng.png\",\"width\":1019,\"height\":776,\"caption\":\"PrijedorDanas.com\"},\"image\":{\"@id\":\"https:\/\/www.prijedordanas.com\/#\/schema\/logo\/image\/\"},\"sameAs\":[\"https:\/\/www.facebook.com\/PrijedorDanasCom\/\"]},{\"@type\":\"Person\",\"@id\":\"https:\/\/www.prijedordanas.com\/#\/schema\/person\/4e08ccf29b506ca916ff86d46bb700e6\",\"name\":\"admin\",\"image\":{\"@type\":\"ImageObject\",\"inLanguage\":\"en-US\",\"@id\":\"https:\/\/www.prijedordanas.com\/#\/schema\/person\/image\/\",\"url\":\"https:\/\/secure.gravatar.com\/avatar\/1d3fc949d550f0b53a5f0d51e06dfd79?s=96&d=mm&r=g\",\"contentUrl\":\"https:\/\/secure.gravatar.com\/avatar\/1d3fc949d550f0b53a5f0d51e06dfd79?s=96&d=mm&r=g\",\"caption\":\"admin\"},\"url\":\"https:\/\/www.prijedordanas.com\/?author=1\"}]}<\/script>\n<!-- \/ Yoast SEO plugin. -->","yoast_head_json":{"title":"Prijedor: Izvr\u0161ena dezinfekcija prostora oko svih \u0161kola i vrti\u0107a u gradu - FOTO - PrijedorDanas.com - Prijedorski gradski portal","robots":{"index":"index","follow":"follow","max-snippet":"max-snippet:-1","max-image-preview":"max-image-preview:large","max-video-preview":"max-video-preview:-1"},"canonical":"https:\/\/www.prijedordanas.com\/?p=153467","og_locale":"en_US","og_type":"article","og_title":"Prijedor: Izvr\u0161ena dezinfekcija prostora oko svih \u0161kola i vrti\u0107a u gradu - FOTO - PrijedorDanas.com - Prijedorski gradski portal","og_description":"Volonteri su izvr\u0161ili dezinfekciju u zoni pred\u0161kolskih ustanova, osnovnih i srednjih \u0161kola na podru\u010dju Prijedora. Prema odluci Gradskog \u0161taba za vanredne situacije sa posljednje sjednice odr\u017eane 1. septembra, Tim za [&hellip;]","og_url":"https:\/\/www.prijedordanas.com\/?p=153467","og_site_name":"PrijedorDanas.com - Prijedorski gradski portal","article_publisher":"https:\/\/www.facebook.com\/PrijedorDanasCom\/","article_published_time":"2020-09-07T20:12:57+00:00","og_image":[{"url":"https:\/\/www.prijedordanas.com\/wp-content\/uploads\/2020\/09\/dezinfekcija-7septembar-skole-vrtic-1-300x225.jpg"}],"author":"admin","twitter_card":"summary_large_image","twitter_misc":{"Written by":"admin","Est. reading time":"1 minute"},"schema":{"@context":"https:\/\/schema.org","@graph":[{"@type":"Article","@id":"https:\/\/www.prijedordanas.com\/?p=153467#article","isPartOf":{"@id":"https:\/\/www.prijedordanas.com\/?p=153467"},"author":{"name":"admin","@id":"https:\/\/www.prijedordanas.com\/#\/schema\/person\/4e08ccf29b506ca916ff86d46bb700e6"},"headline":"Prijedor: Izvr\u0161ena dezinfekcija prostora oko svih \u0161kola i vrti\u0107a u gradu &#8211; FOTO","datePublished":"2020-09-07T20:12:57+00:00","dateModified":"2020-09-07T20:12:57+00:00","mainEntityOfPage":{"@id":"https:\/\/www.prijedordanas.com\/?p=153467"},"wordCount":117,"publisher":{"@id":"https:\/\/www.prijedordanas.com\/#organization"},"articleSection":["Dru\u0161tvo"],"inLanguage":"en-US"},{"@type":"WebPage","@id":"https:\/\/www.prijedordanas.com\/?p=153467","url":"https:\/\/www.prijedordanas.com\/?p=153467","name":"Prijedor: Izvr\u0161ena dezinfekcija prostora oko svih \u0161kola i vrti\u0107a u gradu - FOTO - PrijedorDanas.com - Prijedorski gradski portal","isPartOf":{"@id":"https:\/\/www.prijedordanas.com\/#website"},"datePublished":"2020-09-07T20:12:57+00:00","dateModified":"2020-09-07T20:12:57+00:00","breadcrumb":{"@id":"https:\/\/www.prijedordanas.com\/?p=153467#breadcrumb"},"inLanguage":"en-US","potentialAction":[{"@type":"ReadAction","target":["https:\/\/www.prijedordanas.com\/?p=153467"]}]},{"@type":"BreadcrumbList","@id":"https:\/\/www.prijedordanas.com\/?p=153467#breadcrumb","itemListElement":[{"@type":"ListItem","position":1,"name":"Home","item":"https:\/\/www.prijedordanas.com\/"},{"@type":"ListItem","position":2,"name":"Prijedor: Izvr\u0161ena dezinfekcija prostora oko svih \u0161kola i vrti\u0107a u gradu &#8211; FOTO"}]},{"@type":"WebSite","@id":"https:\/\/www.prijedordanas.com\/#website","url":"https:\/\/www.prijedordanas.com\/","name":"PrijedorDanas.com - Prijedorski gradski portal","description":"Portal o doga\u0111anjima u gradu Prijedoru","publisher":{"@id":"https:\/\/www.prijedordanas.com\/#organization"},"potentialAction":[{"@type":"SearchAction","target":{"@type":"EntryPoint","urlTemplate":"https:\/\/www.prijedordanas.com\/?s={search_term_string}"},"query-input":"required name=search_term_string"}],"inLanguage":"en-US"},{"@type":"Organization","@id":"https:\/\/www.prijedordanas.com\/#organization","name":"PrijedorDanas.com","url":"https:\/\/www.prijedordanas.com\/","logo":{"@type":"ImageObject","inLanguage":"en-US","@id":"https:\/\/www.prijedordanas.com\/#\/schema\/logo\/image\/","url":"http:\/\/www.prijedordanas.com\/wp-content\/uploads\/2021\/12\/logopng.png","contentUrl":"http:\/\/www.prijedordanas.com\/wp-content\/uploads\/2021\/12\/logopng.png","width":1019,"height":776,"caption":"PrijedorDanas.com"},"image":{"@id":"https:\/\/www.prijedordanas.com\/#\/schema\/logo\/image\/"},"sameAs":["https:\/\/www.facebook.com\/PrijedorDanasCom\/"]},{"@type":"Person","@id":"https:\/\/www.prijedordanas.com\/#\/schema\/person\/4e08ccf29b506ca916ff86d46bb700e6","name":"admin","image":{"@type":"ImageObject","inLanguage":"en-US","@id":"https:\/\/www.prijedordanas.com\/#\/schema\/person\/image\/","url":"https:\/\/secure.gravatar.com\/avatar\/1d3fc949d550f0b53a5f0d51e06dfd79?s=96&d=mm&r=g","contentUrl":"https:\/\/secure.gravatar.com\/avatar\/1d3fc949d550f0b53a5f0d51e06dfd79?s=96&d=mm&r=g","caption":"admin"},"url":"https:\/\/www.prijedordanas.com\/?author=1"}]}},"_links":{"self":[{"href":"https:\/\/www.prijedordanas.com\/index.php?rest_route=\/wp\/v2\/posts\/153467"}],"collection":[{"href":"https:\/\/www.prijedordanas.com\/index.php?rest_route=\/wp\/v2\/posts"}],"about":[{"href":"https:\/\/www.prijedordanas.com\/index.php?rest_route=\/wp\/v2\/types\/post"}],"author":[{"embeddable":true,"href":"https:\/\/www.prijedordanas.com\/index.php?rest_route=\/wp\/v2\/users\/1"}],"replies":[{"embeddable":true,"href":"https:\/\/www.prijedordanas.com\/index.php?rest_route=%2Fwp%2Fv2%2Fcomments&post=153467"}],"version-history":[{"count":1,"href":"https:\/\/www.prijedordanas.com\/index.php?rest_route=\/wp\/v2\/posts\/153467\/revisions"}],"predecessor-version":[{"id":153490,"href":"https:\/\/www.prijedordanas.com\/index.php?rest_route=\/wp\/v2\/posts\/153467\/revisions\/153490"}],"wp:attachment":[{"href":"https:\/\/www.prijedordanas.com\/index.php?rest_route=%2Fwp%2Fv2%2Fmedia&parent=153467"}],"wp:term":[{"taxonomy":"category","embeddable":true,"href":"https:\/\/www.prijedordanas.com\/index.php?rest_route=%2Fwp%2Fv2%2Fcategories&post=153467"},{"taxonomy":"post_tag","embeddable":true,"href":"https:\/\/www.prijedordanas.com\/index.php?rest_route=%2Fwp%2Fv2%2Ftags&post=153467"}],"curies":[{"name":"wp","href":"https:\/\/api.w.org\/{rel}","templated":true}]}}