{"id":153361,"date":"2020-09-05T17:58:53","date_gmt":"2020-09-05T15:58:53","guid":{"rendered":"https:\/\/www.prijedordanas.com\/?p=153361"},"modified":"2020-09-05T17:58:53","modified_gmt":"2020-09-05T15:58:53","slug":"demos-ndp-zajednicka-lista-za-skupstinu-grada-prijedora","status":"publish","type":"post","link":"https:\/\/www.prijedordanas.com\/?p=153361","title":{"rendered":"Demos-NDP: Zajedni\u010dka lista za Skup\u0161tinu grada Prijedora"},"content":{"rendered":"<p><a href=\"https:\/\/www.prijedordanas.com\/wp-content\/uploads\/2020\/09\/demos-ndp-zajednicka-lista.jpg\"><img loading=\"lazy\" decoding=\"async\" src=\"https:\/\/www.prijedordanas.com\/wp-content\/uploads\/2020\/09\/demos-ndp-zajednicka-lista-300x231.jpg\" alt=\"\" width=\"300\" height=\"231\" class=\"alignleft size-medium wp-image-153362\" srcset=\"https:\/\/www.prijedordanas.com\/wp-content\/uploads\/2020\/09\/demos-ndp-zajednicka-lista-300x231.jpg 300w, https:\/\/www.prijedordanas.com\/wp-content\/uploads\/2020\/09\/demos-ndp-zajednicka-lista.jpg 650w\" sizes=\"(max-width: 300px) 100vw, 300px\" \/><\/a>&#8220;Demos bez dileme &#8211; Prijedor prije svega&#8221; slogan je pod kojim \u0107e na lokalnim izborima u novembru nastupiti koalicija Demosa i NDP-a u gradu na Sani, najavio je predsjednik prijedorskog Gradskog odbora Demosa Tomislav Prpo\u0161.<\/p>\n<p>&#8220;CIK BiH je ovjerio na\u0161u listu \u0161to zna\u010di da smo ispunili sve uslove da ravnopravno sa drugim politi\u010dkim subjektima u\u010destvujemo na ovim izborima, a to je za nas posebno zna\u010dajno jer mi u izbornoj trci u\u010destvujemo prvi put&#8221;, rekao je Prpo\u0161 na konferenciji za novinare u Prijedoru.<\/p>\n<p>On je naveo da zajedni\u010dka lista Demosa i NDP-a u Prijedoru ima 33 kandidata iz svih slojeva dru\u0161tva, od omladine do penzionera, da je zastupljena cijela teritorija grada i da polovina kandidata ima visoku stru\u010dnu spremu.<\/p>\n<p>&#8220;Za nas su posebno va\u017eni rezultati ovih izbora jer odre\u0111uju na\u0161 status za du\u017ei period u budu\u0107nosti na ovim prostorima. Ubije\u0111eni smo da \u0107emo imati povjerenje gra\u0111ana i ostvariti svoj izbroni cilj, a to je klub odbornika u Skup\u0161tini grada Prijedora&#8221;, dodao je Prpo\u0161.<\/p>\n<p>Povjerenik prijedorskog NDP-a Silvi Milanovi\u0107 izrazila je zadovoljstvo zajedni\u010dkom listom kandidata iz svih kategorija dru\u0161tva.<\/p>\n<p>&#8220;Takav koncept smo imali prilikom sastavljanja liste da svaki gra\u0111anin Prijedora mo\u017ee prepoznati sebe i dati glas predstavniku koji \u0107e ga zastupati u skup\u0161tini&#8221;, rekla je Milanovi\u0107eva.<\/p>\n<p>Predsjednik izbornog \u0161taba koalicije Demosa i NDP-a u Prijedoru je Branislav Kecman.<\/p>\n<p>SRNA<\/p>\n","protected":false},"excerpt":{"rendered":"<p>&#8220;Demos bez dileme &#8211; Prijedor prije svega&#8221; slogan je pod kojim \u0107e na lokalnim izborima u novembru nastupiti koalicija Demosa i NDP-a u gradu na Sani, najavio je predsjednik prijedorskog [&hellip;]<\/p>\n","protected":false},"author":1,"featured_media":0,"comment_status":"closed","ping_status":"open","sticky":false,"template":"","format":"standard","meta":{"_monsterinsights_skip_tracking":false,"_monsterinsights_sitenote_active":false,"_monsterinsights_sitenote_note":"","_monsterinsights_sitenote_category":0,"footnotes":""},"categories":[8],"tags":[],"yoast_head":"<!-- This site is optimized with the Yoast SEO plugin v21.6 - https:\/\/yoast.com\/wordpress\/plugins\/seo\/ -->\n<title>Demos-NDP: Zajedni\u010dka lista za Skup\u0161tinu grada Prijedora - PrijedorDanas.com - Prijedorski gradski portal<\/title>\n<meta name=\"robots\" content=\"index, follow, max-snippet:-1, max-image-preview:large, max-video-preview:-1\" \/>\n<link rel=\"canonical\" href=\"https:\/\/www.prijedordanas.com\/?p=153361\" \/>\n<meta property=\"og:locale\" content=\"en_US\" \/>\n<meta property=\"og:type\" content=\"article\" \/>\n<meta property=\"og:title\" content=\"Demos-NDP: Zajedni\u010dka lista za Skup\u0161tinu grada Prijedora - PrijedorDanas.com - Prijedorski gradski portal\" \/>\n<meta property=\"og:description\" content=\"&#8220;Demos bez dileme &#8211; Prijedor prije svega&#8221; slogan je pod kojim \u0107e na lokalnim izborima u novembru nastupiti koalicija Demosa i NDP-a u gradu na Sani, najavio je predsjednik prijedorskog [&hellip;]\" \/>\n<meta property=\"og:url\" content=\"https:\/\/www.prijedordanas.com\/?p=153361\" \/>\n<meta property=\"og:site_name\" content=\"PrijedorDanas.com - Prijedorski gradski portal\" \/>\n<meta property=\"article:publisher\" content=\"https:\/\/www.facebook.com\/PrijedorDanasCom\/\" \/>\n<meta property=\"article:published_time\" content=\"2020-09-05T15:58:53+00:00\" \/>\n<meta property=\"og:image\" content=\"https:\/\/www.prijedordanas.com\/wp-content\/uploads\/2020\/09\/demos-ndp-zajednicka-lista-300x231.jpg\" \/>\n<meta name=\"author\" content=\"admin\" \/>\n<meta name=\"twitter:card\" content=\"summary_large_image\" \/>\n<meta name=\"twitter:label1\" content=\"Written by\" \/>\n\t<meta name=\"twitter:data1\" content=\"admin\" \/>\n\t<meta name=\"twitter:label2\" content=\"Est. reading time\" \/>\n\t<meta name=\"twitter:data2\" content=\"1 minute\" \/>\n<script type=\"application\/ld+json\" class=\"yoast-schema-graph\">{\"@context\":\"https:\/\/schema.org\",\"@graph\":[{\"@type\":\"Article\",\"@id\":\"https:\/\/www.prijedordanas.com\/?p=153361#article\",\"isPartOf\":{\"@id\":\"https:\/\/www.prijedordanas.com\/?p=153361\"},\"author\":{\"name\":\"admin\",\"@id\":\"https:\/\/www.prijedordanas.com\/#\/schema\/person\/4e08ccf29b506ca916ff86d46bb700e6\"},\"headline\":\"Demos-NDP: Zajedni\u010dka lista za Skup\u0161tinu grada Prijedora\",\"datePublished\":\"2020-09-05T15:58:53+00:00\",\"dateModified\":\"2020-09-05T15:58:53+00:00\",\"mainEntityOfPage\":{\"@id\":\"https:\/\/www.prijedordanas.com\/?p=153361\"},\"wordCount\":247,\"publisher\":{\"@id\":\"https:\/\/www.prijedordanas.com\/#organization\"},\"articleSection\":[\"Svakodnevno\"],\"inLanguage\":\"en-US\"},{\"@type\":\"WebPage\",\"@id\":\"https:\/\/www.prijedordanas.com\/?p=153361\",\"url\":\"https:\/\/www.prijedordanas.com\/?p=153361\",\"name\":\"Demos-NDP: Zajedni\u010dka lista za Skup\u0161tinu grada Prijedora - PrijedorDanas.com - Prijedorski gradski portal\",\"isPartOf\":{\"@id\":\"https:\/\/www.prijedordanas.com\/#website\"},\"datePublished\":\"2020-09-05T15:58:53+00:00\",\"dateModified\":\"2020-09-05T15:58:53+00:00\",\"breadcrumb\":{\"@id\":\"https:\/\/www.prijedordanas.com\/?p=153361#breadcrumb\"},\"inLanguage\":\"en-US\",\"potentialAction\":[{\"@type\":\"ReadAction\",\"target\":[\"https:\/\/www.prijedordanas.com\/?p=153361\"]}]},{\"@type\":\"BreadcrumbList\",\"@id\":\"https:\/\/www.prijedordanas.com\/?p=153361#breadcrumb\",\"itemListElement\":[{\"@type\":\"ListItem\",\"position\":1,\"name\":\"Home\",\"item\":\"https:\/\/www.prijedordanas.com\/\"},{\"@type\":\"ListItem\",\"position\":2,\"name\":\"Demos-NDP: Zajedni\u010dka lista za Skup\u0161tinu grada Prijedora\"}]},{\"@type\":\"WebSite\",\"@id\":\"https:\/\/www.prijedordanas.com\/#website\",\"url\":\"https:\/\/www.prijedordanas.com\/\",\"name\":\"PrijedorDanas.com - Prijedorski gradski portal\",\"description\":\"Portal o doga\u0111anjima u gradu Prijedoru\",\"publisher\":{\"@id\":\"https:\/\/www.prijedordanas.com\/#organization\"},\"potentialAction\":[{\"@type\":\"SearchAction\",\"target\":{\"@type\":\"EntryPoint\",\"urlTemplate\":\"https:\/\/www.prijedordanas.com\/?s={search_term_string}\"},\"query-input\":\"required name=search_term_string\"}],\"inLanguage\":\"en-US\"},{\"@type\":\"Organization\",\"@id\":\"https:\/\/www.prijedordanas.com\/#organization\",\"name\":\"PrijedorDanas.com\",\"url\":\"https:\/\/www.prijedordanas.com\/\",\"logo\":{\"@type\":\"ImageObject\",\"inLanguage\":\"en-US\",\"@id\":\"https:\/\/www.prijedordanas.com\/#\/schema\/logo\/image\/\",\"url\":\"http:\/\/www.prijedordanas.com\/wp-content\/uploads\/2021\/12\/logopng.png\",\"contentUrl\":\"http:\/\/www.prijedordanas.com\/wp-content\/uploads\/2021\/12\/logopng.png\",\"width\":1019,\"height\":776,\"caption\":\"PrijedorDanas.com\"},\"image\":{\"@id\":\"https:\/\/www.prijedordanas.com\/#\/schema\/logo\/image\/\"},\"sameAs\":[\"https:\/\/www.facebook.com\/PrijedorDanasCom\/\"]},{\"@type\":\"Person\",\"@id\":\"https:\/\/www.prijedordanas.com\/#\/schema\/person\/4e08ccf29b506ca916ff86d46bb700e6\",\"name\":\"admin\",\"image\":{\"@type\":\"ImageObject\",\"inLanguage\":\"en-US\",\"@id\":\"https:\/\/www.prijedordanas.com\/#\/schema\/person\/image\/\",\"url\":\"https:\/\/secure.gravatar.com\/avatar\/1d3fc949d550f0b53a5f0d51e06dfd79?s=96&d=mm&r=g\",\"contentUrl\":\"https:\/\/secure.gravatar.com\/avatar\/1d3fc949d550f0b53a5f0d51e06dfd79?s=96&d=mm&r=g\",\"caption\":\"admin\"},\"url\":\"https:\/\/www.prijedordanas.com\/?author=1\"}]}<\/script>\n<!-- \/ Yoast SEO plugin. -->","yoast_head_json":{"title":"Demos-NDP: Zajedni\u010dka lista za Skup\u0161tinu grada Prijedora - PrijedorDanas.com - Prijedorski gradski portal","robots":{"index":"index","follow":"follow","max-snippet":"max-snippet:-1","max-image-preview":"max-image-preview:large","max-video-preview":"max-video-preview:-1"},"canonical":"https:\/\/www.prijedordanas.com\/?p=153361","og_locale":"en_US","og_type":"article","og_title":"Demos-NDP: Zajedni\u010dka lista za Skup\u0161tinu grada Prijedora - PrijedorDanas.com - Prijedorski gradski portal","og_description":"&#8220;Demos bez dileme &#8211; Prijedor prije svega&#8221; slogan je pod kojim \u0107e na lokalnim izborima u novembru nastupiti koalicija Demosa i NDP-a u gradu na Sani, najavio je predsjednik prijedorskog [&hellip;]","og_url":"https:\/\/www.prijedordanas.com\/?p=153361","og_site_name":"PrijedorDanas.com - Prijedorski gradski portal","article_publisher":"https:\/\/www.facebook.com\/PrijedorDanasCom\/","article_published_time":"2020-09-05T15:58:53+00:00","og_image":[{"url":"https:\/\/www.prijedordanas.com\/wp-content\/uploads\/2020\/09\/demos-ndp-zajednicka-lista-300x231.jpg"}],"author":"admin","twitter_card":"summary_large_image","twitter_misc":{"Written by":"admin","Est. reading time":"1 minute"},"schema":{"@context":"https:\/\/schema.org","@graph":[{"@type":"Article","@id":"https:\/\/www.prijedordanas.com\/?p=153361#article","isPartOf":{"@id":"https:\/\/www.prijedordanas.com\/?p=153361"},"author":{"name":"admin","@id":"https:\/\/www.prijedordanas.com\/#\/schema\/person\/4e08ccf29b506ca916ff86d46bb700e6"},"headline":"Demos-NDP: Zajedni\u010dka lista za Skup\u0161tinu grada Prijedora","datePublished":"2020-09-05T15:58:53+00:00","dateModified":"2020-09-05T15:58:53+00:00","mainEntityOfPage":{"@id":"https:\/\/www.prijedordanas.com\/?p=153361"},"wordCount":247,"publisher":{"@id":"https:\/\/www.prijedordanas.com\/#organization"},"articleSection":["Svakodnevno"],"inLanguage":"en-US"},{"@type":"WebPage","@id":"https:\/\/www.prijedordanas.com\/?p=153361","url":"https:\/\/www.prijedordanas.com\/?p=153361","name":"Demos-NDP: Zajedni\u010dka lista za Skup\u0161tinu grada Prijedora - PrijedorDanas.com - Prijedorski gradski portal","isPartOf":{"@id":"https:\/\/www.prijedordanas.com\/#website"},"datePublished":"2020-09-05T15:58:53+00:00","dateModified":"2020-09-05T15:58:53+00:00","breadcrumb":{"@id":"https:\/\/www.prijedordanas.com\/?p=153361#breadcrumb"},"inLanguage":"en-US","potentialAction":[{"@type":"ReadAction","target":["https:\/\/www.prijedordanas.com\/?p=153361"]}]},{"@type":"BreadcrumbList","@id":"https:\/\/www.prijedordanas.com\/?p=153361#breadcrumb","itemListElement":[{"@type":"ListItem","position":1,"name":"Home","item":"https:\/\/www.prijedordanas.com\/"},{"@type":"ListItem","position":2,"name":"Demos-NDP: Zajedni\u010dka lista za Skup\u0161tinu grada Prijedora"}]},{"@type":"WebSite","@id":"https:\/\/www.prijedordanas.com\/#website","url":"https:\/\/www.prijedordanas.com\/","name":"PrijedorDanas.com - Prijedorski gradski portal","description":"Portal o doga\u0111anjima u gradu Prijedoru","publisher":{"@id":"https:\/\/www.prijedordanas.com\/#organization"},"potentialAction":[{"@type":"SearchAction","target":{"@type":"EntryPoint","urlTemplate":"https:\/\/www.prijedordanas.com\/?s={search_term_string}"},"query-input":"required name=search_term_string"}],"inLanguage":"en-US"},{"@type":"Organization","@id":"https:\/\/www.prijedordanas.com\/#organization","name":"PrijedorDanas.com","url":"https:\/\/www.prijedordanas.com\/","logo":{"@type":"ImageObject","inLanguage":"en-US","@id":"https:\/\/www.prijedordanas.com\/#\/schema\/logo\/image\/","url":"http:\/\/www.prijedordanas.com\/wp-content\/uploads\/2021\/12\/logopng.png","contentUrl":"http:\/\/www.prijedordanas.com\/wp-content\/uploads\/2021\/12\/logopng.png","width":1019,"height":776,"caption":"PrijedorDanas.com"},"image":{"@id":"https:\/\/www.prijedordanas.com\/#\/schema\/logo\/image\/"},"sameAs":["https:\/\/www.facebook.com\/PrijedorDanasCom\/"]},{"@type":"Person","@id":"https:\/\/www.prijedordanas.com\/#\/schema\/person\/4e08ccf29b506ca916ff86d46bb700e6","name":"admin","image":{"@type":"ImageObject","inLanguage":"en-US","@id":"https:\/\/www.prijedordanas.com\/#\/schema\/person\/image\/","url":"https:\/\/secure.gravatar.com\/avatar\/1d3fc949d550f0b53a5f0d51e06dfd79?s=96&d=mm&r=g","contentUrl":"https:\/\/secure.gravatar.com\/avatar\/1d3fc949d550f0b53a5f0d51e06dfd79?s=96&d=mm&r=g","caption":"admin"},"url":"https:\/\/www.prijedordanas.com\/?author=1"}]}},"_links":{"self":[{"href":"https:\/\/www.prijedordanas.com\/index.php?rest_route=\/wp\/v2\/posts\/153361"}],"collection":[{"href":"https:\/\/www.prijedordanas.com\/index.php?rest_route=\/wp\/v2\/posts"}],"about":[{"href":"https:\/\/www.prijedordanas.com\/index.php?rest_route=\/wp\/v2\/types\/post"}],"author":[{"embeddable":true,"href":"https:\/\/www.prijedordanas.com\/index.php?rest_route=\/wp\/v2\/users\/1"}],"replies":[{"embeddable":true,"href":"https:\/\/www.prijedordanas.com\/index.php?rest_route=%2Fwp%2Fv2%2Fcomments&post=153361"}],"version-history":[{"count":1,"href":"https:\/\/www.prijedordanas.com\/index.php?rest_route=\/wp\/v2\/posts\/153361\/revisions"}],"predecessor-version":[{"id":153363,"href":"https:\/\/www.prijedordanas.com\/index.php?rest_route=\/wp\/v2\/posts\/153361\/revisions\/153363"}],"wp:attachment":[{"href":"https:\/\/www.prijedordanas.com\/index.php?rest_route=%2Fwp%2Fv2%2Fmedia&parent=153361"}],"wp:term":[{"taxonomy":"category","embeddable":true,"href":"https:\/\/www.prijedordanas.com\/index.php?rest_route=%2Fwp%2Fv2%2Fcategories&post=153361"},{"taxonomy":"post_tag","embeddable":true,"href":"https:\/\/www.prijedordanas.com\/index.php?rest_route=%2Fwp%2Fv2%2Ftags&post=153361"}],"curies":[{"name":"wp","href":"https:\/\/api.w.org\/{rel}","templated":true}]}}