{"id":152971,"date":"2020-08-28T13:40:23","date_gmt":"2020-08-28T11:40:23","guid":{"rendered":"https:\/\/www.prijedordanas.com\/?p=152971"},"modified":"2020-08-28T13:40:23","modified_gmt":"2020-08-28T11:40:23","slug":"muskarac-iz-prijedora-osumnjicen-za-obljubu-15-godisnje-djevojcice","status":"publish","type":"post","link":"https:\/\/www.prijedordanas.com\/?p=152971","title":{"rendered":"Mu\u0161karac iz Prijedora osumnji\u010den za obljubu 15-godi\u0161nje djevoj\u010dice"},"content":{"rendered":"<p><a href=\"https:\/\/www.prijedordanas.com\/wp-content\/uploads\/2020\/08\/ilustracija-obljuba-maloljetno-lice.jpg\"><img loading=\"lazy\" decoding=\"async\" src=\"https:\/\/www.prijedordanas.com\/wp-content\/uploads\/2020\/08\/ilustracija-obljuba-maloljetno-lice-300x217.jpg\" alt=\"\" width=\"300\" height=\"217\" class=\"alignleft size-medium wp-image-152972\" srcset=\"https:\/\/www.prijedordanas.com\/wp-content\/uploads\/2020\/08\/ilustracija-obljuba-maloljetno-lice-300x217.jpg 300w, https:\/\/www.prijedordanas.com\/wp-content\/uploads\/2020\/08\/ilustracija-obljuba-maloljetno-lice.jpg 690w\" sizes=\"(max-width: 300px) 100vw, 300px\" \/><\/a>Policijska uprava Prijedor podnijela je izvje\u0161taj nadle\u017enom tu\u017eila\u0161tvu protiv mu\u0161karca iz ovog grada osumnji\u010denog za krivi\u010dno djelo obljuba.<\/p>\n<p>Kako Mondo saznaje, radi se o 35-godi\u0161njem A.M. iz Prijedora koji se sumnji\u010di da je djelo po\u010dinio nad 15-godi\u0161njom djevoj\u010dicom.<\/p>\n<p>Nezvani\u010dno, osumnji\u010deni mu\u0161karac i maloljetnica su bili u vezi i imali seksualne odnose.<\/p>\n<p>Iz PU Prijedor nam je kratko potvr\u0111eno da su sve mjere i radnje na ovom slu\u010daju preduzete pod nadzorom Okru\u017enog javnog tu\u017eila\u0161tva Prijedor.<\/p>\n<p>mondo.ba<br \/>\nFoto &#8211; ilustracija<\/p>\n","protected":false},"excerpt":{"rendered":"<p>Policijska uprava Prijedor podnijela je izvje\u0161taj nadle\u017enom tu\u017eila\u0161tvu protiv mu\u0161karca iz ovog grada osumnji\u010denog za krivi\u010dno djelo obljuba. Kako Mondo saznaje, radi se o 35-godi\u0161njem A.M. iz Prijedora koji se [&hellip;]<\/p>\n","protected":false},"author":1,"featured_media":0,"comment_status":"closed","ping_status":"open","sticky":false,"template":"","format":"standard","meta":{"_monsterinsights_skip_tracking":false,"_monsterinsights_sitenote_active":false,"_monsterinsights_sitenote_note":"","_monsterinsights_sitenote_category":0,"footnotes":""},"categories":[5],"tags":[10232,618,9834],"yoast_head":"<!-- This site is optimized with the Yoast SEO plugin v21.6 - https:\/\/yoast.com\/wordpress\/plugins\/seo\/ -->\n<title>Mu\u0161karac iz Prijedora osumnji\u010den za obljubu 15-godi\u0161nje djevoj\u010dice - PrijedorDanas.com - Prijedorski gradski portal<\/title>\n<meta name=\"robots\" content=\"index, follow, max-snippet:-1, max-image-preview:large, max-video-preview:-1\" \/>\n<link rel=\"canonical\" href=\"https:\/\/www.prijedordanas.com\/?p=152971\" \/>\n<meta property=\"og:locale\" content=\"en_US\" \/>\n<meta property=\"og:type\" content=\"article\" \/>\n<meta property=\"og:title\" content=\"Mu\u0161karac iz Prijedora osumnji\u010den za obljubu 15-godi\u0161nje djevoj\u010dice - PrijedorDanas.com - Prijedorski gradski portal\" \/>\n<meta property=\"og:description\" content=\"Policijska uprava Prijedor podnijela je izvje\u0161taj nadle\u017enom tu\u017eila\u0161tvu protiv mu\u0161karca iz ovog grada osumnji\u010denog za krivi\u010dno djelo obljuba. Kako Mondo saznaje, radi se o 35-godi\u0161njem A.M. iz Prijedora koji se [&hellip;]\" \/>\n<meta property=\"og:url\" content=\"https:\/\/www.prijedordanas.com\/?p=152971\" \/>\n<meta property=\"og:site_name\" content=\"PrijedorDanas.com - Prijedorski gradski portal\" \/>\n<meta property=\"article:publisher\" content=\"https:\/\/www.facebook.com\/PrijedorDanasCom\/\" \/>\n<meta property=\"article:published_time\" content=\"2020-08-28T11:40:23+00:00\" \/>\n<meta property=\"og:image\" content=\"https:\/\/www.prijedordanas.com\/wp-content\/uploads\/2020\/08\/ilustracija-obljuba-maloljetno-lice-300x217.jpg\" \/>\n<meta name=\"author\" content=\"admin\" \/>\n<meta name=\"twitter:card\" content=\"summary_large_image\" \/>\n<meta name=\"twitter:label1\" content=\"Written by\" \/>\n\t<meta name=\"twitter:data1\" content=\"admin\" \/>\n\t<meta name=\"twitter:label2\" content=\"Est. reading time\" \/>\n\t<meta name=\"twitter:data2\" content=\"1 minute\" \/>\n<script type=\"application\/ld+json\" class=\"yoast-schema-graph\">{\"@context\":\"https:\/\/schema.org\",\"@graph\":[{\"@type\":\"Article\",\"@id\":\"https:\/\/www.prijedordanas.com\/?p=152971#article\",\"isPartOf\":{\"@id\":\"https:\/\/www.prijedordanas.com\/?p=152971\"},\"author\":{\"name\":\"admin\",\"@id\":\"https:\/\/www.prijedordanas.com\/#\/schema\/person\/4e08ccf29b506ca916ff86d46bb700e6\"},\"headline\":\"Mu\u0161karac iz Prijedora osumnji\u010den za obljubu 15-godi\u0161nje djevoj\u010dice\",\"datePublished\":\"2020-08-28T11:40:23+00:00\",\"dateModified\":\"2020-08-28T11:40:23+00:00\",\"mainEntityOfPage\":{\"@id\":\"https:\/\/www.prijedordanas.com\/?p=152971\"},\"wordCount\":112,\"publisher\":{\"@id\":\"https:\/\/www.prijedordanas.com\/#organization\"},\"keywords\":[\"maloljetnica\",\"obljuba\",\"PU Prijedor\"],\"articleSection\":[\"Hronika\"],\"inLanguage\":\"en-US\"},{\"@type\":\"WebPage\",\"@id\":\"https:\/\/www.prijedordanas.com\/?p=152971\",\"url\":\"https:\/\/www.prijedordanas.com\/?p=152971\",\"name\":\"Mu\u0161karac iz Prijedora osumnji\u010den za obljubu 15-godi\u0161nje djevoj\u010dice - PrijedorDanas.com - Prijedorski gradski portal\",\"isPartOf\":{\"@id\":\"https:\/\/www.prijedordanas.com\/#website\"},\"datePublished\":\"2020-08-28T11:40:23+00:00\",\"dateModified\":\"2020-08-28T11:40:23+00:00\",\"breadcrumb\":{\"@id\":\"https:\/\/www.prijedordanas.com\/?p=152971#breadcrumb\"},\"inLanguage\":\"en-US\",\"potentialAction\":[{\"@type\":\"ReadAction\",\"target\":[\"https:\/\/www.prijedordanas.com\/?p=152971\"]}]},{\"@type\":\"BreadcrumbList\",\"@id\":\"https:\/\/www.prijedordanas.com\/?p=152971#breadcrumb\",\"itemListElement\":[{\"@type\":\"ListItem\",\"position\":1,\"name\":\"Home\",\"item\":\"https:\/\/www.prijedordanas.com\/\"},{\"@type\":\"ListItem\",\"position\":2,\"name\":\"Mu\u0161karac iz Prijedora osumnji\u010den za obljubu 15-godi\u0161nje djevoj\u010dice\"}]},{\"@type\":\"WebSite\",\"@id\":\"https:\/\/www.prijedordanas.com\/#website\",\"url\":\"https:\/\/www.prijedordanas.com\/\",\"name\":\"PrijedorDanas.com - Prijedorski gradski portal\",\"description\":\"Portal o doga\u0111anjima u gradu Prijedoru\",\"publisher\":{\"@id\":\"https:\/\/www.prijedordanas.com\/#organization\"},\"potentialAction\":[{\"@type\":\"SearchAction\",\"target\":{\"@type\":\"EntryPoint\",\"urlTemplate\":\"https:\/\/www.prijedordanas.com\/?s={search_term_string}\"},\"query-input\":\"required name=search_term_string\"}],\"inLanguage\":\"en-US\"},{\"@type\":\"Organization\",\"@id\":\"https:\/\/www.prijedordanas.com\/#organization\",\"name\":\"PrijedorDanas.com\",\"url\":\"https:\/\/www.prijedordanas.com\/\",\"logo\":{\"@type\":\"ImageObject\",\"inLanguage\":\"en-US\",\"@id\":\"https:\/\/www.prijedordanas.com\/#\/schema\/logo\/image\/\",\"url\":\"http:\/\/www.prijedordanas.com\/wp-content\/uploads\/2021\/12\/logopng.png\",\"contentUrl\":\"http:\/\/www.prijedordanas.com\/wp-content\/uploads\/2021\/12\/logopng.png\",\"width\":1019,\"height\":776,\"caption\":\"PrijedorDanas.com\"},\"image\":{\"@id\":\"https:\/\/www.prijedordanas.com\/#\/schema\/logo\/image\/\"},\"sameAs\":[\"https:\/\/www.facebook.com\/PrijedorDanasCom\/\"]},{\"@type\":\"Person\",\"@id\":\"https:\/\/www.prijedordanas.com\/#\/schema\/person\/4e08ccf29b506ca916ff86d46bb700e6\",\"name\":\"admin\",\"image\":{\"@type\":\"ImageObject\",\"inLanguage\":\"en-US\",\"@id\":\"https:\/\/www.prijedordanas.com\/#\/schema\/person\/image\/\",\"url\":\"https:\/\/secure.gravatar.com\/avatar\/1d3fc949d550f0b53a5f0d51e06dfd79?s=96&d=mm&r=g\",\"contentUrl\":\"https:\/\/secure.gravatar.com\/avatar\/1d3fc949d550f0b53a5f0d51e06dfd79?s=96&d=mm&r=g\",\"caption\":\"admin\"},\"url\":\"https:\/\/www.prijedordanas.com\/?author=1\"}]}<\/script>\n<!-- \/ Yoast SEO plugin. -->","yoast_head_json":{"title":"Mu\u0161karac iz Prijedora osumnji\u010den za obljubu 15-godi\u0161nje djevoj\u010dice - PrijedorDanas.com - Prijedorski gradski portal","robots":{"index":"index","follow":"follow","max-snippet":"max-snippet:-1","max-image-preview":"max-image-preview:large","max-video-preview":"max-video-preview:-1"},"canonical":"https:\/\/www.prijedordanas.com\/?p=152971","og_locale":"en_US","og_type":"article","og_title":"Mu\u0161karac iz Prijedora osumnji\u010den za obljubu 15-godi\u0161nje djevoj\u010dice - PrijedorDanas.com - Prijedorski gradski portal","og_description":"Policijska uprava Prijedor podnijela je izvje\u0161taj nadle\u017enom tu\u017eila\u0161tvu protiv mu\u0161karca iz ovog grada osumnji\u010denog za krivi\u010dno djelo obljuba. Kako Mondo saznaje, radi se o 35-godi\u0161njem A.M. iz Prijedora koji se [&hellip;]","og_url":"https:\/\/www.prijedordanas.com\/?p=152971","og_site_name":"PrijedorDanas.com - Prijedorski gradski portal","article_publisher":"https:\/\/www.facebook.com\/PrijedorDanasCom\/","article_published_time":"2020-08-28T11:40:23+00:00","og_image":[{"url":"https:\/\/www.prijedordanas.com\/wp-content\/uploads\/2020\/08\/ilustracija-obljuba-maloljetno-lice-300x217.jpg"}],"author":"admin","twitter_card":"summary_large_image","twitter_misc":{"Written by":"admin","Est. reading time":"1 minute"},"schema":{"@context":"https:\/\/schema.org","@graph":[{"@type":"Article","@id":"https:\/\/www.prijedordanas.com\/?p=152971#article","isPartOf":{"@id":"https:\/\/www.prijedordanas.com\/?p=152971"},"author":{"name":"admin","@id":"https:\/\/www.prijedordanas.com\/#\/schema\/person\/4e08ccf29b506ca916ff86d46bb700e6"},"headline":"Mu\u0161karac iz Prijedora osumnji\u010den za obljubu 15-godi\u0161nje djevoj\u010dice","datePublished":"2020-08-28T11:40:23+00:00","dateModified":"2020-08-28T11:40:23+00:00","mainEntityOfPage":{"@id":"https:\/\/www.prijedordanas.com\/?p=152971"},"wordCount":112,"publisher":{"@id":"https:\/\/www.prijedordanas.com\/#organization"},"keywords":["maloljetnica","obljuba","PU Prijedor"],"articleSection":["Hronika"],"inLanguage":"en-US"},{"@type":"WebPage","@id":"https:\/\/www.prijedordanas.com\/?p=152971","url":"https:\/\/www.prijedordanas.com\/?p=152971","name":"Mu\u0161karac iz Prijedora osumnji\u010den za obljubu 15-godi\u0161nje djevoj\u010dice - PrijedorDanas.com - Prijedorski gradski portal","isPartOf":{"@id":"https:\/\/www.prijedordanas.com\/#website"},"datePublished":"2020-08-28T11:40:23+00:00","dateModified":"2020-08-28T11:40:23+00:00","breadcrumb":{"@id":"https:\/\/www.prijedordanas.com\/?p=152971#breadcrumb"},"inLanguage":"en-US","potentialAction":[{"@type":"ReadAction","target":["https:\/\/www.prijedordanas.com\/?p=152971"]}]},{"@type":"BreadcrumbList","@id":"https:\/\/www.prijedordanas.com\/?p=152971#breadcrumb","itemListElement":[{"@type":"ListItem","position":1,"name":"Home","item":"https:\/\/www.prijedordanas.com\/"},{"@type":"ListItem","position":2,"name":"Mu\u0161karac iz Prijedora osumnji\u010den za obljubu 15-godi\u0161nje djevoj\u010dice"}]},{"@type":"WebSite","@id":"https:\/\/www.prijedordanas.com\/#website","url":"https:\/\/www.prijedordanas.com\/","name":"PrijedorDanas.com - Prijedorski gradski portal","description":"Portal o doga\u0111anjima u gradu Prijedoru","publisher":{"@id":"https:\/\/www.prijedordanas.com\/#organization"},"potentialAction":[{"@type":"SearchAction","target":{"@type":"EntryPoint","urlTemplate":"https:\/\/www.prijedordanas.com\/?s={search_term_string}"},"query-input":"required name=search_term_string"}],"inLanguage":"en-US"},{"@type":"Organization","@id":"https:\/\/www.prijedordanas.com\/#organization","name":"PrijedorDanas.com","url":"https:\/\/www.prijedordanas.com\/","logo":{"@type":"ImageObject","inLanguage":"en-US","@id":"https:\/\/www.prijedordanas.com\/#\/schema\/logo\/image\/","url":"http:\/\/www.prijedordanas.com\/wp-content\/uploads\/2021\/12\/logopng.png","contentUrl":"http:\/\/www.prijedordanas.com\/wp-content\/uploads\/2021\/12\/logopng.png","width":1019,"height":776,"caption":"PrijedorDanas.com"},"image":{"@id":"https:\/\/www.prijedordanas.com\/#\/schema\/logo\/image\/"},"sameAs":["https:\/\/www.facebook.com\/PrijedorDanasCom\/"]},{"@type":"Person","@id":"https:\/\/www.prijedordanas.com\/#\/schema\/person\/4e08ccf29b506ca916ff86d46bb700e6","name":"admin","image":{"@type":"ImageObject","inLanguage":"en-US","@id":"https:\/\/www.prijedordanas.com\/#\/schema\/person\/image\/","url":"https:\/\/secure.gravatar.com\/avatar\/1d3fc949d550f0b53a5f0d51e06dfd79?s=96&d=mm&r=g","contentUrl":"https:\/\/secure.gravatar.com\/avatar\/1d3fc949d550f0b53a5f0d51e06dfd79?s=96&d=mm&r=g","caption":"admin"},"url":"https:\/\/www.prijedordanas.com\/?author=1"}]}},"_links":{"self":[{"href":"https:\/\/www.prijedordanas.com\/index.php?rest_route=\/wp\/v2\/posts\/152971"}],"collection":[{"href":"https:\/\/www.prijedordanas.com\/index.php?rest_route=\/wp\/v2\/posts"}],"about":[{"href":"https:\/\/www.prijedordanas.com\/index.php?rest_route=\/wp\/v2\/types\/post"}],"author":[{"embeddable":true,"href":"https:\/\/www.prijedordanas.com\/index.php?rest_route=\/wp\/v2\/users\/1"}],"replies":[{"embeddable":true,"href":"https:\/\/www.prijedordanas.com\/index.php?rest_route=%2Fwp%2Fv2%2Fcomments&post=152971"}],"version-history":[{"count":1,"href":"https:\/\/www.prijedordanas.com\/index.php?rest_route=\/wp\/v2\/posts\/152971\/revisions"}],"predecessor-version":[{"id":152973,"href":"https:\/\/www.prijedordanas.com\/index.php?rest_route=\/wp\/v2\/posts\/152971\/revisions\/152973"}],"wp:attachment":[{"href":"https:\/\/www.prijedordanas.com\/index.php?rest_route=%2Fwp%2Fv2%2Fmedia&parent=152971"}],"wp:term":[{"taxonomy":"category","embeddable":true,"href":"https:\/\/www.prijedordanas.com\/index.php?rest_route=%2Fwp%2Fv2%2Fcategories&post=152971"},{"taxonomy":"post_tag","embeddable":true,"href":"https:\/\/www.prijedordanas.com\/index.php?rest_route=%2Fwp%2Fv2%2Ftags&post=152971"}],"curies":[{"name":"wp","href":"https:\/\/api.w.org\/{rel}","templated":true}]}}