{"id":152637,"date":"2020-08-21T16:30:03","date_gmt":"2020-08-21T14:30:03","guid":{"rendered":"https:\/\/www.prijedordanas.com\/?p=152637"},"modified":"2020-08-22T10:43:12","modified_gmt":"2020-08-22T08:43:12","slug":"obiljezena-28-godisnjica-stradanja-na-koricanskim-stijenama","status":"publish","type":"post","link":"https:\/\/www.prijedordanas.com\/?p=152637","title":{"rendered":"Obilje\u017eena 28. godi\u0161njica stradanja na Kori\u0107anskim stijenama"},"content":{"rendered":"<p><a href=\"https:\/\/www.prijedordanas.com\/wp-content\/uploads\/2020\/08\/anadolija-koricanske-stijene-2020-1.jpg\"><img loading=\"lazy\" decoding=\"async\" class=\"alignleft size-medium wp-image-152638\" src=\"https:\/\/www.prijedordanas.com\/wp-content\/uploads\/2020\/08\/anadolija-koricanske-stijene-2020-1-300x217.jpg\" alt=\"\" width=\"300\" height=\"217\" srcset=\"https:\/\/www.prijedordanas.com\/wp-content\/uploads\/2020\/08\/anadolija-koricanske-stijene-2020-1-300x217.jpg 300w, https:\/\/www.prijedordanas.com\/wp-content\/uploads\/2020\/08\/anadolija-koricanske-stijene-2020-1.jpg 690w\" sizes=\"(max-width: 300px) 100vw, 300px\" \/><\/a>Na Kori\u0107anskim stijenama je obilje\u017eena 28. godi\u0161njica stradanja prijedorskih i kotorvaro\u0161kih Bo\u0161njaka i Hrvata, javlja Anadolu Agency (AA).<\/p>\n<p>Shodno preporukama kriznih \u0161tabova vezano za pandemiju COVID-19 ovogodi\u0161nje obilje\u017eavanje realizovano je uz znatno manji broj u\u010desnika i zvanica u odnosu na prethodne.<\/p>\n<p>Program je stoga bio redukovan. Odata je po\u010dast nedu\u017eno stradalim u\u010denjem Fatihe, minutom \u0161utnje i bacanjem ru\u017ea i cvije\u0107a niz stijene sa simbolom &#8211; jedna ru\u017ea, jedan \u017eivot.<\/p>\n<p>Obilje\u017eavanje ovog doga\u0111aja ima za cilj da se odr\u017ei kontinuitet i ne dozvoli zaborav po\u010dinjenih zlo\u010dina.<\/p>\n<p><a href=\"https:\/\/www.prijedordanas.com\/wp-content\/uploads\/2020\/08\/anadolija-koricanske-stijene-2020-2.jpg\"><img loading=\"lazy\" decoding=\"async\" src=\"https:\/\/www.prijedordanas.com\/wp-content\/uploads\/2020\/08\/anadolija-koricanske-stijene-2020-2-300x201.jpg\" alt=\"\" width=\"300\" height=\"201\" class=\"alignleft size-medium wp-image-152639\" srcset=\"https:\/\/www.prijedordanas.com\/wp-content\/uploads\/2020\/08\/anadolija-koricanske-stijene-2020-2-300x201.jpg 300w, https:\/\/www.prijedordanas.com\/wp-content\/uploads\/2020\/08\/anadolija-koricanske-stijene-2020-2-480x320.jpg 480w, https:\/\/www.prijedordanas.com\/wp-content\/uploads\/2020\/08\/anadolija-koricanske-stijene-2020-2.jpg 600w\" sizes=\"(max-width: 300px) 100vw, 300px\" \/><\/a>Na lokalitetu Kori\u0107anske stijene, na planini Vla\u0161i\u0107, 21. augusta 1992. godine strijeljano je vi\u0161e od 200 logora\u0161a, Bo\u0161njaka i Hrvata, koji su bili zato\u010deni i mu\u010deni u prijedorskim logorima. Kolona autobusa sa logora\u0161ima krenula je tada od Prijedora put Vla\u0161i\u0107a pod izgovorom razmjene i pod pratnjom tamo\u0161nje policije. Iz autobusa nisu iza\u0161la samo 22 logora\u0161a, pa su ih odveli u Travnik. Ostale su vodili na Kori\u0107anske stijene misle\u0107i da ih tamo nikada ne\u0107e na\u0107i.<\/p>\n<p>Ovdje mi mijenjamo mrtve za mrtve i \u017eive za \u017eive \u2013 tim rije\u010dima pripadnici interventnog voda policije RS-a iz Prijedora logora\u0161e su postrojili na rubu provalije, naredili im da kleknu i pucali im u le\u0111a.<\/p>\n<p>Tijela logora\u0161a padala su u ponor dubok preko 300 metara. Da bi bili sigurni da niko ne\u0107e pre\u017eivjeti, pucali su i bacali bombe u provaliji.<\/p>\n<p>I sada se traga za brojnim \u017ertvama, a procesi identifikacije prona\u0111enih posmrtnih ostataka nisu zavr\u0161eni.<\/p>\n<p>Dvanaest osoba je pre\u017eivjelo masakr na Kori\u0107anskim stijenama. Njihova svjedo\u010denja doprinijela su da neki od zlo\u010dinaca dobiju zaslu\u017eene kazne.<\/p>\n<p>Za zlo\u010din na Kori\u0107anskim stijenama pred Ha\u0161kim tribunalom i Sudom BiH osu\u0111eni su: Darko Mr\u0111a na 17 godina zatvora, Damir Ivankovi\u0107 na 14 godina, Gordan \u0110uri\u0107 na osam godina, Ljubi\u0161a \u010ceti\u0107 na 13 godina, Zoran Babi\u0107 na 22 godine, Milorad \u0160krbi\u0107 na 21 godinu, Du\u0161an Jankovi\u0107 na 21 godinu, \u017deljko Stojni\u0107 na 15 godina, Sa\u0161a Ze\u010devi\u0107 na 23 godine, Marinko Lepoja na 23 i Radoslav Kne\u017eevi\u0107 na 23 godine zatvora.<\/p>\n<p>Anadolija<\/p>\n","protected":false},"excerpt":{"rendered":"<p>Na Kori\u0107anskim stijenama je obilje\u017eena 28. godi\u0161njica stradanja prijedorskih i kotorvaro\u0161kih Bo\u0161njaka i Hrvata, javlja Anadolu Agency (AA). Shodno preporukama kriznih \u0161tabova vezano za pandemiju COVID-19 ovogodi\u0161nje obilje\u017eavanje realizovano je [&hellip;]<\/p>\n","protected":false},"author":1,"featured_media":0,"comment_status":"closed","ping_status":"open","sticky":false,"template":"","format":"standard","meta":{"_monsterinsights_skip_tracking":false,"_monsterinsights_sitenote_active":false,"_monsterinsights_sitenote_note":"","_monsterinsights_sitenote_category":0,"footnotes":""},"categories":[8],"tags":[],"yoast_head":"<!-- This site is optimized with the Yoast SEO plugin v21.6 - https:\/\/yoast.com\/wordpress\/plugins\/seo\/ -->\n<title>Obilje\u017eena 28. godi\u0161njica stradanja na Kori\u0107anskim stijenama - PrijedorDanas.com - Prijedorski gradski portal<\/title>\n<meta name=\"robots\" content=\"index, follow, max-snippet:-1, max-image-preview:large, max-video-preview:-1\" \/>\n<link rel=\"canonical\" href=\"https:\/\/www.prijedordanas.com\/?p=152637\" \/>\n<meta property=\"og:locale\" content=\"en_US\" \/>\n<meta property=\"og:type\" content=\"article\" \/>\n<meta property=\"og:title\" content=\"Obilje\u017eena 28. godi\u0161njica stradanja na Kori\u0107anskim stijenama - PrijedorDanas.com - Prijedorski gradski portal\" \/>\n<meta property=\"og:description\" content=\"Na Kori\u0107anskim stijenama je obilje\u017eena 28. godi\u0161njica stradanja prijedorskih i kotorvaro\u0161kih Bo\u0161njaka i Hrvata, javlja Anadolu Agency (AA). Shodno preporukama kriznih \u0161tabova vezano za pandemiju COVID-19 ovogodi\u0161nje obilje\u017eavanje realizovano je [&hellip;]\" \/>\n<meta property=\"og:url\" content=\"https:\/\/www.prijedordanas.com\/?p=152637\" \/>\n<meta property=\"og:site_name\" content=\"PrijedorDanas.com - Prijedorski gradski portal\" \/>\n<meta property=\"article:publisher\" content=\"https:\/\/www.facebook.com\/PrijedorDanasCom\/\" \/>\n<meta property=\"article:published_time\" content=\"2020-08-21T14:30:03+00:00\" \/>\n<meta property=\"article:modified_time\" content=\"2020-08-22T08:43:12+00:00\" \/>\n<meta property=\"og:image\" content=\"https:\/\/www.prijedordanas.com\/wp-content\/uploads\/2020\/08\/anadolija-koricanske-stijene-2020-1-300x217.jpg\" \/>\n<meta name=\"author\" content=\"admin\" \/>\n<meta name=\"twitter:card\" content=\"summary_large_image\" \/>\n<meta name=\"twitter:label1\" content=\"Written by\" \/>\n\t<meta name=\"twitter:data1\" content=\"admin\" \/>\n\t<meta name=\"twitter:label2\" content=\"Est. reading time\" \/>\n\t<meta name=\"twitter:data2\" content=\"2 minutes\" \/>\n<script type=\"application\/ld+json\" class=\"yoast-schema-graph\">{\"@context\":\"https:\/\/schema.org\",\"@graph\":[{\"@type\":\"Article\",\"@id\":\"https:\/\/www.prijedordanas.com\/?p=152637#article\",\"isPartOf\":{\"@id\":\"https:\/\/www.prijedordanas.com\/?p=152637\"},\"author\":{\"name\":\"admin\",\"@id\":\"https:\/\/www.prijedordanas.com\/#\/schema\/person\/4e08ccf29b506ca916ff86d46bb700e6\"},\"headline\":\"Obilje\u017eena 28. godi\u0161njica stradanja na Kori\u0107anskim stijenama\",\"datePublished\":\"2020-08-21T14:30:03+00:00\",\"dateModified\":\"2020-08-22T08:43:12+00:00\",\"mainEntityOfPage\":{\"@id\":\"https:\/\/www.prijedordanas.com\/?p=152637\"},\"wordCount\":375,\"publisher\":{\"@id\":\"https:\/\/www.prijedordanas.com\/#organization\"},\"articleSection\":[\"Svakodnevno\"],\"inLanguage\":\"en-US\"},{\"@type\":\"WebPage\",\"@id\":\"https:\/\/www.prijedordanas.com\/?p=152637\",\"url\":\"https:\/\/www.prijedordanas.com\/?p=152637\",\"name\":\"Obilje\u017eena 28. godi\u0161njica stradanja na Kori\u0107anskim stijenama - PrijedorDanas.com - Prijedorski gradski portal\",\"isPartOf\":{\"@id\":\"https:\/\/www.prijedordanas.com\/#website\"},\"datePublished\":\"2020-08-21T14:30:03+00:00\",\"dateModified\":\"2020-08-22T08:43:12+00:00\",\"breadcrumb\":{\"@id\":\"https:\/\/www.prijedordanas.com\/?p=152637#breadcrumb\"},\"inLanguage\":\"en-US\",\"potentialAction\":[{\"@type\":\"ReadAction\",\"target\":[\"https:\/\/www.prijedordanas.com\/?p=152637\"]}]},{\"@type\":\"BreadcrumbList\",\"@id\":\"https:\/\/www.prijedordanas.com\/?p=152637#breadcrumb\",\"itemListElement\":[{\"@type\":\"ListItem\",\"position\":1,\"name\":\"Home\",\"item\":\"https:\/\/www.prijedordanas.com\/\"},{\"@type\":\"ListItem\",\"position\":2,\"name\":\"Obilje\u017eena 28. godi\u0161njica stradanja na Kori\u0107anskim stijenama\"}]},{\"@type\":\"WebSite\",\"@id\":\"https:\/\/www.prijedordanas.com\/#website\",\"url\":\"https:\/\/www.prijedordanas.com\/\",\"name\":\"PrijedorDanas.com - Prijedorski gradski portal\",\"description\":\"Portal o doga\u0111anjima u gradu Prijedoru\",\"publisher\":{\"@id\":\"https:\/\/www.prijedordanas.com\/#organization\"},\"potentialAction\":[{\"@type\":\"SearchAction\",\"target\":{\"@type\":\"EntryPoint\",\"urlTemplate\":\"https:\/\/www.prijedordanas.com\/?s={search_term_string}\"},\"query-input\":\"required name=search_term_string\"}],\"inLanguage\":\"en-US\"},{\"@type\":\"Organization\",\"@id\":\"https:\/\/www.prijedordanas.com\/#organization\",\"name\":\"PrijedorDanas.com\",\"url\":\"https:\/\/www.prijedordanas.com\/\",\"logo\":{\"@type\":\"ImageObject\",\"inLanguage\":\"en-US\",\"@id\":\"https:\/\/www.prijedordanas.com\/#\/schema\/logo\/image\/\",\"url\":\"http:\/\/www.prijedordanas.com\/wp-content\/uploads\/2021\/12\/logopng.png\",\"contentUrl\":\"http:\/\/www.prijedordanas.com\/wp-content\/uploads\/2021\/12\/logopng.png\",\"width\":1019,\"height\":776,\"caption\":\"PrijedorDanas.com\"},\"image\":{\"@id\":\"https:\/\/www.prijedordanas.com\/#\/schema\/logo\/image\/\"},\"sameAs\":[\"https:\/\/www.facebook.com\/PrijedorDanasCom\/\"]},{\"@type\":\"Person\",\"@id\":\"https:\/\/www.prijedordanas.com\/#\/schema\/person\/4e08ccf29b506ca916ff86d46bb700e6\",\"name\":\"admin\",\"image\":{\"@type\":\"ImageObject\",\"inLanguage\":\"en-US\",\"@id\":\"https:\/\/www.prijedordanas.com\/#\/schema\/person\/image\/\",\"url\":\"https:\/\/secure.gravatar.com\/avatar\/1d3fc949d550f0b53a5f0d51e06dfd79?s=96&d=mm&r=g\",\"contentUrl\":\"https:\/\/secure.gravatar.com\/avatar\/1d3fc949d550f0b53a5f0d51e06dfd79?s=96&d=mm&r=g\",\"caption\":\"admin\"},\"url\":\"https:\/\/www.prijedordanas.com\/?author=1\"}]}<\/script>\n<!-- \/ Yoast SEO plugin. -->","yoast_head_json":{"title":"Obilje\u017eena 28. godi\u0161njica stradanja na Kori\u0107anskim stijenama - PrijedorDanas.com - Prijedorski gradski portal","robots":{"index":"index","follow":"follow","max-snippet":"max-snippet:-1","max-image-preview":"max-image-preview:large","max-video-preview":"max-video-preview:-1"},"canonical":"https:\/\/www.prijedordanas.com\/?p=152637","og_locale":"en_US","og_type":"article","og_title":"Obilje\u017eena 28. godi\u0161njica stradanja na Kori\u0107anskim stijenama - PrijedorDanas.com - Prijedorski gradski portal","og_description":"Na Kori\u0107anskim stijenama je obilje\u017eena 28. godi\u0161njica stradanja prijedorskih i kotorvaro\u0161kih Bo\u0161njaka i Hrvata, javlja Anadolu Agency (AA). Shodno preporukama kriznih \u0161tabova vezano za pandemiju COVID-19 ovogodi\u0161nje obilje\u017eavanje realizovano je [&hellip;]","og_url":"https:\/\/www.prijedordanas.com\/?p=152637","og_site_name":"PrijedorDanas.com - Prijedorski gradski portal","article_publisher":"https:\/\/www.facebook.com\/PrijedorDanasCom\/","article_published_time":"2020-08-21T14:30:03+00:00","article_modified_time":"2020-08-22T08:43:12+00:00","og_image":[{"url":"https:\/\/www.prijedordanas.com\/wp-content\/uploads\/2020\/08\/anadolija-koricanske-stijene-2020-1-300x217.jpg"}],"author":"admin","twitter_card":"summary_large_image","twitter_misc":{"Written by":"admin","Est. reading time":"2 minutes"},"schema":{"@context":"https:\/\/schema.org","@graph":[{"@type":"Article","@id":"https:\/\/www.prijedordanas.com\/?p=152637#article","isPartOf":{"@id":"https:\/\/www.prijedordanas.com\/?p=152637"},"author":{"name":"admin","@id":"https:\/\/www.prijedordanas.com\/#\/schema\/person\/4e08ccf29b506ca916ff86d46bb700e6"},"headline":"Obilje\u017eena 28. godi\u0161njica stradanja na Kori\u0107anskim stijenama","datePublished":"2020-08-21T14:30:03+00:00","dateModified":"2020-08-22T08:43:12+00:00","mainEntityOfPage":{"@id":"https:\/\/www.prijedordanas.com\/?p=152637"},"wordCount":375,"publisher":{"@id":"https:\/\/www.prijedordanas.com\/#organization"},"articleSection":["Svakodnevno"],"inLanguage":"en-US"},{"@type":"WebPage","@id":"https:\/\/www.prijedordanas.com\/?p=152637","url":"https:\/\/www.prijedordanas.com\/?p=152637","name":"Obilje\u017eena 28. godi\u0161njica stradanja na Kori\u0107anskim stijenama - PrijedorDanas.com - Prijedorski gradski portal","isPartOf":{"@id":"https:\/\/www.prijedordanas.com\/#website"},"datePublished":"2020-08-21T14:30:03+00:00","dateModified":"2020-08-22T08:43:12+00:00","breadcrumb":{"@id":"https:\/\/www.prijedordanas.com\/?p=152637#breadcrumb"},"inLanguage":"en-US","potentialAction":[{"@type":"ReadAction","target":["https:\/\/www.prijedordanas.com\/?p=152637"]}]},{"@type":"BreadcrumbList","@id":"https:\/\/www.prijedordanas.com\/?p=152637#breadcrumb","itemListElement":[{"@type":"ListItem","position":1,"name":"Home","item":"https:\/\/www.prijedordanas.com\/"},{"@type":"ListItem","position":2,"name":"Obilje\u017eena 28. godi\u0161njica stradanja na Kori\u0107anskim stijenama"}]},{"@type":"WebSite","@id":"https:\/\/www.prijedordanas.com\/#website","url":"https:\/\/www.prijedordanas.com\/","name":"PrijedorDanas.com - Prijedorski gradski portal","description":"Portal o doga\u0111anjima u gradu Prijedoru","publisher":{"@id":"https:\/\/www.prijedordanas.com\/#organization"},"potentialAction":[{"@type":"SearchAction","target":{"@type":"EntryPoint","urlTemplate":"https:\/\/www.prijedordanas.com\/?s={search_term_string}"},"query-input":"required name=search_term_string"}],"inLanguage":"en-US"},{"@type":"Organization","@id":"https:\/\/www.prijedordanas.com\/#organization","name":"PrijedorDanas.com","url":"https:\/\/www.prijedordanas.com\/","logo":{"@type":"ImageObject","inLanguage":"en-US","@id":"https:\/\/www.prijedordanas.com\/#\/schema\/logo\/image\/","url":"http:\/\/www.prijedordanas.com\/wp-content\/uploads\/2021\/12\/logopng.png","contentUrl":"http:\/\/www.prijedordanas.com\/wp-content\/uploads\/2021\/12\/logopng.png","width":1019,"height":776,"caption":"PrijedorDanas.com"},"image":{"@id":"https:\/\/www.prijedordanas.com\/#\/schema\/logo\/image\/"},"sameAs":["https:\/\/www.facebook.com\/PrijedorDanasCom\/"]},{"@type":"Person","@id":"https:\/\/www.prijedordanas.com\/#\/schema\/person\/4e08ccf29b506ca916ff86d46bb700e6","name":"admin","image":{"@type":"ImageObject","inLanguage":"en-US","@id":"https:\/\/www.prijedordanas.com\/#\/schema\/person\/image\/","url":"https:\/\/secure.gravatar.com\/avatar\/1d3fc949d550f0b53a5f0d51e06dfd79?s=96&d=mm&r=g","contentUrl":"https:\/\/secure.gravatar.com\/avatar\/1d3fc949d550f0b53a5f0d51e06dfd79?s=96&d=mm&r=g","caption":"admin"},"url":"https:\/\/www.prijedordanas.com\/?author=1"}]}},"_links":{"self":[{"href":"https:\/\/www.prijedordanas.com\/index.php?rest_route=\/wp\/v2\/posts\/152637"}],"collection":[{"href":"https:\/\/www.prijedordanas.com\/index.php?rest_route=\/wp\/v2\/posts"}],"about":[{"href":"https:\/\/www.prijedordanas.com\/index.php?rest_route=\/wp\/v2\/types\/post"}],"author":[{"embeddable":true,"href":"https:\/\/www.prijedordanas.com\/index.php?rest_route=\/wp\/v2\/users\/1"}],"replies":[{"embeddable":true,"href":"https:\/\/www.prijedordanas.com\/index.php?rest_route=%2Fwp%2Fv2%2Fcomments&post=152637"}],"version-history":[{"count":1,"href":"https:\/\/www.prijedordanas.com\/index.php?rest_route=\/wp\/v2\/posts\/152637\/revisions"}],"predecessor-version":[{"id":152640,"href":"https:\/\/www.prijedordanas.com\/index.php?rest_route=\/wp\/v2\/posts\/152637\/revisions\/152640"}],"wp:attachment":[{"href":"https:\/\/www.prijedordanas.com\/index.php?rest_route=%2Fwp%2Fv2%2Fmedia&parent=152637"}],"wp:term":[{"taxonomy":"category","embeddable":true,"href":"https:\/\/www.prijedordanas.com\/index.php?rest_route=%2Fwp%2Fv2%2Fcategories&post=152637"},{"taxonomy":"post_tag","embeddable":true,"href":"https:\/\/www.prijedordanas.com\/index.php?rest_route=%2Fwp%2Fv2%2Ftags&post=152637"}],"curies":[{"name":"wp","href":"https:\/\/api.w.org\/{rel}","templated":true}]}}