{"id":152593,"date":"2020-08-20T15:23:09","date_gmt":"2020-08-20T13:23:09","guid":{"rendered":"https:\/\/www.prijedordanas.com\/?p=152593"},"modified":"2020-08-20T15:23:09","modified_gmt":"2020-08-20T13:23:09","slug":"ljiljana-vukelic-iz-prijedorcanke-najbolji-direktor-u-sektoru-poljoprivrede-i-prehrambene-industrije","status":"publish","type":"post","link":"https:\/\/www.prijedordanas.com\/?p=152593","title":{"rendered":"Ljiljana Vukeli\u0107 iz &#8220;Prijedor\u010danke&#8221; najbolji direktor u sektoru poljoprivrede i prehrambene industrije"},"content":{"rendered":"<p><a href=\"https:\/\/www.prijedordanas.com\/wp-content\/uploads\/2020\/08\/ljiljana-vukelic-nagrada.jpg\"><img loading=\"lazy\" decoding=\"async\" src=\"https:\/\/www.prijedordanas.com\/wp-content\/uploads\/2020\/08\/ljiljana-vukelic-nagrada-300x225.jpg\" alt=\"\" width=\"300\" height=\"225\" class=\"alignleft size-medium wp-image-152594\" srcset=\"https:\/\/www.prijedordanas.com\/wp-content\/uploads\/2020\/08\/ljiljana-vukelic-nagrada-300x225.jpg 300w, https:\/\/www.prijedordanas.com\/wp-content\/uploads\/2020\/08\/ljiljana-vukelic-nagrada-640x480.jpg 640w, https:\/\/www.prijedordanas.com\/wp-content\/uploads\/2020\/08\/ljiljana-vukelic-nagrada.jpg 666w\" sizes=\"(max-width: 300px) 100vw, 300px\" \/><\/a>Izvr\u0161ni direktor &#8220;Prijedor\u010danke&#8221; iz Prijedora Ljiljana Vukeli\u0107 dobitnik je Zlatne plakete za najboljeg direktora za pro\u0161lu godinu u sektoru poljoprivrede i prehrambene industrije u izboru Sindikata poljoprivrede i prehrambene industrije Republike Srpske.<\/p>\n<p>Vukeli\u0107evoj je ova plaketa dodijeljena na sve\u010danoj sjednici republi\u010dkog odbora ovog sindikata.<\/p>\n<p>Ona je rekla novinarima da &#8220;Prijedor\u010danka&#8221; svoje destilate plasira na veliki broj tr\u017ei\u0161ta, me\u0111u kojima su, osim zemalja regiona, zna\u010dajne i Austrija, Italija, \u010ce\u0161ka, Slova\u010dka, kao i da se njihova rakija pije &#8220;na svim kontinentima, osim u Africi&#8221;.<\/p>\n<p>&#8211; Na\u0161 ponos je proizvod &#8220;Gazdina rakija&#8221;, brend zastupljen ve\u0107 11 godina, a kreirali smo i liniju od \u010detiri vrste likera &#8220;Reina&#8221;, prvenstveno namijenjenu \u017eenama. Tu su jo\u0161 na\u0161i duboko zamrznuti proizvodi vi\u0161nje, maline, \u0161ljive, sokovi od vi\u0161nje i jabuke &#8211; istakla Vukeli\u0107eva.<\/p>\n<p>Ona je navela da je &#8220;Prijedor\u010danka&#8221; zbog pandemije virusa korona imala problema koji su se ogledali najprije u zatvaranju granica, a sada\u0161nji su u plasmanu robe zbog pada turizma, jer ugostitelji ne rade punim kapacitetom.<\/p>\n<p>Vukeli\u0107eva se nada da \u0107e to biti ubla\u017eeno u narednom periodu i naglasila da niko od 51 stalno zaposlenog &#8220;Prijedor\u010danke&#8221; nije otpu\u0161ten tokom pandemije.<\/p>\n<p>Predsjednik Sindikata poljoprivrede i prehrambene industrije Srpske Aleksandar Tomi\u0107 rekao je da je ovo peta godina zaredom da se bira i promovi\u0161e najbolji poslodavaca, odnosno direktor, te da je ove godine zbog pandemije virusa korona to ura\u0111eno sa zaka\u0161njenjem.<\/p>\n<p>Tomi\u0107 je dodao da pandemija ne\u0107e uticati na primarni sektor poljoprivredne proizvodnje, ali da probleme imaju proizvodni kapaciteti &#8220;Vitinke&#8221; iz Kozluka i &#8220;Vitaminke&#8221; iz Banjaluke, koji su u te\u0161kom polo\u017eaju jer im je zbog redukovanog kretanja, manjeg rada ugostiteljskih objekata ote\u017ean pristup i smanjeno tr\u017ei\u0161te.<\/p>\n<p>SRNA<\/p>\n","protected":false},"excerpt":{"rendered":"<p>Izvr\u0161ni direktor &#8220;Prijedor\u010danke&#8221; iz Prijedora Ljiljana Vukeli\u0107 dobitnik je Zlatne plakete za najboljeg direktora za pro\u0161lu godinu u sektoru poljoprivrede i prehrambene industrije u izboru Sindikata poljoprivrede i prehrambene industrije [&hellip;]<\/p>\n","protected":false},"author":1,"featured_media":0,"comment_status":"closed","ping_status":"open","sticky":false,"template":"","format":"standard","meta":{"_monsterinsights_skip_tracking":false,"_monsterinsights_sitenote_active":false,"_monsterinsights_sitenote_note":"","_monsterinsights_sitenote_category":0,"footnotes":""},"categories":[8],"tags":[4007],"yoast_head":"<!-- This site is optimized with the Yoast SEO plugin v21.6 - https:\/\/yoast.com\/wordpress\/plugins\/seo\/ -->\n<title>Ljiljana Vukeli\u0107 iz &quot;Prijedor\u010danke&quot; najbolji direktor u sektoru poljoprivrede i prehrambene industrije - PrijedorDanas.com - Prijedorski gradski portal<\/title>\n<meta name=\"robots\" content=\"index, follow, max-snippet:-1, max-image-preview:large, max-video-preview:-1\" \/>\n<link rel=\"canonical\" href=\"https:\/\/www.prijedordanas.com\/?p=152593\" \/>\n<meta property=\"og:locale\" content=\"en_US\" \/>\n<meta property=\"og:type\" content=\"article\" \/>\n<meta property=\"og:title\" content=\"Ljiljana Vukeli\u0107 iz &quot;Prijedor\u010danke&quot; najbolji direktor u sektoru poljoprivrede i prehrambene industrije - PrijedorDanas.com - Prijedorski gradski portal\" \/>\n<meta property=\"og:description\" content=\"Izvr\u0161ni direktor &#8220;Prijedor\u010danke&#8221; iz Prijedora Ljiljana Vukeli\u0107 dobitnik je Zlatne plakete za najboljeg direktora za pro\u0161lu godinu u sektoru poljoprivrede i prehrambene industrije u izboru Sindikata poljoprivrede i prehrambene industrije [&hellip;]\" \/>\n<meta property=\"og:url\" content=\"https:\/\/www.prijedordanas.com\/?p=152593\" \/>\n<meta property=\"og:site_name\" content=\"PrijedorDanas.com - Prijedorski gradski portal\" \/>\n<meta property=\"article:publisher\" content=\"https:\/\/www.facebook.com\/PrijedorDanasCom\/\" \/>\n<meta property=\"article:published_time\" content=\"2020-08-20T13:23:09+00:00\" \/>\n<meta property=\"og:image\" content=\"https:\/\/www.prijedordanas.com\/wp-content\/uploads\/2020\/08\/ljiljana-vukelic-nagrada-300x225.jpg\" \/>\n<meta name=\"author\" content=\"admin\" \/>\n<meta name=\"twitter:card\" content=\"summary_large_image\" \/>\n<meta name=\"twitter:label1\" content=\"Written by\" \/>\n\t<meta name=\"twitter:data1\" content=\"admin\" \/>\n\t<meta name=\"twitter:label2\" content=\"Est. reading time\" \/>\n\t<meta name=\"twitter:data2\" content=\"1 minute\" \/>\n<script type=\"application\/ld+json\" class=\"yoast-schema-graph\">{\"@context\":\"https:\/\/schema.org\",\"@graph\":[{\"@type\":\"Article\",\"@id\":\"https:\/\/www.prijedordanas.com\/?p=152593#article\",\"isPartOf\":{\"@id\":\"https:\/\/www.prijedordanas.com\/?p=152593\"},\"author\":{\"name\":\"admin\",\"@id\":\"https:\/\/www.prijedordanas.com\/#\/schema\/person\/4e08ccf29b506ca916ff86d46bb700e6\"},\"headline\":\"Ljiljana Vukeli\u0107 iz &#8220;Prijedor\u010danke&#8221; najbolji direktor u sektoru poljoprivrede i prehrambene industrije\",\"datePublished\":\"2020-08-20T13:23:09+00:00\",\"dateModified\":\"2020-08-20T13:23:09+00:00\",\"mainEntityOfPage\":{\"@id\":\"https:\/\/www.prijedordanas.com\/?p=152593\"},\"wordCount\":312,\"publisher\":{\"@id\":\"https:\/\/www.prijedordanas.com\/#organization\"},\"keywords\":[\"Ljiljana Vukeli\u0107\"],\"articleSection\":[\"Svakodnevno\"],\"inLanguage\":\"en-US\"},{\"@type\":\"WebPage\",\"@id\":\"https:\/\/www.prijedordanas.com\/?p=152593\",\"url\":\"https:\/\/www.prijedordanas.com\/?p=152593\",\"name\":\"Ljiljana Vukeli\u0107 iz \\\"Prijedor\u010danke\\\" najbolji direktor u sektoru poljoprivrede i prehrambene industrije - PrijedorDanas.com - Prijedorski gradski portal\",\"isPartOf\":{\"@id\":\"https:\/\/www.prijedordanas.com\/#website\"},\"datePublished\":\"2020-08-20T13:23:09+00:00\",\"dateModified\":\"2020-08-20T13:23:09+00:00\",\"breadcrumb\":{\"@id\":\"https:\/\/www.prijedordanas.com\/?p=152593#breadcrumb\"},\"inLanguage\":\"en-US\",\"potentialAction\":[{\"@type\":\"ReadAction\",\"target\":[\"https:\/\/www.prijedordanas.com\/?p=152593\"]}]},{\"@type\":\"BreadcrumbList\",\"@id\":\"https:\/\/www.prijedordanas.com\/?p=152593#breadcrumb\",\"itemListElement\":[{\"@type\":\"ListItem\",\"position\":1,\"name\":\"Home\",\"item\":\"https:\/\/www.prijedordanas.com\/\"},{\"@type\":\"ListItem\",\"position\":2,\"name\":\"Ljiljana Vukeli\u0107 iz &#8220;Prijedor\u010danke&#8221; najbolji direktor u sektoru poljoprivrede i prehrambene industrije\"}]},{\"@type\":\"WebSite\",\"@id\":\"https:\/\/www.prijedordanas.com\/#website\",\"url\":\"https:\/\/www.prijedordanas.com\/\",\"name\":\"PrijedorDanas.com - Prijedorski gradski portal\",\"description\":\"Portal o doga\u0111anjima u gradu Prijedoru\",\"publisher\":{\"@id\":\"https:\/\/www.prijedordanas.com\/#organization\"},\"potentialAction\":[{\"@type\":\"SearchAction\",\"target\":{\"@type\":\"EntryPoint\",\"urlTemplate\":\"https:\/\/www.prijedordanas.com\/?s={search_term_string}\"},\"query-input\":\"required name=search_term_string\"}],\"inLanguage\":\"en-US\"},{\"@type\":\"Organization\",\"@id\":\"https:\/\/www.prijedordanas.com\/#organization\",\"name\":\"PrijedorDanas.com\",\"url\":\"https:\/\/www.prijedordanas.com\/\",\"logo\":{\"@type\":\"ImageObject\",\"inLanguage\":\"en-US\",\"@id\":\"https:\/\/www.prijedordanas.com\/#\/schema\/logo\/image\/\",\"url\":\"http:\/\/www.prijedordanas.com\/wp-content\/uploads\/2021\/12\/logopng.png\",\"contentUrl\":\"http:\/\/www.prijedordanas.com\/wp-content\/uploads\/2021\/12\/logopng.png\",\"width\":1019,\"height\":776,\"caption\":\"PrijedorDanas.com\"},\"image\":{\"@id\":\"https:\/\/www.prijedordanas.com\/#\/schema\/logo\/image\/\"},\"sameAs\":[\"https:\/\/www.facebook.com\/PrijedorDanasCom\/\"]},{\"@type\":\"Person\",\"@id\":\"https:\/\/www.prijedordanas.com\/#\/schema\/person\/4e08ccf29b506ca916ff86d46bb700e6\",\"name\":\"admin\",\"image\":{\"@type\":\"ImageObject\",\"inLanguage\":\"en-US\",\"@id\":\"https:\/\/www.prijedordanas.com\/#\/schema\/person\/image\/\",\"url\":\"https:\/\/secure.gravatar.com\/avatar\/1d3fc949d550f0b53a5f0d51e06dfd79?s=96&d=mm&r=g\",\"contentUrl\":\"https:\/\/secure.gravatar.com\/avatar\/1d3fc949d550f0b53a5f0d51e06dfd79?s=96&d=mm&r=g\",\"caption\":\"admin\"},\"url\":\"https:\/\/www.prijedordanas.com\/?author=1\"}]}<\/script>\n<!-- \/ Yoast SEO plugin. -->","yoast_head_json":{"title":"Ljiljana Vukeli\u0107 iz \"Prijedor\u010danke\" najbolji direktor u sektoru poljoprivrede i prehrambene industrije - PrijedorDanas.com - Prijedorski gradski portal","robots":{"index":"index","follow":"follow","max-snippet":"max-snippet:-1","max-image-preview":"max-image-preview:large","max-video-preview":"max-video-preview:-1"},"canonical":"https:\/\/www.prijedordanas.com\/?p=152593","og_locale":"en_US","og_type":"article","og_title":"Ljiljana Vukeli\u0107 iz \"Prijedor\u010danke\" najbolji direktor u sektoru poljoprivrede i prehrambene industrije - PrijedorDanas.com - Prijedorski gradski portal","og_description":"Izvr\u0161ni direktor &#8220;Prijedor\u010danke&#8221; iz Prijedora Ljiljana Vukeli\u0107 dobitnik je Zlatne plakete za najboljeg direktora za pro\u0161lu godinu u sektoru poljoprivrede i prehrambene industrije u izboru Sindikata poljoprivrede i prehrambene industrije [&hellip;]","og_url":"https:\/\/www.prijedordanas.com\/?p=152593","og_site_name":"PrijedorDanas.com - Prijedorski gradski portal","article_publisher":"https:\/\/www.facebook.com\/PrijedorDanasCom\/","article_published_time":"2020-08-20T13:23:09+00:00","og_image":[{"url":"https:\/\/www.prijedordanas.com\/wp-content\/uploads\/2020\/08\/ljiljana-vukelic-nagrada-300x225.jpg"}],"author":"admin","twitter_card":"summary_large_image","twitter_misc":{"Written by":"admin","Est. reading time":"1 minute"},"schema":{"@context":"https:\/\/schema.org","@graph":[{"@type":"Article","@id":"https:\/\/www.prijedordanas.com\/?p=152593#article","isPartOf":{"@id":"https:\/\/www.prijedordanas.com\/?p=152593"},"author":{"name":"admin","@id":"https:\/\/www.prijedordanas.com\/#\/schema\/person\/4e08ccf29b506ca916ff86d46bb700e6"},"headline":"Ljiljana Vukeli\u0107 iz &#8220;Prijedor\u010danke&#8221; najbolji direktor u sektoru poljoprivrede i prehrambene industrije","datePublished":"2020-08-20T13:23:09+00:00","dateModified":"2020-08-20T13:23:09+00:00","mainEntityOfPage":{"@id":"https:\/\/www.prijedordanas.com\/?p=152593"},"wordCount":312,"publisher":{"@id":"https:\/\/www.prijedordanas.com\/#organization"},"keywords":["Ljiljana Vukeli\u0107"],"articleSection":["Svakodnevno"],"inLanguage":"en-US"},{"@type":"WebPage","@id":"https:\/\/www.prijedordanas.com\/?p=152593","url":"https:\/\/www.prijedordanas.com\/?p=152593","name":"Ljiljana Vukeli\u0107 iz \"Prijedor\u010danke\" najbolji direktor u sektoru poljoprivrede i prehrambene industrije - PrijedorDanas.com - Prijedorski gradski portal","isPartOf":{"@id":"https:\/\/www.prijedordanas.com\/#website"},"datePublished":"2020-08-20T13:23:09+00:00","dateModified":"2020-08-20T13:23:09+00:00","breadcrumb":{"@id":"https:\/\/www.prijedordanas.com\/?p=152593#breadcrumb"},"inLanguage":"en-US","potentialAction":[{"@type":"ReadAction","target":["https:\/\/www.prijedordanas.com\/?p=152593"]}]},{"@type":"BreadcrumbList","@id":"https:\/\/www.prijedordanas.com\/?p=152593#breadcrumb","itemListElement":[{"@type":"ListItem","position":1,"name":"Home","item":"https:\/\/www.prijedordanas.com\/"},{"@type":"ListItem","position":2,"name":"Ljiljana Vukeli\u0107 iz &#8220;Prijedor\u010danke&#8221; najbolji direktor u sektoru poljoprivrede i prehrambene industrije"}]},{"@type":"WebSite","@id":"https:\/\/www.prijedordanas.com\/#website","url":"https:\/\/www.prijedordanas.com\/","name":"PrijedorDanas.com - Prijedorski gradski portal","description":"Portal o doga\u0111anjima u gradu Prijedoru","publisher":{"@id":"https:\/\/www.prijedordanas.com\/#organization"},"potentialAction":[{"@type":"SearchAction","target":{"@type":"EntryPoint","urlTemplate":"https:\/\/www.prijedordanas.com\/?s={search_term_string}"},"query-input":"required name=search_term_string"}],"inLanguage":"en-US"},{"@type":"Organization","@id":"https:\/\/www.prijedordanas.com\/#organization","name":"PrijedorDanas.com","url":"https:\/\/www.prijedordanas.com\/","logo":{"@type":"ImageObject","inLanguage":"en-US","@id":"https:\/\/www.prijedordanas.com\/#\/schema\/logo\/image\/","url":"http:\/\/www.prijedordanas.com\/wp-content\/uploads\/2021\/12\/logopng.png","contentUrl":"http:\/\/www.prijedordanas.com\/wp-content\/uploads\/2021\/12\/logopng.png","width":1019,"height":776,"caption":"PrijedorDanas.com"},"image":{"@id":"https:\/\/www.prijedordanas.com\/#\/schema\/logo\/image\/"},"sameAs":["https:\/\/www.facebook.com\/PrijedorDanasCom\/"]},{"@type":"Person","@id":"https:\/\/www.prijedordanas.com\/#\/schema\/person\/4e08ccf29b506ca916ff86d46bb700e6","name":"admin","image":{"@type":"ImageObject","inLanguage":"en-US","@id":"https:\/\/www.prijedordanas.com\/#\/schema\/person\/image\/","url":"https:\/\/secure.gravatar.com\/avatar\/1d3fc949d550f0b53a5f0d51e06dfd79?s=96&d=mm&r=g","contentUrl":"https:\/\/secure.gravatar.com\/avatar\/1d3fc949d550f0b53a5f0d51e06dfd79?s=96&d=mm&r=g","caption":"admin"},"url":"https:\/\/www.prijedordanas.com\/?author=1"}]}},"_links":{"self":[{"href":"https:\/\/www.prijedordanas.com\/index.php?rest_route=\/wp\/v2\/posts\/152593"}],"collection":[{"href":"https:\/\/www.prijedordanas.com\/index.php?rest_route=\/wp\/v2\/posts"}],"about":[{"href":"https:\/\/www.prijedordanas.com\/index.php?rest_route=\/wp\/v2\/types\/post"}],"author":[{"embeddable":true,"href":"https:\/\/www.prijedordanas.com\/index.php?rest_route=\/wp\/v2\/users\/1"}],"replies":[{"embeddable":true,"href":"https:\/\/www.prijedordanas.com\/index.php?rest_route=%2Fwp%2Fv2%2Fcomments&post=152593"}],"version-history":[{"count":1,"href":"https:\/\/www.prijedordanas.com\/index.php?rest_route=\/wp\/v2\/posts\/152593\/revisions"}],"predecessor-version":[{"id":152595,"href":"https:\/\/www.prijedordanas.com\/index.php?rest_route=\/wp\/v2\/posts\/152593\/revisions\/152595"}],"wp:attachment":[{"href":"https:\/\/www.prijedordanas.com\/index.php?rest_route=%2Fwp%2Fv2%2Fmedia&parent=152593"}],"wp:term":[{"taxonomy":"category","embeddable":true,"href":"https:\/\/www.prijedordanas.com\/index.php?rest_route=%2Fwp%2Fv2%2Fcategories&post=152593"},{"taxonomy":"post_tag","embeddable":true,"href":"https:\/\/www.prijedordanas.com\/index.php?rest_route=%2Fwp%2Fv2%2Ftags&post=152593"}],"curies":[{"name":"wp","href":"https:\/\/api.w.org\/{rel}","templated":true}]}}