{"id":15199,"date":"2015-02-01T19:21:09","date_gmt":"2015-02-01T18:21:09","guid":{"rendered":"https:\/\/www.prijedordanas.com\/?p=15199"},"modified":"2015-02-01T19:23:19","modified_gmt":"2015-02-01T18:23:19","slug":"rekonstrukcija-zgrade-pozorista-prijedor-bice-gotova-do-proljeca-video","status":"publish","type":"post","link":"https:\/\/www.prijedordanas.com\/?p=15199","title":{"rendered":"REKONSTRUKCIJA ZGRADE POZORI\u0160TA PRIJEDOR BI\u0106E GOTOVA DO PROLJE\u0106A &#8211; VIDEO"},"content":{"rendered":"<p><a href=\"https:\/\/www.prijedordanas.com\/wp-content\/uploads\/2015\/01\/pozoriste-prijedor-gradonacelnik-obisao-radove-6.jpg\"><img loading=\"lazy\" decoding=\"async\" src=\"https:\/\/www.prijedordanas.com\/wp-content\/uploads\/2015\/01\/pozoriste-prijedor-gradonacelnik-obisao-radove-6-300x199.jpg\" alt=\"pozoriste prijedor-gradonacelnik obisao radove (6)\" width=\"300\" height=\"199\" class=\"alignleft size-medium wp-image-14921\" srcset=\"https:\/\/www.prijedordanas.com\/wp-content\/uploads\/2015\/01\/pozoriste-prijedor-gradonacelnik-obisao-radove-6-300x199.jpg 300w, https:\/\/www.prijedordanas.com\/wp-content\/uploads\/2015\/01\/pozoriste-prijedor-gradonacelnik-obisao-radove-6.jpg 600w\" sizes=\"(max-width: 300px) 100vw, 300px\" \/><\/a>Zgrada Pozori\u0161ta Prijedor na kojoj od avgusta pro\u0161le godine traje rekonstrukcija, potpuno novi izgled i funkcionalnost dobi\u0107e na prolje\u0107e, kada bi trebalo da budu zavr\u0161eni radovi.<\/p>\n<p>Glumci \u0107e imati dobre uslove za rad, a publika za u\u017eivanje u predstavama.<\/p>\n<p>Za vrijeme rekonstrukcije Pozori\u0161te Prijedor nije prekidalo svoj rad.<\/p>\n<p>Glumci \u0107e napraviti pauzu od desetak dana jedino kada budu u toku radovi na sceni.<\/p>\n<p>Pogledajte prilog RTRS-a.<\/p>\n<p><iframe loading=\"lazy\" width=\"500\" height=\"375\" src=\"http:\/\/www.youtube.com\/embed\/NhWGPaIHJlI?feature=oembed\" frameborder=\"0\" allowfullscreen><\/iframe><\/p>\n","protected":false},"excerpt":{"rendered":"<p>Zgrada Pozori\u0161ta Prijedor na kojoj od avgusta pro\u0161le godine traje rekonstrukcija, potpuno novi izgled i funkcionalnost dobi\u0107e na prolje\u0107e, kada bi trebalo da budu zavr\u0161eni radovi. Glumci \u0107e imati dobre [&hellip;]<\/p>\n","protected":false},"author":1,"featured_media":0,"comment_status":"closed","ping_status":"open","sticky":false,"template":"","format":"standard","meta":{"_monsterinsights_skip_tracking":false,"_monsterinsights_sitenote_active":false,"_monsterinsights_sitenote_note":"","_monsterinsights_sitenote_category":0,"footnotes":""},"categories":[4],"tags":[189],"yoast_head":"<!-- This site is optimized with the Yoast SEO plugin v21.6 - https:\/\/yoast.com\/wordpress\/plugins\/seo\/ -->\n<title>REKONSTRUKCIJA ZGRADE POZORI\u0160TA PRIJEDOR BI\u0106E GOTOVA DO PROLJE\u0106A - VIDEO - PrijedorDanas.com - Prijedorski gradski portal<\/title>\n<meta name=\"robots\" content=\"index, follow, max-snippet:-1, max-image-preview:large, max-video-preview:-1\" \/>\n<link rel=\"canonical\" href=\"https:\/\/www.prijedordanas.com\/?p=15199\" \/>\n<meta property=\"og:locale\" content=\"en_US\" \/>\n<meta property=\"og:type\" content=\"article\" \/>\n<meta property=\"og:title\" content=\"REKONSTRUKCIJA ZGRADE POZORI\u0160TA PRIJEDOR BI\u0106E GOTOVA DO PROLJE\u0106A - VIDEO - PrijedorDanas.com - Prijedorski gradski portal\" \/>\n<meta property=\"og:description\" content=\"Zgrada Pozori\u0161ta Prijedor na kojoj od avgusta pro\u0161le godine traje rekonstrukcija, potpuno novi izgled i funkcionalnost dobi\u0107e na prolje\u0107e, kada bi trebalo da budu zavr\u0161eni radovi. Glumci \u0107e imati dobre [&hellip;]\" \/>\n<meta property=\"og:url\" content=\"https:\/\/www.prijedordanas.com\/?p=15199\" \/>\n<meta property=\"og:site_name\" content=\"PrijedorDanas.com - Prijedorski gradski portal\" \/>\n<meta property=\"article:publisher\" content=\"https:\/\/www.facebook.com\/PrijedorDanasCom\/\" \/>\n<meta property=\"article:published_time\" content=\"2015-02-01T18:21:09+00:00\" \/>\n<meta property=\"article:modified_time\" content=\"2015-02-01T18:23:19+00:00\" \/>\n<meta property=\"og:image\" content=\"https:\/\/www.prijedordanas.com\/wp-content\/uploads\/2015\/01\/pozoriste-prijedor-gradonacelnik-obisao-radove-6-300x199.jpg\" \/>\n<meta name=\"author\" content=\"admin\" \/>\n<meta name=\"twitter:card\" content=\"summary_large_image\" \/>\n<meta name=\"twitter:label1\" content=\"Written by\" \/>\n\t<meta name=\"twitter:data1\" content=\"admin\" \/>\n<script type=\"application\/ld+json\" class=\"yoast-schema-graph\">{\"@context\":\"https:\/\/schema.org\",\"@graph\":[{\"@type\":\"Article\",\"@id\":\"https:\/\/www.prijedordanas.com\/?p=15199#article\",\"isPartOf\":{\"@id\":\"https:\/\/www.prijedordanas.com\/?p=15199\"},\"author\":{\"name\":\"admin\",\"@id\":\"https:\/\/www.prijedordanas.com\/#\/schema\/person\/4e08ccf29b506ca916ff86d46bb700e6\"},\"headline\":\"REKONSTRUKCIJA ZGRADE POZORI\u0160TA PRIJEDOR BI\u0106E GOTOVA DO PROLJE\u0106A &#8211; VIDEO\",\"datePublished\":\"2015-02-01T18:21:09+00:00\",\"dateModified\":\"2015-02-01T18:23:19+00:00\",\"mainEntityOfPage\":{\"@id\":\"https:\/\/www.prijedordanas.com\/?p=15199\"},\"wordCount\":90,\"publisher\":{\"@id\":\"https:\/\/www.prijedordanas.com\/#organization\"},\"keywords\":[\"Pozori\u0161te Prijedor\"],\"articleSection\":[\"Dru\u0161tvo\"],\"inLanguage\":\"en-US\"},{\"@type\":\"WebPage\",\"@id\":\"https:\/\/www.prijedordanas.com\/?p=15199\",\"url\":\"https:\/\/www.prijedordanas.com\/?p=15199\",\"name\":\"REKONSTRUKCIJA ZGRADE POZORI\u0160TA PRIJEDOR BI\u0106E GOTOVA DO PROLJE\u0106A - VIDEO - PrijedorDanas.com - Prijedorski gradski portal\",\"isPartOf\":{\"@id\":\"https:\/\/www.prijedordanas.com\/#website\"},\"datePublished\":\"2015-02-01T18:21:09+00:00\",\"dateModified\":\"2015-02-01T18:23:19+00:00\",\"breadcrumb\":{\"@id\":\"https:\/\/www.prijedordanas.com\/?p=15199#breadcrumb\"},\"inLanguage\":\"en-US\",\"potentialAction\":[{\"@type\":\"ReadAction\",\"target\":[\"https:\/\/www.prijedordanas.com\/?p=15199\"]}]},{\"@type\":\"BreadcrumbList\",\"@id\":\"https:\/\/www.prijedordanas.com\/?p=15199#breadcrumb\",\"itemListElement\":[{\"@type\":\"ListItem\",\"position\":1,\"name\":\"Home\",\"item\":\"https:\/\/www.prijedordanas.com\/\"},{\"@type\":\"ListItem\",\"position\":2,\"name\":\"REKONSTRUKCIJA ZGRADE POZORI\u0160TA PRIJEDOR BI\u0106E GOTOVA DO PROLJE\u0106A &#8211; VIDEO\"}]},{\"@type\":\"WebSite\",\"@id\":\"https:\/\/www.prijedordanas.com\/#website\",\"url\":\"https:\/\/www.prijedordanas.com\/\",\"name\":\"PrijedorDanas.com - Prijedorski gradski portal\",\"description\":\"Portal o doga\u0111anjima u gradu Prijedoru\",\"publisher\":{\"@id\":\"https:\/\/www.prijedordanas.com\/#organization\"},\"potentialAction\":[{\"@type\":\"SearchAction\",\"target\":{\"@type\":\"EntryPoint\",\"urlTemplate\":\"https:\/\/www.prijedordanas.com\/?s={search_term_string}\"},\"query-input\":\"required name=search_term_string\"}],\"inLanguage\":\"en-US\"},{\"@type\":\"Organization\",\"@id\":\"https:\/\/www.prijedordanas.com\/#organization\",\"name\":\"PrijedorDanas.com\",\"url\":\"https:\/\/www.prijedordanas.com\/\",\"logo\":{\"@type\":\"ImageObject\",\"inLanguage\":\"en-US\",\"@id\":\"https:\/\/www.prijedordanas.com\/#\/schema\/logo\/image\/\",\"url\":\"http:\/\/www.prijedordanas.com\/wp-content\/uploads\/2021\/12\/logopng.png\",\"contentUrl\":\"http:\/\/www.prijedordanas.com\/wp-content\/uploads\/2021\/12\/logopng.png\",\"width\":1019,\"height\":776,\"caption\":\"PrijedorDanas.com\"},\"image\":{\"@id\":\"https:\/\/www.prijedordanas.com\/#\/schema\/logo\/image\/\"},\"sameAs\":[\"https:\/\/www.facebook.com\/PrijedorDanasCom\/\"]},{\"@type\":\"Person\",\"@id\":\"https:\/\/www.prijedordanas.com\/#\/schema\/person\/4e08ccf29b506ca916ff86d46bb700e6\",\"name\":\"admin\",\"image\":{\"@type\":\"ImageObject\",\"inLanguage\":\"en-US\",\"@id\":\"https:\/\/www.prijedordanas.com\/#\/schema\/person\/image\/\",\"url\":\"https:\/\/secure.gravatar.com\/avatar\/1d3fc949d550f0b53a5f0d51e06dfd79?s=96&d=mm&r=g\",\"contentUrl\":\"https:\/\/secure.gravatar.com\/avatar\/1d3fc949d550f0b53a5f0d51e06dfd79?s=96&d=mm&r=g\",\"caption\":\"admin\"},\"url\":\"https:\/\/www.prijedordanas.com\/?author=1\"}]}<\/script>\n<!-- \/ Yoast SEO plugin. -->","yoast_head_json":{"title":"REKONSTRUKCIJA ZGRADE POZORI\u0160TA PRIJEDOR BI\u0106E GOTOVA DO PROLJE\u0106A - VIDEO - PrijedorDanas.com - Prijedorski gradski portal","robots":{"index":"index","follow":"follow","max-snippet":"max-snippet:-1","max-image-preview":"max-image-preview:large","max-video-preview":"max-video-preview:-1"},"canonical":"https:\/\/www.prijedordanas.com\/?p=15199","og_locale":"en_US","og_type":"article","og_title":"REKONSTRUKCIJA ZGRADE POZORI\u0160TA PRIJEDOR BI\u0106E GOTOVA DO PROLJE\u0106A - VIDEO - PrijedorDanas.com - Prijedorski gradski portal","og_description":"Zgrada Pozori\u0161ta Prijedor na kojoj od avgusta pro\u0161le godine traje rekonstrukcija, potpuno novi izgled i funkcionalnost dobi\u0107e na prolje\u0107e, kada bi trebalo da budu zavr\u0161eni radovi. Glumci \u0107e imati dobre [&hellip;]","og_url":"https:\/\/www.prijedordanas.com\/?p=15199","og_site_name":"PrijedorDanas.com - Prijedorski gradski portal","article_publisher":"https:\/\/www.facebook.com\/PrijedorDanasCom\/","article_published_time":"2015-02-01T18:21:09+00:00","article_modified_time":"2015-02-01T18:23:19+00:00","og_image":[{"url":"https:\/\/www.prijedordanas.com\/wp-content\/uploads\/2015\/01\/pozoriste-prijedor-gradonacelnik-obisao-radove-6-300x199.jpg"}],"author":"admin","twitter_card":"summary_large_image","twitter_misc":{"Written by":"admin"},"schema":{"@context":"https:\/\/schema.org","@graph":[{"@type":"Article","@id":"https:\/\/www.prijedordanas.com\/?p=15199#article","isPartOf":{"@id":"https:\/\/www.prijedordanas.com\/?p=15199"},"author":{"name":"admin","@id":"https:\/\/www.prijedordanas.com\/#\/schema\/person\/4e08ccf29b506ca916ff86d46bb700e6"},"headline":"REKONSTRUKCIJA ZGRADE POZORI\u0160TA PRIJEDOR BI\u0106E GOTOVA DO PROLJE\u0106A &#8211; VIDEO","datePublished":"2015-02-01T18:21:09+00:00","dateModified":"2015-02-01T18:23:19+00:00","mainEntityOfPage":{"@id":"https:\/\/www.prijedordanas.com\/?p=15199"},"wordCount":90,"publisher":{"@id":"https:\/\/www.prijedordanas.com\/#organization"},"keywords":["Pozori\u0161te Prijedor"],"articleSection":["Dru\u0161tvo"],"inLanguage":"en-US"},{"@type":"WebPage","@id":"https:\/\/www.prijedordanas.com\/?p=15199","url":"https:\/\/www.prijedordanas.com\/?p=15199","name":"REKONSTRUKCIJA ZGRADE POZORI\u0160TA PRIJEDOR BI\u0106E GOTOVA DO PROLJE\u0106A - VIDEO - PrijedorDanas.com - Prijedorski gradski portal","isPartOf":{"@id":"https:\/\/www.prijedordanas.com\/#website"},"datePublished":"2015-02-01T18:21:09+00:00","dateModified":"2015-02-01T18:23:19+00:00","breadcrumb":{"@id":"https:\/\/www.prijedordanas.com\/?p=15199#breadcrumb"},"inLanguage":"en-US","potentialAction":[{"@type":"ReadAction","target":["https:\/\/www.prijedordanas.com\/?p=15199"]}]},{"@type":"BreadcrumbList","@id":"https:\/\/www.prijedordanas.com\/?p=15199#breadcrumb","itemListElement":[{"@type":"ListItem","position":1,"name":"Home","item":"https:\/\/www.prijedordanas.com\/"},{"@type":"ListItem","position":2,"name":"REKONSTRUKCIJA ZGRADE POZORI\u0160TA PRIJEDOR BI\u0106E GOTOVA DO PROLJE\u0106A &#8211; VIDEO"}]},{"@type":"WebSite","@id":"https:\/\/www.prijedordanas.com\/#website","url":"https:\/\/www.prijedordanas.com\/","name":"PrijedorDanas.com - Prijedorski gradski portal","description":"Portal o doga\u0111anjima u gradu Prijedoru","publisher":{"@id":"https:\/\/www.prijedordanas.com\/#organization"},"potentialAction":[{"@type":"SearchAction","target":{"@type":"EntryPoint","urlTemplate":"https:\/\/www.prijedordanas.com\/?s={search_term_string}"},"query-input":"required name=search_term_string"}],"inLanguage":"en-US"},{"@type":"Organization","@id":"https:\/\/www.prijedordanas.com\/#organization","name":"PrijedorDanas.com","url":"https:\/\/www.prijedordanas.com\/","logo":{"@type":"ImageObject","inLanguage":"en-US","@id":"https:\/\/www.prijedordanas.com\/#\/schema\/logo\/image\/","url":"http:\/\/www.prijedordanas.com\/wp-content\/uploads\/2021\/12\/logopng.png","contentUrl":"http:\/\/www.prijedordanas.com\/wp-content\/uploads\/2021\/12\/logopng.png","width":1019,"height":776,"caption":"PrijedorDanas.com"},"image":{"@id":"https:\/\/www.prijedordanas.com\/#\/schema\/logo\/image\/"},"sameAs":["https:\/\/www.facebook.com\/PrijedorDanasCom\/"]},{"@type":"Person","@id":"https:\/\/www.prijedordanas.com\/#\/schema\/person\/4e08ccf29b506ca916ff86d46bb700e6","name":"admin","image":{"@type":"ImageObject","inLanguage":"en-US","@id":"https:\/\/www.prijedordanas.com\/#\/schema\/person\/image\/","url":"https:\/\/secure.gravatar.com\/avatar\/1d3fc949d550f0b53a5f0d51e06dfd79?s=96&d=mm&r=g","contentUrl":"https:\/\/secure.gravatar.com\/avatar\/1d3fc949d550f0b53a5f0d51e06dfd79?s=96&d=mm&r=g","caption":"admin"},"url":"https:\/\/www.prijedordanas.com\/?author=1"}]}},"_links":{"self":[{"href":"https:\/\/www.prijedordanas.com\/index.php?rest_route=\/wp\/v2\/posts\/15199"}],"collection":[{"href":"https:\/\/www.prijedordanas.com\/index.php?rest_route=\/wp\/v2\/posts"}],"about":[{"href":"https:\/\/www.prijedordanas.com\/index.php?rest_route=\/wp\/v2\/types\/post"}],"author":[{"embeddable":true,"href":"https:\/\/www.prijedordanas.com\/index.php?rest_route=\/wp\/v2\/users\/1"}],"replies":[{"embeddable":true,"href":"https:\/\/www.prijedordanas.com\/index.php?rest_route=%2Fwp%2Fv2%2Fcomments&post=15199"}],"version-history":[{"count":1,"href":"https:\/\/www.prijedordanas.com\/index.php?rest_route=\/wp\/v2\/posts\/15199\/revisions"}],"predecessor-version":[{"id":15200,"href":"https:\/\/www.prijedordanas.com\/index.php?rest_route=\/wp\/v2\/posts\/15199\/revisions\/15200"}],"wp:attachment":[{"href":"https:\/\/www.prijedordanas.com\/index.php?rest_route=%2Fwp%2Fv2%2Fmedia&parent=15199"}],"wp:term":[{"taxonomy":"category","embeddable":true,"href":"https:\/\/www.prijedordanas.com\/index.php?rest_route=%2Fwp%2Fv2%2Fcategories&post=15199"},{"taxonomy":"post_tag","embeddable":true,"href":"https:\/\/www.prijedordanas.com\/index.php?rest_route=%2Fwp%2Fv2%2Ftags&post=15199"}],"curies":[{"name":"wp","href":"https:\/\/api.w.org\/{rel}","templated":true}]}}