{"id":151716,"date":"2020-07-29T10:01:29","date_gmt":"2020-07-29T08:01:29","guid":{"rendered":"https:\/\/www.prijedordanas.com\/?p=151716"},"modified":"2020-07-31T23:31:23","modified_gmt":"2020-07-31T21:31:23","slug":"za-vikend-kozara-ultra-trejl-2020","status":"publish","type":"post","link":"https:\/\/www.prijedordanas.com\/?p=151716","title":{"rendered":"Za vikend &#8220;Kozara ultra trejl 2020&#8221;"},"content":{"rendered":"<p><a href=\"https:\/\/www.prijedordanas.com\/wp-content\/uploads\/2020\/07\/kozara-ultra-trail-2020.jpg\"><img loading=\"lazy\" decoding=\"async\" class=\"alignleft size-medium wp-image-151717\" src=\"https:\/\/www.prijedordanas.com\/wp-content\/uploads\/2020\/07\/kozara-ultra-trail-2020-300x217.jpg\" alt=\"\" width=\"300\" height=\"217\" srcset=\"https:\/\/www.prijedordanas.com\/wp-content\/uploads\/2020\/07\/kozara-ultra-trail-2020-300x217.jpg 300w, https:\/\/www.prijedordanas.com\/wp-content\/uploads\/2020\/07\/kozara-ultra-trail-2020.jpg 690w\" sizes=\"(max-width: 300px) 100vw, 300px\" \/><\/a>&#8220;Kozara ultra trejl 2020&#8221; odr\u017ea\u0107e se 1. i 2. avgusta na teritoriji Nacionalnog parka Kozara, najavili su organizatori.<\/p>\n<p>Dragan Vu\u010denovi\u0107 iz Gradske uprave Prijedor naveo je da se o\u010dekuju u\u010desnici iz BiH, Srbije, Hrvatske, Austrije, \u0160vajcarske i Ukrajine, a da su ostali takmi\u010dari iz drugih evropskih zemalja otkazali u\u010de\u0161\u0107e zbog trenutne epidemiolo\u0161ke situacije.<\/p>\n<p>&#8220;Grad Prijedor prepoznaje takmi\u010denja ovakvog karaktera i daje podr\u0161ku u skladu sa svojim mogu\u0107nostima i finansijski i organizaciono, a s ciljem boga\u0107enja sportskih sadr\u017eaja na podru\u010dju lokalne zajednice. Nadamo se da \u0107e manifestacija ispuniti o\u010dekivanja kao i prethodne dvije godine i zahvaljujemo se i u\u010desnicima i posjetiocima \u0161to \u0107e uljep\u0161ati i ove godine na\u0161u planinu&#8221;, rekao je Vu\u010denovi\u0107 novinarima u Prijedoru.<\/p>\n<p><a href=\"https:\/\/www.prijedordanas.com\/wp-content\/uploads\/2020\/07\/prijedorgradorg-kozara-ultra-trail-2020-pres.jpg\"><img loading=\"lazy\" decoding=\"async\" src=\"https:\/\/www.prijedordanas.com\/wp-content\/uploads\/2020\/07\/prijedorgradorg-kozara-ultra-trail-2020-pres-300x225.jpg\" alt=\"\" width=\"300\" height=\"225\" class=\"alignleft size-medium wp-image-151718\" srcset=\"https:\/\/www.prijedordanas.com\/wp-content\/uploads\/2020\/07\/prijedorgradorg-kozara-ultra-trail-2020-pres-300x225.jpg 300w, https:\/\/www.prijedordanas.com\/wp-content\/uploads\/2020\/07\/prijedorgradorg-kozara-ultra-trail-2020-pres-640x480.jpg 640w, https:\/\/www.prijedordanas.com\/wp-content\/uploads\/2020\/07\/prijedorgradorg-kozara-ultra-trail-2020-pres.jpg 667w\" sizes=\"(max-width: 300px) 100vw, 300px\" \/><\/a>Predsjednica Udru\u017eenja &#8220;Kozara ultra trejl&#8221; iz Banjaluke Nevena Stojakovi\u0107 rekla je da se ove godine tr\u010de maraton od 45 kilometara, trejl od 23 kilometra, trka od deset kilometara za po\u010detnike i one koji nemaju snage, trka za djecu od pet do 12 godina, ali ne i ultra od 111 kilometara.<\/p>\n<p>&#8220;Otkazali smo samo ultra trku iz razloga \u0161to ne mogu do\u0107i takmi\u010dari koji to tr\u010de. U BiH imamo takmi\u010dare koji je tr\u010de, ali ne dovoljno da bismo je odr\u017eali. Po prvi put radimo i otvoreno prvenstvo Republike Srpske u planinskom tr\u010danju. To je ove godine novo i ne\u0161to na \u0161ta smo ponosni i imamo veliki broj prijavljenih takmi\u010dara, a me\u0111u njima i Lusiju Kimani&#8221;, navela je Stojakovi\u0107eva.<\/p>\n<p>Direktor Nacionalnog parka Kozara Dragan Rom\u010devi\u0107 izrazio je zadovoljstvo \u0161to se manifestacija poput ove mo\u017ee odr\u017eati bez obzira na ote\u017eane okolnosti, isti\u010du\u0107i da je godina po\u010dela bez snijega i da je nastavljena epidemijom, ali da je uprkos tome posje\u0107enost na Kozari visoka i da u dane vikenda se broj posjetilaca kre\u0107e oko 3.000.<\/p>\n<p>&#8220;Tokom ljeta veliki broj turista dolazi u Nacionalni park da u\u017eiva u ljepoti Kozare, da \u0161etaju stazama, koriste mjesta za odmor i vidikovce. Prostora je mnogo i sigurno nema opasnosti od \u0161irenja zaraze ako se svi pridr\u017eavamo mjera&#8221;, istakao je Rom\u010devi\u0107.<\/p>\n<p>www.prijedorgrad.org<\/p>\n","protected":false},"excerpt":{"rendered":"<p>&#8220;Kozara ultra trejl 2020&#8221; odr\u017ea\u0107e se 1. i 2. avgusta na teritoriji Nacionalnog parka Kozara, najavili su organizatori. Dragan Vu\u010denovi\u0107 iz Gradske uprave Prijedor naveo je da se o\u010dekuju u\u010desnici [&hellip;]<\/p>\n","protected":false},"author":1,"featured_media":0,"comment_status":"closed","ping_status":"open","sticky":false,"template":"","format":"standard","meta":{"_monsterinsights_skip_tracking":false,"_monsterinsights_sitenote_active":false,"_monsterinsights_sitenote_note":"","_monsterinsights_sitenote_category":0,"footnotes":""},"categories":[7],"tags":[11306],"yoast_head":"<!-- This site is optimized with the Yoast SEO plugin v21.6 - https:\/\/yoast.com\/wordpress\/plugins\/seo\/ -->\n<title>Za vikend &quot;Kozara ultra trejl 2020&quot; - PrijedorDanas.com - Prijedorski gradski portal<\/title>\n<meta name=\"robots\" content=\"index, follow, max-snippet:-1, max-image-preview:large, max-video-preview:-1\" \/>\n<link rel=\"canonical\" href=\"https:\/\/www.prijedordanas.com\/?p=151716\" \/>\n<meta property=\"og:locale\" content=\"en_US\" \/>\n<meta property=\"og:type\" content=\"article\" \/>\n<meta property=\"og:title\" content=\"Za vikend &quot;Kozara ultra trejl 2020&quot; - PrijedorDanas.com - Prijedorski gradski portal\" \/>\n<meta property=\"og:description\" content=\"&#8220;Kozara ultra trejl 2020&#8221; odr\u017ea\u0107e se 1. i 2. avgusta na teritoriji Nacionalnog parka Kozara, najavili su organizatori. Dragan Vu\u010denovi\u0107 iz Gradske uprave Prijedor naveo je da se o\u010dekuju u\u010desnici [&hellip;]\" \/>\n<meta property=\"og:url\" content=\"https:\/\/www.prijedordanas.com\/?p=151716\" \/>\n<meta property=\"og:site_name\" content=\"PrijedorDanas.com - Prijedorski gradski portal\" \/>\n<meta property=\"article:publisher\" content=\"https:\/\/www.facebook.com\/PrijedorDanasCom\/\" \/>\n<meta property=\"article:published_time\" content=\"2020-07-29T08:01:29+00:00\" \/>\n<meta property=\"article:modified_time\" content=\"2020-07-31T21:31:23+00:00\" \/>\n<meta property=\"og:image\" content=\"https:\/\/www.prijedordanas.com\/wp-content\/uploads\/2020\/07\/kozara-ultra-trail-2020-300x217.jpg\" \/>\n<meta name=\"author\" content=\"admin\" \/>\n<meta name=\"twitter:card\" content=\"summary_large_image\" \/>\n<meta name=\"twitter:label1\" content=\"Written by\" \/>\n\t<meta name=\"twitter:data1\" content=\"admin\" \/>\n\t<meta name=\"twitter:label2\" content=\"Est. reading time\" \/>\n\t<meta name=\"twitter:data2\" content=\"2 minutes\" \/>\n<script type=\"application\/ld+json\" class=\"yoast-schema-graph\">{\"@context\":\"https:\/\/schema.org\",\"@graph\":[{\"@type\":\"Article\",\"@id\":\"https:\/\/www.prijedordanas.com\/?p=151716#article\",\"isPartOf\":{\"@id\":\"https:\/\/www.prijedordanas.com\/?p=151716\"},\"author\":{\"name\":\"admin\",\"@id\":\"https:\/\/www.prijedordanas.com\/#\/schema\/person\/4e08ccf29b506ca916ff86d46bb700e6\"},\"headline\":\"Za vikend &#8220;Kozara ultra trejl 2020&#8221;\",\"datePublished\":\"2020-07-29T08:01:29+00:00\",\"dateModified\":\"2020-07-31T21:31:23+00:00\",\"mainEntityOfPage\":{\"@id\":\"https:\/\/www.prijedordanas.com\/?p=151716\"},\"wordCount\":371,\"publisher\":{\"@id\":\"https:\/\/www.prijedordanas.com\/#organization\"},\"keywords\":[\"Kozara ultra trail\"],\"articleSection\":[\"Sport\"],\"inLanguage\":\"en-US\"},{\"@type\":\"WebPage\",\"@id\":\"https:\/\/www.prijedordanas.com\/?p=151716\",\"url\":\"https:\/\/www.prijedordanas.com\/?p=151716\",\"name\":\"Za vikend \\\"Kozara ultra trejl 2020\\\" - PrijedorDanas.com - Prijedorski gradski portal\",\"isPartOf\":{\"@id\":\"https:\/\/www.prijedordanas.com\/#website\"},\"datePublished\":\"2020-07-29T08:01:29+00:00\",\"dateModified\":\"2020-07-31T21:31:23+00:00\",\"breadcrumb\":{\"@id\":\"https:\/\/www.prijedordanas.com\/?p=151716#breadcrumb\"},\"inLanguage\":\"en-US\",\"potentialAction\":[{\"@type\":\"ReadAction\",\"target\":[\"https:\/\/www.prijedordanas.com\/?p=151716\"]}]},{\"@type\":\"BreadcrumbList\",\"@id\":\"https:\/\/www.prijedordanas.com\/?p=151716#breadcrumb\",\"itemListElement\":[{\"@type\":\"ListItem\",\"position\":1,\"name\":\"Home\",\"item\":\"https:\/\/www.prijedordanas.com\/\"},{\"@type\":\"ListItem\",\"position\":2,\"name\":\"Za vikend &#8220;Kozara ultra trejl 2020&#8221;\"}]},{\"@type\":\"WebSite\",\"@id\":\"https:\/\/www.prijedordanas.com\/#website\",\"url\":\"https:\/\/www.prijedordanas.com\/\",\"name\":\"PrijedorDanas.com - Prijedorski gradski portal\",\"description\":\"Portal o doga\u0111anjima u gradu Prijedoru\",\"publisher\":{\"@id\":\"https:\/\/www.prijedordanas.com\/#organization\"},\"potentialAction\":[{\"@type\":\"SearchAction\",\"target\":{\"@type\":\"EntryPoint\",\"urlTemplate\":\"https:\/\/www.prijedordanas.com\/?s={search_term_string}\"},\"query-input\":\"required name=search_term_string\"}],\"inLanguage\":\"en-US\"},{\"@type\":\"Organization\",\"@id\":\"https:\/\/www.prijedordanas.com\/#organization\",\"name\":\"PrijedorDanas.com\",\"url\":\"https:\/\/www.prijedordanas.com\/\",\"logo\":{\"@type\":\"ImageObject\",\"inLanguage\":\"en-US\",\"@id\":\"https:\/\/www.prijedordanas.com\/#\/schema\/logo\/image\/\",\"url\":\"http:\/\/www.prijedordanas.com\/wp-content\/uploads\/2021\/12\/logopng.png\",\"contentUrl\":\"http:\/\/www.prijedordanas.com\/wp-content\/uploads\/2021\/12\/logopng.png\",\"width\":1019,\"height\":776,\"caption\":\"PrijedorDanas.com\"},\"image\":{\"@id\":\"https:\/\/www.prijedordanas.com\/#\/schema\/logo\/image\/\"},\"sameAs\":[\"https:\/\/www.facebook.com\/PrijedorDanasCom\/\"]},{\"@type\":\"Person\",\"@id\":\"https:\/\/www.prijedordanas.com\/#\/schema\/person\/4e08ccf29b506ca916ff86d46bb700e6\",\"name\":\"admin\",\"image\":{\"@type\":\"ImageObject\",\"inLanguage\":\"en-US\",\"@id\":\"https:\/\/www.prijedordanas.com\/#\/schema\/person\/image\/\",\"url\":\"https:\/\/secure.gravatar.com\/avatar\/1d3fc949d550f0b53a5f0d51e06dfd79?s=96&d=mm&r=g\",\"contentUrl\":\"https:\/\/secure.gravatar.com\/avatar\/1d3fc949d550f0b53a5f0d51e06dfd79?s=96&d=mm&r=g\",\"caption\":\"admin\"},\"url\":\"https:\/\/www.prijedordanas.com\/?author=1\"}]}<\/script>\n<!-- \/ Yoast SEO plugin. -->","yoast_head_json":{"title":"Za vikend \"Kozara ultra trejl 2020\" - PrijedorDanas.com - Prijedorski gradski portal","robots":{"index":"index","follow":"follow","max-snippet":"max-snippet:-1","max-image-preview":"max-image-preview:large","max-video-preview":"max-video-preview:-1"},"canonical":"https:\/\/www.prijedordanas.com\/?p=151716","og_locale":"en_US","og_type":"article","og_title":"Za vikend \"Kozara ultra trejl 2020\" - PrijedorDanas.com - Prijedorski gradski portal","og_description":"&#8220;Kozara ultra trejl 2020&#8221; odr\u017ea\u0107e se 1. i 2. avgusta na teritoriji Nacionalnog parka Kozara, najavili su organizatori. Dragan Vu\u010denovi\u0107 iz Gradske uprave Prijedor naveo je da se o\u010dekuju u\u010desnici [&hellip;]","og_url":"https:\/\/www.prijedordanas.com\/?p=151716","og_site_name":"PrijedorDanas.com - Prijedorski gradski portal","article_publisher":"https:\/\/www.facebook.com\/PrijedorDanasCom\/","article_published_time":"2020-07-29T08:01:29+00:00","article_modified_time":"2020-07-31T21:31:23+00:00","og_image":[{"url":"https:\/\/www.prijedordanas.com\/wp-content\/uploads\/2020\/07\/kozara-ultra-trail-2020-300x217.jpg"}],"author":"admin","twitter_card":"summary_large_image","twitter_misc":{"Written by":"admin","Est. reading time":"2 minutes"},"schema":{"@context":"https:\/\/schema.org","@graph":[{"@type":"Article","@id":"https:\/\/www.prijedordanas.com\/?p=151716#article","isPartOf":{"@id":"https:\/\/www.prijedordanas.com\/?p=151716"},"author":{"name":"admin","@id":"https:\/\/www.prijedordanas.com\/#\/schema\/person\/4e08ccf29b506ca916ff86d46bb700e6"},"headline":"Za vikend &#8220;Kozara ultra trejl 2020&#8221;","datePublished":"2020-07-29T08:01:29+00:00","dateModified":"2020-07-31T21:31:23+00:00","mainEntityOfPage":{"@id":"https:\/\/www.prijedordanas.com\/?p=151716"},"wordCount":371,"publisher":{"@id":"https:\/\/www.prijedordanas.com\/#organization"},"keywords":["Kozara ultra trail"],"articleSection":["Sport"],"inLanguage":"en-US"},{"@type":"WebPage","@id":"https:\/\/www.prijedordanas.com\/?p=151716","url":"https:\/\/www.prijedordanas.com\/?p=151716","name":"Za vikend \"Kozara ultra trejl 2020\" - PrijedorDanas.com - Prijedorski gradski portal","isPartOf":{"@id":"https:\/\/www.prijedordanas.com\/#website"},"datePublished":"2020-07-29T08:01:29+00:00","dateModified":"2020-07-31T21:31:23+00:00","breadcrumb":{"@id":"https:\/\/www.prijedordanas.com\/?p=151716#breadcrumb"},"inLanguage":"en-US","potentialAction":[{"@type":"ReadAction","target":["https:\/\/www.prijedordanas.com\/?p=151716"]}]},{"@type":"BreadcrumbList","@id":"https:\/\/www.prijedordanas.com\/?p=151716#breadcrumb","itemListElement":[{"@type":"ListItem","position":1,"name":"Home","item":"https:\/\/www.prijedordanas.com\/"},{"@type":"ListItem","position":2,"name":"Za vikend &#8220;Kozara ultra trejl 2020&#8221;"}]},{"@type":"WebSite","@id":"https:\/\/www.prijedordanas.com\/#website","url":"https:\/\/www.prijedordanas.com\/","name":"PrijedorDanas.com - Prijedorski gradski portal","description":"Portal o doga\u0111anjima u gradu Prijedoru","publisher":{"@id":"https:\/\/www.prijedordanas.com\/#organization"},"potentialAction":[{"@type":"SearchAction","target":{"@type":"EntryPoint","urlTemplate":"https:\/\/www.prijedordanas.com\/?s={search_term_string}"},"query-input":"required name=search_term_string"}],"inLanguage":"en-US"},{"@type":"Organization","@id":"https:\/\/www.prijedordanas.com\/#organization","name":"PrijedorDanas.com","url":"https:\/\/www.prijedordanas.com\/","logo":{"@type":"ImageObject","inLanguage":"en-US","@id":"https:\/\/www.prijedordanas.com\/#\/schema\/logo\/image\/","url":"http:\/\/www.prijedordanas.com\/wp-content\/uploads\/2021\/12\/logopng.png","contentUrl":"http:\/\/www.prijedordanas.com\/wp-content\/uploads\/2021\/12\/logopng.png","width":1019,"height":776,"caption":"PrijedorDanas.com"},"image":{"@id":"https:\/\/www.prijedordanas.com\/#\/schema\/logo\/image\/"},"sameAs":["https:\/\/www.facebook.com\/PrijedorDanasCom\/"]},{"@type":"Person","@id":"https:\/\/www.prijedordanas.com\/#\/schema\/person\/4e08ccf29b506ca916ff86d46bb700e6","name":"admin","image":{"@type":"ImageObject","inLanguage":"en-US","@id":"https:\/\/www.prijedordanas.com\/#\/schema\/person\/image\/","url":"https:\/\/secure.gravatar.com\/avatar\/1d3fc949d550f0b53a5f0d51e06dfd79?s=96&d=mm&r=g","contentUrl":"https:\/\/secure.gravatar.com\/avatar\/1d3fc949d550f0b53a5f0d51e06dfd79?s=96&d=mm&r=g","caption":"admin"},"url":"https:\/\/www.prijedordanas.com\/?author=1"}]}},"_links":{"self":[{"href":"https:\/\/www.prijedordanas.com\/index.php?rest_route=\/wp\/v2\/posts\/151716"}],"collection":[{"href":"https:\/\/www.prijedordanas.com\/index.php?rest_route=\/wp\/v2\/posts"}],"about":[{"href":"https:\/\/www.prijedordanas.com\/index.php?rest_route=\/wp\/v2\/types\/post"}],"author":[{"embeddable":true,"href":"https:\/\/www.prijedordanas.com\/index.php?rest_route=\/wp\/v2\/users\/1"}],"replies":[{"embeddable":true,"href":"https:\/\/www.prijedordanas.com\/index.php?rest_route=%2Fwp%2Fv2%2Fcomments&post=151716"}],"version-history":[{"count":1,"href":"https:\/\/www.prijedordanas.com\/index.php?rest_route=\/wp\/v2\/posts\/151716\/revisions"}],"predecessor-version":[{"id":151719,"href":"https:\/\/www.prijedordanas.com\/index.php?rest_route=\/wp\/v2\/posts\/151716\/revisions\/151719"}],"wp:attachment":[{"href":"https:\/\/www.prijedordanas.com\/index.php?rest_route=%2Fwp%2Fv2%2Fmedia&parent=151716"}],"wp:term":[{"taxonomy":"category","embeddable":true,"href":"https:\/\/www.prijedordanas.com\/index.php?rest_route=%2Fwp%2Fv2%2Fcategories&post=151716"},{"taxonomy":"post_tag","embeddable":true,"href":"https:\/\/www.prijedordanas.com\/index.php?rest_route=%2Fwp%2Fv2%2Ftags&post=151716"}],"curies":[{"name":"wp","href":"https:\/\/api.w.org\/{rel}","templated":true}]}}