{"id":151591,"date":"2020-07-29T21:15:40","date_gmt":"2020-07-29T19:15:40","guid":{"rendered":"https:\/\/www.prijedordanas.com\/?p=151591"},"modified":"2020-07-29T21:15:40","modified_gmt":"2020-07-29T19:15:40","slug":"daci-u-klupama-od-1-septembra-predlozena-kombinovana-nastava-u-rs","status":"publish","type":"post","link":"https:\/\/www.prijedordanas.com\/?p=151591","title":{"rendered":"\u0110aci u klupama od 1. septembra, predlo\u017eena kombinovana nastava u RS"},"content":{"rendered":"<p><a href=\"https:\/\/www.prijedordanas.com\/wp-content\/uploads\/2020\/07\/nezavisne-djaci-ilustracija.jpg\"><img loading=\"lazy\" decoding=\"async\" src=\"https:\/\/www.prijedordanas.com\/wp-content\/uploads\/2020\/07\/nezavisne-djaci-ilustracija-300x217.jpg\" alt=\"\" width=\"300\" height=\"217\" class=\"alignleft size-medium wp-image-151592\" srcset=\"https:\/\/www.prijedordanas.com\/wp-content\/uploads\/2020\/07\/nezavisne-djaci-ilustracija-300x217.jpg 300w, https:\/\/www.prijedordanas.com\/wp-content\/uploads\/2020\/07\/nezavisne-djaci-ilustracija.jpg 690w\" sizes=\"(max-width: 300px) 100vw, 300px\" \/><\/a>Polovinom avgusta Ministarstvo zdravlja i socijalne za\u0161tite RS i Institut za javno zdravstvo RS definisa\u0107e jasnu epidemiolo\u0161ku situaciju, te u zavisnosti od situacije u datom momentu predlo\u017ei\u0107e se modeli na koji na\u010din \u0107e osnovci i srednjo\u0161kolci zapo\u010deti novu \u0161kolsku godinu po\u010detkom septembra, a najvjerovatnije da \u0107e to biti kombinovani model nastave.<\/p>\n<p>Potvrdila je ovo u petak Natalija Trivi\u0107, ministar prosvjete i kulture RS, nakon sastanka sa predstavnicima Odbora za reformu pred\u0161kolskog, osnovnog i srednjeg vaspitanja i obrazovanja koji je odr\u017ean u Banjaluci.<\/p>\n<p>Ona je pojasnila da \u0107e model koji \u0107e biti primjenjivan od septembra sa po\u010detkom \u0161kolske godine donijeti Vlada RS, odnosno Krizni \u0161tab.<\/p>\n<p>&#8220;Mi smo predlo\u017eili da je jedan od najboljih modela kombinovana nastava, gdje \u0107e \u0111aci jedno vrijeme provoditi u svojim \u0161kolskim klupama, a drugo vrijeme da provode kod ku\u0107e gdje \u0107e biti u kontaktu sa u\u010diteljima, nastavnicima i profesorima&#8221;, rekla je Trivi\u0107eva.<\/p>\n<p>Ona je istakla da je prijedlog Odbora u kombinovanoj nastavi, gdje \u0107e se nastava provoditi dijelom u \u0161kolskim klupama, a dijelom onlajn.<\/p>\n<p>&#8220;Kvalitetno obrazovanje svakako ne mo\u017ee biti isklju\u010divo niti onlajn, niti da djeca apsolutno ne idu u \u0161kolu&#8221;, pojasnila je Trivi\u0107eva.<\/p>\n<p>Napomenula je da je va\u017ean kontakt u\u010ditelja, nastavnika sa djecom prilikom sticanja odre\u0111enih znanja, utvr\u0111ivanja gradiva i rje\u0161avanja odre\u0111enih problema.<\/p>\n<p>&#8220;Naravno uz sve moramo biti obazrivi u smislu epidemiolo\u0161ke situacije i mjera koje \u0107e propisati Inistut u smislu za\u0161tite zdravlja djece. Veliki izazov je pred nama, ono \u0161to je sigurno da \u0107e Ministarstvo prosvjete i kulture RS i Vlada RS, te Ministarstvo zdravlja i socijalne za\u0161tite RS i Institut za javno zdravstvo u\u010diniti sve da pripremi uslove da djeca idu u \u0161kolu uz po\u0161tovanje svih mjera&#8221;, rekla je Trivi\u0107eva.<\/p>\n<p>Dodala je da ukoliko se bude mjenjala epidemiolo\u0161ka situacije, fleksibilno \u0107e se reagovati i mjenjati na\u010din izvo\u0111enja nastave u cilju za\u0161tite djece.<\/p>\n<p>Trivi\u0107eva je tako\u0111e rekla da je na sastanku odr\u017eanom u petak usvojen izvje\u0161taj o radu Odbora za reformu pred\u0161kolskog, osnovnog i srednjeg vaspitanja i obrazovanja za period od 1. aprila do 30. juna, koji \u0107e biti predlo\u017een Vladi RS na usvajanje idu\u0107e sedmice.<\/p>\n<p>Ona ka\u017ee da je Odbor ispo\u0161tovao sve ono \u0161to je i definisano Akcionim planom razvoja i reforme obrazovanja RS u okviru kojeg su izmjenjeni zakoni koji se odnose, na pred\u0161kolsko, osnovno i srednje obrazovanje.<\/p>\n<p>Drago Brankovi\u0107, \u010dlan Odbora za reformu pred\u0161kolskog, osnovnog i srednjeg vaspitanja i obrazovanja u RS, naglasio je da se obrazovni sistem nalazi pred istorijskim izazovima.<\/p>\n<p>&#8220;Pored svih postignutih pozitivnih rezultata na kraju ove \u0161kolske godine tokom onlajn nastave, neophodan je \u017eivi kontakt nastavnika sa u\u010denikom, te kakva god da situacija bude u septembru, moramo prona\u0107i kombinovani metod time \u0161to \u0107e u\u010denik u manjoj grupi imati kontakt sa nastavnikom u \u0161koli&#8221;, rekao je Brankovi\u0107.<\/p>\n<p>Kada su u pitanju reformski procesi osnovnog obrazovanja u RS, Brankovi\u0107 ka\u017ee da bi do kraja godine trebalo donijeti novi nastavni plan i program, \u010dija je osnovna intencija da u\u010denici, koliko god je mogu\u0107e, budu manje optere\u0107eni, zatim uvo\u0111enje nekih novih predmeta i korekcija postoje\u0107eg plana.<\/p>\n<p>&#8220;Va\u017eno je usmjeravati u\u010denike putem izborne nastave kako bi ve\u0107 u devetom razredu osnovne \u0161kole mogli da biraju bar jedan nastavni predmet koji im vi\u0161e odgovara, na osnovu kojeg \u0107e birati srednju \u0161kolu i faklutet&#8221;, ka\u017ee Brankovi\u0107.<\/p>\n<p>Predrag Damjanovi\u0107, direktor Republi\u010dkog pedago\u0161kog zavoda, rekao je da se nada da \u0107e se nastava izvoditi u \u0161kolskim klupama, te da je va\u017ean \u017eivi kontakt u\u010denika i nastavnika, kao i da u\u010denici kontaktiraju sa vr\u0161njacima, ali da je najva\u017enije da se uz sve to za\u0161titi zdravlje djece.<\/p>\n","protected":false},"excerpt":{"rendered":"<p>Polovinom avgusta Ministarstvo zdravlja i socijalne za\u0161tite RS i Institut za javno zdravstvo RS definisa\u0107e jasnu epidemiolo\u0161ku situaciju, te u zavisnosti od situacije u datom momentu predlo\u017ei\u0107e se modeli na [&hellip;]<\/p>\n","protected":false},"author":1,"featured_media":0,"comment_status":"closed","ping_status":"open","sticky":false,"template":"","format":"standard","meta":{"_monsterinsights_skip_tracking":false,"_monsterinsights_sitenote_active":false,"_monsterinsights_sitenote_note":"","_monsterinsights_sitenote_category":0,"footnotes":""},"categories":[7518],"tags":[2944,2284],"yoast_head":"<!-- This site is optimized with the Yoast SEO plugin v21.6 - https:\/\/yoast.com\/wordpress\/plugins\/seo\/ -->\n<title>\u0110aci u klupama od 1. septembra, predlo\u017eena kombinovana nastava u RS - PrijedorDanas.com - Prijedorski gradski portal<\/title>\n<meta name=\"robots\" content=\"index, follow, max-snippet:-1, max-image-preview:large, max-video-preview:-1\" \/>\n<link rel=\"canonical\" href=\"https:\/\/www.prijedordanas.com\/?p=151591\" \/>\n<meta property=\"og:locale\" content=\"en_US\" \/>\n<meta property=\"og:type\" content=\"article\" \/>\n<meta property=\"og:title\" content=\"\u0110aci u klupama od 1. septembra, predlo\u017eena kombinovana nastava u RS - PrijedorDanas.com - Prijedorski gradski portal\" \/>\n<meta property=\"og:description\" content=\"Polovinom avgusta Ministarstvo zdravlja i socijalne za\u0161tite RS i Institut za javno zdravstvo RS definisa\u0107e jasnu epidemiolo\u0161ku situaciju, te u zavisnosti od situacije u datom momentu predlo\u017ei\u0107e se modeli na [&hellip;]\" \/>\n<meta property=\"og:url\" content=\"https:\/\/www.prijedordanas.com\/?p=151591\" \/>\n<meta property=\"og:site_name\" content=\"PrijedorDanas.com - Prijedorski gradski portal\" \/>\n<meta property=\"article:publisher\" content=\"https:\/\/www.facebook.com\/PrijedorDanasCom\/\" \/>\n<meta property=\"article:published_time\" content=\"2020-07-29T19:15:40+00:00\" \/>\n<meta property=\"og:image\" content=\"https:\/\/www.prijedordanas.com\/wp-content\/uploads\/2020\/07\/nezavisne-djaci-ilustracija-300x217.jpg\" \/>\n<meta name=\"author\" content=\"admin\" \/>\n<meta name=\"twitter:card\" content=\"summary_large_image\" \/>\n<meta name=\"twitter:label1\" content=\"Written by\" \/>\n\t<meta name=\"twitter:data1\" content=\"admin\" \/>\n\t<meta name=\"twitter:label2\" content=\"Est. reading time\" \/>\n\t<meta name=\"twitter:data2\" content=\"3 minutes\" \/>\n<script type=\"application\/ld+json\" class=\"yoast-schema-graph\">{\"@context\":\"https:\/\/schema.org\",\"@graph\":[{\"@type\":\"Article\",\"@id\":\"https:\/\/www.prijedordanas.com\/?p=151591#article\",\"isPartOf\":{\"@id\":\"https:\/\/www.prijedordanas.com\/?p=151591\"},\"author\":{\"name\":\"admin\",\"@id\":\"https:\/\/www.prijedordanas.com\/#\/schema\/person\/4e08ccf29b506ca916ff86d46bb700e6\"},\"headline\":\"\u0110aci u klupama od 1. septembra, predlo\u017eena kombinovana nastava u RS\",\"datePublished\":\"2020-07-29T19:15:40+00:00\",\"dateModified\":\"2020-07-29T19:15:40+00:00\",\"mainEntityOfPage\":{\"@id\":\"https:\/\/www.prijedordanas.com\/?p=151591\"},\"wordCount\":654,\"publisher\":{\"@id\":\"https:\/\/www.prijedordanas.com\/#organization\"},\"keywords\":[\"nastava\",\"\u0111aci\"],\"articleSection\":[\"Mladi\"],\"inLanguage\":\"en-US\"},{\"@type\":\"WebPage\",\"@id\":\"https:\/\/www.prijedordanas.com\/?p=151591\",\"url\":\"https:\/\/www.prijedordanas.com\/?p=151591\",\"name\":\"\u0110aci u klupama od 1. septembra, predlo\u017eena kombinovana nastava u RS - PrijedorDanas.com - Prijedorski gradski portal\",\"isPartOf\":{\"@id\":\"https:\/\/www.prijedordanas.com\/#website\"},\"datePublished\":\"2020-07-29T19:15:40+00:00\",\"dateModified\":\"2020-07-29T19:15:40+00:00\",\"breadcrumb\":{\"@id\":\"https:\/\/www.prijedordanas.com\/?p=151591#breadcrumb\"},\"inLanguage\":\"en-US\",\"potentialAction\":[{\"@type\":\"ReadAction\",\"target\":[\"https:\/\/www.prijedordanas.com\/?p=151591\"]}]},{\"@type\":\"BreadcrumbList\",\"@id\":\"https:\/\/www.prijedordanas.com\/?p=151591#breadcrumb\",\"itemListElement\":[{\"@type\":\"ListItem\",\"position\":1,\"name\":\"Home\",\"item\":\"https:\/\/www.prijedordanas.com\/\"},{\"@type\":\"ListItem\",\"position\":2,\"name\":\"\u0110aci u klupama od 1. septembra, predlo\u017eena kombinovana nastava u RS\"}]},{\"@type\":\"WebSite\",\"@id\":\"https:\/\/www.prijedordanas.com\/#website\",\"url\":\"https:\/\/www.prijedordanas.com\/\",\"name\":\"PrijedorDanas.com - Prijedorski gradski portal\",\"description\":\"Portal o doga\u0111anjima u gradu Prijedoru\",\"publisher\":{\"@id\":\"https:\/\/www.prijedordanas.com\/#organization\"},\"potentialAction\":[{\"@type\":\"SearchAction\",\"target\":{\"@type\":\"EntryPoint\",\"urlTemplate\":\"https:\/\/www.prijedordanas.com\/?s={search_term_string}\"},\"query-input\":\"required name=search_term_string\"}],\"inLanguage\":\"en-US\"},{\"@type\":\"Organization\",\"@id\":\"https:\/\/www.prijedordanas.com\/#organization\",\"name\":\"PrijedorDanas.com\",\"url\":\"https:\/\/www.prijedordanas.com\/\",\"logo\":{\"@type\":\"ImageObject\",\"inLanguage\":\"en-US\",\"@id\":\"https:\/\/www.prijedordanas.com\/#\/schema\/logo\/image\/\",\"url\":\"http:\/\/www.prijedordanas.com\/wp-content\/uploads\/2021\/12\/logopng.png\",\"contentUrl\":\"http:\/\/www.prijedordanas.com\/wp-content\/uploads\/2021\/12\/logopng.png\",\"width\":1019,\"height\":776,\"caption\":\"PrijedorDanas.com\"},\"image\":{\"@id\":\"https:\/\/www.prijedordanas.com\/#\/schema\/logo\/image\/\"},\"sameAs\":[\"https:\/\/www.facebook.com\/PrijedorDanasCom\/\"]},{\"@type\":\"Person\",\"@id\":\"https:\/\/www.prijedordanas.com\/#\/schema\/person\/4e08ccf29b506ca916ff86d46bb700e6\",\"name\":\"admin\",\"image\":{\"@type\":\"ImageObject\",\"inLanguage\":\"en-US\",\"@id\":\"https:\/\/www.prijedordanas.com\/#\/schema\/person\/image\/\",\"url\":\"https:\/\/secure.gravatar.com\/avatar\/1d3fc949d550f0b53a5f0d51e06dfd79?s=96&d=mm&r=g\",\"contentUrl\":\"https:\/\/secure.gravatar.com\/avatar\/1d3fc949d550f0b53a5f0d51e06dfd79?s=96&d=mm&r=g\",\"caption\":\"admin\"},\"url\":\"https:\/\/www.prijedordanas.com\/?author=1\"}]}<\/script>\n<!-- \/ Yoast SEO plugin. -->","yoast_head_json":{"title":"\u0110aci u klupama od 1. septembra, predlo\u017eena kombinovana nastava u RS - PrijedorDanas.com - Prijedorski gradski portal","robots":{"index":"index","follow":"follow","max-snippet":"max-snippet:-1","max-image-preview":"max-image-preview:large","max-video-preview":"max-video-preview:-1"},"canonical":"https:\/\/www.prijedordanas.com\/?p=151591","og_locale":"en_US","og_type":"article","og_title":"\u0110aci u klupama od 1. septembra, predlo\u017eena kombinovana nastava u RS - PrijedorDanas.com - Prijedorski gradski portal","og_description":"Polovinom avgusta Ministarstvo zdravlja i socijalne za\u0161tite RS i Institut za javno zdravstvo RS definisa\u0107e jasnu epidemiolo\u0161ku situaciju, te u zavisnosti od situacije u datom momentu predlo\u017ei\u0107e se modeli na [&hellip;]","og_url":"https:\/\/www.prijedordanas.com\/?p=151591","og_site_name":"PrijedorDanas.com - Prijedorski gradski portal","article_publisher":"https:\/\/www.facebook.com\/PrijedorDanasCom\/","article_published_time":"2020-07-29T19:15:40+00:00","og_image":[{"url":"https:\/\/www.prijedordanas.com\/wp-content\/uploads\/2020\/07\/nezavisne-djaci-ilustracija-300x217.jpg"}],"author":"admin","twitter_card":"summary_large_image","twitter_misc":{"Written by":"admin","Est. reading time":"3 minutes"},"schema":{"@context":"https:\/\/schema.org","@graph":[{"@type":"Article","@id":"https:\/\/www.prijedordanas.com\/?p=151591#article","isPartOf":{"@id":"https:\/\/www.prijedordanas.com\/?p=151591"},"author":{"name":"admin","@id":"https:\/\/www.prijedordanas.com\/#\/schema\/person\/4e08ccf29b506ca916ff86d46bb700e6"},"headline":"\u0110aci u klupama od 1. septembra, predlo\u017eena kombinovana nastava u RS","datePublished":"2020-07-29T19:15:40+00:00","dateModified":"2020-07-29T19:15:40+00:00","mainEntityOfPage":{"@id":"https:\/\/www.prijedordanas.com\/?p=151591"},"wordCount":654,"publisher":{"@id":"https:\/\/www.prijedordanas.com\/#organization"},"keywords":["nastava","\u0111aci"],"articleSection":["Mladi"],"inLanguage":"en-US"},{"@type":"WebPage","@id":"https:\/\/www.prijedordanas.com\/?p=151591","url":"https:\/\/www.prijedordanas.com\/?p=151591","name":"\u0110aci u klupama od 1. septembra, predlo\u017eena kombinovana nastava u RS - PrijedorDanas.com - Prijedorski gradski portal","isPartOf":{"@id":"https:\/\/www.prijedordanas.com\/#website"},"datePublished":"2020-07-29T19:15:40+00:00","dateModified":"2020-07-29T19:15:40+00:00","breadcrumb":{"@id":"https:\/\/www.prijedordanas.com\/?p=151591#breadcrumb"},"inLanguage":"en-US","potentialAction":[{"@type":"ReadAction","target":["https:\/\/www.prijedordanas.com\/?p=151591"]}]},{"@type":"BreadcrumbList","@id":"https:\/\/www.prijedordanas.com\/?p=151591#breadcrumb","itemListElement":[{"@type":"ListItem","position":1,"name":"Home","item":"https:\/\/www.prijedordanas.com\/"},{"@type":"ListItem","position":2,"name":"\u0110aci u klupama od 1. septembra, predlo\u017eena kombinovana nastava u RS"}]},{"@type":"WebSite","@id":"https:\/\/www.prijedordanas.com\/#website","url":"https:\/\/www.prijedordanas.com\/","name":"PrijedorDanas.com - Prijedorski gradski portal","description":"Portal o doga\u0111anjima u gradu Prijedoru","publisher":{"@id":"https:\/\/www.prijedordanas.com\/#organization"},"potentialAction":[{"@type":"SearchAction","target":{"@type":"EntryPoint","urlTemplate":"https:\/\/www.prijedordanas.com\/?s={search_term_string}"},"query-input":"required name=search_term_string"}],"inLanguage":"en-US"},{"@type":"Organization","@id":"https:\/\/www.prijedordanas.com\/#organization","name":"PrijedorDanas.com","url":"https:\/\/www.prijedordanas.com\/","logo":{"@type":"ImageObject","inLanguage":"en-US","@id":"https:\/\/www.prijedordanas.com\/#\/schema\/logo\/image\/","url":"http:\/\/www.prijedordanas.com\/wp-content\/uploads\/2021\/12\/logopng.png","contentUrl":"http:\/\/www.prijedordanas.com\/wp-content\/uploads\/2021\/12\/logopng.png","width":1019,"height":776,"caption":"PrijedorDanas.com"},"image":{"@id":"https:\/\/www.prijedordanas.com\/#\/schema\/logo\/image\/"},"sameAs":["https:\/\/www.facebook.com\/PrijedorDanasCom\/"]},{"@type":"Person","@id":"https:\/\/www.prijedordanas.com\/#\/schema\/person\/4e08ccf29b506ca916ff86d46bb700e6","name":"admin","image":{"@type":"ImageObject","inLanguage":"en-US","@id":"https:\/\/www.prijedordanas.com\/#\/schema\/person\/image\/","url":"https:\/\/secure.gravatar.com\/avatar\/1d3fc949d550f0b53a5f0d51e06dfd79?s=96&d=mm&r=g","contentUrl":"https:\/\/secure.gravatar.com\/avatar\/1d3fc949d550f0b53a5f0d51e06dfd79?s=96&d=mm&r=g","caption":"admin"},"url":"https:\/\/www.prijedordanas.com\/?author=1"}]}},"_links":{"self":[{"href":"https:\/\/www.prijedordanas.com\/index.php?rest_route=\/wp\/v2\/posts\/151591"}],"collection":[{"href":"https:\/\/www.prijedordanas.com\/index.php?rest_route=\/wp\/v2\/posts"}],"about":[{"href":"https:\/\/www.prijedordanas.com\/index.php?rest_route=\/wp\/v2\/types\/post"}],"author":[{"embeddable":true,"href":"https:\/\/www.prijedordanas.com\/index.php?rest_route=\/wp\/v2\/users\/1"}],"replies":[{"embeddable":true,"href":"https:\/\/www.prijedordanas.com\/index.php?rest_route=%2Fwp%2Fv2%2Fcomments&post=151591"}],"version-history":[{"count":1,"href":"https:\/\/www.prijedordanas.com\/index.php?rest_route=\/wp\/v2\/posts\/151591\/revisions"}],"predecessor-version":[{"id":151593,"href":"https:\/\/www.prijedordanas.com\/index.php?rest_route=\/wp\/v2\/posts\/151591\/revisions\/151593"}],"wp:attachment":[{"href":"https:\/\/www.prijedordanas.com\/index.php?rest_route=%2Fwp%2Fv2%2Fmedia&parent=151591"}],"wp:term":[{"taxonomy":"category","embeddable":true,"href":"https:\/\/www.prijedordanas.com\/index.php?rest_route=%2Fwp%2Fv2%2Fcategories&post=151591"},{"taxonomy":"post_tag","embeddable":true,"href":"https:\/\/www.prijedordanas.com\/index.php?rest_route=%2Fwp%2Fv2%2Ftags&post=151591"}],"curies":[{"name":"wp","href":"https:\/\/api.w.org\/{rel}","templated":true}]}}