{"id":15154,"date":"2015-02-01T14:27:44","date_gmt":"2015-02-01T13:27:44","guid":{"rendered":"https:\/\/www.prijedordanas.com\/?p=15154"},"modified":"2015-02-01T14:58:42","modified_gmt":"2015-02-01T13:58:42","slug":"otvoreni-deveti-dani-zime-na-kozari-foto","status":"publish","type":"post","link":"https:\/\/www.prijedordanas.com\/?p=15154","title":{"rendered":"OTVORENI DEVETI &#8220;DANI ZIME NA KOZARI&#8221; &#8211; FOTO"},"content":{"rendered":"<p><a href=\"https:\/\/www.prijedordanas.com\/wp-content\/uploads\/2015\/02\/dani-zime-na-kozari-otvaranje-1.jpg\"><img loading=\"lazy\" decoding=\"async\" class=\"alignleft size-medium wp-image-15155\" src=\"https:\/\/www.prijedordanas.com\/wp-content\/uploads\/2015\/02\/dani-zime-na-kozari-otvaranje-1-300x199.jpg\" alt=\"dani zime na kozari-otvaranje (1)\" width=\"300\" height=\"199\" srcset=\"https:\/\/www.prijedordanas.com\/wp-content\/uploads\/2015\/02\/dani-zime-na-kozari-otvaranje-1-300x199.jpg 300w, https:\/\/www.prijedordanas.com\/wp-content\/uploads\/2015\/02\/dani-zime-na-kozari-otvaranje-1-624x413.jpg 624w, https:\/\/www.prijedordanas.com\/wp-content\/uploads\/2015\/02\/dani-zime-na-kozari-otvaranje-1.jpg 800w\" sizes=\"(max-width: 300px) 100vw, 300px\" \/><\/a>Ministar uprave i lokalne samouprave Republike Srpske Lejla Re\u0161i\u0107 rekla je da odr\u017eavanje &#8220;Dana zime na Kozari&#8221; ve\u0107 deveti put govori da ova manifestacija ja\u010da i da je postala tradicionalna.<\/p>\n<p>&#8220;To govori o ljepoti na\u0161e Kozare i zato pozivam sve da budu ovdje sa nama. \u010cetvrtu godinu Ministarstvo uprave i lokalne samouprave Republike Srpske jedan je od pokrovitelja manifestacije i svake godine je sve vi\u0161e u\u010desnika&#8221;, rekla je Re\u0161i\u0107eva novinarima na Kozari.<\/p>\n<p>Ona je istakla da se na Kozaru dolazi i kada nisu &#8220;Dani zime&#8221;, ali da je ova manifestacije za sve potkozarske op\u0161tine i gradove ne\u0161to posebno.<\/p>\n<p>Otvaranju &#8220;Dana zime na Kozari&#8221; ispred Vlade Republike Srpske prisustvovao je i ministar prosvjete i kulture Republike Srpske Dane Male\u0161evi\u0107.<\/p>\n<p><a href=\"https:\/\/www.prijedordanas.com\/wp-content\/uploads\/2015\/02\/dani-zime-na-kozari-otvaranje-3.jpg\"><img loading=\"lazy\" decoding=\"async\" class=\"alignleft size-medium wp-image-15156\" src=\"https:\/\/www.prijedordanas.com\/wp-content\/uploads\/2015\/02\/dani-zime-na-kozari-otvaranje-3-300x199.jpg\" alt=\"dani zime na kozari-otvaranje (3)\" width=\"300\" height=\"199\" srcset=\"https:\/\/www.prijedordanas.com\/wp-content\/uploads\/2015\/02\/dani-zime-na-kozari-otvaranje-3-300x199.jpg 300w, https:\/\/www.prijedordanas.com\/wp-content\/uploads\/2015\/02\/dani-zime-na-kozari-otvaranje-3-624x413.jpg 624w, https:\/\/www.prijedordanas.com\/wp-content\/uploads\/2015\/02\/dani-zime-na-kozari-otvaranje-3.jpg 800w\" sizes=\"(max-width: 300px) 100vw, 300px\" \/><\/a>Gradona\u010delnik Prijedora Marko Pavi\u0107 rekao je da ova manifestacija predstavlja turisti\u010dku ponudu Kozare i potkozarskih op\u0161tina i gradova.<\/p>\n<p>&#8220;Na\u0161 zajedni\u010dki cilj je da Kozaru na\u010dinimo brendom koji \u0107e biti poznat, ne samo kod nas, nego i u svijetu. Na tome se dosta radi &#8211; gradimo puteve prema Kozari, provodimo zajedni\u010dke projekte op\u0161tina i gradova i kao regija u\u010destvujemo sa Hrvatskom u projektima prekograni\u010dne saradnje&#8221;, rekao je Pavi\u0107 novinarima na Kozari.<\/p>\n<p>On je naglasio da se \u017eeli posti\u0107i da Kozara postane destinacija gdje se dolazi na odmor, rekreaciju, skijanje&#8230;<\/p>\n<p>&#8220;Kozara ima turisti\u010dke, istorijske i zdravstvene kapacitete i svako \u0107e na\u0107i ne\u0161to \u0161to mu treba. Mi ne \u017eelimo da se ovdje \u010duju zvuci oru\u017eja, nego \u0161aljemo poruke mira i dobrodo\u0161lice. Ko jednom do\u0111e, do\u0107i \u0107e opet sigurno&#8221;, poru\u010dio je Pavi\u0107.<\/p>\n<p><a href=\"https:\/\/www.prijedordanas.com\/wp-content\/uploads\/2015\/02\/dani-zime-na-kozari-otvaranje-6.jpg\"><img loading=\"lazy\" decoding=\"async\" class=\"alignleft size-medium wp-image-15157\" src=\"https:\/\/www.prijedordanas.com\/wp-content\/uploads\/2015\/02\/dani-zime-na-kozari-otvaranje-6-300x199.jpg\" alt=\"dani zime na kozari-otvaranje (6)\" width=\"300\" height=\"199\" srcset=\"https:\/\/www.prijedordanas.com\/wp-content\/uploads\/2015\/02\/dani-zime-na-kozari-otvaranje-6-300x199.jpg 300w, https:\/\/www.prijedordanas.com\/wp-content\/uploads\/2015\/02\/dani-zime-na-kozari-otvaranje-6-624x413.jpg 624w, https:\/\/www.prijedordanas.com\/wp-content\/uploads\/2015\/02\/dani-zime-na-kozari-otvaranje-6.jpg 800w\" sizes=\"(max-width: 300px) 100vw, 300px\" \/><\/a>Direktor Turisti\u010dke organizacije grada Prijedora Amira Gani\u0107 rekla je da u gastro takmi\u010denjima u\u010destvuje 19, a u sportskim 11 ekipa.<\/p>\n<p>&#8220;Novina je da smo gastro takmi\u010denje podijelili u dvije kategorije. Lova\u010dka udru\u017eenja takmi\u010di\u0107e se u kategoriji lova\u010dki kotli\u0107, a ugostiteljske \u0161kole, planinarska dru\u0161tva i izvi\u0111a\u010dki odredi u kategoriji kotli\u0107&#8221;, navela je Gani\u0107eva koja je i otvorila manifestaciju.<\/p>\n<p>Ona je dodala da je za najbolje plasirane sportske ekipe obezbije\u0111en nagradni fond od 250, KM za prvo, 150 za drugo i 100 za tre\u0107e mjesto, dok su svi u\u010desnici u gastro takmi\u010denjima dobili po 100 KM za nabavku namirnica potrebnih za pripremu kotli\u0107a.<\/p>\n<p><a href=\"https:\/\/www.prijedordanas.com\/wp-content\/uploads\/2015\/02\/dani-zime-na-kozari-otvaranje-5.jpg\"><img loading=\"lazy\" decoding=\"async\" class=\"alignleft size-medium wp-image-15158\" src=\"https:\/\/www.prijedordanas.com\/wp-content\/uploads\/2015\/02\/dani-zime-na-kozari-otvaranje-5-300x199.jpg\" alt=\"dani zime na kozari-otvaranje (5)\" width=\"300\" height=\"199\" srcset=\"https:\/\/www.prijedordanas.com\/wp-content\/uploads\/2015\/02\/dani-zime-na-kozari-otvaranje-5-300x199.jpg 300w, https:\/\/www.prijedordanas.com\/wp-content\/uploads\/2015\/02\/dani-zime-na-kozari-otvaranje-5-624x413.jpg 624w, https:\/\/www.prijedordanas.com\/wp-content\/uploads\/2015\/02\/dani-zime-na-kozari-otvaranje-5.jpg 800w\" sizes=\"(max-width: 300px) 100vw, 300px\" \/><\/a>Otvaranju &#8220;Dana zime na Kozari&#8221;, kojim prisustvuju na\u010delnici i gra\u0111ani vi\u0161e potkozarskih lokalnih zajednica, prethodilo je polaganje vijenaca \u017ertvama palim na Kozari. Vijence su polo\u017eili predstavnici grada Prijedora, Vlade Republike Srpske i Odreda izvi\u0111a\u010da &#8220;Doktor Mladen Stojanovi\u0107&#8221; Prijedor.<\/p>\n<p>Visina snijega na planini iznosi oko 30 centimetara, a cijena ulaznice u Nacionalni park &#8220;Kozara&#8221; umjesto dvije KM danas je jednu KM.<\/p>\n<p>U okviru 9. &#8220;Dana zime na Kozari&#8221; u organizaciji Planinarsko-skija\u0161kog dru\u0161tva &#8220;LJubijski rudar&#8221; i pod pokroviteljstvom &#8220;Arselor Mitala&#8221; ju\u010de je odr\u017ean ski kup za osnovce i srednjo\u0161kolce, a u organizaciji Kluba ekstremnih sportova &#8220;Albatros&#8221; iz Prijedora planinarski mar\u0161 na ruti Lamovita \u2013 Lisina \u2013 Mrakovica.<\/p>\n<p>Tekst \u2013 SRNA<br \/>\nFoto \u2013 Aleksandar Drakuli\u0107 \u2013 www.prijedordanas.com<\/p>\n<p><a href=\"https:\/\/www.prijedordanas.com\/wp-content\/uploads\/2015\/02\/dani-zime-na-kozari-otvaranje-2.jpg\"><img loading=\"lazy\" decoding=\"async\" class=\"alignleft size-medium wp-image-15159\" src=\"https:\/\/www.prijedordanas.com\/wp-content\/uploads\/2015\/02\/dani-zime-na-kozari-otvaranje-2-300x199.jpg\" alt=\"dani zime na kozari-otvaranje (2)\" width=\"300\" height=\"199\" srcset=\"https:\/\/www.prijedordanas.com\/wp-content\/uploads\/2015\/02\/dani-zime-na-kozari-otvaranje-2-300x199.jpg 300w, https:\/\/www.prijedordanas.com\/wp-content\/uploads\/2015\/02\/dani-zime-na-kozari-otvaranje-2-624x413.jpg 624w, https:\/\/www.prijedordanas.com\/wp-content\/uploads\/2015\/02\/dani-zime-na-kozari-otvaranje-2.jpg 800w\" sizes=\"(max-width: 300px) 100vw, 300px\" \/><\/a> <a href=\"https:\/\/www.prijedordanas.com\/wp-content\/uploads\/2015\/02\/dani-zime-na-kozari-otvaranje-4.jpg\"><img loading=\"lazy\" decoding=\"async\" class=\"alignleft size-medium wp-image-15160\" src=\"https:\/\/www.prijedordanas.com\/wp-content\/uploads\/2015\/02\/dani-zime-na-kozari-otvaranje-4-300x199.jpg\" alt=\"dani zime na kozari-otvaranje (4)\" width=\"300\" height=\"199\" srcset=\"https:\/\/www.prijedordanas.com\/wp-content\/uploads\/2015\/02\/dani-zime-na-kozari-otvaranje-4-300x199.jpg 300w, https:\/\/www.prijedordanas.com\/wp-content\/uploads\/2015\/02\/dani-zime-na-kozari-otvaranje-4-624x413.jpg 624w, https:\/\/www.prijedordanas.com\/wp-content\/uploads\/2015\/02\/dani-zime-na-kozari-otvaranje-4.jpg 800w\" sizes=\"(max-width: 300px) 100vw, 300px\" \/><\/a> <a href=\"https:\/\/www.prijedordanas.com\/wp-content\/uploads\/2015\/02\/dani-zime-na-kozari-otvaranje-7.jpg\"><img loading=\"lazy\" decoding=\"async\" class=\"alignleft size-medium wp-image-15161\" src=\"https:\/\/www.prijedordanas.com\/wp-content\/uploads\/2015\/02\/dani-zime-na-kozari-otvaranje-7-300x199.jpg\" alt=\"dani zime na kozari-otvaranje (7)\" width=\"300\" height=\"199\" srcset=\"https:\/\/www.prijedordanas.com\/wp-content\/uploads\/2015\/02\/dani-zime-na-kozari-otvaranje-7-300x199.jpg 300w, https:\/\/www.prijedordanas.com\/wp-content\/uploads\/2015\/02\/dani-zime-na-kozari-otvaranje-7-624x413.jpg 624w, https:\/\/www.prijedordanas.com\/wp-content\/uploads\/2015\/02\/dani-zime-na-kozari-otvaranje-7.jpg 800w\" sizes=\"(max-width: 300px) 100vw, 300px\" \/><\/a> <a href=\"https:\/\/www.prijedordanas.com\/wp-content\/uploads\/2015\/02\/dani-zime-na-kozari-otvaranje-8.jpg\"><img loading=\"lazy\" decoding=\"async\" class=\"alignleft size-medium wp-image-15162\" src=\"https:\/\/www.prijedordanas.com\/wp-content\/uploads\/2015\/02\/dani-zime-na-kozari-otvaranje-8-300x199.jpg\" alt=\"dani zime na kozari-otvaranje (8)\" width=\"300\" height=\"199\" srcset=\"https:\/\/www.prijedordanas.com\/wp-content\/uploads\/2015\/02\/dani-zime-na-kozari-otvaranje-8-300x199.jpg 300w, https:\/\/www.prijedordanas.com\/wp-content\/uploads\/2015\/02\/dani-zime-na-kozari-otvaranje-8-624x413.jpg 624w, https:\/\/www.prijedordanas.com\/wp-content\/uploads\/2015\/02\/dani-zime-na-kozari-otvaranje-8.jpg 800w\" sizes=\"(max-width: 300px) 100vw, 300px\" \/><\/a> <a href=\"https:\/\/www.prijedordanas.com\/wp-content\/uploads\/2015\/02\/dani-zime-na-kozari-otvaranje-9.jpg\"><img loading=\"lazy\" decoding=\"async\" class=\"alignleft size-medium wp-image-15163\" src=\"https:\/\/www.prijedordanas.com\/wp-content\/uploads\/2015\/02\/dani-zime-na-kozari-otvaranje-9-300x199.jpg\" alt=\"dani zime na kozari-otvaranje (9)\" width=\"300\" height=\"199\" srcset=\"https:\/\/www.prijedordanas.com\/wp-content\/uploads\/2015\/02\/dani-zime-na-kozari-otvaranje-9-300x199.jpg 300w, https:\/\/www.prijedordanas.com\/wp-content\/uploads\/2015\/02\/dani-zime-na-kozari-otvaranje-9-624x413.jpg 624w, https:\/\/www.prijedordanas.com\/wp-content\/uploads\/2015\/02\/dani-zime-na-kozari-otvaranje-9.jpg 800w\" sizes=\"(max-width: 300px) 100vw, 300px\" \/><\/a> <a href=\"https:\/\/www.prijedordanas.com\/wp-content\/uploads\/2015\/02\/dani-zime-na-kozari-otvaranje-10.jpg\"><img loading=\"lazy\" decoding=\"async\" class=\"alignleft size-medium wp-image-15164\" src=\"https:\/\/www.prijedordanas.com\/wp-content\/uploads\/2015\/02\/dani-zime-na-kozari-otvaranje-10-300x199.jpg\" alt=\"dani zime na kozari-otvaranje (10)\" width=\"300\" height=\"199\" srcset=\"https:\/\/www.prijedordanas.com\/wp-content\/uploads\/2015\/02\/dani-zime-na-kozari-otvaranje-10-300x199.jpg 300w, https:\/\/www.prijedordanas.com\/wp-content\/uploads\/2015\/02\/dani-zime-na-kozari-otvaranje-10-624x413.jpg 624w, https:\/\/www.prijedordanas.com\/wp-content\/uploads\/2015\/02\/dani-zime-na-kozari-otvaranje-10.jpg 800w\" sizes=\"(max-width: 300px) 100vw, 300px\" \/><\/a> <a href=\"https:\/\/www.prijedordanas.com\/wp-content\/uploads\/2015\/02\/dani-zime-na-kozari-otvaranje-11.jpg\"><img loading=\"lazy\" decoding=\"async\" src=\"https:\/\/www.prijedordanas.com\/wp-content\/uploads\/2015\/02\/dani-zime-na-kozari-otvaranje-11-300x199.jpg\" alt=\"dani zime na kozari-otvaranje (11)\" width=\"300\" height=\"199\" class=\"alignleft size-medium wp-image-15177\" srcset=\"https:\/\/www.prijedordanas.com\/wp-content\/uploads\/2015\/02\/dani-zime-na-kozari-otvaranje-11-300x199.jpg 300w, https:\/\/www.prijedordanas.com\/wp-content\/uploads\/2015\/02\/dani-zime-na-kozari-otvaranje-11-624x413.jpg 624w, https:\/\/www.prijedordanas.com\/wp-content\/uploads\/2015\/02\/dani-zime-na-kozari-otvaranje-11.jpg 800w\" sizes=\"(max-width: 300px) 100vw, 300px\" \/><\/a><\/p>\n","protected":false},"excerpt":{"rendered":"<p>Ministar uprave i lokalne samouprave Republike Srpske Lejla Re\u0161i\u0107 rekla je da odr\u017eavanje &#8220;Dana zime na Kozari&#8221; ve\u0107 deveti put govori da ova manifestacija ja\u010da i da je postala tradicionalna. [&hellip;]<\/p>\n","protected":false},"author":1,"featured_media":0,"comment_status":"closed","ping_status":"open","sticky":false,"template":"","format":"standard","meta":{"_monsterinsights_skip_tracking":false,"_monsterinsights_sitenote_active":false,"_monsterinsights_sitenote_note":"","_monsterinsights_sitenote_category":0,"footnotes":""},"categories":[4],"tags":[3012],"yoast_head":"<!-- This site is optimized with the Yoast SEO plugin v21.6 - https:\/\/yoast.com\/wordpress\/plugins\/seo\/ -->\n<title>OTVORENI DEVETI &quot;DANI ZIME NA KOZARI&quot; - FOTO - PrijedorDanas.com - Prijedorski gradski portal<\/title>\n<meta name=\"robots\" content=\"index, follow, max-snippet:-1, max-image-preview:large, max-video-preview:-1\" \/>\n<link rel=\"canonical\" href=\"https:\/\/www.prijedordanas.com\/?p=15154\" \/>\n<meta property=\"og:locale\" content=\"en_US\" \/>\n<meta property=\"og:type\" content=\"article\" \/>\n<meta property=\"og:title\" content=\"OTVORENI DEVETI &quot;DANI ZIME NA KOZARI&quot; - FOTO - PrijedorDanas.com - Prijedorski gradski portal\" \/>\n<meta property=\"og:description\" content=\"Ministar uprave i lokalne samouprave Republike Srpske Lejla Re\u0161i\u0107 rekla je da odr\u017eavanje &#8220;Dana zime na Kozari&#8221; ve\u0107 deveti put govori da ova manifestacija ja\u010da i da je postala tradicionalna. [&hellip;]\" \/>\n<meta property=\"og:url\" content=\"https:\/\/www.prijedordanas.com\/?p=15154\" \/>\n<meta property=\"og:site_name\" content=\"PrijedorDanas.com - Prijedorski gradski portal\" \/>\n<meta property=\"article:publisher\" content=\"https:\/\/www.facebook.com\/PrijedorDanasCom\/\" \/>\n<meta property=\"article:published_time\" content=\"2015-02-01T13:27:44+00:00\" \/>\n<meta property=\"article:modified_time\" content=\"2015-02-01T13:58:42+00:00\" \/>\n<meta property=\"og:image\" content=\"https:\/\/www.prijedordanas.com\/wp-content\/uploads\/2015\/02\/dani-zime-na-kozari-otvaranje-1-300x199.jpg\" \/>\n<meta name=\"author\" content=\"admin\" \/>\n<meta name=\"twitter:card\" content=\"summary_large_image\" \/>\n<meta name=\"twitter:label1\" content=\"Written by\" \/>\n\t<meta name=\"twitter:data1\" content=\"admin\" \/>\n\t<meta name=\"twitter:label2\" content=\"Est. reading time\" \/>\n\t<meta name=\"twitter:data2\" content=\"3 minutes\" \/>\n<script type=\"application\/ld+json\" class=\"yoast-schema-graph\">{\"@context\":\"https:\/\/schema.org\",\"@graph\":[{\"@type\":\"Article\",\"@id\":\"https:\/\/www.prijedordanas.com\/?p=15154#article\",\"isPartOf\":{\"@id\":\"https:\/\/www.prijedordanas.com\/?p=15154\"},\"author\":{\"name\":\"admin\",\"@id\":\"https:\/\/www.prijedordanas.com\/#\/schema\/person\/4e08ccf29b506ca916ff86d46bb700e6\"},\"headline\":\"OTVORENI DEVETI &#8220;DANI ZIME NA KOZARI&#8221; &#8211; FOTO\",\"datePublished\":\"2015-02-01T13:27:44+00:00\",\"dateModified\":\"2015-02-01T13:58:42+00:00\",\"mainEntityOfPage\":{\"@id\":\"https:\/\/www.prijedordanas.com\/?p=15154\"},\"wordCount\":516,\"publisher\":{\"@id\":\"https:\/\/www.prijedordanas.com\/#organization\"},\"keywords\":[\"Dani zime na Kozari 2015\"],\"articleSection\":[\"Dru\u0161tvo\"],\"inLanguage\":\"en-US\"},{\"@type\":\"WebPage\",\"@id\":\"https:\/\/www.prijedordanas.com\/?p=15154\",\"url\":\"https:\/\/www.prijedordanas.com\/?p=15154\",\"name\":\"OTVORENI DEVETI \\\"DANI ZIME NA KOZARI\\\" - FOTO - PrijedorDanas.com - Prijedorski gradski portal\",\"isPartOf\":{\"@id\":\"https:\/\/www.prijedordanas.com\/#website\"},\"datePublished\":\"2015-02-01T13:27:44+00:00\",\"dateModified\":\"2015-02-01T13:58:42+00:00\",\"breadcrumb\":{\"@id\":\"https:\/\/www.prijedordanas.com\/?p=15154#breadcrumb\"},\"inLanguage\":\"en-US\",\"potentialAction\":[{\"@type\":\"ReadAction\",\"target\":[\"https:\/\/www.prijedordanas.com\/?p=15154\"]}]},{\"@type\":\"BreadcrumbList\",\"@id\":\"https:\/\/www.prijedordanas.com\/?p=15154#breadcrumb\",\"itemListElement\":[{\"@type\":\"ListItem\",\"position\":1,\"name\":\"Home\",\"item\":\"https:\/\/www.prijedordanas.com\/\"},{\"@type\":\"ListItem\",\"position\":2,\"name\":\"OTVORENI DEVETI &#8220;DANI ZIME NA KOZARI&#8221; &#8211; FOTO\"}]},{\"@type\":\"WebSite\",\"@id\":\"https:\/\/www.prijedordanas.com\/#website\",\"url\":\"https:\/\/www.prijedordanas.com\/\",\"name\":\"PrijedorDanas.com - Prijedorski gradski portal\",\"description\":\"Portal o doga\u0111anjima u gradu Prijedoru\",\"publisher\":{\"@id\":\"https:\/\/www.prijedordanas.com\/#organization\"},\"potentialAction\":[{\"@type\":\"SearchAction\",\"target\":{\"@type\":\"EntryPoint\",\"urlTemplate\":\"https:\/\/www.prijedordanas.com\/?s={search_term_string}\"},\"query-input\":\"required name=search_term_string\"}],\"inLanguage\":\"en-US\"},{\"@type\":\"Organization\",\"@id\":\"https:\/\/www.prijedordanas.com\/#organization\",\"name\":\"PrijedorDanas.com\",\"url\":\"https:\/\/www.prijedordanas.com\/\",\"logo\":{\"@type\":\"ImageObject\",\"inLanguage\":\"en-US\",\"@id\":\"https:\/\/www.prijedordanas.com\/#\/schema\/logo\/image\/\",\"url\":\"http:\/\/www.prijedordanas.com\/wp-content\/uploads\/2021\/12\/logopng.png\",\"contentUrl\":\"http:\/\/www.prijedordanas.com\/wp-content\/uploads\/2021\/12\/logopng.png\",\"width\":1019,\"height\":776,\"caption\":\"PrijedorDanas.com\"},\"image\":{\"@id\":\"https:\/\/www.prijedordanas.com\/#\/schema\/logo\/image\/\"},\"sameAs\":[\"https:\/\/www.facebook.com\/PrijedorDanasCom\/\"]},{\"@type\":\"Person\",\"@id\":\"https:\/\/www.prijedordanas.com\/#\/schema\/person\/4e08ccf29b506ca916ff86d46bb700e6\",\"name\":\"admin\",\"image\":{\"@type\":\"ImageObject\",\"inLanguage\":\"en-US\",\"@id\":\"https:\/\/www.prijedordanas.com\/#\/schema\/person\/image\/\",\"url\":\"https:\/\/secure.gravatar.com\/avatar\/1d3fc949d550f0b53a5f0d51e06dfd79?s=96&d=mm&r=g\",\"contentUrl\":\"https:\/\/secure.gravatar.com\/avatar\/1d3fc949d550f0b53a5f0d51e06dfd79?s=96&d=mm&r=g\",\"caption\":\"admin\"},\"url\":\"https:\/\/www.prijedordanas.com\/?author=1\"}]}<\/script>\n<!-- \/ Yoast SEO plugin. -->","yoast_head_json":{"title":"OTVORENI DEVETI \"DANI ZIME NA KOZARI\" - FOTO - PrijedorDanas.com - Prijedorski gradski portal","robots":{"index":"index","follow":"follow","max-snippet":"max-snippet:-1","max-image-preview":"max-image-preview:large","max-video-preview":"max-video-preview:-1"},"canonical":"https:\/\/www.prijedordanas.com\/?p=15154","og_locale":"en_US","og_type":"article","og_title":"OTVORENI DEVETI \"DANI ZIME NA KOZARI\" - FOTO - PrijedorDanas.com - Prijedorski gradski portal","og_description":"Ministar uprave i lokalne samouprave Republike Srpske Lejla Re\u0161i\u0107 rekla je da odr\u017eavanje &#8220;Dana zime na Kozari&#8221; ve\u0107 deveti put govori da ova manifestacija ja\u010da i da je postala tradicionalna. [&hellip;]","og_url":"https:\/\/www.prijedordanas.com\/?p=15154","og_site_name":"PrijedorDanas.com - Prijedorski gradski portal","article_publisher":"https:\/\/www.facebook.com\/PrijedorDanasCom\/","article_published_time":"2015-02-01T13:27:44+00:00","article_modified_time":"2015-02-01T13:58:42+00:00","og_image":[{"url":"https:\/\/www.prijedordanas.com\/wp-content\/uploads\/2015\/02\/dani-zime-na-kozari-otvaranje-1-300x199.jpg"}],"author":"admin","twitter_card":"summary_large_image","twitter_misc":{"Written by":"admin","Est. reading time":"3 minutes"},"schema":{"@context":"https:\/\/schema.org","@graph":[{"@type":"Article","@id":"https:\/\/www.prijedordanas.com\/?p=15154#article","isPartOf":{"@id":"https:\/\/www.prijedordanas.com\/?p=15154"},"author":{"name":"admin","@id":"https:\/\/www.prijedordanas.com\/#\/schema\/person\/4e08ccf29b506ca916ff86d46bb700e6"},"headline":"OTVORENI DEVETI &#8220;DANI ZIME NA KOZARI&#8221; &#8211; FOTO","datePublished":"2015-02-01T13:27:44+00:00","dateModified":"2015-02-01T13:58:42+00:00","mainEntityOfPage":{"@id":"https:\/\/www.prijedordanas.com\/?p=15154"},"wordCount":516,"publisher":{"@id":"https:\/\/www.prijedordanas.com\/#organization"},"keywords":["Dani zime na Kozari 2015"],"articleSection":["Dru\u0161tvo"],"inLanguage":"en-US"},{"@type":"WebPage","@id":"https:\/\/www.prijedordanas.com\/?p=15154","url":"https:\/\/www.prijedordanas.com\/?p=15154","name":"OTVORENI DEVETI \"DANI ZIME NA KOZARI\" - FOTO - PrijedorDanas.com - Prijedorski gradski portal","isPartOf":{"@id":"https:\/\/www.prijedordanas.com\/#website"},"datePublished":"2015-02-01T13:27:44+00:00","dateModified":"2015-02-01T13:58:42+00:00","breadcrumb":{"@id":"https:\/\/www.prijedordanas.com\/?p=15154#breadcrumb"},"inLanguage":"en-US","potentialAction":[{"@type":"ReadAction","target":["https:\/\/www.prijedordanas.com\/?p=15154"]}]},{"@type":"BreadcrumbList","@id":"https:\/\/www.prijedordanas.com\/?p=15154#breadcrumb","itemListElement":[{"@type":"ListItem","position":1,"name":"Home","item":"https:\/\/www.prijedordanas.com\/"},{"@type":"ListItem","position":2,"name":"OTVORENI DEVETI &#8220;DANI ZIME NA KOZARI&#8221; &#8211; FOTO"}]},{"@type":"WebSite","@id":"https:\/\/www.prijedordanas.com\/#website","url":"https:\/\/www.prijedordanas.com\/","name":"PrijedorDanas.com - Prijedorski gradski portal","description":"Portal o doga\u0111anjima u gradu Prijedoru","publisher":{"@id":"https:\/\/www.prijedordanas.com\/#organization"},"potentialAction":[{"@type":"SearchAction","target":{"@type":"EntryPoint","urlTemplate":"https:\/\/www.prijedordanas.com\/?s={search_term_string}"},"query-input":"required name=search_term_string"}],"inLanguage":"en-US"},{"@type":"Organization","@id":"https:\/\/www.prijedordanas.com\/#organization","name":"PrijedorDanas.com","url":"https:\/\/www.prijedordanas.com\/","logo":{"@type":"ImageObject","inLanguage":"en-US","@id":"https:\/\/www.prijedordanas.com\/#\/schema\/logo\/image\/","url":"http:\/\/www.prijedordanas.com\/wp-content\/uploads\/2021\/12\/logopng.png","contentUrl":"http:\/\/www.prijedordanas.com\/wp-content\/uploads\/2021\/12\/logopng.png","width":1019,"height":776,"caption":"PrijedorDanas.com"},"image":{"@id":"https:\/\/www.prijedordanas.com\/#\/schema\/logo\/image\/"},"sameAs":["https:\/\/www.facebook.com\/PrijedorDanasCom\/"]},{"@type":"Person","@id":"https:\/\/www.prijedordanas.com\/#\/schema\/person\/4e08ccf29b506ca916ff86d46bb700e6","name":"admin","image":{"@type":"ImageObject","inLanguage":"en-US","@id":"https:\/\/www.prijedordanas.com\/#\/schema\/person\/image\/","url":"https:\/\/secure.gravatar.com\/avatar\/1d3fc949d550f0b53a5f0d51e06dfd79?s=96&d=mm&r=g","contentUrl":"https:\/\/secure.gravatar.com\/avatar\/1d3fc949d550f0b53a5f0d51e06dfd79?s=96&d=mm&r=g","caption":"admin"},"url":"https:\/\/www.prijedordanas.com\/?author=1"}]}},"_links":{"self":[{"href":"https:\/\/www.prijedordanas.com\/index.php?rest_route=\/wp\/v2\/posts\/15154"}],"collection":[{"href":"https:\/\/www.prijedordanas.com\/index.php?rest_route=\/wp\/v2\/posts"}],"about":[{"href":"https:\/\/www.prijedordanas.com\/index.php?rest_route=\/wp\/v2\/types\/post"}],"author":[{"embeddable":true,"href":"https:\/\/www.prijedordanas.com\/index.php?rest_route=\/wp\/v2\/users\/1"}],"replies":[{"embeddable":true,"href":"https:\/\/www.prijedordanas.com\/index.php?rest_route=%2Fwp%2Fv2%2Fcomments&post=15154"}],"version-history":[{"count":3,"href":"https:\/\/www.prijedordanas.com\/index.php?rest_route=\/wp\/v2\/posts\/15154\/revisions"}],"predecessor-version":[{"id":15179,"href":"https:\/\/www.prijedordanas.com\/index.php?rest_route=\/wp\/v2\/posts\/15154\/revisions\/15179"}],"wp:attachment":[{"href":"https:\/\/www.prijedordanas.com\/index.php?rest_route=%2Fwp%2Fv2%2Fmedia&parent=15154"}],"wp:term":[{"taxonomy":"category","embeddable":true,"href":"https:\/\/www.prijedordanas.com\/index.php?rest_route=%2Fwp%2Fv2%2Fcategories&post=15154"},{"taxonomy":"post_tag","embeddable":true,"href":"https:\/\/www.prijedordanas.com\/index.php?rest_route=%2Fwp%2Fv2%2Ftags&post=15154"}],"curies":[{"name":"wp","href":"https:\/\/api.w.org\/{rel}","templated":true}]}}