{"id":151448,"date":"2020-07-26T21:08:25","date_gmt":"2020-07-26T19:08:25","guid":{"rendered":"https:\/\/www.prijedordanas.com\/?p=151448"},"modified":"2020-07-26T21:13:35","modified_gmt":"2020-07-26T19:13:35","slug":"tuku-se-i-kradu-prijedorski-maloljetnici-u-sukobu-sa-zakonom","status":"publish","type":"post","link":"https:\/\/www.prijedordanas.com\/?p=151448","title":{"rendered":"Tuku se i kradu: Prijedorski maloljetnici u sukobu sa zakonom"},"content":{"rendered":"<p><a href=\"https:\/\/www.prijedordanas.com\/wp-content\/uploads\/2020\/07\/ilustracija-maloljetnicka-delinkvencija.jpg\"><img loading=\"lazy\" decoding=\"async\" src=\"https:\/\/www.prijedordanas.com\/wp-content\/uploads\/2020\/07\/ilustracija-maloljetnicka-delinkvencija-300x223.jpg\" alt=\"\" width=\"300\" height=\"223\" class=\"alignleft size-medium wp-image-150733\" srcset=\"https:\/\/www.prijedordanas.com\/wp-content\/uploads\/2020\/07\/ilustracija-maloljetnicka-delinkvencija-300x223.jpg 300w, https:\/\/www.prijedordanas.com\/wp-content\/uploads\/2020\/07\/ilustracija-maloljetnicka-delinkvencija.jpg 674w\" sizes=\"(max-width: 300px) 100vw, 300px\" \/><\/a>U Prijedoru su pro\u0161le godine 43 maloljetnika po\u010dinila krivi\u010dna djela i prekr\u0161aje, dok ih je u 2018. godini bilo 45, odnosno dva vi\u0161e. Kako stvari stoje, bar malo je krenulo nabolje.<\/p>\n<p>Ovi podaci navedeni su u izve\u0161taju o realizaciji Akcionog plana za sprje\u010davanje i suzbijanje maloljetni\u010dke delinkvencije i primjenu alternativnih mjera na podru\u010dju grada Prijedora za pro\u0161le dvije godine.<\/p>\n<p>Iz Radne grupe koja je pripremila izvje\u0161taj ka\u017eu da su mjere predvi\u0111ene ovim akconim planom dale rezultat jer je manji broj maloljetnika u sukobu sa zakonom.<\/p>\n<p>Prije dvije godine 10 djece mla\u0111e od 14 godina, koja se ina\u010de smatraju krivi\u010dno neodgovornim, po\u010dinila su kaznena djela, a pro\u0161le godine bilo ih je \u010detvoro. Zabrinjava podatak da je najmla\u0111e dijete koje je po\u010dinilo kazneno djelo u 2018. godini imalo tek pet godina.<\/p>\n<p>Maloljetnici su prije dvije godine naj\u010de\u0161\u0107e evidentirani zbog kr\u0161enja javnog reda i mira, ali zabilje\u017eeni su i slu\u010dajevi nasilja u porodici, paljevine, iznude i navo\u0111enja na prostituciju \u010diji su po\u010dinioci djeca. Pro\u0161le godine 10 maloljetnika osumnji\u010deno je za nano\u0161enje tjelesnih povreda i dvije te\u0161ke povrede, kao i devet kra\u0111a od kojih su tri te\u0161ke.<\/p>\n<p>Iz Radne grupe isti\u010du da je zabrinjavaju\u0107e \u0161to veliki broj predmeta nije sudski okon\u010dan, odnosno nisu izre\u010dene vaspitne mjere iako je Centar za socijalni rad na vrijeme dostavio podatke i prijedlog mjera.<\/p>\n<p>-U 2019. godini 10 postupaka prema maloljetnicima je okon\u010dano naredbom o nepokretanju postupka, dok je izre\u010den samo jedan ukor od strane suda u Sanskom Mostu u prekr\u0161ajnom postupku. Od strane Osnovnog suda u Prijedoru nam nije dostavljeno nijedno rje\u0161enje o izre\u010denoj mjeri iako su na sve zahtjeve uredno dostavljeni tra\u017eeni podaci o maloljetniku i prijedlog mjera-navode iz Radne grupe.<\/p>\n<p>Oni navode da je narednom periodu opravdano tra\u017eiti otvaranje savjetovali\u0161ta za brak i porodicu jer maloljetni po\u010dinioci krivi\u010dnih djela \u010desto dolaze iz izuzetno nepovoljnih porodi\u010dnih okolnosti.<\/p>\n<p>U pro\u0161lom periodu zajedni\u010dkom saradnjom policije, \u0161kola, komunalne policije i inspekcija realizovane su preventivne aktivnosti s ciljem dosljednije primjene zabrane to\u010denja alkohola i prodaje duvanskih proizvoda maloletnicima.<\/p>\n<p>-U sklopu Akcionog plana kontinuirano se provode preventivne aktivnosti kroz savjetodavni rad sa u\u010denicima i njihovim roditeljima. U svim \u0161kolama su formirani multisektorski timovi i uspostavljen mehanizam podr\u0161ke djeci. U okviru projekta \u201eBriga o djeci \u2013 zajedni\u010dka odgovornost i obaveza\u201c predstavnici Policijske uprave, CSR i Doma zdravlja realizuju razli\u010dita predavanja za u\u010denike i roditelje u osnovnim i srednjim \u0161kolama \u2013 ka\u017eu iz Radne grupe.<\/p>\n<p>Oni tvrde da \u0161kole nastoje da ja\u010daju saradnju sa roditeljima i uklju\u010duju ih u programe prevencije.<\/p>\n<p>-\u0160kole su kao potpisnici protokola o postupanju u slu\u010dajevima vr\u0161nja\u010dkog nasilja u obavezi vo\u0111enja u\u010deni\u010dkih dosijea, pra\u0107enja ove pojave i uklju\u010divanja u\u010denika u preventivne programe vr\u0161nja\u010dkog nasilja, \u0161to se realizuje tokom cijele \u0161kolske godine \u2013 ka\u017eu iz Radne grupe.<\/p>\n<p>Oni dodaju da je u Prijedoru potrebno na\u0107i prostorije za Dnevni centar za djecu koja su prekr\u0161ila zakon. Dnevni centar je prestao sa radom 2018. jer je prostorija u kojoj je bio smje\u0161ten proki\u0161njavala i bila bez vode i sanitarnog \u010dvora.<\/p>\n<p>Vaspitni rad bez naknade<br \/>\nPrije dvije godine stvoreni su uslovi za primjenu vaspitne preporuke u klju\u010divanje u rad bez naknade u korist humanitarne organizacije ili poslove socijalnog, lokalnog ili ekolo\u0161kog sadr\u017eaja te potpisani su sporazumi izme\u0111u zainteresovanih ustanova i Centra za socijalni rad. Ova vaspitna preporuka se mo\u017ee realizovati u Domu za starija lica Prijedor, preduze\u0107ima Komunalne usluge i Javor, kao i udru\u017eenjima \u201eNada\u201c, i \u201eNeven\u201d te Omladinskom centru Ljubija.<\/p>\n<p>Tako\u0111e, ura\u0111ene su smjernice za izvr\u0161enje vaspitne preporuke obaveznog lije\u010denja, ali je neophpodno definisati na\u010dine finansiranja tro\u0161kova.<\/p>\n<p>EuroBlic-srpskainfo.com<br \/>\nFoto &#8211; ilustracija<\/p>\n","protected":false},"excerpt":{"rendered":"<p>U Prijedoru su pro\u0161le godine 43 maloljetnika po\u010dinila krivi\u010dna djela i prekr\u0161aje, dok ih je u 2018. godini bilo 45, odnosno dva vi\u0161e. Kako stvari stoje, bar malo je krenulo [&hellip;]<\/p>\n","protected":false},"author":1,"featured_media":0,"comment_status":"closed","ping_status":"open","sticky":false,"template":"","format":"standard","meta":{"_monsterinsights_skip_tracking":false,"_monsterinsights_sitenote_active":false,"_monsterinsights_sitenote_note":"","_monsterinsights_sitenote_category":0,"footnotes":""},"categories":[8],"tags":[1470,143],"yoast_head":"<!-- This site is optimized with the Yoast SEO plugin v21.6 - https:\/\/yoast.com\/wordpress\/plugins\/seo\/ -->\n<title>Tuku se i kradu: Prijedorski maloljetnici u sukobu sa zakonom - PrijedorDanas.com - Prijedorski gradski portal<\/title>\n<meta name=\"robots\" content=\"index, follow, max-snippet:-1, max-image-preview:large, max-video-preview:-1\" \/>\n<link rel=\"canonical\" href=\"https:\/\/www.prijedordanas.com\/?p=151448\" \/>\n<meta property=\"og:locale\" content=\"en_US\" \/>\n<meta property=\"og:type\" content=\"article\" \/>\n<meta property=\"og:title\" content=\"Tuku se i kradu: Prijedorski maloljetnici u sukobu sa zakonom - PrijedorDanas.com - Prijedorski gradski portal\" \/>\n<meta property=\"og:description\" content=\"U Prijedoru su pro\u0161le godine 43 maloljetnika po\u010dinila krivi\u010dna djela i prekr\u0161aje, dok ih je u 2018. godini bilo 45, odnosno dva vi\u0161e. Kako stvari stoje, bar malo je krenulo [&hellip;]\" \/>\n<meta property=\"og:url\" content=\"https:\/\/www.prijedordanas.com\/?p=151448\" \/>\n<meta property=\"og:site_name\" content=\"PrijedorDanas.com - Prijedorski gradski portal\" \/>\n<meta property=\"article:publisher\" content=\"https:\/\/www.facebook.com\/PrijedorDanasCom\/\" \/>\n<meta property=\"article:published_time\" content=\"2020-07-26T19:08:25+00:00\" \/>\n<meta property=\"article:modified_time\" content=\"2020-07-26T19:13:35+00:00\" \/>\n<meta property=\"og:image\" content=\"https:\/\/www.prijedordanas.com\/wp-content\/uploads\/2020\/07\/ilustracija-maloljetnicka-delinkvencija-300x223.jpg\" \/>\n<meta name=\"author\" content=\"admin\" \/>\n<meta name=\"twitter:card\" content=\"summary_large_image\" \/>\n<meta name=\"twitter:label1\" content=\"Written by\" \/>\n\t<meta name=\"twitter:data1\" content=\"admin\" \/>\n\t<meta name=\"twitter:label2\" content=\"Est. reading time\" \/>\n\t<meta name=\"twitter:data2\" content=\"3 minutes\" \/>\n<script type=\"application\/ld+json\" class=\"yoast-schema-graph\">{\"@context\":\"https:\/\/schema.org\",\"@graph\":[{\"@type\":\"Article\",\"@id\":\"https:\/\/www.prijedordanas.com\/?p=151448#article\",\"isPartOf\":{\"@id\":\"https:\/\/www.prijedordanas.com\/?p=151448\"},\"author\":{\"name\":\"admin\",\"@id\":\"https:\/\/www.prijedordanas.com\/#\/schema\/person\/4e08ccf29b506ca916ff86d46bb700e6\"},\"headline\":\"Tuku se i kradu: Prijedorski maloljetnici u sukobu sa zakonom\",\"datePublished\":\"2020-07-26T19:08:25+00:00\",\"dateModified\":\"2020-07-26T19:13:35+00:00\",\"mainEntityOfPage\":{\"@id\":\"https:\/\/www.prijedordanas.com\/?p=151448\"},\"wordCount\":665,\"publisher\":{\"@id\":\"https:\/\/www.prijedordanas.com\/#organization\"},\"keywords\":[\"maloljetnici\",\"mladi\"],\"articleSection\":[\"Svakodnevno\"],\"inLanguage\":\"en-US\"},{\"@type\":\"WebPage\",\"@id\":\"https:\/\/www.prijedordanas.com\/?p=151448\",\"url\":\"https:\/\/www.prijedordanas.com\/?p=151448\",\"name\":\"Tuku se i kradu: Prijedorski maloljetnici u sukobu sa zakonom - PrijedorDanas.com - Prijedorski gradski portal\",\"isPartOf\":{\"@id\":\"https:\/\/www.prijedordanas.com\/#website\"},\"datePublished\":\"2020-07-26T19:08:25+00:00\",\"dateModified\":\"2020-07-26T19:13:35+00:00\",\"breadcrumb\":{\"@id\":\"https:\/\/www.prijedordanas.com\/?p=151448#breadcrumb\"},\"inLanguage\":\"en-US\",\"potentialAction\":[{\"@type\":\"ReadAction\",\"target\":[\"https:\/\/www.prijedordanas.com\/?p=151448\"]}]},{\"@type\":\"BreadcrumbList\",\"@id\":\"https:\/\/www.prijedordanas.com\/?p=151448#breadcrumb\",\"itemListElement\":[{\"@type\":\"ListItem\",\"position\":1,\"name\":\"Home\",\"item\":\"https:\/\/www.prijedordanas.com\/\"},{\"@type\":\"ListItem\",\"position\":2,\"name\":\"Tuku se i kradu: Prijedorski maloljetnici u sukobu sa zakonom\"}]},{\"@type\":\"WebSite\",\"@id\":\"https:\/\/www.prijedordanas.com\/#website\",\"url\":\"https:\/\/www.prijedordanas.com\/\",\"name\":\"PrijedorDanas.com - Prijedorski gradski portal\",\"description\":\"Portal o doga\u0111anjima u gradu Prijedoru\",\"publisher\":{\"@id\":\"https:\/\/www.prijedordanas.com\/#organization\"},\"potentialAction\":[{\"@type\":\"SearchAction\",\"target\":{\"@type\":\"EntryPoint\",\"urlTemplate\":\"https:\/\/www.prijedordanas.com\/?s={search_term_string}\"},\"query-input\":\"required name=search_term_string\"}],\"inLanguage\":\"en-US\"},{\"@type\":\"Organization\",\"@id\":\"https:\/\/www.prijedordanas.com\/#organization\",\"name\":\"PrijedorDanas.com\",\"url\":\"https:\/\/www.prijedordanas.com\/\",\"logo\":{\"@type\":\"ImageObject\",\"inLanguage\":\"en-US\",\"@id\":\"https:\/\/www.prijedordanas.com\/#\/schema\/logo\/image\/\",\"url\":\"http:\/\/www.prijedordanas.com\/wp-content\/uploads\/2021\/12\/logopng.png\",\"contentUrl\":\"http:\/\/www.prijedordanas.com\/wp-content\/uploads\/2021\/12\/logopng.png\",\"width\":1019,\"height\":776,\"caption\":\"PrijedorDanas.com\"},\"image\":{\"@id\":\"https:\/\/www.prijedordanas.com\/#\/schema\/logo\/image\/\"},\"sameAs\":[\"https:\/\/www.facebook.com\/PrijedorDanasCom\/\"]},{\"@type\":\"Person\",\"@id\":\"https:\/\/www.prijedordanas.com\/#\/schema\/person\/4e08ccf29b506ca916ff86d46bb700e6\",\"name\":\"admin\",\"image\":{\"@type\":\"ImageObject\",\"inLanguage\":\"en-US\",\"@id\":\"https:\/\/www.prijedordanas.com\/#\/schema\/person\/image\/\",\"url\":\"https:\/\/secure.gravatar.com\/avatar\/1d3fc949d550f0b53a5f0d51e06dfd79?s=96&d=mm&r=g\",\"contentUrl\":\"https:\/\/secure.gravatar.com\/avatar\/1d3fc949d550f0b53a5f0d51e06dfd79?s=96&d=mm&r=g\",\"caption\":\"admin\"},\"url\":\"https:\/\/www.prijedordanas.com\/?author=1\"}]}<\/script>\n<!-- \/ Yoast SEO plugin. -->","yoast_head_json":{"title":"Tuku se i kradu: Prijedorski maloljetnici u sukobu sa zakonom - PrijedorDanas.com - Prijedorski gradski portal","robots":{"index":"index","follow":"follow","max-snippet":"max-snippet:-1","max-image-preview":"max-image-preview:large","max-video-preview":"max-video-preview:-1"},"canonical":"https:\/\/www.prijedordanas.com\/?p=151448","og_locale":"en_US","og_type":"article","og_title":"Tuku se i kradu: Prijedorski maloljetnici u sukobu sa zakonom - PrijedorDanas.com - Prijedorski gradski portal","og_description":"U Prijedoru su pro\u0161le godine 43 maloljetnika po\u010dinila krivi\u010dna djela i prekr\u0161aje, dok ih je u 2018. godini bilo 45, odnosno dva vi\u0161e. Kako stvari stoje, bar malo je krenulo [&hellip;]","og_url":"https:\/\/www.prijedordanas.com\/?p=151448","og_site_name":"PrijedorDanas.com - Prijedorski gradski portal","article_publisher":"https:\/\/www.facebook.com\/PrijedorDanasCom\/","article_published_time":"2020-07-26T19:08:25+00:00","article_modified_time":"2020-07-26T19:13:35+00:00","og_image":[{"url":"https:\/\/www.prijedordanas.com\/wp-content\/uploads\/2020\/07\/ilustracija-maloljetnicka-delinkvencija-300x223.jpg"}],"author":"admin","twitter_card":"summary_large_image","twitter_misc":{"Written by":"admin","Est. reading time":"3 minutes"},"schema":{"@context":"https:\/\/schema.org","@graph":[{"@type":"Article","@id":"https:\/\/www.prijedordanas.com\/?p=151448#article","isPartOf":{"@id":"https:\/\/www.prijedordanas.com\/?p=151448"},"author":{"name":"admin","@id":"https:\/\/www.prijedordanas.com\/#\/schema\/person\/4e08ccf29b506ca916ff86d46bb700e6"},"headline":"Tuku se i kradu: Prijedorski maloljetnici u sukobu sa zakonom","datePublished":"2020-07-26T19:08:25+00:00","dateModified":"2020-07-26T19:13:35+00:00","mainEntityOfPage":{"@id":"https:\/\/www.prijedordanas.com\/?p=151448"},"wordCount":665,"publisher":{"@id":"https:\/\/www.prijedordanas.com\/#organization"},"keywords":["maloljetnici","mladi"],"articleSection":["Svakodnevno"],"inLanguage":"en-US"},{"@type":"WebPage","@id":"https:\/\/www.prijedordanas.com\/?p=151448","url":"https:\/\/www.prijedordanas.com\/?p=151448","name":"Tuku se i kradu: Prijedorski maloljetnici u sukobu sa zakonom - PrijedorDanas.com - Prijedorski gradski portal","isPartOf":{"@id":"https:\/\/www.prijedordanas.com\/#website"},"datePublished":"2020-07-26T19:08:25+00:00","dateModified":"2020-07-26T19:13:35+00:00","breadcrumb":{"@id":"https:\/\/www.prijedordanas.com\/?p=151448#breadcrumb"},"inLanguage":"en-US","potentialAction":[{"@type":"ReadAction","target":["https:\/\/www.prijedordanas.com\/?p=151448"]}]},{"@type":"BreadcrumbList","@id":"https:\/\/www.prijedordanas.com\/?p=151448#breadcrumb","itemListElement":[{"@type":"ListItem","position":1,"name":"Home","item":"https:\/\/www.prijedordanas.com\/"},{"@type":"ListItem","position":2,"name":"Tuku se i kradu: Prijedorski maloljetnici u sukobu sa zakonom"}]},{"@type":"WebSite","@id":"https:\/\/www.prijedordanas.com\/#website","url":"https:\/\/www.prijedordanas.com\/","name":"PrijedorDanas.com - Prijedorski gradski portal","description":"Portal o doga\u0111anjima u gradu Prijedoru","publisher":{"@id":"https:\/\/www.prijedordanas.com\/#organization"},"potentialAction":[{"@type":"SearchAction","target":{"@type":"EntryPoint","urlTemplate":"https:\/\/www.prijedordanas.com\/?s={search_term_string}"},"query-input":"required name=search_term_string"}],"inLanguage":"en-US"},{"@type":"Organization","@id":"https:\/\/www.prijedordanas.com\/#organization","name":"PrijedorDanas.com","url":"https:\/\/www.prijedordanas.com\/","logo":{"@type":"ImageObject","inLanguage":"en-US","@id":"https:\/\/www.prijedordanas.com\/#\/schema\/logo\/image\/","url":"http:\/\/www.prijedordanas.com\/wp-content\/uploads\/2021\/12\/logopng.png","contentUrl":"http:\/\/www.prijedordanas.com\/wp-content\/uploads\/2021\/12\/logopng.png","width":1019,"height":776,"caption":"PrijedorDanas.com"},"image":{"@id":"https:\/\/www.prijedordanas.com\/#\/schema\/logo\/image\/"},"sameAs":["https:\/\/www.facebook.com\/PrijedorDanasCom\/"]},{"@type":"Person","@id":"https:\/\/www.prijedordanas.com\/#\/schema\/person\/4e08ccf29b506ca916ff86d46bb700e6","name":"admin","image":{"@type":"ImageObject","inLanguage":"en-US","@id":"https:\/\/www.prijedordanas.com\/#\/schema\/person\/image\/","url":"https:\/\/secure.gravatar.com\/avatar\/1d3fc949d550f0b53a5f0d51e06dfd79?s=96&d=mm&r=g","contentUrl":"https:\/\/secure.gravatar.com\/avatar\/1d3fc949d550f0b53a5f0d51e06dfd79?s=96&d=mm&r=g","caption":"admin"},"url":"https:\/\/www.prijedordanas.com\/?author=1"}]}},"_links":{"self":[{"href":"https:\/\/www.prijedordanas.com\/index.php?rest_route=\/wp\/v2\/posts\/151448"}],"collection":[{"href":"https:\/\/www.prijedordanas.com\/index.php?rest_route=\/wp\/v2\/posts"}],"about":[{"href":"https:\/\/www.prijedordanas.com\/index.php?rest_route=\/wp\/v2\/types\/post"}],"author":[{"embeddable":true,"href":"https:\/\/www.prijedordanas.com\/index.php?rest_route=\/wp\/v2\/users\/1"}],"replies":[{"embeddable":true,"href":"https:\/\/www.prijedordanas.com\/index.php?rest_route=%2Fwp%2Fv2%2Fcomments&post=151448"}],"version-history":[{"count":3,"href":"https:\/\/www.prijedordanas.com\/index.php?rest_route=\/wp\/v2\/posts\/151448\/revisions"}],"predecessor-version":[{"id":151450,"href":"https:\/\/www.prijedordanas.com\/index.php?rest_route=\/wp\/v2\/posts\/151448\/revisions\/151450"}],"wp:attachment":[{"href":"https:\/\/www.prijedordanas.com\/index.php?rest_route=%2Fwp%2Fv2%2Fmedia&parent=151448"}],"wp:term":[{"taxonomy":"category","embeddable":true,"href":"https:\/\/www.prijedordanas.com\/index.php?rest_route=%2Fwp%2Fv2%2Fcategories&post=151448"},{"taxonomy":"post_tag","embeddable":true,"href":"https:\/\/www.prijedordanas.com\/index.php?rest_route=%2Fwp%2Fv2%2Ftags&post=151448"}],"curies":[{"name":"wp","href":"https:\/\/api.w.org\/{rel}","templated":true}]}}