{"id":151378,"date":"2020-07-24T19:13:06","date_gmt":"2020-07-24T17:13:06","guid":{"rendered":"https:\/\/www.prijedordanas.com\/?p=151378"},"modified":"2020-07-24T19:13:06","modified_gmt":"2020-07-24T17:13:06","slug":"prizeljkuju-ucionice-spremni-i-za-onlajn-casove","status":"publish","type":"post","link":"https:\/\/www.prijedordanas.com\/?p=151378","title":{"rendered":"Pri\u017eeljkuju u\u010dionice, spremni i za onlajn \u010dasove"},"content":{"rendered":"<p><a href=\"https:\/\/www.prijedordanas.com\/wp-content\/uploads\/2020\/07\/glas-skola-nastava.jpg\"><img loading=\"lazy\" decoding=\"async\" src=\"https:\/\/www.prijedordanas.com\/wp-content\/uploads\/2020\/07\/glas-skola-nastava-300x222.jpg\" alt=\"\" width=\"300\" height=\"222\" class=\"alignleft size-medium wp-image-151379\" srcset=\"https:\/\/www.prijedordanas.com\/wp-content\/uploads\/2020\/07\/glas-skola-nastava-300x222.jpg 300w, https:\/\/www.prijedordanas.com\/wp-content\/uploads\/2020\/07\/glas-skola-nastava.jpg 675w\" sizes=\"(max-width: 300px) 100vw, 300px\" \/><\/a>Nastava na daljinu je nu\u017eno zlo, ali u situacijama kada je zdravlje \u0111aka u pitanju nema mjesta za nedoumice. Pokazali smo da mo\u017eemo da odgovorimo tom izazovu i ukoliko bude neophodno prilagodi\u0107emo se radu na onlajn platformama i u septembru.<\/p>\n<p>Zajedni\u010dka je to ocjena predsjednika Aktiva direktora osnovnih i srednjih \u0161kola, a u vezi sa najavljenim modelima nastave u predstoje\u0107oj \u0161kolskoj godini, koji \u0107e zavisiti od epidemiolo\u0161ke situacije u Srpskoj.<\/p>\n<p>Prema pisanju pojedinih medija, Ministarstvo prosvjete i kulture RS uputilo je \u0161kolama na razmatranje dopis u kojem su navedena tri modela kako bi mogla izgledati nastava od septembra.<\/p>\n<p>Prvi model podrazumijeva redovnu nastavu u u\u010dionicama, ukoliko epidemiolo\u0161ka situacija bude pod kontrolom, a u\u010denici bi redovno dolazili na nastavu, po\u0161tuju\u0107i mjere me\u0111u kojima se navode dezinfekcija, mjerenje temperature, poseban raspored ulaska u \u0161kolu, prilago\u0111en raspored sjedenja i tome sli\u010dno.<\/p>\n<p>Prema drugom modelu nastave, razredi bi se dijelili, a \u010dasovi trajali po pola sata, te bi svaki dan bila organizovana \u010detiri \u010dasa. Postoje prijedlozi da se razredi smjenjuju po danima pa bi tako svaki dan u sedmici bio rezervisan za razli\u010dite razrede, kao i prijedlog da se razredi smjenjuju po sedmicama. Tre\u0107i model nastave podrazumijeva nastavu na daljinu i to iz \u0161kolskih u\u010dionica, odakle bi nastavnici dr\u017eali \u010dasove u skladu sa tehni\u010dkim mogu\u0107nostima.<\/p>\n<p>Predsjednica Aktiva direktora srednjih \u0161kola na podru\u010dju Prijedora Valentina Sovilj ka\u017ee za \u201cGlas Srpske\u201d da su sve \u0161kole sa ovog podru\u010dja imale uvid u navedeni dopis te da \u0107e svaka od njih napraviti prijedlog svojih mjera u zavisnosti od njihovih mogu\u0107nosti.<\/p>\n<p>&#8211; Svi se nadamo da \u0107emo mo\u0107i po\u010deti sa klasi\u010dnim izvo\u0111enjem nastave u \u0161kolskim klupama uz po\u0161tovanje svih propisanih mjera. Svaka \u0161kola je posebna i imamo one koje rade samo u jednoj smjeni i kojima ne bi bio problem da prepolove odjeljenja i da skrate \u010dasove, dok ima i onih koje imaju veliki broj u\u010denika &#8211; rekla je Soviljeva.<\/p>\n<p>Dodaje da bi svim prosvjetnim radnicima zna\u010dilo da imaju priliku da upoznaju u\u010denike koji dolaze u prvi razred.<\/p>\n<p>&#8211; Jo\u0161 je preuranjeno govoriti kako \u0107e izgledati nastava u predstoje\u0107oj \u0161kolskoj godini. Aktivi direktora \u0107e zasjedati ponovo u avgustu pa \u0107emo vidjeti tada kako stvari stoje &#8211; rekla je ona. Naglasila je da su prosvjetari spremni za nastavu na daljinu ukoliko to bude jedina opcija.<\/p>\n<p>&#8211; Neposredni kontakt izme\u0111u nastavnika i u\u010denika predstavlja kvalitet klasi\u010dne nastave i to je nezamjenjivo &#8211; naglasila je Soviljeva.<\/p>\n<p>Predsjednik Aktiva direktora osnovnih \u0161kola iz Prnjavora, Srpca, Lakta\u0161a i Gradi\u0161ke Radoslav Savanovi\u0107 ka\u017ee da su svi u obrazovnom sistemu Srpske na po\u010detku epidemije pokazali da mogu da se izbore i da uspje\u0161no izvedu onlajn nastavu.<\/p>\n<p>&#8211; Nismo ni znali koliki potencijal imamo. Uspje\u0161no smo izveli nastavu na daljinu, \u0161to je za svakoga od nas bila novost i ne\u0161to sa \u010dim smo se prvi put susreli u karijeri. Ispostavilo se da smo se sna\u0161li veoma brzo i da nimalo nismo zaostajali za \u0161kolama u regionu &#8211; rekao je Savanovi\u0107.<\/p>\n<p>Dodao da \u0107e se, ukoliko budu morali, sna\u0107i na onlajn platformama i od septembra.<\/p>\n<p>&#8211; Organizacija nastave i podjela u\u010denika u grupe posebno u \u0161kolama sa velikim brojem u\u010denika bi\u0107e veliki izazov, ali ni\u0161ta nije nemogu\u0107e &#8211; rekao je Savanovi\u0107 i podvukao da klasi\u010dnu nastavu u kojoj nastavnik u pogledu u\u010denika vidi koliko je on spreman do\u0161ao na \u010das ne mo\u017ee da zamijeni tehnika, koliko god bila napredna.<\/p>\n<p>Predsjednica Aktiva direktora osnovnih \u0161kola sarajevsko-romanijske, starohercegova\u010dke i donjopodrinjske regije Danijela Mrda ka\u017ee da \u0161kole u ovoj regiji jo\u0161 nisu dobile pomenuti dokument.<\/p>\n<p>&#8211; To je i dalje nacrt i sigurno \u0107e biti dora\u0111ivan &#8211; rekla je Mrda.<\/p>\n<p>U Ministarstvu prosvjete i kulture RS naveli su da \u0107e u saradnji sa svim relevantnim obrazovnim i zdravstvenim institucijama, definisati jasne smjernice u vezi sa nastavnim procesom u \u0161kolskoj 2020\/21. godini.<\/p>\n<p>&#8211; Jo\u0161 nismo donijeli odluku koji model nastave \u0107e biti u primjeni od 1. septembra. Kona\u010dnu odluku o modelu izvo\u0111enja nastave od po\u010detka nove \u0161kolske godine donije\u0107e Vlada i Republi\u010dki \u0161tab za vanredne situacije, a o navedenom \u0107e javnost biti blagovremeno obavije\u0161tena &#8211; naveli su u resornom ministarstvu.<\/p>\n<p> Prevoz<br \/>\nValentina Sovilj isti\u010de da su svi direktori \u0161kola saglasni da se poseban naglasak mora staviti na prevoz u\u010denika u idu\u0107oj \u0161kolskoj godini.<\/p>\n<p>&#8211; Ogroman broj u\u010denika, posebno u srednjim stru\u010dnim \u0161kolama, su putnici. Ukoliko bi se dijelila odjeljenja, pitanje je na lokalnim zajednicama da li \u0107e uvesti duple autobuske linije. Tu je veliki problem da bude odr\u017eana socijalna distanca, tako da ostaje da se vidi kako je  mogu\u0107e rije\u0161iti to pitanje &#8211; istakla je ona.<\/p>\n","protected":false},"excerpt":{"rendered":"<p>Nastava na daljinu je nu\u017eno zlo, ali u situacijama kada je zdravlje \u0111aka u pitanju nema mjesta za nedoumice. Pokazali smo da mo\u017eemo da odgovorimo tom izazovu i ukoliko bude [&hellip;]<\/p>\n","protected":false},"author":1,"featured_media":0,"comment_status":"closed","ping_status":"open","sticky":false,"template":"","format":"standard","meta":{"_monsterinsights_skip_tracking":false,"_monsterinsights_sitenote_active":false,"_monsterinsights_sitenote_note":"","_monsterinsights_sitenote_category":0,"footnotes":""},"categories":[3],"tags":[],"yoast_head":"<!-- This site is optimized with the Yoast SEO plugin v21.6 - https:\/\/yoast.com\/wordpress\/plugins\/seo\/ -->\n<title>Pri\u017eeljkuju u\u010dionice, spremni i za onlajn \u010dasove - PrijedorDanas.com - Prijedorski gradski portal<\/title>\n<meta name=\"robots\" content=\"index, follow, max-snippet:-1, max-image-preview:large, max-video-preview:-1\" \/>\n<link rel=\"canonical\" href=\"https:\/\/www.prijedordanas.com\/?p=151378\" \/>\n<meta property=\"og:locale\" content=\"en_US\" \/>\n<meta property=\"og:type\" content=\"article\" \/>\n<meta property=\"og:title\" content=\"Pri\u017eeljkuju u\u010dionice, spremni i za onlajn \u010dasove - PrijedorDanas.com - Prijedorski gradski portal\" \/>\n<meta property=\"og:description\" content=\"Nastava na daljinu je nu\u017eno zlo, ali u situacijama kada je zdravlje \u0111aka u pitanju nema mjesta za nedoumice. Pokazali smo da mo\u017eemo da odgovorimo tom izazovu i ukoliko bude [&hellip;]\" \/>\n<meta property=\"og:url\" content=\"https:\/\/www.prijedordanas.com\/?p=151378\" \/>\n<meta property=\"og:site_name\" content=\"PrijedorDanas.com - Prijedorski gradski portal\" \/>\n<meta property=\"article:publisher\" content=\"https:\/\/www.facebook.com\/PrijedorDanasCom\/\" \/>\n<meta property=\"article:published_time\" content=\"2020-07-24T17:13:06+00:00\" \/>\n<meta property=\"og:image\" content=\"https:\/\/www.prijedordanas.com\/wp-content\/uploads\/2020\/07\/glas-skola-nastava-300x222.jpg\" \/>\n<meta name=\"author\" content=\"admin\" \/>\n<meta name=\"twitter:card\" content=\"summary_large_image\" \/>\n<meta name=\"twitter:label1\" content=\"Written by\" \/>\n\t<meta name=\"twitter:data1\" content=\"admin\" \/>\n\t<meta name=\"twitter:label2\" content=\"Est. reading time\" \/>\n\t<meta name=\"twitter:data2\" content=\"4 minutes\" \/>\n<script type=\"application\/ld+json\" class=\"yoast-schema-graph\">{\"@context\":\"https:\/\/schema.org\",\"@graph\":[{\"@type\":\"Article\",\"@id\":\"https:\/\/www.prijedordanas.com\/?p=151378#article\",\"isPartOf\":{\"@id\":\"https:\/\/www.prijedordanas.com\/?p=151378\"},\"author\":{\"name\":\"admin\",\"@id\":\"https:\/\/www.prijedordanas.com\/#\/schema\/person\/4e08ccf29b506ca916ff86d46bb700e6\"},\"headline\":\"Pri\u017eeljkuju u\u010dionice, spremni i za onlajn \u010dasove\",\"datePublished\":\"2020-07-24T17:13:06+00:00\",\"dateModified\":\"2020-07-24T17:13:06+00:00\",\"mainEntityOfPage\":{\"@id\":\"https:\/\/www.prijedordanas.com\/?p=151378\"},\"wordCount\":822,\"publisher\":{\"@id\":\"https:\/\/www.prijedordanas.com\/#organization\"},\"articleSection\":[\"\u017divot\"],\"inLanguage\":\"en-US\"},{\"@type\":\"WebPage\",\"@id\":\"https:\/\/www.prijedordanas.com\/?p=151378\",\"url\":\"https:\/\/www.prijedordanas.com\/?p=151378\",\"name\":\"Pri\u017eeljkuju u\u010dionice, spremni i za onlajn \u010dasove - PrijedorDanas.com - Prijedorski gradski portal\",\"isPartOf\":{\"@id\":\"https:\/\/www.prijedordanas.com\/#website\"},\"datePublished\":\"2020-07-24T17:13:06+00:00\",\"dateModified\":\"2020-07-24T17:13:06+00:00\",\"breadcrumb\":{\"@id\":\"https:\/\/www.prijedordanas.com\/?p=151378#breadcrumb\"},\"inLanguage\":\"en-US\",\"potentialAction\":[{\"@type\":\"ReadAction\",\"target\":[\"https:\/\/www.prijedordanas.com\/?p=151378\"]}]},{\"@type\":\"BreadcrumbList\",\"@id\":\"https:\/\/www.prijedordanas.com\/?p=151378#breadcrumb\",\"itemListElement\":[{\"@type\":\"ListItem\",\"position\":1,\"name\":\"Home\",\"item\":\"https:\/\/www.prijedordanas.com\/\"},{\"@type\":\"ListItem\",\"position\":2,\"name\":\"Pri\u017eeljkuju u\u010dionice, spremni i za onlajn \u010dasove\"}]},{\"@type\":\"WebSite\",\"@id\":\"https:\/\/www.prijedordanas.com\/#website\",\"url\":\"https:\/\/www.prijedordanas.com\/\",\"name\":\"PrijedorDanas.com - Prijedorski gradski portal\",\"description\":\"Portal o doga\u0111anjima u gradu Prijedoru\",\"publisher\":{\"@id\":\"https:\/\/www.prijedordanas.com\/#organization\"},\"potentialAction\":[{\"@type\":\"SearchAction\",\"target\":{\"@type\":\"EntryPoint\",\"urlTemplate\":\"https:\/\/www.prijedordanas.com\/?s={search_term_string}\"},\"query-input\":\"required name=search_term_string\"}],\"inLanguage\":\"en-US\"},{\"@type\":\"Organization\",\"@id\":\"https:\/\/www.prijedordanas.com\/#organization\",\"name\":\"PrijedorDanas.com\",\"url\":\"https:\/\/www.prijedordanas.com\/\",\"logo\":{\"@type\":\"ImageObject\",\"inLanguage\":\"en-US\",\"@id\":\"https:\/\/www.prijedordanas.com\/#\/schema\/logo\/image\/\",\"url\":\"http:\/\/www.prijedordanas.com\/wp-content\/uploads\/2021\/12\/logopng.png\",\"contentUrl\":\"http:\/\/www.prijedordanas.com\/wp-content\/uploads\/2021\/12\/logopng.png\",\"width\":1019,\"height\":776,\"caption\":\"PrijedorDanas.com\"},\"image\":{\"@id\":\"https:\/\/www.prijedordanas.com\/#\/schema\/logo\/image\/\"},\"sameAs\":[\"https:\/\/www.facebook.com\/PrijedorDanasCom\/\"]},{\"@type\":\"Person\",\"@id\":\"https:\/\/www.prijedordanas.com\/#\/schema\/person\/4e08ccf29b506ca916ff86d46bb700e6\",\"name\":\"admin\",\"image\":{\"@type\":\"ImageObject\",\"inLanguage\":\"en-US\",\"@id\":\"https:\/\/www.prijedordanas.com\/#\/schema\/person\/image\/\",\"url\":\"https:\/\/secure.gravatar.com\/avatar\/1d3fc949d550f0b53a5f0d51e06dfd79?s=96&d=mm&r=g\",\"contentUrl\":\"https:\/\/secure.gravatar.com\/avatar\/1d3fc949d550f0b53a5f0d51e06dfd79?s=96&d=mm&r=g\",\"caption\":\"admin\"},\"url\":\"https:\/\/www.prijedordanas.com\/?author=1\"}]}<\/script>\n<!-- \/ Yoast SEO plugin. -->","yoast_head_json":{"title":"Pri\u017eeljkuju u\u010dionice, spremni i za onlajn \u010dasove - PrijedorDanas.com - Prijedorski gradski portal","robots":{"index":"index","follow":"follow","max-snippet":"max-snippet:-1","max-image-preview":"max-image-preview:large","max-video-preview":"max-video-preview:-1"},"canonical":"https:\/\/www.prijedordanas.com\/?p=151378","og_locale":"en_US","og_type":"article","og_title":"Pri\u017eeljkuju u\u010dionice, spremni i za onlajn \u010dasove - PrijedorDanas.com - Prijedorski gradski portal","og_description":"Nastava na daljinu je nu\u017eno zlo, ali u situacijama kada je zdravlje \u0111aka u pitanju nema mjesta za nedoumice. Pokazali smo da mo\u017eemo da odgovorimo tom izazovu i ukoliko bude [&hellip;]","og_url":"https:\/\/www.prijedordanas.com\/?p=151378","og_site_name":"PrijedorDanas.com - Prijedorski gradski portal","article_publisher":"https:\/\/www.facebook.com\/PrijedorDanasCom\/","article_published_time":"2020-07-24T17:13:06+00:00","og_image":[{"url":"https:\/\/www.prijedordanas.com\/wp-content\/uploads\/2020\/07\/glas-skola-nastava-300x222.jpg"}],"author":"admin","twitter_card":"summary_large_image","twitter_misc":{"Written by":"admin","Est. reading time":"4 minutes"},"schema":{"@context":"https:\/\/schema.org","@graph":[{"@type":"Article","@id":"https:\/\/www.prijedordanas.com\/?p=151378#article","isPartOf":{"@id":"https:\/\/www.prijedordanas.com\/?p=151378"},"author":{"name":"admin","@id":"https:\/\/www.prijedordanas.com\/#\/schema\/person\/4e08ccf29b506ca916ff86d46bb700e6"},"headline":"Pri\u017eeljkuju u\u010dionice, spremni i za onlajn \u010dasove","datePublished":"2020-07-24T17:13:06+00:00","dateModified":"2020-07-24T17:13:06+00:00","mainEntityOfPage":{"@id":"https:\/\/www.prijedordanas.com\/?p=151378"},"wordCount":822,"publisher":{"@id":"https:\/\/www.prijedordanas.com\/#organization"},"articleSection":["\u017divot"],"inLanguage":"en-US"},{"@type":"WebPage","@id":"https:\/\/www.prijedordanas.com\/?p=151378","url":"https:\/\/www.prijedordanas.com\/?p=151378","name":"Pri\u017eeljkuju u\u010dionice, spremni i za onlajn \u010dasove - PrijedorDanas.com - Prijedorski gradski portal","isPartOf":{"@id":"https:\/\/www.prijedordanas.com\/#website"},"datePublished":"2020-07-24T17:13:06+00:00","dateModified":"2020-07-24T17:13:06+00:00","breadcrumb":{"@id":"https:\/\/www.prijedordanas.com\/?p=151378#breadcrumb"},"inLanguage":"en-US","potentialAction":[{"@type":"ReadAction","target":["https:\/\/www.prijedordanas.com\/?p=151378"]}]},{"@type":"BreadcrumbList","@id":"https:\/\/www.prijedordanas.com\/?p=151378#breadcrumb","itemListElement":[{"@type":"ListItem","position":1,"name":"Home","item":"https:\/\/www.prijedordanas.com\/"},{"@type":"ListItem","position":2,"name":"Pri\u017eeljkuju u\u010dionice, spremni i za onlajn \u010dasove"}]},{"@type":"WebSite","@id":"https:\/\/www.prijedordanas.com\/#website","url":"https:\/\/www.prijedordanas.com\/","name":"PrijedorDanas.com - Prijedorski gradski portal","description":"Portal o doga\u0111anjima u gradu Prijedoru","publisher":{"@id":"https:\/\/www.prijedordanas.com\/#organization"},"potentialAction":[{"@type":"SearchAction","target":{"@type":"EntryPoint","urlTemplate":"https:\/\/www.prijedordanas.com\/?s={search_term_string}"},"query-input":"required name=search_term_string"}],"inLanguage":"en-US"},{"@type":"Organization","@id":"https:\/\/www.prijedordanas.com\/#organization","name":"PrijedorDanas.com","url":"https:\/\/www.prijedordanas.com\/","logo":{"@type":"ImageObject","inLanguage":"en-US","@id":"https:\/\/www.prijedordanas.com\/#\/schema\/logo\/image\/","url":"http:\/\/www.prijedordanas.com\/wp-content\/uploads\/2021\/12\/logopng.png","contentUrl":"http:\/\/www.prijedordanas.com\/wp-content\/uploads\/2021\/12\/logopng.png","width":1019,"height":776,"caption":"PrijedorDanas.com"},"image":{"@id":"https:\/\/www.prijedordanas.com\/#\/schema\/logo\/image\/"},"sameAs":["https:\/\/www.facebook.com\/PrijedorDanasCom\/"]},{"@type":"Person","@id":"https:\/\/www.prijedordanas.com\/#\/schema\/person\/4e08ccf29b506ca916ff86d46bb700e6","name":"admin","image":{"@type":"ImageObject","inLanguage":"en-US","@id":"https:\/\/www.prijedordanas.com\/#\/schema\/person\/image\/","url":"https:\/\/secure.gravatar.com\/avatar\/1d3fc949d550f0b53a5f0d51e06dfd79?s=96&d=mm&r=g","contentUrl":"https:\/\/secure.gravatar.com\/avatar\/1d3fc949d550f0b53a5f0d51e06dfd79?s=96&d=mm&r=g","caption":"admin"},"url":"https:\/\/www.prijedordanas.com\/?author=1"}]}},"_links":{"self":[{"href":"https:\/\/www.prijedordanas.com\/index.php?rest_route=\/wp\/v2\/posts\/151378"}],"collection":[{"href":"https:\/\/www.prijedordanas.com\/index.php?rest_route=\/wp\/v2\/posts"}],"about":[{"href":"https:\/\/www.prijedordanas.com\/index.php?rest_route=\/wp\/v2\/types\/post"}],"author":[{"embeddable":true,"href":"https:\/\/www.prijedordanas.com\/index.php?rest_route=\/wp\/v2\/users\/1"}],"replies":[{"embeddable":true,"href":"https:\/\/www.prijedordanas.com\/index.php?rest_route=%2Fwp%2Fv2%2Fcomments&post=151378"}],"version-history":[{"count":1,"href":"https:\/\/www.prijedordanas.com\/index.php?rest_route=\/wp\/v2\/posts\/151378\/revisions"}],"predecessor-version":[{"id":151380,"href":"https:\/\/www.prijedordanas.com\/index.php?rest_route=\/wp\/v2\/posts\/151378\/revisions\/151380"}],"wp:attachment":[{"href":"https:\/\/www.prijedordanas.com\/index.php?rest_route=%2Fwp%2Fv2%2Fmedia&parent=151378"}],"wp:term":[{"taxonomy":"category","embeddable":true,"href":"https:\/\/www.prijedordanas.com\/index.php?rest_route=%2Fwp%2Fv2%2Fcategories&post=151378"},{"taxonomy":"post_tag","embeddable":true,"href":"https:\/\/www.prijedordanas.com\/index.php?rest_route=%2Fwp%2Fv2%2Ftags&post=151378"}],"curies":[{"name":"wp","href":"https:\/\/api.w.org\/{rel}","templated":true}]}}