{"id":151317,"date":"2020-07-23T18:14:01","date_gmt":"2020-07-23T16:14:01","guid":{"rendered":"https:\/\/www.prijedordanas.com\/?p=151317"},"modified":"2020-07-23T18:14:01","modified_gmt":"2020-07-23T16:14:01","slug":"maske-treba-nositi-u-basti-kafica-u-redu-ispred-prodavnice-na-pijaci","status":"publish","type":"post","link":"https:\/\/www.prijedordanas.com\/?p=151317","title":{"rendered":"Maske treba nositi u ba\u0161ti kafi\u0107a, u redu ispred prodavnice, na pijaci&#8230;"},"content":{"rendered":"<p><a href=\"https:\/\/www.prijedordanas.com\/wp-content\/uploads\/2020\/07\/glas-baste-kafici-maske.jpg\"><img loading=\"lazy\" decoding=\"async\" src=\"https:\/\/www.prijedordanas.com\/wp-content\/uploads\/2020\/07\/glas-baste-kafici-maske-300x242.jpg\" alt=\"\" width=\"300\" height=\"242\" class=\"alignleft size-medium wp-image-151318\" srcset=\"https:\/\/www.prijedordanas.com\/wp-content\/uploads\/2020\/07\/glas-baste-kafici-maske-300x242.jpg 300w, https:\/\/www.prijedordanas.com\/wp-content\/uploads\/2020\/07\/glas-baste-kafici-maske.jpg 620w\" sizes=\"(max-width: 300px) 100vw, 300px\" \/><\/a>Institut za javno zdravstvo Republike Srpske dao je preporuku gra\u0111anima da za\u0161titne maske upotrebljavaju i na otvorenom, u situacijama u kojima nije mogu\u0107e odr\u017eati fizi\u010dku distancu od dva metra, a u preporuci je precizirano gdje i kada da to \u010dine.<\/p>\n<p>Mjesta i situacije na kojima nije mogu\u0107e u potpunosti ispo\u0161tovati fizi\u010dku distancu od dva metra na otvorenom i gdje se okuplja ve\u0107i broj ljudi na jednom mjestu, prema ovoj preporuci, obuhvataju:<br \/>\n&#8211; ba\u0161te ugostiteljskih objekata,<br \/>\n&#8211; dijelove trgova\u010dkih objekata i trgova\u010dkih radnji lociranih na otvorenom,<br \/>\n&#8211; redovi ispred radnji, banaka i ustanova,<br \/>\n&#8211; bilo kakva organizovana okupljanja kao \u0161to su proslave, koncerti, sahrane, svadbe,<br \/>\n&#8211; autobuska stajali\u0161ta,<br \/>\n&#8211; pijace.<\/p>\n<p>Preporuku su dali skladu sa trenutnim preporukama Svjetske zdravstvene organizacije, kao i \u010dinjenicom da je u Republici Srpskoj pogor\u0161ana epidemiolo\u0161ka situacija, te da postoji transmisija virusa u zajednici. Ju\u010de i je i Republi\u010dki \u0161tab za vanredne situacije donio odluku prema kojoj je no\u0161enje maski na otvorenom obavezno ako ne postoji mogu\u0107nost za dr\u017eanje fizi\u010dke distance od najmanje dva metra.<\/p>\n<p>Prema preporuci Instituta, lokalni \u0161tabovi za vanredne situacije mogu donijeti i dodatne mjere i pro\u0161iriti broj mjesta na kojima se koriste maske na otvorenom, shodno epidemiolo\u0161koj situaciji.<\/p>\n<p>Pored ovih mjesta, op\u0161ta populacija bi se trebala poticati da koristi maske u svim situacijama u kojim nije mogu\u0107e odr\u017eati fizi\u010dku distancu u kontaktu sa osobama u okru\u017eenju.<\/p>\n<p>V.d. direktora Instituta Branislav Zeljkovi\u0107 pojasnio je da su osobe koje sjede u ba\u0161tama kafi\u0107a  du\u017ene da nose maske ako za istim stolom sjede sa vi\u0161e ljudi.<\/p>\n<p>Zeljkovi\u0107 je dodao da osobe u ovom slu\u010daju masku skidaju samo prilikom konzumacije pi\u0107a i jela, te da su nakon toga du\u017ene da maske vrate.<\/p>\n<p>-Ima\u0107emo sastanak sa udru\u017eenjima poslodavaca da bismo im objasnili sve pojedinosti u vezi nove odredbe da se za\u0161titne maske moraju nositi i u vanjskom prostoru ukoliko su osobe udaljene manje od dva metra jedne od drugih &#8211; rekao je Zeljkovi\u0107.<\/p>\n<p>Naglasio je da novu mjeru no\u0161enja za\u0161titne maske na otvorenom treba po\u0161tovati uvijek kada nije mogu\u0107e odr\u017eati distancu od dva metra.<\/p>\n<p>&#8211; Cilj nam je svima stabilizacija epidemiolo\u0161ke situacije &#8211; poru\u010dio je Zeljkovi\u0107.<\/p>\n<p>Zeljkovi\u0107 je naglasio da Institut sve preporuke donosi na osnovu epidemiolo\u0161ke situacije, kao i smjernica Svjetske zdravstvene organizacije i Evropskog centra za kontrolu bolesti.<\/p>\n<p>&#8211; Svjesni smo da gra\u0111ani imaju odre\u0111eni otpor prema no\u0161enju maske, ali razne studije potvr\u0111uju zna\u010daj no\u0161enja maski kada je rije\u010d o ovoj vrsti virusa. Ne smijemo zaboraviti da od pravilnog no\u0161enja maski, na na\u010din da one pokrivaju nos, usta i prijanjaju uz lice, u mnogome zavisi epidemiolo\u0161ka situacija &#8211; rekao je Zeljkovi\u0107.<\/p>\n<p>Prednost upotrebe maski<\/p>\n<p>U Institutu navode da prednosti upotrebe maski od strane zdravih ljudi u populaciji uklju\u010duju:<br \/>\n&#8211; smanjeni rizik izlo\u017eenosti zara\u017eenim osobama prije nego \u0161to one razviju simptome,<br \/>\n&#8211; smanjenu potencijalnu stigmatizaciju osoba koje nose maske zbog drugih razloga,<br \/>\n&#8211; podizanje svijesti ljudi da mogu doprinijeti zaustavljanju \u0161irenja virusa,<br \/>\n&#8211; podsje\u0107anje ljudi da se moraju pridr\u017eavati i drugih mjera (nagla\u0161avaju higijenu ruku, ne dirati nos i usta).<\/p>\n<p>Glas Srpske<\/p>\n","protected":false},"excerpt":{"rendered":"<p>Institut za javno zdravstvo Republike Srpske dao je preporuku gra\u0111anima da za\u0161titne maske upotrebljavaju i na otvorenom, u situacijama u kojima nije mogu\u0107e odr\u017eati fizi\u010dku distancu od dva metra, a [&hellip;]<\/p>\n","protected":false},"author":1,"featured_media":0,"comment_status":"closed","ping_status":"open","sticky":false,"template":"","format":"standard","meta":{"_monsterinsights_skip_tracking":false,"_monsterinsights_sitenote_active":false,"_monsterinsights_sitenote_note":"","_monsterinsights_sitenote_category":0,"footnotes":""},"categories":[3],"tags":[11138],"yoast_head":"<!-- This site is optimized with the Yoast SEO plugin v21.6 - https:\/\/yoast.com\/wordpress\/plugins\/seo\/ -->\n<title>Maske treba nositi u ba\u0161ti kafi\u0107a, u redu ispred prodavnice, na pijaci... - PrijedorDanas.com - Prijedorski gradski portal<\/title>\n<meta name=\"robots\" content=\"index, follow, max-snippet:-1, max-image-preview:large, max-video-preview:-1\" \/>\n<link rel=\"canonical\" href=\"https:\/\/www.prijedordanas.com\/?p=151317\" \/>\n<meta property=\"og:locale\" content=\"en_US\" \/>\n<meta property=\"og:type\" content=\"article\" \/>\n<meta property=\"og:title\" content=\"Maske treba nositi u ba\u0161ti kafi\u0107a, u redu ispred prodavnice, na pijaci... - PrijedorDanas.com - Prijedorski gradski portal\" \/>\n<meta property=\"og:description\" content=\"Institut za javno zdravstvo Republike Srpske dao je preporuku gra\u0111anima da za\u0161titne maske upotrebljavaju i na otvorenom, u situacijama u kojima nije mogu\u0107e odr\u017eati fizi\u010dku distancu od dva metra, a [&hellip;]\" \/>\n<meta property=\"og:url\" content=\"https:\/\/www.prijedordanas.com\/?p=151317\" \/>\n<meta property=\"og:site_name\" content=\"PrijedorDanas.com - Prijedorski gradski portal\" \/>\n<meta property=\"article:publisher\" content=\"https:\/\/www.facebook.com\/PrijedorDanasCom\/\" \/>\n<meta property=\"article:published_time\" content=\"2020-07-23T16:14:01+00:00\" \/>\n<meta property=\"og:image\" content=\"https:\/\/www.prijedordanas.com\/wp-content\/uploads\/2020\/07\/glas-baste-kafici-maske-300x242.jpg\" \/>\n<meta name=\"author\" content=\"admin\" \/>\n<meta name=\"twitter:card\" content=\"summary_large_image\" \/>\n<meta name=\"twitter:label1\" content=\"Written by\" \/>\n\t<meta name=\"twitter:data1\" content=\"admin\" \/>\n\t<meta name=\"twitter:label2\" content=\"Est. reading time\" \/>\n\t<meta name=\"twitter:data2\" content=\"3 minutes\" \/>\n<script type=\"application\/ld+json\" class=\"yoast-schema-graph\">{\"@context\":\"https:\/\/schema.org\",\"@graph\":[{\"@type\":\"Article\",\"@id\":\"https:\/\/www.prijedordanas.com\/?p=151317#article\",\"isPartOf\":{\"@id\":\"https:\/\/www.prijedordanas.com\/?p=151317\"},\"author\":{\"name\":\"admin\",\"@id\":\"https:\/\/www.prijedordanas.com\/#\/schema\/person\/4e08ccf29b506ca916ff86d46bb700e6\"},\"headline\":\"Maske treba nositi u ba\u0161ti kafi\u0107a, u redu ispred prodavnice, na pijaci&#8230;\",\"datePublished\":\"2020-07-23T16:14:01+00:00\",\"dateModified\":\"2020-07-23T16:14:01+00:00\",\"mainEntityOfPage\":{\"@id\":\"https:\/\/www.prijedordanas.com\/?p=151317\"},\"wordCount\":571,\"publisher\":{\"@id\":\"https:\/\/www.prijedordanas.com\/#organization\"},\"keywords\":[\"maske\"],\"articleSection\":[\"\u017divot\"],\"inLanguage\":\"en-US\"},{\"@type\":\"WebPage\",\"@id\":\"https:\/\/www.prijedordanas.com\/?p=151317\",\"url\":\"https:\/\/www.prijedordanas.com\/?p=151317\",\"name\":\"Maske treba nositi u ba\u0161ti kafi\u0107a, u redu ispred prodavnice, na pijaci... - PrijedorDanas.com - Prijedorski gradski portal\",\"isPartOf\":{\"@id\":\"https:\/\/www.prijedordanas.com\/#website\"},\"datePublished\":\"2020-07-23T16:14:01+00:00\",\"dateModified\":\"2020-07-23T16:14:01+00:00\",\"breadcrumb\":{\"@id\":\"https:\/\/www.prijedordanas.com\/?p=151317#breadcrumb\"},\"inLanguage\":\"en-US\",\"potentialAction\":[{\"@type\":\"ReadAction\",\"target\":[\"https:\/\/www.prijedordanas.com\/?p=151317\"]}]},{\"@type\":\"BreadcrumbList\",\"@id\":\"https:\/\/www.prijedordanas.com\/?p=151317#breadcrumb\",\"itemListElement\":[{\"@type\":\"ListItem\",\"position\":1,\"name\":\"Home\",\"item\":\"https:\/\/www.prijedordanas.com\/\"},{\"@type\":\"ListItem\",\"position\":2,\"name\":\"Maske treba nositi u ba\u0161ti kafi\u0107a, u redu ispred prodavnice, na pijaci&#8230;\"}]},{\"@type\":\"WebSite\",\"@id\":\"https:\/\/www.prijedordanas.com\/#website\",\"url\":\"https:\/\/www.prijedordanas.com\/\",\"name\":\"PrijedorDanas.com - Prijedorski gradski portal\",\"description\":\"Portal o doga\u0111anjima u gradu Prijedoru\",\"publisher\":{\"@id\":\"https:\/\/www.prijedordanas.com\/#organization\"},\"potentialAction\":[{\"@type\":\"SearchAction\",\"target\":{\"@type\":\"EntryPoint\",\"urlTemplate\":\"https:\/\/www.prijedordanas.com\/?s={search_term_string}\"},\"query-input\":\"required name=search_term_string\"}],\"inLanguage\":\"en-US\"},{\"@type\":\"Organization\",\"@id\":\"https:\/\/www.prijedordanas.com\/#organization\",\"name\":\"PrijedorDanas.com\",\"url\":\"https:\/\/www.prijedordanas.com\/\",\"logo\":{\"@type\":\"ImageObject\",\"inLanguage\":\"en-US\",\"@id\":\"https:\/\/www.prijedordanas.com\/#\/schema\/logo\/image\/\",\"url\":\"http:\/\/www.prijedordanas.com\/wp-content\/uploads\/2021\/12\/logopng.png\",\"contentUrl\":\"http:\/\/www.prijedordanas.com\/wp-content\/uploads\/2021\/12\/logopng.png\",\"width\":1019,\"height\":776,\"caption\":\"PrijedorDanas.com\"},\"image\":{\"@id\":\"https:\/\/www.prijedordanas.com\/#\/schema\/logo\/image\/\"},\"sameAs\":[\"https:\/\/www.facebook.com\/PrijedorDanasCom\/\"]},{\"@type\":\"Person\",\"@id\":\"https:\/\/www.prijedordanas.com\/#\/schema\/person\/4e08ccf29b506ca916ff86d46bb700e6\",\"name\":\"admin\",\"image\":{\"@type\":\"ImageObject\",\"inLanguage\":\"en-US\",\"@id\":\"https:\/\/www.prijedordanas.com\/#\/schema\/person\/image\/\",\"url\":\"https:\/\/secure.gravatar.com\/avatar\/1d3fc949d550f0b53a5f0d51e06dfd79?s=96&d=mm&r=g\",\"contentUrl\":\"https:\/\/secure.gravatar.com\/avatar\/1d3fc949d550f0b53a5f0d51e06dfd79?s=96&d=mm&r=g\",\"caption\":\"admin\"},\"url\":\"https:\/\/www.prijedordanas.com\/?author=1\"}]}<\/script>\n<!-- \/ Yoast SEO plugin. -->","yoast_head_json":{"title":"Maske treba nositi u ba\u0161ti kafi\u0107a, u redu ispred prodavnice, na pijaci... - PrijedorDanas.com - Prijedorski gradski portal","robots":{"index":"index","follow":"follow","max-snippet":"max-snippet:-1","max-image-preview":"max-image-preview:large","max-video-preview":"max-video-preview:-1"},"canonical":"https:\/\/www.prijedordanas.com\/?p=151317","og_locale":"en_US","og_type":"article","og_title":"Maske treba nositi u ba\u0161ti kafi\u0107a, u redu ispred prodavnice, na pijaci... - PrijedorDanas.com - Prijedorski gradski portal","og_description":"Institut za javno zdravstvo Republike Srpske dao je preporuku gra\u0111anima da za\u0161titne maske upotrebljavaju i na otvorenom, u situacijama u kojima nije mogu\u0107e odr\u017eati fizi\u010dku distancu od dva metra, a [&hellip;]","og_url":"https:\/\/www.prijedordanas.com\/?p=151317","og_site_name":"PrijedorDanas.com - Prijedorski gradski portal","article_publisher":"https:\/\/www.facebook.com\/PrijedorDanasCom\/","article_published_time":"2020-07-23T16:14:01+00:00","og_image":[{"url":"https:\/\/www.prijedordanas.com\/wp-content\/uploads\/2020\/07\/glas-baste-kafici-maske-300x242.jpg"}],"author":"admin","twitter_card":"summary_large_image","twitter_misc":{"Written by":"admin","Est. reading time":"3 minutes"},"schema":{"@context":"https:\/\/schema.org","@graph":[{"@type":"Article","@id":"https:\/\/www.prijedordanas.com\/?p=151317#article","isPartOf":{"@id":"https:\/\/www.prijedordanas.com\/?p=151317"},"author":{"name":"admin","@id":"https:\/\/www.prijedordanas.com\/#\/schema\/person\/4e08ccf29b506ca916ff86d46bb700e6"},"headline":"Maske treba nositi u ba\u0161ti kafi\u0107a, u redu ispred prodavnice, na pijaci&#8230;","datePublished":"2020-07-23T16:14:01+00:00","dateModified":"2020-07-23T16:14:01+00:00","mainEntityOfPage":{"@id":"https:\/\/www.prijedordanas.com\/?p=151317"},"wordCount":571,"publisher":{"@id":"https:\/\/www.prijedordanas.com\/#organization"},"keywords":["maske"],"articleSection":["\u017divot"],"inLanguage":"en-US"},{"@type":"WebPage","@id":"https:\/\/www.prijedordanas.com\/?p=151317","url":"https:\/\/www.prijedordanas.com\/?p=151317","name":"Maske treba nositi u ba\u0161ti kafi\u0107a, u redu ispred prodavnice, na pijaci... - PrijedorDanas.com - Prijedorski gradski portal","isPartOf":{"@id":"https:\/\/www.prijedordanas.com\/#website"},"datePublished":"2020-07-23T16:14:01+00:00","dateModified":"2020-07-23T16:14:01+00:00","breadcrumb":{"@id":"https:\/\/www.prijedordanas.com\/?p=151317#breadcrumb"},"inLanguage":"en-US","potentialAction":[{"@type":"ReadAction","target":["https:\/\/www.prijedordanas.com\/?p=151317"]}]},{"@type":"BreadcrumbList","@id":"https:\/\/www.prijedordanas.com\/?p=151317#breadcrumb","itemListElement":[{"@type":"ListItem","position":1,"name":"Home","item":"https:\/\/www.prijedordanas.com\/"},{"@type":"ListItem","position":2,"name":"Maske treba nositi u ba\u0161ti kafi\u0107a, u redu ispred prodavnice, na pijaci&#8230;"}]},{"@type":"WebSite","@id":"https:\/\/www.prijedordanas.com\/#website","url":"https:\/\/www.prijedordanas.com\/","name":"PrijedorDanas.com - Prijedorski gradski portal","description":"Portal o doga\u0111anjima u gradu Prijedoru","publisher":{"@id":"https:\/\/www.prijedordanas.com\/#organization"},"potentialAction":[{"@type":"SearchAction","target":{"@type":"EntryPoint","urlTemplate":"https:\/\/www.prijedordanas.com\/?s={search_term_string}"},"query-input":"required name=search_term_string"}],"inLanguage":"en-US"},{"@type":"Organization","@id":"https:\/\/www.prijedordanas.com\/#organization","name":"PrijedorDanas.com","url":"https:\/\/www.prijedordanas.com\/","logo":{"@type":"ImageObject","inLanguage":"en-US","@id":"https:\/\/www.prijedordanas.com\/#\/schema\/logo\/image\/","url":"http:\/\/www.prijedordanas.com\/wp-content\/uploads\/2021\/12\/logopng.png","contentUrl":"http:\/\/www.prijedordanas.com\/wp-content\/uploads\/2021\/12\/logopng.png","width":1019,"height":776,"caption":"PrijedorDanas.com"},"image":{"@id":"https:\/\/www.prijedordanas.com\/#\/schema\/logo\/image\/"},"sameAs":["https:\/\/www.facebook.com\/PrijedorDanasCom\/"]},{"@type":"Person","@id":"https:\/\/www.prijedordanas.com\/#\/schema\/person\/4e08ccf29b506ca916ff86d46bb700e6","name":"admin","image":{"@type":"ImageObject","inLanguage":"en-US","@id":"https:\/\/www.prijedordanas.com\/#\/schema\/person\/image\/","url":"https:\/\/secure.gravatar.com\/avatar\/1d3fc949d550f0b53a5f0d51e06dfd79?s=96&d=mm&r=g","contentUrl":"https:\/\/secure.gravatar.com\/avatar\/1d3fc949d550f0b53a5f0d51e06dfd79?s=96&d=mm&r=g","caption":"admin"},"url":"https:\/\/www.prijedordanas.com\/?author=1"}]}},"_links":{"self":[{"href":"https:\/\/www.prijedordanas.com\/index.php?rest_route=\/wp\/v2\/posts\/151317"}],"collection":[{"href":"https:\/\/www.prijedordanas.com\/index.php?rest_route=\/wp\/v2\/posts"}],"about":[{"href":"https:\/\/www.prijedordanas.com\/index.php?rest_route=\/wp\/v2\/types\/post"}],"author":[{"embeddable":true,"href":"https:\/\/www.prijedordanas.com\/index.php?rest_route=\/wp\/v2\/users\/1"}],"replies":[{"embeddable":true,"href":"https:\/\/www.prijedordanas.com\/index.php?rest_route=%2Fwp%2Fv2%2Fcomments&post=151317"}],"version-history":[{"count":1,"href":"https:\/\/www.prijedordanas.com\/index.php?rest_route=\/wp\/v2\/posts\/151317\/revisions"}],"predecessor-version":[{"id":151319,"href":"https:\/\/www.prijedordanas.com\/index.php?rest_route=\/wp\/v2\/posts\/151317\/revisions\/151319"}],"wp:attachment":[{"href":"https:\/\/www.prijedordanas.com\/index.php?rest_route=%2Fwp%2Fv2%2Fmedia&parent=151317"}],"wp:term":[{"taxonomy":"category","embeddable":true,"href":"https:\/\/www.prijedordanas.com\/index.php?rest_route=%2Fwp%2Fv2%2Fcategories&post=151317"},{"taxonomy":"post_tag","embeddable":true,"href":"https:\/\/www.prijedordanas.com\/index.php?rest_route=%2Fwp%2Fv2%2Ftags&post=151317"}],"curies":[{"name":"wp","href":"https:\/\/api.w.org\/{rel}","templated":true}]}}