{"id":151301,"date":"2020-07-23T17:36:44","date_gmt":"2020-07-23T15:36:44","guid":{"rendered":"https:\/\/www.prijedordanas.com\/?p=151301"},"modified":"2020-07-23T17:48:04","modified_gmt":"2020-07-23T15:48:04","slug":"prijedor-odrzana-komemoracija-slikaru-tihomiru-ilijasevicu-foto","status":"publish","type":"post","link":"https:\/\/www.prijedordanas.com\/?p=151301","title":{"rendered":"Prijedor: Odr\u017eana komemoracija slikaru Tihomiru Ilija\u0161evi\u0107u &#8211; FOTO"},"content":{"rendered":"<p><a href=\"https:\/\/www.prijedordanas.com\/wp-content\/uploads\/2020\/07\/tiho-komemoracija-2.jpg\"><img loading=\"lazy\" decoding=\"async\" class=\"alignleft size-medium wp-image-151302\" src=\"https:\/\/www.prijedordanas.com\/wp-content\/uploads\/2020\/07\/tiho-komemoracija-2-300x222.jpg\" alt=\"\" width=\"300\" height=\"222\" srcset=\"https:\/\/www.prijedordanas.com\/wp-content\/uploads\/2020\/07\/tiho-komemoracija-2-300x222.jpg 300w, https:\/\/www.prijedordanas.com\/wp-content\/uploads\/2020\/07\/tiho-komemoracija-2.jpg 675w\" sizes=\"(max-width: 300px) 100vw, 300px\" \/><\/a>U Prijedoru je danas odr\u017eana komemoracija povodom smrti slikara Tihomira Ilija\u0161evi\u0107a, koji je ju\u010de iznenada preminuo u 59. godini.<\/p>\n<p>Opra\u0161taju\u0107i se od umjetnika, gradona\u010delnika Prijedora Milenko \u0110akovi\u0107a rekao je da je Ilija\u0161evi\u0107 ostavio dubok i neizbrisiv trag na kulturno-umjetni\u010dkoj sceni ne samo rodnog Prijedora, ve\u0107 i Beograda i Banjaluke.<\/p>\n<p><strong><a href=\"https:\/\/www.prijedordanas.com\/?p=151245\" rel=\"noopener noreferrer\" target=\"_blank\">In memoriam: Tihomir Ilija\u0161evi\u0107<\/a><\/strong><\/p>\n<p><a href=\"https:\/\/www.prijedordanas.com\/wp-content\/uploads\/2020\/07\/tiho-komemoracija-1.jpg\"><img loading=\"lazy\" decoding=\"async\" class=\"alignleft size-medium wp-image-151303\" src=\"https:\/\/www.prijedordanas.com\/wp-content\/uploads\/2020\/07\/tiho-komemoracija-1-268x300.jpg\" alt=\"\" width=\"268\" height=\"300\" srcset=\"https:\/\/www.prijedordanas.com\/wp-content\/uploads\/2020\/07\/tiho-komemoracija-1-268x300.jpg 268w, https:\/\/www.prijedordanas.com\/wp-content\/uploads\/2020\/07\/tiho-komemoracija-1.jpg 536w\" sizes=\"(max-width: 268px) 100vw, 268px\" \/><\/a>&#8220;On je, prije svega, bio umjetnik, slikar, i to onaj istinski, beskrajno darovit i zanimljiv i uvijek spreman da to podijeli sa istomi\u0161ljenicima i svima koji vole i po\u0161tuju umjetni\u010dki izraz. Svi koji su ga poznavali i provodili vrijeme sa njim znali su koliko je znanja, \u0161arma, elokvencije, kozerije, duhovitosti bilo kod na\u0161eg Tihe. A on nije \u0161tedio na tome&#8221;, naveo je \u0110akovi\u0107.<\/p>\n<p>Predsjednik Udru\u017eenja likovnih umjetnika Prijedor Boris Eremi\u0107, koji je bio Ilija\u0161evi\u0107ev \u0111ak, rekao je da je on uvijek bio na prvoj liniji, nikad igra\u010d s klupe, i da je sve \u0161to je radio, radio beskompromisno, sr\u010dano i \u0161armantno.<\/p>\n<p><strong><a href=\"https:\/\/www.prijedordanas.com\/?p=151278\" rel=\"noopener noreferrer\" target=\"_blank\">Prijedor: Danas komemoracija i sahrana Tihe Ilija\u0161evi\u0107a<\/a><\/strong><\/p>\n<p>Ilija\u0161evi\u0107 je ro\u0111en 1961. godine u Prijedoru gdje je zavr\u0161io osnovnu \u0161kolu i gimnaziju. Fakultet likovnih umetnosti u Beogradu zavr\u0161io je 1992. godine.<\/p>\n<p><a href=\"https:\/\/www.prijedordanas.com\/wp-content\/uploads\/2020\/07\/tiho-komemoracija-3.jpg\"><img loading=\"lazy\" decoding=\"async\" class=\"alignleft size-medium wp-image-151304\" src=\"https:\/\/www.prijedordanas.com\/wp-content\/uploads\/2020\/07\/tiho-komemoracija-3-300x200.jpg\" alt=\"\" width=\"300\" height=\"200\" srcset=\"https:\/\/www.prijedordanas.com\/wp-content\/uploads\/2020\/07\/tiho-komemoracija-3-300x200.jpg 300w, https:\/\/www.prijedordanas.com\/wp-content\/uploads\/2020\/07\/tiho-komemoracija-3-480x320.jpg 480w, https:\/\/www.prijedordanas.com\/wp-content\/uploads\/2020\/07\/tiho-komemoracija-3.jpg 600w\" sizes=\"(max-width: 300px) 100vw, 300px\" \/><\/a>Od 1988. do 1992. godine radio jekao tehni\u010dki organizator, a potom i upravnik kultnog kluba Akademija u Beogradu. U avgustu 1992. godine iz Beograda se vratio u Prijedor da bi bio pripadnik Vojske Republike Srpske.<\/p>\n<p>Godinu dana kasnije u\u010destvovao je u osnivanju Udru\u017eenja likovnih i primjenjenih umjetnika Republike Srpske i bio prvi sekretar, a potom i predsjednik ovog udru\u017eenja.<\/p>\n<p>Od 1994. do 1997. godine radio kao asistent na Pedago\u0161koj akademiji u Banjaluci. Od 1999. do 2014. godine vodio je prvu slikarsku \u0161kolu u Republici Srpskoj &#8220;Zapadna Srbija&#8221;.<\/p>\n<p><a href=\"https:\/\/www.prijedordanas.com\/wp-content\/uploads\/2020\/07\/tiho-komemoracija-8.jpg\"><img loading=\"lazy\" decoding=\"async\" class=\"alignleft size-medium wp-image-151311\" src=\"https:\/\/www.prijedordanas.com\/wp-content\/uploads\/2020\/07\/tiho-komemoracija-8-300x200.jpg\" alt=\"\" width=\"300\" height=\"200\" srcset=\"https:\/\/www.prijedordanas.com\/wp-content\/uploads\/2020\/07\/tiho-komemoracija-8-300x200.jpg 300w, https:\/\/www.prijedordanas.com\/wp-content\/uploads\/2020\/07\/tiho-komemoracija-8-480x320.jpg 480w, https:\/\/www.prijedordanas.com\/wp-content\/uploads\/2020\/07\/tiho-komemoracija-8.jpg 600w\" sizes=\"(max-width: 300px) 100vw, 300px\" \/><\/a>Imao je \u0161est samostalnih i vi\u0161e od 70 kolektivnih izlo\u017ebi, te u\u010destvovao na vi\u0161e od 30 likovnih kolonija. Autor je gotovo 30.000 portreta i portreta-karikatura.<\/p>\n<p>Radio je i kao novinar, karikaturista, kolumnista, a od 2005. godine do danas bio je direktor &#8220;Galerije &#8217;96&#8221; koja je na njegovu inicijativu promijenila ime u Galerija Sreten Stojanovi\u0107 u kojoj se, tako\u0111e na njegovu inicijativu, od 2007. godine odr\u017eava festival crte\u017ea i muzike.<\/p>\n<p>Tihomir Ilija\u0161evi\u0107 sahranjen je danas na groblju Sotonice u Malom Palan\u010di\u0161tu kod Prijedora.<\/p>\n<p>SRNA<\/p>\n<p><a href=\"https:\/\/www.prijedordanas.com\/wp-content\/uploads\/2020\/07\/tiho-komemoracija-4.jpg\"><img loading=\"lazy\" decoding=\"async\" class=\"alignleft size-medium wp-image-151305\" src=\"https:\/\/www.prijedordanas.com\/wp-content\/uploads\/2020\/07\/tiho-komemoracija-4-300x200.jpg\" alt=\"\" width=\"300\" height=\"200\" srcset=\"https:\/\/www.prijedordanas.com\/wp-content\/uploads\/2020\/07\/tiho-komemoracija-4-300x200.jpg 300w, https:\/\/www.prijedordanas.com\/wp-content\/uploads\/2020\/07\/tiho-komemoracija-4-480x320.jpg 480w, https:\/\/www.prijedordanas.com\/wp-content\/uploads\/2020\/07\/tiho-komemoracija-4.jpg 600w\" sizes=\"(max-width: 300px) 100vw, 300px\" \/><\/a> <a href=\"https:\/\/www.prijedordanas.com\/wp-content\/uploads\/2020\/07\/tiho-komemoracija-5.jpg\"><img loading=\"lazy\" decoding=\"async\" class=\"alignleft size-medium wp-image-151306\" src=\"https:\/\/www.prijedordanas.com\/wp-content\/uploads\/2020\/07\/tiho-komemoracija-5-300x200.jpg\" alt=\"\" width=\"300\" height=\"200\" srcset=\"https:\/\/www.prijedordanas.com\/wp-content\/uploads\/2020\/07\/tiho-komemoracija-5-300x200.jpg 300w, https:\/\/www.prijedordanas.com\/wp-content\/uploads\/2020\/07\/tiho-komemoracija-5-480x320.jpg 480w, https:\/\/www.prijedordanas.com\/wp-content\/uploads\/2020\/07\/tiho-komemoracija-5.jpg 600w\" sizes=\"(max-width: 300px) 100vw, 300px\" \/><\/a> <a href=\"https:\/\/www.prijedordanas.com\/wp-content\/uploads\/2020\/07\/tiho-komemoracija-6.jpg\"><img loading=\"lazy\" decoding=\"async\" class=\"alignleft size-medium wp-image-151307\" src=\"https:\/\/www.prijedordanas.com\/wp-content\/uploads\/2020\/07\/tiho-komemoracija-6-300x200.jpg\" alt=\"\" width=\"300\" height=\"200\" srcset=\"https:\/\/www.prijedordanas.com\/wp-content\/uploads\/2020\/07\/tiho-komemoracija-6-300x200.jpg 300w, https:\/\/www.prijedordanas.com\/wp-content\/uploads\/2020\/07\/tiho-komemoracija-6-480x320.jpg 480w, https:\/\/www.prijedordanas.com\/wp-content\/uploads\/2020\/07\/tiho-komemoracija-6.jpg 600w\" sizes=\"(max-width: 300px) 100vw, 300px\" \/><\/a> <a href=\"https:\/\/www.prijedordanas.com\/wp-content\/uploads\/2020\/07\/tiho-komemoracija-7.jpg\"><img loading=\"lazy\" decoding=\"async\" class=\"alignleft size-medium wp-image-151308\" src=\"https:\/\/www.prijedordanas.com\/wp-content\/uploads\/2020\/07\/tiho-komemoracija-7-300x200.jpg\" alt=\"\" width=\"300\" height=\"200\" srcset=\"https:\/\/www.prijedordanas.com\/wp-content\/uploads\/2020\/07\/tiho-komemoracija-7-300x200.jpg 300w, https:\/\/www.prijedordanas.com\/wp-content\/uploads\/2020\/07\/tiho-komemoracija-7-480x320.jpg 480w, https:\/\/www.prijedordanas.com\/wp-content\/uploads\/2020\/07\/tiho-komemoracija-7.jpg 600w\" sizes=\"(max-width: 300px) 100vw, 300px\" \/><\/a> <a href=\"https:\/\/www.prijedordanas.com\/wp-content\/uploads\/2020\/07\/tiho-sahrana-1.jpg\"><img loading=\"lazy\" decoding=\"async\" class=\"alignleft size-medium wp-image-151309\" src=\"https:\/\/www.prijedordanas.com\/wp-content\/uploads\/2020\/07\/tiho-sahrana-1-300x169.jpg\" alt=\"\" width=\"300\" height=\"169\" srcset=\"https:\/\/www.prijedordanas.com\/wp-content\/uploads\/2020\/07\/tiho-sahrana-1-300x169.jpg 300w, https:\/\/www.prijedordanas.com\/wp-content\/uploads\/2020\/07\/tiho-sahrana-1.jpg 600w\" sizes=\"(max-width: 300px) 100vw, 300px\" \/><\/a> <a href=\"https:\/\/www.prijedordanas.com\/wp-content\/uploads\/2020\/07\/tiho-sahrana-2.jpg\"><img loading=\"lazy\" decoding=\"async\" class=\"alignleft size-medium wp-image-151310\" src=\"https:\/\/www.prijedordanas.com\/wp-content\/uploads\/2020\/07\/tiho-sahrana-2-300x169.jpg\" alt=\"\" width=\"300\" height=\"169\" srcset=\"https:\/\/www.prijedordanas.com\/wp-content\/uploads\/2020\/07\/tiho-sahrana-2-300x169.jpg 300w, https:\/\/www.prijedordanas.com\/wp-content\/uploads\/2020\/07\/tiho-sahrana-2.jpg 600w\" sizes=\"(max-width: 300px) 100vw, 300px\" \/><\/a> <\/p>\n","protected":false},"excerpt":{"rendered":"<p>U Prijedoru je danas odr\u017eana komemoracija povodom smrti slikara Tihomira Ilija\u0161evi\u0107a, koji je ju\u010de iznenada preminuo u 59. godini. Opra\u0161taju\u0107i se od umjetnika, gradona\u010delnika Prijedora Milenko \u0110akovi\u0107a rekao je da [&hellip;]<\/p>\n","protected":false},"author":1,"featured_media":0,"comment_status":"closed","ping_status":"open","sticky":false,"template":"","format":"standard","meta":{"_monsterinsights_skip_tracking":false,"_monsterinsights_sitenote_active":false,"_monsterinsights_sitenote_note":"","_monsterinsights_sitenote_category":0,"footnotes":""},"categories":[3],"tags":[11293],"yoast_head":"<!-- This site is optimized with the Yoast SEO plugin v21.6 - https:\/\/yoast.com\/wordpress\/plugins\/seo\/ -->\n<title>Prijedor: Odr\u017eana komemoracija slikaru Tihomiru Ilija\u0161evi\u0107u - FOTO - PrijedorDanas.com - Prijedorski gradski portal<\/title>\n<meta name=\"robots\" content=\"index, follow, max-snippet:-1, max-image-preview:large, max-video-preview:-1\" \/>\n<link rel=\"canonical\" href=\"https:\/\/www.prijedordanas.com\/?p=151301\" \/>\n<meta property=\"og:locale\" content=\"en_US\" \/>\n<meta property=\"og:type\" content=\"article\" \/>\n<meta property=\"og:title\" content=\"Prijedor: Odr\u017eana komemoracija slikaru Tihomiru Ilija\u0161evi\u0107u - FOTO - PrijedorDanas.com - Prijedorski gradski portal\" \/>\n<meta property=\"og:description\" content=\"U Prijedoru je danas odr\u017eana komemoracija povodom smrti slikara Tihomira Ilija\u0161evi\u0107a, koji je ju\u010de iznenada preminuo u 59. godini. Opra\u0161taju\u0107i se od umjetnika, gradona\u010delnika Prijedora Milenko \u0110akovi\u0107a rekao je da [&hellip;]\" \/>\n<meta property=\"og:url\" content=\"https:\/\/www.prijedordanas.com\/?p=151301\" \/>\n<meta property=\"og:site_name\" content=\"PrijedorDanas.com - Prijedorski gradski portal\" \/>\n<meta property=\"article:publisher\" content=\"https:\/\/www.facebook.com\/PrijedorDanasCom\/\" \/>\n<meta property=\"article:published_time\" content=\"2020-07-23T15:36:44+00:00\" \/>\n<meta property=\"article:modified_time\" content=\"2020-07-23T15:48:04+00:00\" \/>\n<meta property=\"og:image\" content=\"https:\/\/www.prijedordanas.com\/wp-content\/uploads\/2020\/07\/tiho-komemoracija-2-300x222.jpg\" \/>\n<meta name=\"author\" content=\"admin\" \/>\n<meta name=\"twitter:card\" content=\"summary_large_image\" \/>\n<meta name=\"twitter:label1\" content=\"Written by\" \/>\n\t<meta name=\"twitter:data1\" content=\"admin\" \/>\n\t<meta name=\"twitter:label2\" content=\"Est. reading time\" \/>\n\t<meta name=\"twitter:data2\" content=\"2 minutes\" \/>\n<script type=\"application\/ld+json\" class=\"yoast-schema-graph\">{\"@context\":\"https:\/\/schema.org\",\"@graph\":[{\"@type\":\"Article\",\"@id\":\"https:\/\/www.prijedordanas.com\/?p=151301#article\",\"isPartOf\":{\"@id\":\"https:\/\/www.prijedordanas.com\/?p=151301\"},\"author\":{\"name\":\"admin\",\"@id\":\"https:\/\/www.prijedordanas.com\/#\/schema\/person\/4e08ccf29b506ca916ff86d46bb700e6\"},\"headline\":\"Prijedor: Odr\u017eana komemoracija slikaru Tihomiru Ilija\u0161evi\u0107u &#8211; FOTO\",\"datePublished\":\"2020-07-23T15:36:44+00:00\",\"dateModified\":\"2020-07-23T15:48:04+00:00\",\"mainEntityOfPage\":{\"@id\":\"https:\/\/www.prijedordanas.com\/?p=151301\"},\"wordCount\":390,\"publisher\":{\"@id\":\"https:\/\/www.prijedordanas.com\/#organization\"},\"keywords\":[\"Tiho Ilija\u0161evi\u0107\"],\"articleSection\":[\"\u017divot\"],\"inLanguage\":\"en-US\"},{\"@type\":\"WebPage\",\"@id\":\"https:\/\/www.prijedordanas.com\/?p=151301\",\"url\":\"https:\/\/www.prijedordanas.com\/?p=151301\",\"name\":\"Prijedor: Odr\u017eana komemoracija slikaru Tihomiru Ilija\u0161evi\u0107u - FOTO - PrijedorDanas.com - Prijedorski gradski portal\",\"isPartOf\":{\"@id\":\"https:\/\/www.prijedordanas.com\/#website\"},\"datePublished\":\"2020-07-23T15:36:44+00:00\",\"dateModified\":\"2020-07-23T15:48:04+00:00\",\"breadcrumb\":{\"@id\":\"https:\/\/www.prijedordanas.com\/?p=151301#breadcrumb\"},\"inLanguage\":\"en-US\",\"potentialAction\":[{\"@type\":\"ReadAction\",\"target\":[\"https:\/\/www.prijedordanas.com\/?p=151301\"]}]},{\"@type\":\"BreadcrumbList\",\"@id\":\"https:\/\/www.prijedordanas.com\/?p=151301#breadcrumb\",\"itemListElement\":[{\"@type\":\"ListItem\",\"position\":1,\"name\":\"Home\",\"item\":\"https:\/\/www.prijedordanas.com\/\"},{\"@type\":\"ListItem\",\"position\":2,\"name\":\"Prijedor: Odr\u017eana komemoracija slikaru Tihomiru Ilija\u0161evi\u0107u &#8211; FOTO\"}]},{\"@type\":\"WebSite\",\"@id\":\"https:\/\/www.prijedordanas.com\/#website\",\"url\":\"https:\/\/www.prijedordanas.com\/\",\"name\":\"PrijedorDanas.com - Prijedorski gradski portal\",\"description\":\"Portal o doga\u0111anjima u gradu Prijedoru\",\"publisher\":{\"@id\":\"https:\/\/www.prijedordanas.com\/#organization\"},\"potentialAction\":[{\"@type\":\"SearchAction\",\"target\":{\"@type\":\"EntryPoint\",\"urlTemplate\":\"https:\/\/www.prijedordanas.com\/?s={search_term_string}\"},\"query-input\":\"required name=search_term_string\"}],\"inLanguage\":\"en-US\"},{\"@type\":\"Organization\",\"@id\":\"https:\/\/www.prijedordanas.com\/#organization\",\"name\":\"PrijedorDanas.com\",\"url\":\"https:\/\/www.prijedordanas.com\/\",\"logo\":{\"@type\":\"ImageObject\",\"inLanguage\":\"en-US\",\"@id\":\"https:\/\/www.prijedordanas.com\/#\/schema\/logo\/image\/\",\"url\":\"http:\/\/www.prijedordanas.com\/wp-content\/uploads\/2021\/12\/logopng.png\",\"contentUrl\":\"http:\/\/www.prijedordanas.com\/wp-content\/uploads\/2021\/12\/logopng.png\",\"width\":1019,\"height\":776,\"caption\":\"PrijedorDanas.com\"},\"image\":{\"@id\":\"https:\/\/www.prijedordanas.com\/#\/schema\/logo\/image\/\"},\"sameAs\":[\"https:\/\/www.facebook.com\/PrijedorDanasCom\/\"]},{\"@type\":\"Person\",\"@id\":\"https:\/\/www.prijedordanas.com\/#\/schema\/person\/4e08ccf29b506ca916ff86d46bb700e6\",\"name\":\"admin\",\"image\":{\"@type\":\"ImageObject\",\"inLanguage\":\"en-US\",\"@id\":\"https:\/\/www.prijedordanas.com\/#\/schema\/person\/image\/\",\"url\":\"https:\/\/secure.gravatar.com\/avatar\/1d3fc949d550f0b53a5f0d51e06dfd79?s=96&d=mm&r=g\",\"contentUrl\":\"https:\/\/secure.gravatar.com\/avatar\/1d3fc949d550f0b53a5f0d51e06dfd79?s=96&d=mm&r=g\",\"caption\":\"admin\"},\"url\":\"https:\/\/www.prijedordanas.com\/?author=1\"}]}<\/script>\n<!-- \/ Yoast SEO plugin. -->","yoast_head_json":{"title":"Prijedor: Odr\u017eana komemoracija slikaru Tihomiru Ilija\u0161evi\u0107u - FOTO - PrijedorDanas.com - Prijedorski gradski portal","robots":{"index":"index","follow":"follow","max-snippet":"max-snippet:-1","max-image-preview":"max-image-preview:large","max-video-preview":"max-video-preview:-1"},"canonical":"https:\/\/www.prijedordanas.com\/?p=151301","og_locale":"en_US","og_type":"article","og_title":"Prijedor: Odr\u017eana komemoracija slikaru Tihomiru Ilija\u0161evi\u0107u - FOTO - PrijedorDanas.com - Prijedorski gradski portal","og_description":"U Prijedoru je danas odr\u017eana komemoracija povodom smrti slikara Tihomira Ilija\u0161evi\u0107a, koji je ju\u010de iznenada preminuo u 59. godini. Opra\u0161taju\u0107i se od umjetnika, gradona\u010delnika Prijedora Milenko \u0110akovi\u0107a rekao je da [&hellip;]","og_url":"https:\/\/www.prijedordanas.com\/?p=151301","og_site_name":"PrijedorDanas.com - Prijedorski gradski portal","article_publisher":"https:\/\/www.facebook.com\/PrijedorDanasCom\/","article_published_time":"2020-07-23T15:36:44+00:00","article_modified_time":"2020-07-23T15:48:04+00:00","og_image":[{"url":"https:\/\/www.prijedordanas.com\/wp-content\/uploads\/2020\/07\/tiho-komemoracija-2-300x222.jpg"}],"author":"admin","twitter_card":"summary_large_image","twitter_misc":{"Written by":"admin","Est. reading time":"2 minutes"},"schema":{"@context":"https:\/\/schema.org","@graph":[{"@type":"Article","@id":"https:\/\/www.prijedordanas.com\/?p=151301#article","isPartOf":{"@id":"https:\/\/www.prijedordanas.com\/?p=151301"},"author":{"name":"admin","@id":"https:\/\/www.prijedordanas.com\/#\/schema\/person\/4e08ccf29b506ca916ff86d46bb700e6"},"headline":"Prijedor: Odr\u017eana komemoracija slikaru Tihomiru Ilija\u0161evi\u0107u &#8211; FOTO","datePublished":"2020-07-23T15:36:44+00:00","dateModified":"2020-07-23T15:48:04+00:00","mainEntityOfPage":{"@id":"https:\/\/www.prijedordanas.com\/?p=151301"},"wordCount":390,"publisher":{"@id":"https:\/\/www.prijedordanas.com\/#organization"},"keywords":["Tiho Ilija\u0161evi\u0107"],"articleSection":["\u017divot"],"inLanguage":"en-US"},{"@type":"WebPage","@id":"https:\/\/www.prijedordanas.com\/?p=151301","url":"https:\/\/www.prijedordanas.com\/?p=151301","name":"Prijedor: Odr\u017eana komemoracija slikaru Tihomiru Ilija\u0161evi\u0107u - FOTO - PrijedorDanas.com - Prijedorski gradski portal","isPartOf":{"@id":"https:\/\/www.prijedordanas.com\/#website"},"datePublished":"2020-07-23T15:36:44+00:00","dateModified":"2020-07-23T15:48:04+00:00","breadcrumb":{"@id":"https:\/\/www.prijedordanas.com\/?p=151301#breadcrumb"},"inLanguage":"en-US","potentialAction":[{"@type":"ReadAction","target":["https:\/\/www.prijedordanas.com\/?p=151301"]}]},{"@type":"BreadcrumbList","@id":"https:\/\/www.prijedordanas.com\/?p=151301#breadcrumb","itemListElement":[{"@type":"ListItem","position":1,"name":"Home","item":"https:\/\/www.prijedordanas.com\/"},{"@type":"ListItem","position":2,"name":"Prijedor: Odr\u017eana komemoracija slikaru Tihomiru Ilija\u0161evi\u0107u &#8211; FOTO"}]},{"@type":"WebSite","@id":"https:\/\/www.prijedordanas.com\/#website","url":"https:\/\/www.prijedordanas.com\/","name":"PrijedorDanas.com - Prijedorski gradski portal","description":"Portal o doga\u0111anjima u gradu Prijedoru","publisher":{"@id":"https:\/\/www.prijedordanas.com\/#organization"},"potentialAction":[{"@type":"SearchAction","target":{"@type":"EntryPoint","urlTemplate":"https:\/\/www.prijedordanas.com\/?s={search_term_string}"},"query-input":"required name=search_term_string"}],"inLanguage":"en-US"},{"@type":"Organization","@id":"https:\/\/www.prijedordanas.com\/#organization","name":"PrijedorDanas.com","url":"https:\/\/www.prijedordanas.com\/","logo":{"@type":"ImageObject","inLanguage":"en-US","@id":"https:\/\/www.prijedordanas.com\/#\/schema\/logo\/image\/","url":"http:\/\/www.prijedordanas.com\/wp-content\/uploads\/2021\/12\/logopng.png","contentUrl":"http:\/\/www.prijedordanas.com\/wp-content\/uploads\/2021\/12\/logopng.png","width":1019,"height":776,"caption":"PrijedorDanas.com"},"image":{"@id":"https:\/\/www.prijedordanas.com\/#\/schema\/logo\/image\/"},"sameAs":["https:\/\/www.facebook.com\/PrijedorDanasCom\/"]},{"@type":"Person","@id":"https:\/\/www.prijedordanas.com\/#\/schema\/person\/4e08ccf29b506ca916ff86d46bb700e6","name":"admin","image":{"@type":"ImageObject","inLanguage":"en-US","@id":"https:\/\/www.prijedordanas.com\/#\/schema\/person\/image\/","url":"https:\/\/secure.gravatar.com\/avatar\/1d3fc949d550f0b53a5f0d51e06dfd79?s=96&d=mm&r=g","contentUrl":"https:\/\/secure.gravatar.com\/avatar\/1d3fc949d550f0b53a5f0d51e06dfd79?s=96&d=mm&r=g","caption":"admin"},"url":"https:\/\/www.prijedordanas.com\/?author=1"}]}},"_links":{"self":[{"href":"https:\/\/www.prijedordanas.com\/index.php?rest_route=\/wp\/v2\/posts\/151301"}],"collection":[{"href":"https:\/\/www.prijedordanas.com\/index.php?rest_route=\/wp\/v2\/posts"}],"about":[{"href":"https:\/\/www.prijedordanas.com\/index.php?rest_route=\/wp\/v2\/types\/post"}],"author":[{"embeddable":true,"href":"https:\/\/www.prijedordanas.com\/index.php?rest_route=\/wp\/v2\/users\/1"}],"replies":[{"embeddable":true,"href":"https:\/\/www.prijedordanas.com\/index.php?rest_route=%2Fwp%2Fv2%2Fcomments&post=151301"}],"version-history":[{"count":5,"href":"https:\/\/www.prijedordanas.com\/index.php?rest_route=\/wp\/v2\/posts\/151301\/revisions"}],"predecessor-version":[{"id":151316,"href":"https:\/\/www.prijedordanas.com\/index.php?rest_route=\/wp\/v2\/posts\/151301\/revisions\/151316"}],"wp:attachment":[{"href":"https:\/\/www.prijedordanas.com\/index.php?rest_route=%2Fwp%2Fv2%2Fmedia&parent=151301"}],"wp:term":[{"taxonomy":"category","embeddable":true,"href":"https:\/\/www.prijedordanas.com\/index.php?rest_route=%2Fwp%2Fv2%2Fcategories&post=151301"},{"taxonomy":"post_tag","embeddable":true,"href":"https:\/\/www.prijedordanas.com\/index.php?rest_route=%2Fwp%2Fv2%2Ftags&post=151301"}],"curies":[{"name":"wp","href":"https:\/\/api.w.org\/{rel}","templated":true}]}}