{"id":151068,"date":"2020-07-17T21:04:44","date_gmt":"2020-07-17T19:04:44","guid":{"rendered":"https:\/\/www.prijedordanas.com\/?p=151068"},"modified":"2020-07-17T21:04:44","modified_gmt":"2020-07-17T19:04:44","slug":"djeca-su-najvece-bogatstvo-prijedora-gradonacelnik-dakovic-darivao-bebe-rodene-na-vidovdan-foto","status":"publish","type":"post","link":"https:\/\/www.prijedordanas.com\/?p=151068","title":{"rendered":"Djeca su najve\u0107e bogatstvo Prijedora: Gradona\u010delnik \u0110akovi\u0107 darivao bebe ro\u0111ene na Vidovdan &#8211; FOTO"},"content":{"rendered":"<p><a href=\"https:\/\/www.prijedordanas.com\/wp-content\/uploads\/2020\/07\/djakovic-prijem-bebe-vidovdan-1.jpg\"><img loading=\"lazy\" decoding=\"async\" class=\"alignleft size-medium wp-image-151070\" src=\"https:\/\/www.prijedordanas.com\/wp-content\/uploads\/2020\/07\/djakovic-prijem-bebe-vidovdan-1-300x217.jpg\" alt=\"\" width=\"300\" height=\"217\" srcset=\"https:\/\/www.prijedordanas.com\/wp-content\/uploads\/2020\/07\/djakovic-prijem-bebe-vidovdan-1-300x217.jpg 300w, https:\/\/www.prijedordanas.com\/wp-content\/uploads\/2020\/07\/djakovic-prijem-bebe-vidovdan-1.jpg 690w\" sizes=\"(max-width: 300px) 100vw, 300px\" \/><\/a>Gradona\u010delnik Prijedora Milenko \u0110akovi\u0107 organizovao je danas prijem za majke dvije bebe koje su ro\u0111ene na Vidovdan ove godine kao i majku \u010dija je beba prva ro\u0111ena nakon pro\u0161logodi\u0161njeg Vidovdana i uru\u010dio im prigodne poklone.<\/p>\n<p>Prije 20 dana, na Vidovdan, porodica Marjanovi\u0107 iz Gornje Dragotinje kod Prijedora dobila je \u0107erkicu. Njena majka Zorana ne krije radost \u0161to se ostvarila u jednoj od najljep\u0161ih uloga koje \u017eena ima u \u017eivotu.<\/p>\n<p>-To mi je prva beba i veoma sam zahvalna na pozivu gradona\u010delnika i poklonu koji smo dobili. Djevoj\u010dica je i ro\u0111ena na Vidovdan. Te\u0161ka 3,5 kilograma, duga 53 centimetra. Unijela je radost u na\u0161u porodicu i nadamo se da \u0107emo imati jo\u0161 beba-rekla je ona.<\/p>\n<p><a href=\"https:\/\/www.prijedordanas.com\/wp-content\/uploads\/2020\/07\/djakovic-prijem-bebe-vidovdan-2.jpg\"><img loading=\"lazy\" decoding=\"async\" class=\"alignleft size-medium wp-image-151071\" src=\"https:\/\/www.prijedordanas.com\/wp-content\/uploads\/2020\/07\/djakovic-prijem-bebe-vidovdan-2-300x200.jpg\" alt=\"\" width=\"300\" height=\"200\" srcset=\"https:\/\/www.prijedordanas.com\/wp-content\/uploads\/2020\/07\/djakovic-prijem-bebe-vidovdan-2-300x200.jpg 300w, https:\/\/www.prijedordanas.com\/wp-content\/uploads\/2020\/07\/djakovic-prijem-bebe-vidovdan-2-480x320.jpg 480w, https:\/\/www.prijedordanas.com\/wp-content\/uploads\/2020\/07\/djakovic-prijem-bebe-vidovdan-2.jpg 600w\" sizes=\"(max-width: 300px) 100vw, 300px\" \/><\/a>Pored Marjanovi\u0107a, bebu na Vidovdan ove godine dobila je i porodica Mami\u0107 iz Bistrice koju je obogatilo ro\u0111enje sina.<\/p>\n<p>Pored najmla\u0111e i najstarije bebe, u ovogodi\u0161nje tro\u010dlano Predsjedni\u0161tvo beba izabrana je i Mihaela Novakovi\u0107 iz Aerodromskog naselja koja je najstarija beba ro\u0111ena izme\u0111u dva Vidovdana.<\/p>\n<p>Gradona\u010delnik Prijedora Milenko \u0110akovi\u0107 je rekao da ove godine nije mogla da se odr\u017ei manifestacija Konferencija beba, ali da je Gradska uprava uru\u010dila poklone za najmla\u0111u, najstariju i bebu sa najvi\u0161e bra\u0107e i sestara te formirala tro\u010dlano Predsjedni\u0161tvo beba.<\/p>\n<p><a href=\"https:\/\/www.prijedordanas.com\/wp-content\/uploads\/2020\/07\/djakovic-prijem-bebe-vidovdan-3.jpg\"><img loading=\"lazy\" decoding=\"async\" class=\"alignleft size-medium wp-image-151072\" src=\"https:\/\/www.prijedordanas.com\/wp-content\/uploads\/2020\/07\/djakovic-prijem-bebe-vidovdan-3-300x200.jpg\" alt=\"\" width=\"300\" height=\"200\" srcset=\"https:\/\/www.prijedordanas.com\/wp-content\/uploads\/2020\/07\/djakovic-prijem-bebe-vidovdan-3-300x200.jpg 300w, https:\/\/www.prijedordanas.com\/wp-content\/uploads\/2020\/07\/djakovic-prijem-bebe-vidovdan-3-480x320.jpg 480w, https:\/\/www.prijedordanas.com\/wp-content\/uploads\/2020\/07\/djakovic-prijem-bebe-vidovdan-3.jpg 600w\" sizes=\"(max-width: 300px) 100vw, 300px\" \/><\/a>Na taj na\u010din grad Prijedor je ispunio sve ono \u0161to je planirano u okviru Konferencije beba.<\/p>\n<p>-Virus korona se ne predaje i iako nismo mogli odr\u017eati okupljanje beba i roditelja na na\u0161em gradskom trgu, mi smo ispunili sve \u0161to je bilo planirano, da se darivaju i roditelji i bebe \u0161to je bilo praksa tokom Konferencije beba. Mi smo prvo darivali bebe ro\u0111ene na Dan grada i slavu grada kada su bile tri bebe, zatim smo obi\u0161li i darivali bebe -trojke koje su simboli\u010dno bebe sa najvi\u0161e bra\u0107e i sestara.To je porodica Stojni\u0107 u Gornjem Petrovom Gaju u kojoj su ro\u0111ene trojke Strahinja, Sergej i Aleksej i imali smo danas prijem i beba koje su ro\u0111ene na Vidovdan, to su dvije najmla\u0111e bebe, ali smo darivali danas i najstariju bebu koja je ro\u0111ena prvi dan nakon Vidovdana 2019. godine-rekao je \u0110akovi\u0107.<\/p>\n<p><a href=\"https:\/\/www.prijedordanas.com\/wp-content\/uploads\/2020\/07\/djakovic-prijem-bebe-vidovdan-4.jpg\"><img loading=\"lazy\" decoding=\"async\" src=\"https:\/\/www.prijedordanas.com\/wp-content\/uploads\/2020\/07\/djakovic-prijem-bebe-vidovdan-4-300x200.jpg\" alt=\"\" width=\"300\" height=\"200\" class=\"alignleft size-medium wp-image-151073\" srcset=\"https:\/\/www.prijedordanas.com\/wp-content\/uploads\/2020\/07\/djakovic-prijem-bebe-vidovdan-4-300x200.jpg 300w, https:\/\/www.prijedordanas.com\/wp-content\/uploads\/2020\/07\/djakovic-prijem-bebe-vidovdan-4-480x320.jpg 480w, https:\/\/www.prijedordanas.com\/wp-content\/uploads\/2020\/07\/djakovic-prijem-bebe-vidovdan-4.jpg 600w\" sizes=\"(max-width: 300px) 100vw, 300px\" \/><\/a>On je roditeljima po\u017eelio sre\u0107u i istakao da su bebe najve\u0107e bogatstvo Prijedora.<\/p>\n<p>-Sve su bebe zdrave, rastu i roditelji su sre\u0107ni i mi smo im samo poru\u010dili, pogotovo \u0161to su ove poslednje tri majke mlade, da se vidimo jo\u0161 koji put, jer zaista je zadovoljstvo kada se u gradu ra\u0111aju bebe i sa tim je grad puno bogatiji nego kada se de\u0161avaju mnoge druge stvari-rekao je on i dodao da se nada da \u0107e u idu\u0107oj godini biti povoljna epidemiolo\u0161ka situacija kako bi bila odr\u017eana manifestacija Konferencija beba.<\/p>\n<p>U Gradskoj upravi je ranije organizovan prijem za majke Andreja Marjanovi\u0107a i Helene Vu\u010denovi\u0107 koji su ro\u0111eni na Dan grada 16. maj te majku Na\u0111e Do\u0161enovi\u0107 koja je ro\u0111ena na slavu Prijedora, Duhove.<\/p>\n<p>Ina\u010de, konferencija beba je u Prijedor do sada odr\u017eana jedanaest puta.<\/p>\n<p>www.prijedorgrad.org<\/p>\n","protected":false},"excerpt":{"rendered":"<p>Gradona\u010delnik Prijedora Milenko \u0110akovi\u0107 organizovao je danas prijem za majke dvije bebe koje su ro\u0111ene na Vidovdan ove godine kao i majku \u010dija je beba prva ro\u0111ena nakon pro\u0161logodi\u0161njeg Vidovdana [&hellip;]<\/p>\n","protected":false},"author":1,"featured_media":0,"comment_status":"closed","ping_status":"open","sticky":false,"template":"","format":"standard","meta":{"_monsterinsights_skip_tracking":false,"_monsterinsights_sitenote_active":false,"_monsterinsights_sitenote_note":"","_monsterinsights_sitenote_category":0,"footnotes":""},"categories":[4],"tags":[1643,9211,1557],"yoast_head":"<!-- This site is optimized with the Yoast SEO plugin v21.6 - https:\/\/yoast.com\/wordpress\/plugins\/seo\/ -->\n<title>Djeca su najve\u0107e bogatstvo Prijedora: Gradona\u010delnik \u0110akovi\u0107 darivao bebe ro\u0111ene na Vidovdan - FOTO - PrijedorDanas.com - Prijedorski gradski portal<\/title>\n<meta name=\"robots\" content=\"index, follow, max-snippet:-1, max-image-preview:large, max-video-preview:-1\" \/>\n<link rel=\"canonical\" href=\"https:\/\/www.prijedordanas.com\/?p=151068\" \/>\n<meta property=\"og:locale\" content=\"en_US\" \/>\n<meta property=\"og:type\" content=\"article\" \/>\n<meta property=\"og:title\" content=\"Djeca su najve\u0107e bogatstvo Prijedora: Gradona\u010delnik \u0110akovi\u0107 darivao bebe ro\u0111ene na Vidovdan - FOTO - PrijedorDanas.com - Prijedorski gradski portal\" \/>\n<meta property=\"og:description\" content=\"Gradona\u010delnik Prijedora Milenko \u0110akovi\u0107 organizovao je danas prijem za majke dvije bebe koje su ro\u0111ene na Vidovdan ove godine kao i majku \u010dija je beba prva ro\u0111ena nakon pro\u0161logodi\u0161njeg Vidovdana [&hellip;]\" \/>\n<meta property=\"og:url\" content=\"https:\/\/www.prijedordanas.com\/?p=151068\" \/>\n<meta property=\"og:site_name\" content=\"PrijedorDanas.com - Prijedorski gradski portal\" \/>\n<meta property=\"article:publisher\" content=\"https:\/\/www.facebook.com\/PrijedorDanasCom\/\" \/>\n<meta property=\"article:published_time\" content=\"2020-07-17T19:04:44+00:00\" \/>\n<meta property=\"og:image\" content=\"https:\/\/www.prijedordanas.com\/wp-content\/uploads\/2020\/07\/djakovic-prijem-bebe-vidovdan-1-300x217.jpg\" \/>\n<meta name=\"author\" content=\"admin\" \/>\n<meta name=\"twitter:card\" content=\"summary_large_image\" \/>\n<meta name=\"twitter:label1\" content=\"Written by\" \/>\n\t<meta name=\"twitter:data1\" content=\"admin\" \/>\n\t<meta name=\"twitter:label2\" content=\"Est. reading time\" \/>\n\t<meta name=\"twitter:data2\" content=\"3 minutes\" \/>\n<script type=\"application\/ld+json\" class=\"yoast-schema-graph\">{\"@context\":\"https:\/\/schema.org\",\"@graph\":[{\"@type\":\"Article\",\"@id\":\"https:\/\/www.prijedordanas.com\/?p=151068#article\",\"isPartOf\":{\"@id\":\"https:\/\/www.prijedordanas.com\/?p=151068\"},\"author\":{\"name\":\"admin\",\"@id\":\"https:\/\/www.prijedordanas.com\/#\/schema\/person\/4e08ccf29b506ca916ff86d46bb700e6\"},\"headline\":\"Djeca su najve\u0107e bogatstvo Prijedora: Gradona\u010delnik \u0110akovi\u0107 darivao bebe ro\u0111ene na Vidovdan &#8211; FOTO\",\"datePublished\":\"2020-07-17T19:04:44+00:00\",\"dateModified\":\"2020-07-17T19:04:44+00:00\",\"mainEntityOfPage\":{\"@id\":\"https:\/\/www.prijedordanas.com\/?p=151068\"},\"wordCount\":545,\"publisher\":{\"@id\":\"https:\/\/www.prijedordanas.com\/#organization\"},\"keywords\":[\"bebe\",\"gradona\u010delnik Milenko \u0110akovi\u0107\",\"Konferencija beba\"],\"articleSection\":[\"Dru\u0161tvo\"],\"inLanguage\":\"en-US\"},{\"@type\":\"WebPage\",\"@id\":\"https:\/\/www.prijedordanas.com\/?p=151068\",\"url\":\"https:\/\/www.prijedordanas.com\/?p=151068\",\"name\":\"Djeca su najve\u0107e bogatstvo Prijedora: Gradona\u010delnik \u0110akovi\u0107 darivao bebe ro\u0111ene na Vidovdan - FOTO - PrijedorDanas.com - Prijedorski gradski portal\",\"isPartOf\":{\"@id\":\"https:\/\/www.prijedordanas.com\/#website\"},\"datePublished\":\"2020-07-17T19:04:44+00:00\",\"dateModified\":\"2020-07-17T19:04:44+00:00\",\"breadcrumb\":{\"@id\":\"https:\/\/www.prijedordanas.com\/?p=151068#breadcrumb\"},\"inLanguage\":\"en-US\",\"potentialAction\":[{\"@type\":\"ReadAction\",\"target\":[\"https:\/\/www.prijedordanas.com\/?p=151068\"]}]},{\"@type\":\"BreadcrumbList\",\"@id\":\"https:\/\/www.prijedordanas.com\/?p=151068#breadcrumb\",\"itemListElement\":[{\"@type\":\"ListItem\",\"position\":1,\"name\":\"Home\",\"item\":\"https:\/\/www.prijedordanas.com\/\"},{\"@type\":\"ListItem\",\"position\":2,\"name\":\"Djeca su najve\u0107e bogatstvo Prijedora: Gradona\u010delnik \u0110akovi\u0107 darivao bebe ro\u0111ene na Vidovdan &#8211; FOTO\"}]},{\"@type\":\"WebSite\",\"@id\":\"https:\/\/www.prijedordanas.com\/#website\",\"url\":\"https:\/\/www.prijedordanas.com\/\",\"name\":\"PrijedorDanas.com - Prijedorski gradski portal\",\"description\":\"Portal o doga\u0111anjima u gradu Prijedoru\",\"publisher\":{\"@id\":\"https:\/\/www.prijedordanas.com\/#organization\"},\"potentialAction\":[{\"@type\":\"SearchAction\",\"target\":{\"@type\":\"EntryPoint\",\"urlTemplate\":\"https:\/\/www.prijedordanas.com\/?s={search_term_string}\"},\"query-input\":\"required name=search_term_string\"}],\"inLanguage\":\"en-US\"},{\"@type\":\"Organization\",\"@id\":\"https:\/\/www.prijedordanas.com\/#organization\",\"name\":\"PrijedorDanas.com\",\"url\":\"https:\/\/www.prijedordanas.com\/\",\"logo\":{\"@type\":\"ImageObject\",\"inLanguage\":\"en-US\",\"@id\":\"https:\/\/www.prijedordanas.com\/#\/schema\/logo\/image\/\",\"url\":\"http:\/\/www.prijedordanas.com\/wp-content\/uploads\/2021\/12\/logopng.png\",\"contentUrl\":\"http:\/\/www.prijedordanas.com\/wp-content\/uploads\/2021\/12\/logopng.png\",\"width\":1019,\"height\":776,\"caption\":\"PrijedorDanas.com\"},\"image\":{\"@id\":\"https:\/\/www.prijedordanas.com\/#\/schema\/logo\/image\/\"},\"sameAs\":[\"https:\/\/www.facebook.com\/PrijedorDanasCom\/\"]},{\"@type\":\"Person\",\"@id\":\"https:\/\/www.prijedordanas.com\/#\/schema\/person\/4e08ccf29b506ca916ff86d46bb700e6\",\"name\":\"admin\",\"image\":{\"@type\":\"ImageObject\",\"inLanguage\":\"en-US\",\"@id\":\"https:\/\/www.prijedordanas.com\/#\/schema\/person\/image\/\",\"url\":\"https:\/\/secure.gravatar.com\/avatar\/1d3fc949d550f0b53a5f0d51e06dfd79?s=96&d=mm&r=g\",\"contentUrl\":\"https:\/\/secure.gravatar.com\/avatar\/1d3fc949d550f0b53a5f0d51e06dfd79?s=96&d=mm&r=g\",\"caption\":\"admin\"},\"url\":\"https:\/\/www.prijedordanas.com\/?author=1\"}]}<\/script>\n<!-- \/ Yoast SEO plugin. -->","yoast_head_json":{"title":"Djeca su najve\u0107e bogatstvo Prijedora: Gradona\u010delnik \u0110akovi\u0107 darivao bebe ro\u0111ene na Vidovdan - FOTO - PrijedorDanas.com - Prijedorski gradski portal","robots":{"index":"index","follow":"follow","max-snippet":"max-snippet:-1","max-image-preview":"max-image-preview:large","max-video-preview":"max-video-preview:-1"},"canonical":"https:\/\/www.prijedordanas.com\/?p=151068","og_locale":"en_US","og_type":"article","og_title":"Djeca su najve\u0107e bogatstvo Prijedora: Gradona\u010delnik \u0110akovi\u0107 darivao bebe ro\u0111ene na Vidovdan - FOTO - PrijedorDanas.com - Prijedorski gradski portal","og_description":"Gradona\u010delnik Prijedora Milenko \u0110akovi\u0107 organizovao je danas prijem za majke dvije bebe koje su ro\u0111ene na Vidovdan ove godine kao i majku \u010dija je beba prva ro\u0111ena nakon pro\u0161logodi\u0161njeg Vidovdana [&hellip;]","og_url":"https:\/\/www.prijedordanas.com\/?p=151068","og_site_name":"PrijedorDanas.com - Prijedorski gradski portal","article_publisher":"https:\/\/www.facebook.com\/PrijedorDanasCom\/","article_published_time":"2020-07-17T19:04:44+00:00","og_image":[{"url":"https:\/\/www.prijedordanas.com\/wp-content\/uploads\/2020\/07\/djakovic-prijem-bebe-vidovdan-1-300x217.jpg"}],"author":"admin","twitter_card":"summary_large_image","twitter_misc":{"Written by":"admin","Est. reading time":"3 minutes"},"schema":{"@context":"https:\/\/schema.org","@graph":[{"@type":"Article","@id":"https:\/\/www.prijedordanas.com\/?p=151068#article","isPartOf":{"@id":"https:\/\/www.prijedordanas.com\/?p=151068"},"author":{"name":"admin","@id":"https:\/\/www.prijedordanas.com\/#\/schema\/person\/4e08ccf29b506ca916ff86d46bb700e6"},"headline":"Djeca su najve\u0107e bogatstvo Prijedora: Gradona\u010delnik \u0110akovi\u0107 darivao bebe ro\u0111ene na Vidovdan &#8211; FOTO","datePublished":"2020-07-17T19:04:44+00:00","dateModified":"2020-07-17T19:04:44+00:00","mainEntityOfPage":{"@id":"https:\/\/www.prijedordanas.com\/?p=151068"},"wordCount":545,"publisher":{"@id":"https:\/\/www.prijedordanas.com\/#organization"},"keywords":["bebe","gradona\u010delnik Milenko \u0110akovi\u0107","Konferencija beba"],"articleSection":["Dru\u0161tvo"],"inLanguage":"en-US"},{"@type":"WebPage","@id":"https:\/\/www.prijedordanas.com\/?p=151068","url":"https:\/\/www.prijedordanas.com\/?p=151068","name":"Djeca su najve\u0107e bogatstvo Prijedora: Gradona\u010delnik \u0110akovi\u0107 darivao bebe ro\u0111ene na Vidovdan - FOTO - PrijedorDanas.com - Prijedorski gradski portal","isPartOf":{"@id":"https:\/\/www.prijedordanas.com\/#website"},"datePublished":"2020-07-17T19:04:44+00:00","dateModified":"2020-07-17T19:04:44+00:00","breadcrumb":{"@id":"https:\/\/www.prijedordanas.com\/?p=151068#breadcrumb"},"inLanguage":"en-US","potentialAction":[{"@type":"ReadAction","target":["https:\/\/www.prijedordanas.com\/?p=151068"]}]},{"@type":"BreadcrumbList","@id":"https:\/\/www.prijedordanas.com\/?p=151068#breadcrumb","itemListElement":[{"@type":"ListItem","position":1,"name":"Home","item":"https:\/\/www.prijedordanas.com\/"},{"@type":"ListItem","position":2,"name":"Djeca su najve\u0107e bogatstvo Prijedora: Gradona\u010delnik \u0110akovi\u0107 darivao bebe ro\u0111ene na Vidovdan &#8211; FOTO"}]},{"@type":"WebSite","@id":"https:\/\/www.prijedordanas.com\/#website","url":"https:\/\/www.prijedordanas.com\/","name":"PrijedorDanas.com - Prijedorski gradski portal","description":"Portal o doga\u0111anjima u gradu Prijedoru","publisher":{"@id":"https:\/\/www.prijedordanas.com\/#organization"},"potentialAction":[{"@type":"SearchAction","target":{"@type":"EntryPoint","urlTemplate":"https:\/\/www.prijedordanas.com\/?s={search_term_string}"},"query-input":"required name=search_term_string"}],"inLanguage":"en-US"},{"@type":"Organization","@id":"https:\/\/www.prijedordanas.com\/#organization","name":"PrijedorDanas.com","url":"https:\/\/www.prijedordanas.com\/","logo":{"@type":"ImageObject","inLanguage":"en-US","@id":"https:\/\/www.prijedordanas.com\/#\/schema\/logo\/image\/","url":"http:\/\/www.prijedordanas.com\/wp-content\/uploads\/2021\/12\/logopng.png","contentUrl":"http:\/\/www.prijedordanas.com\/wp-content\/uploads\/2021\/12\/logopng.png","width":1019,"height":776,"caption":"PrijedorDanas.com"},"image":{"@id":"https:\/\/www.prijedordanas.com\/#\/schema\/logo\/image\/"},"sameAs":["https:\/\/www.facebook.com\/PrijedorDanasCom\/"]},{"@type":"Person","@id":"https:\/\/www.prijedordanas.com\/#\/schema\/person\/4e08ccf29b506ca916ff86d46bb700e6","name":"admin","image":{"@type":"ImageObject","inLanguage":"en-US","@id":"https:\/\/www.prijedordanas.com\/#\/schema\/person\/image\/","url":"https:\/\/secure.gravatar.com\/avatar\/1d3fc949d550f0b53a5f0d51e06dfd79?s=96&d=mm&r=g","contentUrl":"https:\/\/secure.gravatar.com\/avatar\/1d3fc949d550f0b53a5f0d51e06dfd79?s=96&d=mm&r=g","caption":"admin"},"url":"https:\/\/www.prijedordanas.com\/?author=1"}]}},"_links":{"self":[{"href":"https:\/\/www.prijedordanas.com\/index.php?rest_route=\/wp\/v2\/posts\/151068"}],"collection":[{"href":"https:\/\/www.prijedordanas.com\/index.php?rest_route=\/wp\/v2\/posts"}],"about":[{"href":"https:\/\/www.prijedordanas.com\/index.php?rest_route=\/wp\/v2\/types\/post"}],"author":[{"embeddable":true,"href":"https:\/\/www.prijedordanas.com\/index.php?rest_route=\/wp\/v2\/users\/1"}],"replies":[{"embeddable":true,"href":"https:\/\/www.prijedordanas.com\/index.php?rest_route=%2Fwp%2Fv2%2Fcomments&post=151068"}],"version-history":[{"count":1,"href":"https:\/\/www.prijedordanas.com\/index.php?rest_route=\/wp\/v2\/posts\/151068\/revisions"}],"predecessor-version":[{"id":151074,"href":"https:\/\/www.prijedordanas.com\/index.php?rest_route=\/wp\/v2\/posts\/151068\/revisions\/151074"}],"wp:attachment":[{"href":"https:\/\/www.prijedordanas.com\/index.php?rest_route=%2Fwp%2Fv2%2Fmedia&parent=151068"}],"wp:term":[{"taxonomy":"category","embeddable":true,"href":"https:\/\/www.prijedordanas.com\/index.php?rest_route=%2Fwp%2Fv2%2Fcategories&post=151068"},{"taxonomy":"post_tag","embeddable":true,"href":"https:\/\/www.prijedordanas.com\/index.php?rest_route=%2Fwp%2Fv2%2Ftags&post=151068"}],"curies":[{"name":"wp","href":"https:\/\/api.w.org\/{rel}","templated":true}]}}