{"id":150990,"date":"2020-07-15T22:55:16","date_gmt":"2020-07-15T20:55:16","guid":{"rendered":"https:\/\/www.prijedordanas.com\/?p=150990"},"modified":"2020-07-15T22:55:16","modified_gmt":"2020-07-15T20:55:16","slug":"dobijaju-krov-nad-glavom-korisnicima-alternativnog-smjestaja-u-prijedoru-dvije-zgrade-za-socijalno-stanovanje","status":"publish","type":"post","link":"https:\/\/www.prijedordanas.com\/?p=150990","title":{"rendered":"Dobijaju krov nad glavom: Korisnicima alternativnog smje\u0161taja u Prijedoru dvije zgrade za socijalno stanovanje"},"content":{"rendered":"<p><a href=\"https:\/\/www.prijedordanas.com\/wp-content\/uploads\/2020\/07\/djakovic-acic-1.jpg\"><img loading=\"lazy\" decoding=\"async\" class=\"alignleft size-medium wp-image-150991\" src=\"https:\/\/www.prijedordanas.com\/wp-content\/uploads\/2020\/07\/djakovic-acic-1-300x222.jpg\" alt=\"\" width=\"300\" height=\"222\" srcset=\"https:\/\/www.prijedordanas.com\/wp-content\/uploads\/2020\/07\/djakovic-acic-1-300x222.jpg 300w, https:\/\/www.prijedordanas.com\/wp-content\/uploads\/2020\/07\/djakovic-acic-1.jpg 675w\" sizes=\"(max-width: 300px) 100vw, 300px\" \/><\/a>U Prijedoru \u0107e do kraja godine 70 stanara useliti u ku\u0107e i stanove koji se grade u okviru socijalnog stanovanja.<\/p>\n<p>Vr\u0161ilac du\u017enosti direktora Republi\u010dkog sekretarijata za raseljena lica i migracije Marko A\u0107i\u0107 je rekao da se kroz me\u0111unarodne programe trenutno grade dvje zgrade sa 52 stana u Prijedoru. Jedna zgrada je dio regionalnog stambenog programa, a druga se gradi kroz CEB projekat. A\u0107i\u0107 je naveo da \u0107e obje zgrade biti opremljene osnovnim namje\u0161tajem i ku\u0107anskim aparatima.<\/p>\n<p>-To je jako bitno u situaciji grada Prijedora jer se zgrade nalaze jedna pored druge, tako da \u0107e porodice koje su u stanju socijalne potrebe i usele se u ove zgrade imati osnovni namje\u0161taj i ku\u0107anske aparate. Oba ova projekta predvi\u0111ena su za zatvaranje kolektivnih centara kojih nema na podru\u010dju Prijedora, ali su one u svom drugom dijelu namjenjene za smanjivanje broja korisnika alternativnog smje\u0161taja. Mi \u0107emo useljavanjem ove 52 porodice broj korisnika alternativnog smje\u0161taja smanjiti i raditi na daljoj reviziji jer je jo\u0161 uvijek u toku prijava lica za kori\u0161tenje alternativnog smje\u0161taja i nadam se da \u0107emo ih sve rje\u0161iti \u2013 rekao je A\u0107i\u0107.<\/p>\n<p><a href=\"https:\/\/www.prijedordanas.com\/wp-content\/uploads\/2020\/07\/djakovic-acic-2.jpg\"><img loading=\"lazy\" decoding=\"async\" class=\"alignleft size-medium wp-image-150992\" src=\"https:\/\/www.prijedordanas.com\/wp-content\/uploads\/2020\/07\/djakovic-acic-2-300x200.jpg\" alt=\"\" width=\"300\" height=\"200\" srcset=\"https:\/\/www.prijedordanas.com\/wp-content\/uploads\/2020\/07\/djakovic-acic-2-300x200.jpg 300w, https:\/\/www.prijedordanas.com\/wp-content\/uploads\/2020\/07\/djakovic-acic-2-480x320.jpg 480w, https:\/\/www.prijedordanas.com\/wp-content\/uploads\/2020\/07\/djakovic-acic-2.jpg 600w\" sizes=\"(max-width: 300px) 100vw, 300px\" \/><\/a>On je dodao da je u okviru regionalnog stambenog programa kroz izgradnju 32 stana planiran i zavr\u0161etak odre\u0111enih individualnih stambenih objekata.<\/p>\n<p>-U tre\u0107em kvartalu ove godine o\u010dekuje nas useljenje korisnika u stambene zgrade i u individualne objekte. Procjenjujemo da \u0107e useljenje stanara po\u010deti u jednu zgradu u avgustu, a zavr\u0161iti u oktobru sa usljenjem stanara u drugu zgradu, a u me\u0111uvremenu i u individulane stambene objekte, tako da \u0107e do kraja godine preko Sekretarijata, a u saradanji sa gradom vi\u0161e od 70 stanara biti useljeno- rekao je on.<\/p>\n<p>A\u0107i\u0107 je objasnio da \u0107e zgrade putem koncepta socijalnog stanovanja biti prenesene u vlasni\u0161tvo grada Prijedora koji \u0107e potom preuzeti brigu o objektu, a i potrebama stanara.<\/p>\n<p><a href=\"https:\/\/www.prijedordanas.com\/wp-content\/uploads\/2020\/07\/djakovic-acic-3.jpg\"><img loading=\"lazy\" decoding=\"async\" src=\"https:\/\/www.prijedordanas.com\/wp-content\/uploads\/2020\/07\/djakovic-acic-3-300x222.jpg\" alt=\"\" width=\"300\" height=\"222\" class=\"alignleft size-medium wp-image-150993\" srcset=\"https:\/\/www.prijedordanas.com\/wp-content\/uploads\/2020\/07\/djakovic-acic-3-300x222.jpg 300w, https:\/\/www.prijedordanas.com\/wp-content\/uploads\/2020\/07\/djakovic-acic-3.jpg 675w\" sizes=\"(max-width: 300px) 100vw, 300px\" \/><\/a>-Definisan je minimalni iznos stanarine koju \u0107e porodice stanova pla\u0107ati, oni u stanovima ostaju tokom svog \u017eivota, naslje\u0111ivanje nije mogu\u0107e u konceptu socijalnog stanovanja, ali Grad Prijedor mo\u017ee odlu\u010diti da nasljednike porodica koji su u tim stanovima ostavi i dalje da koriste te stanove nakon smrti korisnika koji je nosilac stanarskog prava-rekao je A\u0107i\u0107.<\/p>\n<p>On je naveo da je iz novca Republi\u010dkog sekretarijata za 2019. izdvojeno 50.000 KM za rje\u0161avanje komunalne infrastrukture u naselju Janji\u0107a pumpa, i da je 2020. taj iznos uve\u0107an na 80.000 KM.<\/p>\n<p>-Kroz dva projekta u iznosu od 130.000 KM o\u010dekujemo potpuno rje\u0161avanje pitanja vodovoda i kanalizacije u naselju Janji\u0107a pumpa uz odre\u0111eno sufinansiranje grada Prijedora-izjavio je on.<\/p>\n<p>A\u0107i\u0107 je poru\u010dio da se ovih dana bave mogu\u0107no\u0161\u0107u da se za 16 porodica u naselju Tukovi, koje koriste stanove koji su izgra\u0111eni novcem Vlade RS, omogu\u0107i trajan otkup stanova.<\/p>\n<p>-Objekti su monta\u017enog karaktera i ta ta\u010dka \u0107e biti sutra na sjednici Vlade RS i nadamo se da \u0107e nakon na\u0161eg obrazlo\u017eenja Vlada RS dozvoliti za 16 porodica da otkupe te stanove-istakao je on.<\/p>\n<p>Gradona\u010delnik Prijedora Milenko \u0110akovi\u0107 je rekao da je Republi\u010dki sekretarijat za raseljena lica i migracije u grad Prijedor do sada ulo\u017eio oko 7,6 miliona KM.<\/p>\n<p>\u2013 U taj domen spada zgrada na Pe\u0107anima sa 50 stanova koji su ve\u0107 dodijeljeni, dvije zgrade u Ra\u0161kovcu sa 32 i 20 stanova koji su u zavr\u0161noj fazi izgradnje. Izgra\u0111ena su i rekonstruisana 53 individualna stambena objekta i 20 je jo\u0161 u izgradnji-izjavio je \u0110akovi\u0107.<\/p>\n<p>On je podsjetio da je grad Prijedor obezbijedio zemlji\u0161te i infrastrukturu za izgradnju objekata socijalnog stanovanja.<\/p>\n<p>EuroBlic-srpskainfo.com<\/p>\n","protected":false},"excerpt":{"rendered":"<p>U Prijedoru \u0107e do kraja godine 70 stanara useliti u ku\u0107e i stanove koji se grade u okviru socijalnog stanovanja. Vr\u0161ilac du\u017enosti direktora Republi\u010dkog sekretarijata za raseljena lica i migracije [&hellip;]<\/p>\n","protected":false},"author":1,"featured_media":0,"comment_status":"closed","ping_status":"open","sticky":false,"template":"","format":"standard","meta":{"_monsterinsights_skip_tracking":false,"_monsterinsights_sitenote_active":false,"_monsterinsights_sitenote_note":"","_monsterinsights_sitenote_category":0,"footnotes":""},"categories":[8],"tags":[9211],"yoast_head":"<!-- This site is optimized with the Yoast SEO plugin v21.6 - https:\/\/yoast.com\/wordpress\/plugins\/seo\/ -->\n<title>Dobijaju krov nad glavom: Korisnicima alternativnog smje\u0161taja u Prijedoru dvije zgrade za socijalno stanovanje - PrijedorDanas.com - Prijedorski gradski portal<\/title>\n<meta name=\"robots\" content=\"index, follow, max-snippet:-1, max-image-preview:large, max-video-preview:-1\" \/>\n<link rel=\"canonical\" href=\"https:\/\/www.prijedordanas.com\/?p=150990\" \/>\n<meta property=\"og:locale\" content=\"en_US\" \/>\n<meta property=\"og:type\" content=\"article\" \/>\n<meta property=\"og:title\" content=\"Dobijaju krov nad glavom: Korisnicima alternativnog smje\u0161taja u Prijedoru dvije zgrade za socijalno stanovanje - PrijedorDanas.com - Prijedorski gradski portal\" \/>\n<meta property=\"og:description\" content=\"U Prijedoru \u0107e do kraja godine 70 stanara useliti u ku\u0107e i stanove koji se grade u okviru socijalnog stanovanja. Vr\u0161ilac du\u017enosti direktora Republi\u010dkog sekretarijata za raseljena lica i migracije [&hellip;]\" \/>\n<meta property=\"og:url\" content=\"https:\/\/www.prijedordanas.com\/?p=150990\" \/>\n<meta property=\"og:site_name\" content=\"PrijedorDanas.com - Prijedorski gradski portal\" \/>\n<meta property=\"article:publisher\" content=\"https:\/\/www.facebook.com\/PrijedorDanasCom\/\" \/>\n<meta property=\"article:published_time\" content=\"2020-07-15T20:55:16+00:00\" \/>\n<meta property=\"og:image\" content=\"https:\/\/www.prijedordanas.com\/wp-content\/uploads\/2020\/07\/djakovic-acic-1-300x222.jpg\" \/>\n<meta name=\"author\" content=\"admin\" \/>\n<meta name=\"twitter:card\" content=\"summary_large_image\" \/>\n<meta name=\"twitter:label1\" content=\"Written by\" \/>\n\t<meta name=\"twitter:data1\" content=\"admin\" \/>\n\t<meta name=\"twitter:label2\" content=\"Est. reading time\" \/>\n\t<meta name=\"twitter:data2\" content=\"3 minutes\" \/>\n<script type=\"application\/ld+json\" class=\"yoast-schema-graph\">{\"@context\":\"https:\/\/schema.org\",\"@graph\":[{\"@type\":\"Article\",\"@id\":\"https:\/\/www.prijedordanas.com\/?p=150990#article\",\"isPartOf\":{\"@id\":\"https:\/\/www.prijedordanas.com\/?p=150990\"},\"author\":{\"name\":\"admin\",\"@id\":\"https:\/\/www.prijedordanas.com\/#\/schema\/person\/4e08ccf29b506ca916ff86d46bb700e6\"},\"headline\":\"Dobijaju krov nad glavom: Korisnicima alternativnog smje\u0161taja u Prijedoru dvije zgrade za socijalno stanovanje\",\"datePublished\":\"2020-07-15T20:55:16+00:00\",\"dateModified\":\"2020-07-15T20:55:16+00:00\",\"mainEntityOfPage\":{\"@id\":\"https:\/\/www.prijedordanas.com\/?p=150990\"},\"wordCount\":617,\"publisher\":{\"@id\":\"https:\/\/www.prijedordanas.com\/#organization\"},\"keywords\":[\"gradona\u010delnik Milenko \u0110akovi\u0107\"],\"articleSection\":[\"Svakodnevno\"],\"inLanguage\":\"en-US\"},{\"@type\":\"WebPage\",\"@id\":\"https:\/\/www.prijedordanas.com\/?p=150990\",\"url\":\"https:\/\/www.prijedordanas.com\/?p=150990\",\"name\":\"Dobijaju krov nad glavom: Korisnicima alternativnog smje\u0161taja u Prijedoru dvije zgrade za socijalno stanovanje - PrijedorDanas.com - Prijedorski gradski portal\",\"isPartOf\":{\"@id\":\"https:\/\/www.prijedordanas.com\/#website\"},\"datePublished\":\"2020-07-15T20:55:16+00:00\",\"dateModified\":\"2020-07-15T20:55:16+00:00\",\"breadcrumb\":{\"@id\":\"https:\/\/www.prijedordanas.com\/?p=150990#breadcrumb\"},\"inLanguage\":\"en-US\",\"potentialAction\":[{\"@type\":\"ReadAction\",\"target\":[\"https:\/\/www.prijedordanas.com\/?p=150990\"]}]},{\"@type\":\"BreadcrumbList\",\"@id\":\"https:\/\/www.prijedordanas.com\/?p=150990#breadcrumb\",\"itemListElement\":[{\"@type\":\"ListItem\",\"position\":1,\"name\":\"Home\",\"item\":\"https:\/\/www.prijedordanas.com\/\"},{\"@type\":\"ListItem\",\"position\":2,\"name\":\"Dobijaju krov nad glavom: Korisnicima alternativnog smje\u0161taja u Prijedoru dvije zgrade za socijalno stanovanje\"}]},{\"@type\":\"WebSite\",\"@id\":\"https:\/\/www.prijedordanas.com\/#website\",\"url\":\"https:\/\/www.prijedordanas.com\/\",\"name\":\"PrijedorDanas.com - Prijedorski gradski portal\",\"description\":\"Portal o doga\u0111anjima u gradu Prijedoru\",\"publisher\":{\"@id\":\"https:\/\/www.prijedordanas.com\/#organization\"},\"potentialAction\":[{\"@type\":\"SearchAction\",\"target\":{\"@type\":\"EntryPoint\",\"urlTemplate\":\"https:\/\/www.prijedordanas.com\/?s={search_term_string}\"},\"query-input\":\"required name=search_term_string\"}],\"inLanguage\":\"en-US\"},{\"@type\":\"Organization\",\"@id\":\"https:\/\/www.prijedordanas.com\/#organization\",\"name\":\"PrijedorDanas.com\",\"url\":\"https:\/\/www.prijedordanas.com\/\",\"logo\":{\"@type\":\"ImageObject\",\"inLanguage\":\"en-US\",\"@id\":\"https:\/\/www.prijedordanas.com\/#\/schema\/logo\/image\/\",\"url\":\"http:\/\/www.prijedordanas.com\/wp-content\/uploads\/2021\/12\/logopng.png\",\"contentUrl\":\"http:\/\/www.prijedordanas.com\/wp-content\/uploads\/2021\/12\/logopng.png\",\"width\":1019,\"height\":776,\"caption\":\"PrijedorDanas.com\"},\"image\":{\"@id\":\"https:\/\/www.prijedordanas.com\/#\/schema\/logo\/image\/\"},\"sameAs\":[\"https:\/\/www.facebook.com\/PrijedorDanasCom\/\"]},{\"@type\":\"Person\",\"@id\":\"https:\/\/www.prijedordanas.com\/#\/schema\/person\/4e08ccf29b506ca916ff86d46bb700e6\",\"name\":\"admin\",\"image\":{\"@type\":\"ImageObject\",\"inLanguage\":\"en-US\",\"@id\":\"https:\/\/www.prijedordanas.com\/#\/schema\/person\/image\/\",\"url\":\"https:\/\/secure.gravatar.com\/avatar\/1d3fc949d550f0b53a5f0d51e06dfd79?s=96&d=mm&r=g\",\"contentUrl\":\"https:\/\/secure.gravatar.com\/avatar\/1d3fc949d550f0b53a5f0d51e06dfd79?s=96&d=mm&r=g\",\"caption\":\"admin\"},\"url\":\"https:\/\/www.prijedordanas.com\/?author=1\"}]}<\/script>\n<!-- \/ Yoast SEO plugin. -->","yoast_head_json":{"title":"Dobijaju krov nad glavom: Korisnicima alternativnog smje\u0161taja u Prijedoru dvije zgrade za socijalno stanovanje - PrijedorDanas.com - Prijedorski gradski portal","robots":{"index":"index","follow":"follow","max-snippet":"max-snippet:-1","max-image-preview":"max-image-preview:large","max-video-preview":"max-video-preview:-1"},"canonical":"https:\/\/www.prijedordanas.com\/?p=150990","og_locale":"en_US","og_type":"article","og_title":"Dobijaju krov nad glavom: Korisnicima alternativnog smje\u0161taja u Prijedoru dvije zgrade za socijalno stanovanje - PrijedorDanas.com - Prijedorski gradski portal","og_description":"U Prijedoru \u0107e do kraja godine 70 stanara useliti u ku\u0107e i stanove koji se grade u okviru socijalnog stanovanja. Vr\u0161ilac du\u017enosti direktora Republi\u010dkog sekretarijata za raseljena lica i migracije [&hellip;]","og_url":"https:\/\/www.prijedordanas.com\/?p=150990","og_site_name":"PrijedorDanas.com - Prijedorski gradski portal","article_publisher":"https:\/\/www.facebook.com\/PrijedorDanasCom\/","article_published_time":"2020-07-15T20:55:16+00:00","og_image":[{"url":"https:\/\/www.prijedordanas.com\/wp-content\/uploads\/2020\/07\/djakovic-acic-1-300x222.jpg"}],"author":"admin","twitter_card":"summary_large_image","twitter_misc":{"Written by":"admin","Est. reading time":"3 minutes"},"schema":{"@context":"https:\/\/schema.org","@graph":[{"@type":"Article","@id":"https:\/\/www.prijedordanas.com\/?p=150990#article","isPartOf":{"@id":"https:\/\/www.prijedordanas.com\/?p=150990"},"author":{"name":"admin","@id":"https:\/\/www.prijedordanas.com\/#\/schema\/person\/4e08ccf29b506ca916ff86d46bb700e6"},"headline":"Dobijaju krov nad glavom: Korisnicima alternativnog smje\u0161taja u Prijedoru dvije zgrade za socijalno stanovanje","datePublished":"2020-07-15T20:55:16+00:00","dateModified":"2020-07-15T20:55:16+00:00","mainEntityOfPage":{"@id":"https:\/\/www.prijedordanas.com\/?p=150990"},"wordCount":617,"publisher":{"@id":"https:\/\/www.prijedordanas.com\/#organization"},"keywords":["gradona\u010delnik Milenko \u0110akovi\u0107"],"articleSection":["Svakodnevno"],"inLanguage":"en-US"},{"@type":"WebPage","@id":"https:\/\/www.prijedordanas.com\/?p=150990","url":"https:\/\/www.prijedordanas.com\/?p=150990","name":"Dobijaju krov nad glavom: Korisnicima alternativnog smje\u0161taja u Prijedoru dvije zgrade za socijalno stanovanje - PrijedorDanas.com - Prijedorski gradski portal","isPartOf":{"@id":"https:\/\/www.prijedordanas.com\/#website"},"datePublished":"2020-07-15T20:55:16+00:00","dateModified":"2020-07-15T20:55:16+00:00","breadcrumb":{"@id":"https:\/\/www.prijedordanas.com\/?p=150990#breadcrumb"},"inLanguage":"en-US","potentialAction":[{"@type":"ReadAction","target":["https:\/\/www.prijedordanas.com\/?p=150990"]}]},{"@type":"BreadcrumbList","@id":"https:\/\/www.prijedordanas.com\/?p=150990#breadcrumb","itemListElement":[{"@type":"ListItem","position":1,"name":"Home","item":"https:\/\/www.prijedordanas.com\/"},{"@type":"ListItem","position":2,"name":"Dobijaju krov nad glavom: Korisnicima alternativnog smje\u0161taja u Prijedoru dvije zgrade za socijalno stanovanje"}]},{"@type":"WebSite","@id":"https:\/\/www.prijedordanas.com\/#website","url":"https:\/\/www.prijedordanas.com\/","name":"PrijedorDanas.com - Prijedorski gradski portal","description":"Portal o doga\u0111anjima u gradu Prijedoru","publisher":{"@id":"https:\/\/www.prijedordanas.com\/#organization"},"potentialAction":[{"@type":"SearchAction","target":{"@type":"EntryPoint","urlTemplate":"https:\/\/www.prijedordanas.com\/?s={search_term_string}"},"query-input":"required name=search_term_string"}],"inLanguage":"en-US"},{"@type":"Organization","@id":"https:\/\/www.prijedordanas.com\/#organization","name":"PrijedorDanas.com","url":"https:\/\/www.prijedordanas.com\/","logo":{"@type":"ImageObject","inLanguage":"en-US","@id":"https:\/\/www.prijedordanas.com\/#\/schema\/logo\/image\/","url":"http:\/\/www.prijedordanas.com\/wp-content\/uploads\/2021\/12\/logopng.png","contentUrl":"http:\/\/www.prijedordanas.com\/wp-content\/uploads\/2021\/12\/logopng.png","width":1019,"height":776,"caption":"PrijedorDanas.com"},"image":{"@id":"https:\/\/www.prijedordanas.com\/#\/schema\/logo\/image\/"},"sameAs":["https:\/\/www.facebook.com\/PrijedorDanasCom\/"]},{"@type":"Person","@id":"https:\/\/www.prijedordanas.com\/#\/schema\/person\/4e08ccf29b506ca916ff86d46bb700e6","name":"admin","image":{"@type":"ImageObject","inLanguage":"en-US","@id":"https:\/\/www.prijedordanas.com\/#\/schema\/person\/image\/","url":"https:\/\/secure.gravatar.com\/avatar\/1d3fc949d550f0b53a5f0d51e06dfd79?s=96&d=mm&r=g","contentUrl":"https:\/\/secure.gravatar.com\/avatar\/1d3fc949d550f0b53a5f0d51e06dfd79?s=96&d=mm&r=g","caption":"admin"},"url":"https:\/\/www.prijedordanas.com\/?author=1"}]}},"_links":{"self":[{"href":"https:\/\/www.prijedordanas.com\/index.php?rest_route=\/wp\/v2\/posts\/150990"}],"collection":[{"href":"https:\/\/www.prijedordanas.com\/index.php?rest_route=\/wp\/v2\/posts"}],"about":[{"href":"https:\/\/www.prijedordanas.com\/index.php?rest_route=\/wp\/v2\/types\/post"}],"author":[{"embeddable":true,"href":"https:\/\/www.prijedordanas.com\/index.php?rest_route=\/wp\/v2\/users\/1"}],"replies":[{"embeddable":true,"href":"https:\/\/www.prijedordanas.com\/index.php?rest_route=%2Fwp%2Fv2%2Fcomments&post=150990"}],"version-history":[{"count":1,"href":"https:\/\/www.prijedordanas.com\/index.php?rest_route=\/wp\/v2\/posts\/150990\/revisions"}],"predecessor-version":[{"id":150994,"href":"https:\/\/www.prijedordanas.com\/index.php?rest_route=\/wp\/v2\/posts\/150990\/revisions\/150994"}],"wp:attachment":[{"href":"https:\/\/www.prijedordanas.com\/index.php?rest_route=%2Fwp%2Fv2%2Fmedia&parent=150990"}],"wp:term":[{"taxonomy":"category","embeddable":true,"href":"https:\/\/www.prijedordanas.com\/index.php?rest_route=%2Fwp%2Fv2%2Fcategories&post=150990"},{"taxonomy":"post_tag","embeddable":true,"href":"https:\/\/www.prijedordanas.com\/index.php?rest_route=%2Fwp%2Fv2%2Ftags&post=150990"}],"curies":[{"name":"wp","href":"https:\/\/api.w.org\/{rel}","templated":true}]}}